{"id":55730,"date":"2025-08-31T15:42:38","date_gmt":"2025-08-31T14:42:38","guid":{"rendered":"https:\/\/elmawkie.dz\/fr\/?p=55730"},"modified":"2025-08-31T15:42:39","modified_gmt":"2025-08-31T14:42:39","slug":"bouira-lancement-de-8-foires-pour-la-vente-des-fournitures-scolaires","status":"publish","type":"post","link":"https:\/\/elmawkie.dz\/fr\/bouira-lancement-de-8-foires-pour-la-vente-des-fournitures-scolaires\/","title":{"rendered":"Bouira : lancement de 8 foires pour la vente des fournitures scolaires"},"content":{"rendered":"\n<p>Huit (8) foires d\u00e9di\u00e9es \u00e0 la vente de fournitures et de manuels scolaires ont \u00e9t\u00e9 ouvertes, dimanche \u00e0 Bouira, en perspective de la rentr\u00e9e scolaire 2025-2026. L\u2019inauguration officielle de cette manifestation commerciale s\u2019est d\u00e9roul\u00e9e au complexe sportif Rabah-Bitat de la ville de Bouira, en pr\u00e9sence du wali Abdelkrim Laamouri et du directeur r\u00e9gional du commerce de la zone de Blida, Aissa Mechachou. Selon les services de la wilaya, sept (7) espaces commerciaux similaires ont \u00e9t\u00e9 \u00e9galement ouverts dans les da\u00efras de Lakhdaria, Ain Bessam, M\u2019chedallah et Sour El Ghozlane. Organis\u00e9es par la direction du commerce, en coordination avec diff\u00e9rents partenaires, ces foires proposent une large gamme de fournitures scolaires \u00e0 des prix comp\u00e9titifs, directement du producteur au consommateur. Cette initiative, qui se poursuivra jusqu\u2019au 24 septembre, vise \u00e0 r\u00e9guler les prix sur le march\u00e9 local et \u00e0 permettre aux parents d\u2019\u00e9l\u00e8ves d\u2019effectuer leurs achats dans les meilleures conditions, selon la m\u00eame source.<\/p>\n","protected":false},"excerpt":{"rendered":"<p>Huit (8) foires d\u00e9di\u00e9es \u00e0 la vente de fournitures et de manuels scolaires ont \u00e9t\u00e9 ouvertes, dimanche \u00e0 Bouira, en perspective de la rentr\u00e9e scolaire 2025-2026. L\u2019inauguration officielle de cette manifestation commerciale s\u2019est d\u00e9roul\u00e9e au complexe sportif Rabah-Bitat de la ville de Bouira, en pr\u00e9sence du wali Abdelkrim Laamouri et du directeur r\u00e9gional du commerce &hellip;<\/p>\n","protected":false},"author":9,"featured_media":55732,"comment_status":"open","ping_status":"open","sticky":false,"template":"","format":"standard","meta":{"footnotes":""},"categories":[50],"tags":[4956,473,4957],"class_list":["post-55730","post","type-post","status-publish","format-standard","has-post-thumbnail","hentry","category-region","tag-8-foires","tag-bouira","tag-fournitures-scolaires"],"yoast_head":"<!-- This site is optimized with the Yoast SEO Premium plugin v22.6 (Yoast SEO v22.6) - https:\/\/yoast.com\/wordpress\/plugins\/seo\/ -->\n<title>Bouira : lancement de 8 foires pour la vente des fournitures scolaires - El Mawkie<\/title>\n<meta name=\"robots\" content=\"index, follow, max-snippet:-1, max-image-preview:large, max-video-preview:-1\" \/>\n<link rel=\"canonical\" href=\"https:\/\/elmawkie.dz\/fr\/bouira-lancement-de-8-foires-pour-la-vente-des-fournitures-scolaires\/\" \/>\n<meta property=\"og:locale\" content=\"fr_FR\" \/>\n<meta property=\"og:type\" content=\"article\" \/>\n<meta property=\"og:title\" content=\"Bouira : lancement de 8 foires pour la vente des fournitures scolaires\" \/>\n<meta property=\"og:description\" content=\"Huit (8) foires d\u00e9di\u00e9es \u00e0 la vente de fournitures et de manuels scolaires ont \u00e9t\u00e9 ouvertes, dimanche \u00e0 Bouira, en perspective de la rentr\u00e9e scolaire 2025-2026. L\u2019inauguration officielle de cette manifestation commerciale s\u2019est d\u00e9roul\u00e9e au complexe sportif Rabah-Bitat de la ville de Bouira, en pr\u00e9sence du wali Abdelkrim Laamouri et du directeur r\u00e9gional du commerce &hellip;\" \/>\n<meta property=\"og:url\" content=\"https:\/\/elmawkie.dz\/fr\/bouira-lancement-de-8-foires-pour-la-vente-des-fournitures-scolaires\/\" \/>\n<meta property=\"og:site_name\" content=\"El Mawkie\" \/>\n<meta property=\"article:publisher\" content=\"https:\/\/www.facebook.com\/profile.php?id=100088407094989&amp;locale=fr_FR\" \/>\n<meta property=\"article:published_time\" content=\"2025-08-31T14:42:38+00:00\" \/>\n<meta property=\"article:modified_time\" content=\"2025-08-31T14:42:39+00:00\" \/>\n<meta property=\"og:image\" content=\"https:\/\/elmawkie.dz\/fr\/wp-content\/uploads\/2025\/08\/IMG_4444.jpeg\" \/>\n\t<meta property=\"og:image:width\" content=\"757\" \/>\n\t<meta property=\"og:image:height\" content=\"400\" \/>\n\t<meta property=\"og:image:type\" content=\"image\/jpeg\" \/>\n<meta name=\"author\" content=\"R\u00e9daction\" \/>\n<meta name=\"twitter:card\" content=\"summary_large_image\" \/>\n<meta name=\"twitter:label1\" content=\"Written by\" \/>\n\t<meta name=\"twitter:data1\" content=\"R\u00e9daction\" \/>\n\t<meta name=\"twitter:label2\" content=\"Est. reading time\" \/>\n\t<meta name=\"twitter:data2\" content=\"1 minute\" \/>\n<script type=\"application\/ld+json\" class=\"yoast-schema-graph\">{\"@context\":\"https:\/\/schema.org\",\"@graph\":[{\"@type\":\"Article\",\"@id\":\"https:\/\/elmawkie.dz\/fr\/bouira-lancement-de-8-foires-pour-la-vente-des-fournitures-scolaires\/#article\",\"isPartOf\":{\"@id\":\"https:\/\/elmawkie.dz\/fr\/bouira-lancement-de-8-foires-pour-la-vente-des-fournitures-scolaires\/\"},\"author\":{\"name\":\"R\u00e9daction\",\"@id\":\"https:\/\/elmawkie.dz\/fr\/#\/schema\/person\/e7bd59d6467874ba5c4723d8a9f0a63c\"},\"headline\":\"Bouira : lancement de 8 foires pour la vente des fournitures scolaires\",\"datePublished\":\"2025-08-31T14:42:38+00:00\",\"dateModified\":\"2025-08-31T14:42:39+00:00\",\"mainEntityOfPage\":{\"@id\":\"https:\/\/elmawkie.dz\/fr\/bouira-lancement-de-8-foires-pour-la-vente-des-fournitures-scolaires\/\"},\"wordCount\":174,\"commentCount\":0,\"publisher\":{\"@id\":\"https:\/\/elmawkie.dz\/fr\/#organization\"},\"image\":{\"@id\":\"https:\/\/elmawkie.dz\/fr\/bouira-lancement-de-8-foires-pour-la-vente-des-fournitures-scolaires\/#primaryimage\"},\"thumbnailUrl\":\"https:\/\/elmawkie.dz\/fr\/wp-content\/uploads\/2025\/08\/IMG_4444.jpeg\",\"keywords\":[\"8 foires\",\"Bouira\",\"Fournitures scolaires\"],\"articleSection\":[\"R\u00e9gion\"],\"inLanguage\":\"fr-FR\",\"potentialAction\":[{\"@type\":\"CommentAction\",\"name\":\"Comment\",\"target\":[\"https:\/\/elmawkie.dz\/fr\/bouira-lancement-de-8-foires-pour-la-vente-des-fournitures-scolaires\/#respond\"]}]},{\"@type\":\"WebPage\",\"@id\":\"https:\/\/elmawkie.dz\/fr\/bouira-lancement-de-8-foires-pour-la-vente-des-fournitures-scolaires\/\",\"url\":\"https:\/\/elmawkie.dz\/fr\/bouira-lancement-de-8-foires-pour-la-vente-des-fournitures-scolaires\/\",\"name\":\"Bouira : lancement de 8 foires pour la vente des fournitures scolaires - El Mawkie\",\"isPartOf\":{\"@id\":\"https:\/\/elmawkie.dz\/fr\/#website\"},\"primaryImageOfPage\":{\"@id\":\"https:\/\/elmawkie.dz\/fr\/bouira-lancement-de-8-foires-pour-la-vente-des-fournitures-scolaires\/#primaryimage\"},\"image\":{\"@id\":\"https:\/\/elmawkie.dz\/fr\/bouira-lancement-de-8-foires-pour-la-vente-des-fournitures-scolaires\/#primaryimage\"},\"thumbnailUrl\":\"https:\/\/elmawkie.dz\/fr\/wp-content\/uploads\/2025\/08\/IMG_4444.jpeg\",\"datePublished\":\"2025-08-31T14:42:38+00:00\",\"dateModified\":\"2025-08-31T14:42:39+00:00\",\"breadcrumb\":{\"@id\":\"https:\/\/elmawkie.dz\/fr\/bouira-lancement-de-8-foires-pour-la-vente-des-fournitures-scolaires\/#breadcrumb\"},\"inLanguage\":\"fr-FR\",\"potentialAction\":[{\"@type\":\"ReadAction\",\"target\":[\"https:\/\/elmawkie.dz\/fr\/bouira-lancement-de-8-foires-pour-la-vente-des-fournitures-scolaires\/\"]}]},{\"@type\":\"ImageObject\",\"inLanguage\":\"fr-FR\",\"@id\":\"https:\/\/elmawkie.dz\/fr\/bouira-lancement-de-8-foires-pour-la-vente-des-fournitures-scolaires\/#primaryimage\",\"url\":\"https:\/\/elmawkie.dz\/fr\/wp-content\/uploads\/2025\/08\/IMG_4444.jpeg\",\"contentUrl\":\"https:\/\/elmawkie.dz\/fr\/wp-content\/uploads\/2025\/08\/IMG_4444.jpeg\",\"width\":757,\"height\":400},{\"@type\":\"BreadcrumbList\",\"@id\":\"https:\/\/elmawkie.dz\/fr\/bouira-lancement-de-8-foires-pour-la-vente-des-fournitures-scolaires\/#breadcrumb\",\"itemListElement\":[{\"@type\":\"ListItem\",\"position\":1,\"name\":\"Home\",\"item\":\"https:\/\/elmawkie.dz\/fr\/\"},{\"@type\":\"ListItem\",\"position\":2,\"name\":\"Bouira : lancement de 8 foires pour la vente des fournitures scolaires\"}]},{\"@type\":\"WebSite\",\"@id\":\"https:\/\/elmawkie.dz\/fr\/#website\",\"url\":\"https:\/\/elmawkie.dz\/fr\/\",\"name\":\"EL MAWKIE\",\"description\":\"Journal \u00c9lectronique Alg\u00e9rien\",\"publisher\":{\"@id\":\"https:\/\/elmawkie.dz\/fr\/#organization\"},\"potentialAction\":[{\"@type\":\"SearchAction\",\"target\":{\"@type\":\"EntryPoint\",\"urlTemplate\":\"https:\/\/elmawkie.dz\/fr\/?s={search_term_string}\"},\"query-input\":\"required name=search_term_string\"}],\"inLanguage\":\"fr-FR\"},{\"@type\":\"Organization\",\"@id\":\"https:\/\/elmawkie.dz\/fr\/#organization\",\"name\":\"EL MAWKIE\",\"url\":\"https:\/\/elmawkie.dz\/fr\/\",\"logo\":{\"@type\":\"ImageObject\",\"inLanguage\":\"fr-FR\",\"@id\":\"https:\/\/elmawkie.dz\/fr\/#\/schema\/logo\/image\/\",\"url\":\"https:\/\/elmawkie.dz\/fr\/wp-content\/uploads\/2024\/05\/logo1.png\",\"contentUrl\":\"https:\/\/elmawkie.dz\/fr\/wp-content\/uploads\/2024\/05\/logo1.png\",\"width\":1648,\"height\":652,\"caption\":\"EL MAWKIE\"},\"image\":{\"@id\":\"https:\/\/elmawkie.dz\/fr\/#\/schema\/logo\/image\/\"},\"sameAs\":[\"https:\/\/www.facebook.com\/profile.php?id=100088407094989&locale=fr_FR\"]},{\"@type\":\"Person\",\"@id\":\"https:\/\/elmawkie.dz\/fr\/#\/schema\/person\/e7bd59d6467874ba5c4723d8a9f0a63c\",\"name\":\"R\u00e9daction\",\"image\":{\"@type\":\"ImageObject\",\"inLanguage\":\"fr-FR\",\"@id\":\"https:\/\/elmawkie.dz\/fr\/#\/schema\/person\/image\/\",\"url\":\"https:\/\/secure.gravatar.com\/avatar\/f0f773456344da4d2788c054a3d30a0c?s=96&d=mm&r=g\",\"contentUrl\":\"https:\/\/secure.gravatar.com\/avatar\/f0f773456344da4d2788c054a3d30a0c?s=96&d=mm&r=g\",\"caption\":\"R\u00e9daction\"},\"url\":\"https:\/\/elmawkie.dz\/fr\/author\/redaction\/\"}]}<\/script>\n<!-- \/ Yoast SEO Premium plugin. -->","yoast_head_json":{"title":"Bouira : lancement de 8 foires pour la vente des fournitures scolaires - El Mawkie","robots":{"index":"index","follow":"follow","max-snippet":"max-snippet:-1","max-image-preview":"max-image-preview:large","max-video-preview":"max-video-preview:-1"},"canonical":"https:\/\/elmawkie.dz\/fr\/bouira-lancement-de-8-foires-pour-la-vente-des-fournitures-scolaires\/","og_locale":"fr_FR","og_type":"article","og_title":"Bouira : lancement de 8 foires pour la vente des fournitures scolaires","og_description":"Huit (8) foires d\u00e9di\u00e9es \u00e0 la vente de fournitures et de manuels scolaires ont \u00e9t\u00e9 ouvertes, dimanche \u00e0 Bouira, en perspective de la rentr\u00e9e scolaire 2025-2026. L\u2019inauguration officielle de cette manifestation commerciale s\u2019est d\u00e9roul\u00e9e au complexe sportif Rabah-Bitat de la ville de Bouira, en pr\u00e9sence du wali Abdelkrim Laamouri et du directeur r\u00e9gional du commerce &hellip;","og_url":"https:\/\/elmawkie.dz\/fr\/bouira-lancement-de-8-foires-pour-la-vente-des-fournitures-scolaires\/","og_site_name":"El Mawkie","article_publisher":"https:\/\/www.facebook.com\/profile.php?id=100088407094989&locale=fr_FR","article_published_time":"2025-08-31T14:42:38+00:00","article_modified_time":"2025-08-31T14:42:39+00:00","og_image":[{"width":757,"height":400,"url":"https:\/\/elmawkie.dz\/fr\/wp-content\/uploads\/2025\/08\/IMG_4444.jpeg","type":"image\/jpeg"}],"author":"R\u00e9daction","twitter_card":"summary_large_image","twitter_misc":{"Written by":"R\u00e9daction","Est. reading time":"1 minute"},"schema":{"@context":"https:\/\/schema.org","@graph":[{"@type":"Article","@id":"https:\/\/elmawkie.dz\/fr\/bouira-lancement-de-8-foires-pour-la-vente-des-fournitures-scolaires\/#article","isPartOf":{"@id":"https:\/\/elmawkie.dz\/fr\/bouira-lancement-de-8-foires-pour-la-vente-des-fournitures-scolaires\/"},"author":{"name":"R\u00e9daction","@id":"https:\/\/elmawkie.dz\/fr\/#\/schema\/person\/e7bd59d6467874ba5c4723d8a9f0a63c"},"headline":"Bouira : lancement de 8 foires pour la vente des fournitures scolaires","datePublished":"2025-08-31T14:42:38+00:00","dateModified":"2025-08-31T14:42:39+00:00","mainEntityOfPage":{"@id":"https:\/\/elmawkie.dz\/fr\/bouira-lancement-de-8-foires-pour-la-vente-des-fournitures-scolaires\/"},"wordCount":174,"commentCount":0,"publisher":{"@id":"https:\/\/elmawkie.dz\/fr\/#organization"},"image":{"@id":"https:\/\/elmawkie.dz\/fr\/bouira-lancement-de-8-foires-pour-la-vente-des-fournitures-scolaires\/#primaryimage"},"thumbnailUrl":"https:\/\/elmawkie.dz\/fr\/wp-content\/uploads\/2025\/08\/IMG_4444.jpeg","keywords":["8 foires","Bouira","Fournitures scolaires"],"articleSection":["R\u00e9gion"],"inLanguage":"fr-FR","potentialAction":[{"@type":"CommentAction","name":"Comment","target":["https:\/\/elmawkie.dz\/fr\/bouira-lancement-de-8-foires-pour-la-vente-des-fournitures-scolaires\/#respond"]}]},{"@type":"WebPage","@id":"https:\/\/elmawkie.dz\/fr\/bouira-lancement-de-8-foires-pour-la-vente-des-fournitures-scolaires\/","url":"https:\/\/elmawkie.dz\/fr\/bouira-lancement-de-8-foires-pour-la-vente-des-fournitures-scolaires\/","name":"Bouira : lancement de 8 foires pour la vente des fournitures scolaires - El Mawkie","isPartOf":{"@id":"https:\/\/elmawkie.dz\/fr\/#website"},"primaryImageOfPage":{"@id":"https:\/\/elmawkie.dz\/fr\/bouira-lancement-de-8-foires-pour-la-vente-des-fournitures-scolaires\/#primaryimage"},"image":{"@id":"https:\/\/elmawkie.dz\/fr\/bouira-lancement-de-8-foires-pour-la-vente-des-fournitures-scolaires\/#primaryimage"},"thumbnailUrl":"https:\/\/elmawkie.dz\/fr\/wp-content\/uploads\/2025\/08\/IMG_4444.jpeg","datePublished":"2025-08-31T14:42:38+00:00","dateModified":"2025-08-31T14:42:39+00:00","breadcrumb":{"@id":"https:\/\/elmawkie.dz\/fr\/bouira-lancement-de-8-foires-pour-la-vente-des-fournitures-scolaires\/#breadcrumb"},"inLanguage":"fr-FR","potentialAction":[{"@type":"ReadAction","target":["https:\/\/elmawkie.dz\/fr\/bouira-lancement-de-8-foires-pour-la-vente-des-fournitures-scolaires\/"]}]},{"@type":"ImageObject","inLanguage":"fr-FR","@id":"https:\/\/elmawkie.dz\/fr\/bouira-lancement-de-8-foires-pour-la-vente-des-fournitures-scolaires\/#primaryimage","url":"https:\/\/elmawkie.dz\/fr\/wp-content\/uploads\/2025\/08\/IMG_4444.jpeg","contentUrl":"https:\/\/elmawkie.dz\/fr\/wp-content\/uploads\/2025\/08\/IMG_4444.jpeg","width":757,"height":400},{"@type":"BreadcrumbList","@id":"https:\/\/elmawkie.dz\/fr\/bouira-lancement-de-8-foires-pour-la-vente-des-fournitures-scolaires\/#breadcrumb","itemListElement":[{"@type":"ListItem","position":1,"name":"Home","item":"https:\/\/elmawkie.dz\/fr\/"},{"@type":"ListItem","position":2,"name":"Bouira : lancement de 8 foires pour la vente des fournitures scolaires"}]},{"@type":"WebSite","@id":"https:\/\/elmawkie.dz\/fr\/#website","url":"https:\/\/elmawkie.dz\/fr\/","name":"EL MAWKIE","description":"Journal \u00c9lectronique Alg\u00e9rien","publisher":{"@id":"https:\/\/elmawkie.dz\/fr\/#organization"},"potentialAction":[{"@type":"SearchAction","target":{"@type":"EntryPoint","urlTemplate":"https:\/\/elmawkie.dz\/fr\/?s={search_term_string}"},"query-input":"required name=search_term_string"}],"inLanguage":"fr-FR"},{"@type":"Organization","@id":"https:\/\/elmawkie.dz\/fr\/#organization","name":"EL MAWKIE","url":"https:\/\/elmawkie.dz\/fr\/","logo":{"@type":"ImageObject","inLanguage":"fr-FR","@id":"https:\/\/elmawkie.dz\/fr\/#\/schema\/logo\/image\/","url":"https:\/\/elmawkie.dz\/fr\/wp-content\/uploads\/2024\/05\/logo1.png","contentUrl":"https:\/\/elmawkie.dz\/fr\/wp-content\/uploads\/2024\/05\/logo1.png","width":1648,"height":652,"caption":"EL MAWKIE"},"image":{"@id":"https:\/\/elmawkie.dz\/fr\/#\/schema\/logo\/image\/"},"sameAs":["https:\/\/www.facebook.com\/profile.php?id=100088407094989&locale=fr_FR"]},{"@type":"Person","@id":"https:\/\/elmawkie.dz\/fr\/#\/schema\/person\/e7bd59d6467874ba5c4723d8a9f0a63c","name":"R\u00e9daction","image":{"@type":"ImageObject","inLanguage":"fr-FR","@id":"https:\/\/elmawkie.dz\/fr\/#\/schema\/person\/image\/","url":"https:\/\/secure.gravatar.com\/avatar\/f0f773456344da4d2788c054a3d30a0c?s=96&d=mm&r=g","contentUrl":"https:\/\/secure.gravatar.com\/avatar\/f0f773456344da4d2788c054a3d30a0c?s=96&d=mm&r=g","caption":"R\u00e9daction"},"url":"https:\/\/elmawkie.dz\/fr\/author\/redaction\/"}]}},"_links":{"self":[{"href":"https:\/\/elmawkie.dz\/fr\/wp-json\/wp\/v2\/posts\/55730","targetHints":{"allow":["GET"]}}],"collection":[{"href":"https:\/\/elmawkie.dz\/fr\/wp-json\/wp\/v2\/posts"}],"about":[{"href":"https:\/\/elmawkie.dz\/fr\/wp-json\/wp\/v2\/types\/post"}],"author":[{"embeddable":true,"href":"https:\/\/elmawkie.dz\/fr\/wp-json\/wp\/v2\/users\/9"}],"replies":[{"embeddable":true,"href":"https:\/\/elmawkie.dz\/fr\/wp-json\/wp\/v2\/comments?post=55730"}],"version-history":[{"count":1,"href":"https:\/\/elmawkie.dz\/fr\/wp-json\/wp\/v2\/posts\/55730\/revisions"}],"predecessor-version":[{"id":55733,"href":"https:\/\/elmawkie.dz\/fr\/wp-json\/wp\/v2\/posts\/55730\/revisions\/55733"}],"wp:featuredmedia":[{"embeddable":true,"href":"https:\/\/elmawkie.dz\/fr\/wp-json\/wp\/v2\/media\/55732"}],"wp:attachment":[{"href":"https:\/\/elmawkie.dz\/fr\/wp-json\/wp\/v2\/media?parent=55730"}],"wp:term":[{"taxonomy":"category","embeddable":true,"href":"https:\/\/elmawkie.dz\/fr\/wp-json\/wp\/v2\/categories?post=55730"},{"taxonomy":"post_tag","embeddable":true,"href":"https:\/\/elmawkie.dz\/fr\/wp-json\/wp\/v2\/tags?post=55730"}],"curies":[{"name":"wp","href":"https:\/\/api.w.org\/{rel}","templated":true}]}}