{"id":5572,"date":"2024-10-08T09:10:27","date_gmt":"2024-10-08T08:10:27","guid":{"rendered":"https:\/\/elmawkie.dz\/fr\/?p=5572"},"modified":"2024-10-08T09:11:13","modified_gmt":"2024-10-08T08:11:13","slug":"le-president-de-la-republique-felicite-le-president-tunisien-pour-sa-reelection-pour-un-second-mandant","status":"publish","type":"post","link":"https:\/\/elmawkie.dz\/fr\/le-president-de-la-republique-felicite-le-president-tunisien-pour-sa-reelection-pour-un-second-mandant\/","title":{"rendered":"Le pr\u00e9sident de la R\u00e9publique f\u00e9licite le pr\u00e9sident tunisien pour sa r\u00e9\u00e9lection"},"content":{"rendered":"<p><em><strong>Le pr\u00e9sident de la R\u00e9publique, M. Abdelmadjid Tebboune, a f\u00e9licit\u00e9 lundi, lors d&rsquo;un appel t\u00e9l\u00e9phonique, son fr\u00e8re, M. Ka\u00efs Sa\u00efed, pr\u00e9sident de la R\u00e9publique tunisienne, pays fr\u00e8re, \u00e0 l\u2019occasion de sa r\u00e9\u00e9lection pour un second mandat, lui souhaitant ainsi qu\u2019au peuple tunisien fr\u00e8re, bonheur et prosp\u00e9rit\u00e9 .\u00a0<\/strong><\/em><\/p>\n<p>Notant, que le candidat Kais Saied a obtenu 90.69% des voix aux \u00e9lections pr\u00e9sidentielles en Tunisie, suivi en deuxi\u00e8me position par le candidat Ayachi Zammal avec 7.35% des voix, et en troisi\u00e8me place Zouhair Maghzawi avec 1.97% des voix, selon les r\u00e9sultats pr\u00e9liinaires officiels de l\u2019ISIE annonc\u00e9s par les m\u00e9dias tunisiennes.<\/p>\n","protected":false},"excerpt":{"rendered":"<p>Le pr\u00e9sident de la R\u00e9publique, M. Abdelmadjid Tebboune, a f\u00e9licit\u00e9 lundi, lors d&rsquo;un appel t\u00e9l\u00e9phonique, son fr\u00e8re, M. Ka\u00efs Sa\u00efed, pr\u00e9sident de la R\u00e9publique tunisienne, pays fr\u00e8re, \u00e0 l\u2019occasion de sa r\u00e9\u00e9lection pour un second mandat, lui souhaitant ainsi qu\u2019au peuple tunisien fr\u00e8re, bonheur et prosp\u00e9rit\u00e9 .\u00a0 Notant, que le candidat Kais Saied a obtenu &hellip;<\/p>\n","protected":false},"author":9,"featured_media":5573,"comment_status":"open","ping_status":"open","sticky":false,"template":"","format":"standard","meta":{"footnotes":""},"categories":[47],"tags":[596,900],"class_list":["post-5572","post","type-post","status-publish","format-standard","has-post-thumbnail","hentry","category-national","tag-le-president-de-la-republique","tag-le-president-tunisien"],"yoast_head":"<!-- This site is optimized with the Yoast SEO Premium plugin v22.6 (Yoast SEO v22.6) - https:\/\/yoast.com\/wordpress\/plugins\/seo\/ -->\n<title>Le pr\u00e9sident de la R\u00e9publique f\u00e9licite le pr\u00e9sident tunisien pour sa r\u00e9\u00e9lection - El Mawkie<\/title>\n<meta name=\"robots\" content=\"index, follow, max-snippet:-1, max-image-preview:large, max-video-preview:-1\" \/>\n<link rel=\"canonical\" href=\"https:\/\/elmawkie.dz\/fr\/le-president-de-la-republique-felicite-le-president-tunisien-pour-sa-reelection-pour-un-second-mandant\/\" \/>\n<meta property=\"og:locale\" content=\"fr_FR\" \/>\n<meta property=\"og:type\" content=\"article\" \/>\n<meta property=\"og:title\" content=\"Le pr\u00e9sident de la R\u00e9publique f\u00e9licite le pr\u00e9sident tunisien pour sa r\u00e9\u00e9lection\" \/>\n<meta property=\"og:description\" content=\"Le pr\u00e9sident de la R\u00e9publique, M. Abdelmadjid Tebboune, a f\u00e9licit\u00e9 lundi, lors d&rsquo;un appel t\u00e9l\u00e9phonique, son fr\u00e8re, M. Ka\u00efs Sa\u00efed, pr\u00e9sident de la R\u00e9publique tunisienne, pays fr\u00e8re, \u00e0 l\u2019occasion de sa r\u00e9\u00e9lection pour un second mandat, lui souhaitant ainsi qu\u2019au peuple tunisien fr\u00e8re, bonheur et prosp\u00e9rit\u00e9 .\u00a0 Notant, que le candidat Kais Saied a obtenu &hellip;\" \/>\n<meta property=\"og:url\" content=\"https:\/\/elmawkie.dz\/fr\/le-president-de-la-republique-felicite-le-president-tunisien-pour-sa-reelection-pour-un-second-mandant\/\" \/>\n<meta property=\"og:site_name\" content=\"El Mawkie\" \/>\n<meta property=\"article:publisher\" content=\"https:\/\/www.facebook.com\/profile.php?id=100088407094989&amp;locale=fr_FR\" \/>\n<meta property=\"article:published_time\" content=\"2024-10-08T08:10:27+00:00\" \/>\n<meta property=\"article:modified_time\" content=\"2024-10-08T08:11:13+00:00\" \/>\n<meta property=\"og:image\" content=\"https:\/\/elmawkie.dz\/fr\/wp-content\/uploads\/2024\/10\/IMG_2949.jpeg\" \/>\n\t<meta property=\"og:image:width\" content=\"1920\" \/>\n\t<meta property=\"og:image:height\" content=\"1080\" \/>\n\t<meta property=\"og:image:type\" content=\"image\/jpeg\" \/>\n<meta name=\"author\" content=\"R\u00e9daction\" \/>\n<meta name=\"twitter:card\" content=\"summary_large_image\" \/>\n<meta name=\"twitter:label1\" content=\"Written by\" \/>\n\t<meta name=\"twitter:data1\" content=\"R\u00e9daction\" \/>\n\t<meta name=\"twitter:label2\" content=\"Est. reading time\" \/>\n\t<meta name=\"twitter:data2\" content=\"1 minute\" \/>\n<script type=\"application\/ld+json\" class=\"yoast-schema-graph\">{\"@context\":\"https:\/\/schema.org\",\"@graph\":[{\"@type\":\"Article\",\"@id\":\"https:\/\/elmawkie.dz\/fr\/le-president-de-la-republique-felicite-le-president-tunisien-pour-sa-reelection-pour-un-second-mandant\/#article\",\"isPartOf\":{\"@id\":\"https:\/\/elmawkie.dz\/fr\/le-president-de-la-republique-felicite-le-president-tunisien-pour-sa-reelection-pour-un-second-mandant\/\"},\"author\":{\"name\":\"R\u00e9daction\",\"@id\":\"https:\/\/elmawkie.dz\/fr\/#\/schema\/person\/e7bd59d6467874ba5c4723d8a9f0a63c\"},\"headline\":\"Le pr\u00e9sident de la R\u00e9publique f\u00e9licite le pr\u00e9sident tunisien pour sa r\u00e9\u00e9lection\",\"datePublished\":\"2024-10-08T08:10:27+00:00\",\"dateModified\":\"2024-10-08T08:11:13+00:00\",\"mainEntityOfPage\":{\"@id\":\"https:\/\/elmawkie.dz\/fr\/le-president-de-la-republique-felicite-le-president-tunisien-pour-sa-reelection-pour-un-second-mandant\/\"},\"wordCount\":135,\"commentCount\":0,\"publisher\":{\"@id\":\"https:\/\/elmawkie.dz\/fr\/#organization\"},\"image\":{\"@id\":\"https:\/\/elmawkie.dz\/fr\/le-president-de-la-republique-felicite-le-president-tunisien-pour-sa-reelection-pour-un-second-mandant\/#primaryimage\"},\"thumbnailUrl\":\"https:\/\/elmawkie.dz\/fr\/wp-content\/uploads\/2024\/10\/IMG_2949.jpeg\",\"keywords\":[\"le pr\u00e9sident de la R\u00e9publique\",\"le pr\u00e9sident tunisien\"],\"articleSection\":[\"National\"],\"inLanguage\":\"fr-FR\",\"potentialAction\":[{\"@type\":\"CommentAction\",\"name\":\"Comment\",\"target\":[\"https:\/\/elmawkie.dz\/fr\/le-president-de-la-republique-felicite-le-president-tunisien-pour-sa-reelection-pour-un-second-mandant\/#respond\"]}]},{\"@type\":\"WebPage\",\"@id\":\"https:\/\/elmawkie.dz\/fr\/le-president-de-la-republique-felicite-le-president-tunisien-pour-sa-reelection-pour-un-second-mandant\/\",\"url\":\"https:\/\/elmawkie.dz\/fr\/le-president-de-la-republique-felicite-le-president-tunisien-pour-sa-reelection-pour-un-second-mandant\/\",\"name\":\"Le pr\u00e9sident de la R\u00e9publique f\u00e9licite le pr\u00e9sident tunisien pour sa r\u00e9\u00e9lection - El Mawkie\",\"isPartOf\":{\"@id\":\"https:\/\/elmawkie.dz\/fr\/#website\"},\"primaryImageOfPage\":{\"@id\":\"https:\/\/elmawkie.dz\/fr\/le-president-de-la-republique-felicite-le-president-tunisien-pour-sa-reelection-pour-un-second-mandant\/#primaryimage\"},\"image\":{\"@id\":\"https:\/\/elmawkie.dz\/fr\/le-president-de-la-republique-felicite-le-president-tunisien-pour-sa-reelection-pour-un-second-mandant\/#primaryimage\"},\"thumbnailUrl\":\"https:\/\/elmawkie.dz\/fr\/wp-content\/uploads\/2024\/10\/IMG_2949.jpeg\",\"datePublished\":\"2024-10-08T08:10:27+00:00\",\"dateModified\":\"2024-10-08T08:11:13+00:00\",\"breadcrumb\":{\"@id\":\"https:\/\/elmawkie.dz\/fr\/le-president-de-la-republique-felicite-le-president-tunisien-pour-sa-reelection-pour-un-second-mandant\/#breadcrumb\"},\"inLanguage\":\"fr-FR\",\"potentialAction\":[{\"@type\":\"ReadAction\",\"target\":[\"https:\/\/elmawkie.dz\/fr\/le-president-de-la-republique-felicite-le-president-tunisien-pour-sa-reelection-pour-un-second-mandant\/\"]}]},{\"@type\":\"ImageObject\",\"inLanguage\":\"fr-FR\",\"@id\":\"https:\/\/elmawkie.dz\/fr\/le-president-de-la-republique-felicite-le-president-tunisien-pour-sa-reelection-pour-un-second-mandant\/#primaryimage\",\"url\":\"https:\/\/elmawkie.dz\/fr\/wp-content\/uploads\/2024\/10\/IMG_2949.jpeg\",\"contentUrl\":\"https:\/\/elmawkie.dz\/fr\/wp-content\/uploads\/2024\/10\/IMG_2949.jpeg\",\"width\":1920,\"height\":1080},{\"@type\":\"BreadcrumbList\",\"@id\":\"https:\/\/elmawkie.dz\/fr\/le-president-de-la-republique-felicite-le-president-tunisien-pour-sa-reelection-pour-un-second-mandant\/#breadcrumb\",\"itemListElement\":[{\"@type\":\"ListItem\",\"position\":1,\"name\":\"Home\",\"item\":\"https:\/\/elmawkie.dz\/fr\/\"},{\"@type\":\"ListItem\",\"position\":2,\"name\":\"Le pr\u00e9sident de la R\u00e9publique f\u00e9licite le pr\u00e9sident tunisien pour sa r\u00e9\u00e9lection\"}]},{\"@type\":\"WebSite\",\"@id\":\"https:\/\/elmawkie.dz\/fr\/#website\",\"url\":\"https:\/\/elmawkie.dz\/fr\/\",\"name\":\"EL MAWKIE\",\"description\":\"Journal \u00c9lectronique Alg\u00e9rien\",\"publisher\":{\"@id\":\"https:\/\/elmawkie.dz\/fr\/#organization\"},\"potentialAction\":[{\"@type\":\"SearchAction\",\"target\":{\"@type\":\"EntryPoint\",\"urlTemplate\":\"https:\/\/elmawkie.dz\/fr\/?s={search_term_string}\"},\"query-input\":\"required name=search_term_string\"}],\"inLanguage\":\"fr-FR\"},{\"@type\":\"Organization\",\"@id\":\"https:\/\/elmawkie.dz\/fr\/#organization\",\"name\":\"EL MAWKIE\",\"url\":\"https:\/\/elmawkie.dz\/fr\/\",\"logo\":{\"@type\":\"ImageObject\",\"inLanguage\":\"fr-FR\",\"@id\":\"https:\/\/elmawkie.dz\/fr\/#\/schema\/logo\/image\/\",\"url\":\"https:\/\/elmawkie.dz\/fr\/wp-content\/uploads\/2024\/05\/logo1.png\",\"contentUrl\":\"https:\/\/elmawkie.dz\/fr\/wp-content\/uploads\/2024\/05\/logo1.png\",\"width\":1648,\"height\":652,\"caption\":\"EL MAWKIE\"},\"image\":{\"@id\":\"https:\/\/elmawkie.dz\/fr\/#\/schema\/logo\/image\/\"},\"sameAs\":[\"https:\/\/www.facebook.com\/profile.php?id=100088407094989&locale=fr_FR\"]},{\"@type\":\"Person\",\"@id\":\"https:\/\/elmawkie.dz\/fr\/#\/schema\/person\/e7bd59d6467874ba5c4723d8a9f0a63c\",\"name\":\"R\u00e9daction\",\"image\":{\"@type\":\"ImageObject\",\"inLanguage\":\"fr-FR\",\"@id\":\"https:\/\/elmawkie.dz\/fr\/#\/schema\/person\/image\/\",\"url\":\"https:\/\/secure.gravatar.com\/avatar\/f0f773456344da4d2788c054a3d30a0c?s=96&d=mm&r=g\",\"contentUrl\":\"https:\/\/secure.gravatar.com\/avatar\/f0f773456344da4d2788c054a3d30a0c?s=96&d=mm&r=g\",\"caption\":\"R\u00e9daction\"},\"url\":\"https:\/\/elmawkie.dz\/fr\/author\/redaction\/\"}]}<\/script>\n<!-- \/ Yoast SEO Premium plugin. -->","yoast_head_json":{"title":"Le pr\u00e9sident de la R\u00e9publique f\u00e9licite le pr\u00e9sident tunisien pour sa r\u00e9\u00e9lection - El Mawkie","robots":{"index":"index","follow":"follow","max-snippet":"max-snippet:-1","max-image-preview":"max-image-preview:large","max-video-preview":"max-video-preview:-1"},"canonical":"https:\/\/elmawkie.dz\/fr\/le-president-de-la-republique-felicite-le-president-tunisien-pour-sa-reelection-pour-un-second-mandant\/","og_locale":"fr_FR","og_type":"article","og_title":"Le pr\u00e9sident de la R\u00e9publique f\u00e9licite le pr\u00e9sident tunisien pour sa r\u00e9\u00e9lection","og_description":"Le pr\u00e9sident de la R\u00e9publique, M. Abdelmadjid Tebboune, a f\u00e9licit\u00e9 lundi, lors d&rsquo;un appel t\u00e9l\u00e9phonique, son fr\u00e8re, M. Ka\u00efs Sa\u00efed, pr\u00e9sident de la R\u00e9publique tunisienne, pays fr\u00e8re, \u00e0 l\u2019occasion de sa r\u00e9\u00e9lection pour un second mandat, lui souhaitant ainsi qu\u2019au peuple tunisien fr\u00e8re, bonheur et prosp\u00e9rit\u00e9 .\u00a0 Notant, que le candidat Kais Saied a obtenu &hellip;","og_url":"https:\/\/elmawkie.dz\/fr\/le-president-de-la-republique-felicite-le-president-tunisien-pour-sa-reelection-pour-un-second-mandant\/","og_site_name":"El Mawkie","article_publisher":"https:\/\/www.facebook.com\/profile.php?id=100088407094989&locale=fr_FR","article_published_time":"2024-10-08T08:10:27+00:00","article_modified_time":"2024-10-08T08:11:13+00:00","og_image":[{"width":1920,"height":1080,"url":"https:\/\/elmawkie.dz\/fr\/wp-content\/uploads\/2024\/10\/IMG_2949.jpeg","type":"image\/jpeg"}],"author":"R\u00e9daction","twitter_card":"summary_large_image","twitter_misc":{"Written by":"R\u00e9daction","Est. reading time":"1 minute"},"schema":{"@context":"https:\/\/schema.org","@graph":[{"@type":"Article","@id":"https:\/\/elmawkie.dz\/fr\/le-president-de-la-republique-felicite-le-president-tunisien-pour-sa-reelection-pour-un-second-mandant\/#article","isPartOf":{"@id":"https:\/\/elmawkie.dz\/fr\/le-president-de-la-republique-felicite-le-president-tunisien-pour-sa-reelection-pour-un-second-mandant\/"},"author":{"name":"R\u00e9daction","@id":"https:\/\/elmawkie.dz\/fr\/#\/schema\/person\/e7bd59d6467874ba5c4723d8a9f0a63c"},"headline":"Le pr\u00e9sident de la R\u00e9publique f\u00e9licite le pr\u00e9sident tunisien pour sa r\u00e9\u00e9lection","datePublished":"2024-10-08T08:10:27+00:00","dateModified":"2024-10-08T08:11:13+00:00","mainEntityOfPage":{"@id":"https:\/\/elmawkie.dz\/fr\/le-president-de-la-republique-felicite-le-president-tunisien-pour-sa-reelection-pour-un-second-mandant\/"},"wordCount":135,"commentCount":0,"publisher":{"@id":"https:\/\/elmawkie.dz\/fr\/#organization"},"image":{"@id":"https:\/\/elmawkie.dz\/fr\/le-president-de-la-republique-felicite-le-president-tunisien-pour-sa-reelection-pour-un-second-mandant\/#primaryimage"},"thumbnailUrl":"https:\/\/elmawkie.dz\/fr\/wp-content\/uploads\/2024\/10\/IMG_2949.jpeg","keywords":["le pr\u00e9sident de la R\u00e9publique","le pr\u00e9sident tunisien"],"articleSection":["National"],"inLanguage":"fr-FR","potentialAction":[{"@type":"CommentAction","name":"Comment","target":["https:\/\/elmawkie.dz\/fr\/le-president-de-la-republique-felicite-le-president-tunisien-pour-sa-reelection-pour-un-second-mandant\/#respond"]}]},{"@type":"WebPage","@id":"https:\/\/elmawkie.dz\/fr\/le-president-de-la-republique-felicite-le-president-tunisien-pour-sa-reelection-pour-un-second-mandant\/","url":"https:\/\/elmawkie.dz\/fr\/le-president-de-la-republique-felicite-le-president-tunisien-pour-sa-reelection-pour-un-second-mandant\/","name":"Le pr\u00e9sident de la R\u00e9publique f\u00e9licite le pr\u00e9sident tunisien pour sa r\u00e9\u00e9lection - El Mawkie","isPartOf":{"@id":"https:\/\/elmawkie.dz\/fr\/#website"},"primaryImageOfPage":{"@id":"https:\/\/elmawkie.dz\/fr\/le-president-de-la-republique-felicite-le-president-tunisien-pour-sa-reelection-pour-un-second-mandant\/#primaryimage"},"image":{"@id":"https:\/\/elmawkie.dz\/fr\/le-president-de-la-republique-felicite-le-president-tunisien-pour-sa-reelection-pour-un-second-mandant\/#primaryimage"},"thumbnailUrl":"https:\/\/elmawkie.dz\/fr\/wp-content\/uploads\/2024\/10\/IMG_2949.jpeg","datePublished":"2024-10-08T08:10:27+00:00","dateModified":"2024-10-08T08:11:13+00:00","breadcrumb":{"@id":"https:\/\/elmawkie.dz\/fr\/le-president-de-la-republique-felicite-le-president-tunisien-pour-sa-reelection-pour-un-second-mandant\/#breadcrumb"},"inLanguage":"fr-FR","potentialAction":[{"@type":"ReadAction","target":["https:\/\/elmawkie.dz\/fr\/le-president-de-la-republique-felicite-le-president-tunisien-pour-sa-reelection-pour-un-second-mandant\/"]}]},{"@type":"ImageObject","inLanguage":"fr-FR","@id":"https:\/\/elmawkie.dz\/fr\/le-president-de-la-republique-felicite-le-president-tunisien-pour-sa-reelection-pour-un-second-mandant\/#primaryimage","url":"https:\/\/elmawkie.dz\/fr\/wp-content\/uploads\/2024\/10\/IMG_2949.jpeg","contentUrl":"https:\/\/elmawkie.dz\/fr\/wp-content\/uploads\/2024\/10\/IMG_2949.jpeg","width":1920,"height":1080},{"@type":"BreadcrumbList","@id":"https:\/\/elmawkie.dz\/fr\/le-president-de-la-republique-felicite-le-president-tunisien-pour-sa-reelection-pour-un-second-mandant\/#breadcrumb","itemListElement":[{"@type":"ListItem","position":1,"name":"Home","item":"https:\/\/elmawkie.dz\/fr\/"},{"@type":"ListItem","position":2,"name":"Le pr\u00e9sident de la R\u00e9publique f\u00e9licite le pr\u00e9sident tunisien pour sa r\u00e9\u00e9lection"}]},{"@type":"WebSite","@id":"https:\/\/elmawkie.dz\/fr\/#website","url":"https:\/\/elmawkie.dz\/fr\/","name":"EL MAWKIE","description":"Journal \u00c9lectronique Alg\u00e9rien","publisher":{"@id":"https:\/\/elmawkie.dz\/fr\/#organization"},"potentialAction":[{"@type":"SearchAction","target":{"@type":"EntryPoint","urlTemplate":"https:\/\/elmawkie.dz\/fr\/?s={search_term_string}"},"query-input":"required name=search_term_string"}],"inLanguage":"fr-FR"},{"@type":"Organization","@id":"https:\/\/elmawkie.dz\/fr\/#organization","name":"EL MAWKIE","url":"https:\/\/elmawkie.dz\/fr\/","logo":{"@type":"ImageObject","inLanguage":"fr-FR","@id":"https:\/\/elmawkie.dz\/fr\/#\/schema\/logo\/image\/","url":"https:\/\/elmawkie.dz\/fr\/wp-content\/uploads\/2024\/05\/logo1.png","contentUrl":"https:\/\/elmawkie.dz\/fr\/wp-content\/uploads\/2024\/05\/logo1.png","width":1648,"height":652,"caption":"EL MAWKIE"},"image":{"@id":"https:\/\/elmawkie.dz\/fr\/#\/schema\/logo\/image\/"},"sameAs":["https:\/\/www.facebook.com\/profile.php?id=100088407094989&locale=fr_FR"]},{"@type":"Person","@id":"https:\/\/elmawkie.dz\/fr\/#\/schema\/person\/e7bd59d6467874ba5c4723d8a9f0a63c","name":"R\u00e9daction","image":{"@type":"ImageObject","inLanguage":"fr-FR","@id":"https:\/\/elmawkie.dz\/fr\/#\/schema\/person\/image\/","url":"https:\/\/secure.gravatar.com\/avatar\/f0f773456344da4d2788c054a3d30a0c?s=96&d=mm&r=g","contentUrl":"https:\/\/secure.gravatar.com\/avatar\/f0f773456344da4d2788c054a3d30a0c?s=96&d=mm&r=g","caption":"R\u00e9daction"},"url":"https:\/\/elmawkie.dz\/fr\/author\/redaction\/"}]}},"_links":{"self":[{"href":"https:\/\/elmawkie.dz\/fr\/wp-json\/wp\/v2\/posts\/5572","targetHints":{"allow":["GET"]}}],"collection":[{"href":"https:\/\/elmawkie.dz\/fr\/wp-json\/wp\/v2\/posts"}],"about":[{"href":"https:\/\/elmawkie.dz\/fr\/wp-json\/wp\/v2\/types\/post"}],"author":[{"embeddable":true,"href":"https:\/\/elmawkie.dz\/fr\/wp-json\/wp\/v2\/users\/9"}],"replies":[{"embeddable":true,"href":"https:\/\/elmawkie.dz\/fr\/wp-json\/wp\/v2\/comments?post=5572"}],"version-history":[{"count":0,"href":"https:\/\/elmawkie.dz\/fr\/wp-json\/wp\/v2\/posts\/5572\/revisions"}],"wp:featuredmedia":[{"embeddable":true,"href":"https:\/\/elmawkie.dz\/fr\/wp-json\/wp\/v2\/media\/5573"}],"wp:attachment":[{"href":"https:\/\/elmawkie.dz\/fr\/wp-json\/wp\/v2\/media?parent=5572"}],"wp:term":[{"taxonomy":"category","embeddable":true,"href":"https:\/\/elmawkie.dz\/fr\/wp-json\/wp\/v2\/categories?post=5572"},{"taxonomy":"post_tag","embeddable":true,"href":"https:\/\/elmawkie.dz\/fr\/wp-json\/wp\/v2\/tags?post=5572"}],"curies":[{"name":"wp","href":"https:\/\/api.w.org\/{rel}","templated":true}]}}