{"id":55693,"date":"2025-08-30T20:04:45","date_gmt":"2025-08-30T19:04:45","guid":{"rendered":"https:\/\/elmawkie.dz\/fr\/?p=55693"},"modified":"2025-08-30T20:04:47","modified_gmt":"2025-08-30T19:04:47","slug":"sommet-mondial-de-la-jeunesse-a-kazan-le-president-du-tatarstan-recoit-m-hidaoui","status":"publish","type":"post","link":"https:\/\/elmawkie.dz\/fr\/sommet-mondial-de-la-jeunesse-a-kazan-le-president-du-tatarstan-recoit-m-hidaoui\/","title":{"rendered":"Sommet mondial de la jeunesse \u00e0 Kazan : le pr\u00e9sident du Tatarstan re\u00e7oit M. Hidaoui"},"content":{"rendered":"\n<p>Le ministre de la Jeunesse, charg\u00e9 du Conseil sup\u00e9rieur de la jeunesse, M. Mustapha Hidaoui, a \u00e9t\u00e9 re\u00e7u par le pr\u00e9sident de la R\u00e9publique du Tatarstan, M. Roustam Minnikhanov, dans le cadre de sa participation au Sommet mondial de la jeunesse 2025 \u00e0 Kazan, indique samedi un communiqu\u00e9 du minist\u00e8re. Dans le cadre de ce Sommet mondial de la jeunesse, M. Hidaoui a \u00e9t\u00e9 convi\u00e9, en compagnie des ministres et cadres de la jeunesse participants, \u00e0 une r\u00e9ception officielle organis\u00e9e en leur honneur par le pr\u00e9sident de la R\u00e9publique du Tatarstan, pr\u00e9cise le communiqu\u00e9. Cette rencontre a permis \u00ab\u00a0un \u00e9change de vues sur des questions d&rsquo;int\u00e9r\u00eat commun, notamment l&rsquo;autonomisation des jeunes, l&rsquo;\u00e9largissement des perspectives de la recherche scientifique et l&rsquo;\u00e9change d&rsquo;expertises dans le domaine des politiques de la jeunesse et des programmes de formation au leadership et \u00e0 l&rsquo;entrepreneuriat\u00a0\u00bb, ajoute la m\u00eame source. Dans une allocution prononc\u00e9e \u00e0 cette occasion, M. Hidaoui a soulign\u00e9 l&rsquo;importance de ce type de rencontres pour \u00ab\u00a0le renforcement du dialogue et la conjugaison des efforts internationaux en faveur des jeunes afin qu&rsquo;ils puissent jouer un r\u00f4le de premier plan dans le d\u00e9veloppement durable\u00a0\u00bb. Le ministre a salu\u00e9 la bonne organisation et la th\u00e9matique du Sommet de Kazan, qui appelle, a-t-il dit, \u00e0 investir dans la jeunesse \u00e0 travers le monde \u00ab\u00a0au mieux des int\u00e9r\u00eats de toutes les soci\u00e9t\u00e9s\u00a0\u00bb. Dans son allocution, M. Hidaoui a soulign\u00e9 \u00ab\u00a0l&rsquo;int\u00e9r\u00eat majeur que porte le pr\u00e9sident de la R\u00e9publique, M. Abdelmadjid Tebboune, au dossier de la jeunesse en Alg\u00e9rie et aux questions inh\u00e9rentes aux jeunes qu&rsquo;il consid\u00e8re comme la pierre angulaire du d\u00e9veloppement durable\u00a0\u00bb. D&rsquo;ailleurs, a-t-il ajout\u00e9, les politiques trac\u00e9es par le pr\u00e9sident de la R\u00e9publique et le programme du Gouvernement refl\u00e8tent \u00ab\u00a0un engagement ferme en faveur du renforcement du r\u00f4le de la jeunesse au sein de la soci\u00e9t\u00e9 en vue de contribuer au processus de d\u00e9veloppement \u00e0 tous les niveaux\u00a0\u00bb.<\/p>\n","protected":false},"excerpt":{"rendered":"<p>Le ministre de la Jeunesse, charg\u00e9 du Conseil sup\u00e9rieur de la jeunesse, M. Mustapha Hidaoui, a \u00e9t\u00e9 re\u00e7u par le pr\u00e9sident de la R\u00e9publique du Tatarstan, M. Roustam Minnikhanov, dans le cadre de sa participation au Sommet mondial de la jeunesse 2025 \u00e0 Kazan, indique samedi un communiqu\u00e9 du minist\u00e8re. Dans le cadre de ce &hellip;<\/p>\n","protected":false},"author":9,"featured_media":55695,"comment_status":"open","ping_status":"open","sticky":false,"template":"","format":"standard","meta":{"footnotes":""},"categories":[47],"tags":[4948,2842,4947],"class_list":["post-55693","post","type-post","status-publish","format-standard","has-post-thumbnail","hentry","category-national","tag-kazan","tag-m-hidaoui-2","tag-sommet-mondial-de-la-jeunesse"],"yoast_head":"<!-- This site is optimized with the Yoast SEO Premium plugin v22.6 (Yoast SEO v22.6) - https:\/\/yoast.com\/wordpress\/plugins\/seo\/ -->\n<title>Sommet mondial de la jeunesse \u00e0 Kazan : le pr\u00e9sident du Tatarstan re\u00e7oit M. Hidaoui - El Mawkie<\/title>\n<meta name=\"robots\" content=\"index, follow, max-snippet:-1, max-image-preview:large, max-video-preview:-1\" \/>\n<link rel=\"canonical\" href=\"https:\/\/elmawkie.dz\/fr\/sommet-mondial-de-la-jeunesse-a-kazan-le-president-du-tatarstan-recoit-m-hidaoui\/\" \/>\n<meta property=\"og:locale\" content=\"fr_FR\" \/>\n<meta property=\"og:type\" content=\"article\" \/>\n<meta property=\"og:title\" content=\"Sommet mondial de la jeunesse \u00e0 Kazan : le pr\u00e9sident du Tatarstan re\u00e7oit M. Hidaoui\" \/>\n<meta property=\"og:description\" content=\"Le ministre de la Jeunesse, charg\u00e9 du Conseil sup\u00e9rieur de la jeunesse, M. Mustapha Hidaoui, a \u00e9t\u00e9 re\u00e7u par le pr\u00e9sident de la R\u00e9publique du Tatarstan, M. Roustam Minnikhanov, dans le cadre de sa participation au Sommet mondial de la jeunesse 2025 \u00e0 Kazan, indique samedi un communiqu\u00e9 du minist\u00e8re. Dans le cadre de ce &hellip;\" \/>\n<meta property=\"og:url\" content=\"https:\/\/elmawkie.dz\/fr\/sommet-mondial-de-la-jeunesse-a-kazan-le-president-du-tatarstan-recoit-m-hidaoui\/\" \/>\n<meta property=\"og:site_name\" content=\"El Mawkie\" \/>\n<meta property=\"article:publisher\" content=\"https:\/\/www.facebook.com\/profile.php?id=100088407094989&amp;locale=fr_FR\" \/>\n<meta property=\"article:published_time\" content=\"2025-08-30T19:04:45+00:00\" \/>\n<meta property=\"article:modified_time\" content=\"2025-08-30T19:04:47+00:00\" \/>\n<meta property=\"og:image\" content=\"https:\/\/elmawkie.dz\/fr\/wp-content\/uploads\/2025\/08\/IMG_4379.jpeg\" \/>\n\t<meta property=\"og:image:width\" content=\"1600\" \/>\n\t<meta property=\"og:image:height\" content=\"1066\" \/>\n\t<meta property=\"og:image:type\" content=\"image\/jpeg\" \/>\n<meta name=\"author\" content=\"R\u00e9daction\" \/>\n<meta name=\"twitter:card\" content=\"summary_large_image\" \/>\n<meta name=\"twitter:label1\" content=\"Written by\" \/>\n\t<meta name=\"twitter:data1\" content=\"R\u00e9daction\" \/>\n\t<meta name=\"twitter:label2\" content=\"Est. reading time\" \/>\n\t<meta name=\"twitter:data2\" content=\"2 minutes\" \/>\n<script type=\"application\/ld+json\" class=\"yoast-schema-graph\">{\"@context\":\"https:\/\/schema.org\",\"@graph\":[{\"@type\":\"Article\",\"@id\":\"https:\/\/elmawkie.dz\/fr\/sommet-mondial-de-la-jeunesse-a-kazan-le-president-du-tatarstan-recoit-m-hidaoui\/#article\",\"isPartOf\":{\"@id\":\"https:\/\/elmawkie.dz\/fr\/sommet-mondial-de-la-jeunesse-a-kazan-le-president-du-tatarstan-recoit-m-hidaoui\/\"},\"author\":{\"name\":\"R\u00e9daction\",\"@id\":\"https:\/\/elmawkie.dz\/fr\/#\/schema\/person\/e7bd59d6467874ba5c4723d8a9f0a63c\"},\"headline\":\"Sommet mondial de la jeunesse \u00e0 Kazan : le pr\u00e9sident du Tatarstan re\u00e7oit M. Hidaoui\",\"datePublished\":\"2025-08-30T19:04:45+00:00\",\"dateModified\":\"2025-08-30T19:04:47+00:00\",\"mainEntityOfPage\":{\"@id\":\"https:\/\/elmawkie.dz\/fr\/sommet-mondial-de-la-jeunesse-a-kazan-le-president-du-tatarstan-recoit-m-hidaoui\/\"},\"wordCount\":365,\"commentCount\":0,\"publisher\":{\"@id\":\"https:\/\/elmawkie.dz\/fr\/#organization\"},\"image\":{\"@id\":\"https:\/\/elmawkie.dz\/fr\/sommet-mondial-de-la-jeunesse-a-kazan-le-president-du-tatarstan-recoit-m-hidaoui\/#primaryimage\"},\"thumbnailUrl\":\"https:\/\/elmawkie.dz\/fr\/wp-content\/uploads\/2025\/08\/IMG_4379.jpeg\",\"keywords\":[\"Kazan\",\"M.Hidaoui\",\"Sommet mondial de la jeunesse\"],\"articleSection\":[\"National\"],\"inLanguage\":\"fr-FR\",\"potentialAction\":[{\"@type\":\"CommentAction\",\"name\":\"Comment\",\"target\":[\"https:\/\/elmawkie.dz\/fr\/sommet-mondial-de-la-jeunesse-a-kazan-le-president-du-tatarstan-recoit-m-hidaoui\/#respond\"]}]},{\"@type\":\"WebPage\",\"@id\":\"https:\/\/elmawkie.dz\/fr\/sommet-mondial-de-la-jeunesse-a-kazan-le-president-du-tatarstan-recoit-m-hidaoui\/\",\"url\":\"https:\/\/elmawkie.dz\/fr\/sommet-mondial-de-la-jeunesse-a-kazan-le-president-du-tatarstan-recoit-m-hidaoui\/\",\"name\":\"Sommet mondial de la jeunesse \u00e0 Kazan : le pr\u00e9sident du Tatarstan re\u00e7oit M. Hidaoui - El Mawkie\",\"isPartOf\":{\"@id\":\"https:\/\/elmawkie.dz\/fr\/#website\"},\"primaryImageOfPage\":{\"@id\":\"https:\/\/elmawkie.dz\/fr\/sommet-mondial-de-la-jeunesse-a-kazan-le-president-du-tatarstan-recoit-m-hidaoui\/#primaryimage\"},\"image\":{\"@id\":\"https:\/\/elmawkie.dz\/fr\/sommet-mondial-de-la-jeunesse-a-kazan-le-president-du-tatarstan-recoit-m-hidaoui\/#primaryimage\"},\"thumbnailUrl\":\"https:\/\/elmawkie.dz\/fr\/wp-content\/uploads\/2025\/08\/IMG_4379.jpeg\",\"datePublished\":\"2025-08-30T19:04:45+00:00\",\"dateModified\":\"2025-08-30T19:04:47+00:00\",\"breadcrumb\":{\"@id\":\"https:\/\/elmawkie.dz\/fr\/sommet-mondial-de-la-jeunesse-a-kazan-le-president-du-tatarstan-recoit-m-hidaoui\/#breadcrumb\"},\"inLanguage\":\"fr-FR\",\"potentialAction\":[{\"@type\":\"ReadAction\",\"target\":[\"https:\/\/elmawkie.dz\/fr\/sommet-mondial-de-la-jeunesse-a-kazan-le-president-du-tatarstan-recoit-m-hidaoui\/\"]}]},{\"@type\":\"ImageObject\",\"inLanguage\":\"fr-FR\",\"@id\":\"https:\/\/elmawkie.dz\/fr\/sommet-mondial-de-la-jeunesse-a-kazan-le-president-du-tatarstan-recoit-m-hidaoui\/#primaryimage\",\"url\":\"https:\/\/elmawkie.dz\/fr\/wp-content\/uploads\/2025\/08\/IMG_4379.jpeg\",\"contentUrl\":\"https:\/\/elmawkie.dz\/fr\/wp-content\/uploads\/2025\/08\/IMG_4379.jpeg\",\"width\":1600,\"height\":1066},{\"@type\":\"BreadcrumbList\",\"@id\":\"https:\/\/elmawkie.dz\/fr\/sommet-mondial-de-la-jeunesse-a-kazan-le-president-du-tatarstan-recoit-m-hidaoui\/#breadcrumb\",\"itemListElement\":[{\"@type\":\"ListItem\",\"position\":1,\"name\":\"Home\",\"item\":\"https:\/\/elmawkie.dz\/fr\/\"},{\"@type\":\"ListItem\",\"position\":2,\"name\":\"Sommet mondial de la jeunesse \u00e0 Kazan : le pr\u00e9sident du Tatarstan re\u00e7oit M. Hidaoui\"}]},{\"@type\":\"WebSite\",\"@id\":\"https:\/\/elmawkie.dz\/fr\/#website\",\"url\":\"https:\/\/elmawkie.dz\/fr\/\",\"name\":\"EL MAWKIE\",\"description\":\"Journal \u00c9lectronique Alg\u00e9rien\",\"publisher\":{\"@id\":\"https:\/\/elmawkie.dz\/fr\/#organization\"},\"potentialAction\":[{\"@type\":\"SearchAction\",\"target\":{\"@type\":\"EntryPoint\",\"urlTemplate\":\"https:\/\/elmawkie.dz\/fr\/?s={search_term_string}\"},\"query-input\":\"required name=search_term_string\"}],\"inLanguage\":\"fr-FR\"},{\"@type\":\"Organization\",\"@id\":\"https:\/\/elmawkie.dz\/fr\/#organization\",\"name\":\"EL MAWKIE\",\"url\":\"https:\/\/elmawkie.dz\/fr\/\",\"logo\":{\"@type\":\"ImageObject\",\"inLanguage\":\"fr-FR\",\"@id\":\"https:\/\/elmawkie.dz\/fr\/#\/schema\/logo\/image\/\",\"url\":\"https:\/\/elmawkie.dz\/fr\/wp-content\/uploads\/2024\/05\/logo1.png\",\"contentUrl\":\"https:\/\/elmawkie.dz\/fr\/wp-content\/uploads\/2024\/05\/logo1.png\",\"width\":1648,\"height\":652,\"caption\":\"EL MAWKIE\"},\"image\":{\"@id\":\"https:\/\/elmawkie.dz\/fr\/#\/schema\/logo\/image\/\"},\"sameAs\":[\"https:\/\/www.facebook.com\/profile.php?id=100088407094989&locale=fr_FR\"]},{\"@type\":\"Person\",\"@id\":\"https:\/\/elmawkie.dz\/fr\/#\/schema\/person\/e7bd59d6467874ba5c4723d8a9f0a63c\",\"name\":\"R\u00e9daction\",\"image\":{\"@type\":\"ImageObject\",\"inLanguage\":\"fr-FR\",\"@id\":\"https:\/\/elmawkie.dz\/fr\/#\/schema\/person\/image\/\",\"url\":\"https:\/\/secure.gravatar.com\/avatar\/f0f773456344da4d2788c054a3d30a0c?s=96&d=mm&r=g\",\"contentUrl\":\"https:\/\/secure.gravatar.com\/avatar\/f0f773456344da4d2788c054a3d30a0c?s=96&d=mm&r=g\",\"caption\":\"R\u00e9daction\"},\"url\":\"https:\/\/elmawkie.dz\/fr\/author\/redaction\/\"}]}<\/script>\n<!-- \/ Yoast SEO Premium plugin. -->","yoast_head_json":{"title":"Sommet mondial de la jeunesse \u00e0 Kazan : le pr\u00e9sident du Tatarstan re\u00e7oit M. Hidaoui - El Mawkie","robots":{"index":"index","follow":"follow","max-snippet":"max-snippet:-1","max-image-preview":"max-image-preview:large","max-video-preview":"max-video-preview:-1"},"canonical":"https:\/\/elmawkie.dz\/fr\/sommet-mondial-de-la-jeunesse-a-kazan-le-president-du-tatarstan-recoit-m-hidaoui\/","og_locale":"fr_FR","og_type":"article","og_title":"Sommet mondial de la jeunesse \u00e0 Kazan : le pr\u00e9sident du Tatarstan re\u00e7oit M. Hidaoui","og_description":"Le ministre de la Jeunesse, charg\u00e9 du Conseil sup\u00e9rieur de la jeunesse, M. Mustapha Hidaoui, a \u00e9t\u00e9 re\u00e7u par le pr\u00e9sident de la R\u00e9publique du Tatarstan, M. Roustam Minnikhanov, dans le cadre de sa participation au Sommet mondial de la jeunesse 2025 \u00e0 Kazan, indique samedi un communiqu\u00e9 du minist\u00e8re. Dans le cadre de ce &hellip;","og_url":"https:\/\/elmawkie.dz\/fr\/sommet-mondial-de-la-jeunesse-a-kazan-le-president-du-tatarstan-recoit-m-hidaoui\/","og_site_name":"El Mawkie","article_publisher":"https:\/\/www.facebook.com\/profile.php?id=100088407094989&locale=fr_FR","article_published_time":"2025-08-30T19:04:45+00:00","article_modified_time":"2025-08-30T19:04:47+00:00","og_image":[{"width":1600,"height":1066,"url":"https:\/\/elmawkie.dz\/fr\/wp-content\/uploads\/2025\/08\/IMG_4379.jpeg","type":"image\/jpeg"}],"author":"R\u00e9daction","twitter_card":"summary_large_image","twitter_misc":{"Written by":"R\u00e9daction","Est. reading time":"2 minutes"},"schema":{"@context":"https:\/\/schema.org","@graph":[{"@type":"Article","@id":"https:\/\/elmawkie.dz\/fr\/sommet-mondial-de-la-jeunesse-a-kazan-le-president-du-tatarstan-recoit-m-hidaoui\/#article","isPartOf":{"@id":"https:\/\/elmawkie.dz\/fr\/sommet-mondial-de-la-jeunesse-a-kazan-le-president-du-tatarstan-recoit-m-hidaoui\/"},"author":{"name":"R\u00e9daction","@id":"https:\/\/elmawkie.dz\/fr\/#\/schema\/person\/e7bd59d6467874ba5c4723d8a9f0a63c"},"headline":"Sommet mondial de la jeunesse \u00e0 Kazan : le pr\u00e9sident du Tatarstan re\u00e7oit M. Hidaoui","datePublished":"2025-08-30T19:04:45+00:00","dateModified":"2025-08-30T19:04:47+00:00","mainEntityOfPage":{"@id":"https:\/\/elmawkie.dz\/fr\/sommet-mondial-de-la-jeunesse-a-kazan-le-president-du-tatarstan-recoit-m-hidaoui\/"},"wordCount":365,"commentCount":0,"publisher":{"@id":"https:\/\/elmawkie.dz\/fr\/#organization"},"image":{"@id":"https:\/\/elmawkie.dz\/fr\/sommet-mondial-de-la-jeunesse-a-kazan-le-president-du-tatarstan-recoit-m-hidaoui\/#primaryimage"},"thumbnailUrl":"https:\/\/elmawkie.dz\/fr\/wp-content\/uploads\/2025\/08\/IMG_4379.jpeg","keywords":["Kazan","M.Hidaoui","Sommet mondial de la jeunesse"],"articleSection":["National"],"inLanguage":"fr-FR","potentialAction":[{"@type":"CommentAction","name":"Comment","target":["https:\/\/elmawkie.dz\/fr\/sommet-mondial-de-la-jeunesse-a-kazan-le-president-du-tatarstan-recoit-m-hidaoui\/#respond"]}]},{"@type":"WebPage","@id":"https:\/\/elmawkie.dz\/fr\/sommet-mondial-de-la-jeunesse-a-kazan-le-president-du-tatarstan-recoit-m-hidaoui\/","url":"https:\/\/elmawkie.dz\/fr\/sommet-mondial-de-la-jeunesse-a-kazan-le-president-du-tatarstan-recoit-m-hidaoui\/","name":"Sommet mondial de la jeunesse \u00e0 Kazan : le pr\u00e9sident du Tatarstan re\u00e7oit M. Hidaoui - El Mawkie","isPartOf":{"@id":"https:\/\/elmawkie.dz\/fr\/#website"},"primaryImageOfPage":{"@id":"https:\/\/elmawkie.dz\/fr\/sommet-mondial-de-la-jeunesse-a-kazan-le-president-du-tatarstan-recoit-m-hidaoui\/#primaryimage"},"image":{"@id":"https:\/\/elmawkie.dz\/fr\/sommet-mondial-de-la-jeunesse-a-kazan-le-president-du-tatarstan-recoit-m-hidaoui\/#primaryimage"},"thumbnailUrl":"https:\/\/elmawkie.dz\/fr\/wp-content\/uploads\/2025\/08\/IMG_4379.jpeg","datePublished":"2025-08-30T19:04:45+00:00","dateModified":"2025-08-30T19:04:47+00:00","breadcrumb":{"@id":"https:\/\/elmawkie.dz\/fr\/sommet-mondial-de-la-jeunesse-a-kazan-le-president-du-tatarstan-recoit-m-hidaoui\/#breadcrumb"},"inLanguage":"fr-FR","potentialAction":[{"@type":"ReadAction","target":["https:\/\/elmawkie.dz\/fr\/sommet-mondial-de-la-jeunesse-a-kazan-le-president-du-tatarstan-recoit-m-hidaoui\/"]}]},{"@type":"ImageObject","inLanguage":"fr-FR","@id":"https:\/\/elmawkie.dz\/fr\/sommet-mondial-de-la-jeunesse-a-kazan-le-president-du-tatarstan-recoit-m-hidaoui\/#primaryimage","url":"https:\/\/elmawkie.dz\/fr\/wp-content\/uploads\/2025\/08\/IMG_4379.jpeg","contentUrl":"https:\/\/elmawkie.dz\/fr\/wp-content\/uploads\/2025\/08\/IMG_4379.jpeg","width":1600,"height":1066},{"@type":"BreadcrumbList","@id":"https:\/\/elmawkie.dz\/fr\/sommet-mondial-de-la-jeunesse-a-kazan-le-president-du-tatarstan-recoit-m-hidaoui\/#breadcrumb","itemListElement":[{"@type":"ListItem","position":1,"name":"Home","item":"https:\/\/elmawkie.dz\/fr\/"},{"@type":"ListItem","position":2,"name":"Sommet mondial de la jeunesse \u00e0 Kazan : le pr\u00e9sident du Tatarstan re\u00e7oit M. Hidaoui"}]},{"@type":"WebSite","@id":"https:\/\/elmawkie.dz\/fr\/#website","url":"https:\/\/elmawkie.dz\/fr\/","name":"EL MAWKIE","description":"Journal \u00c9lectronique Alg\u00e9rien","publisher":{"@id":"https:\/\/elmawkie.dz\/fr\/#organization"},"potentialAction":[{"@type":"SearchAction","target":{"@type":"EntryPoint","urlTemplate":"https:\/\/elmawkie.dz\/fr\/?s={search_term_string}"},"query-input":"required name=search_term_string"}],"inLanguage":"fr-FR"},{"@type":"Organization","@id":"https:\/\/elmawkie.dz\/fr\/#organization","name":"EL MAWKIE","url":"https:\/\/elmawkie.dz\/fr\/","logo":{"@type":"ImageObject","inLanguage":"fr-FR","@id":"https:\/\/elmawkie.dz\/fr\/#\/schema\/logo\/image\/","url":"https:\/\/elmawkie.dz\/fr\/wp-content\/uploads\/2024\/05\/logo1.png","contentUrl":"https:\/\/elmawkie.dz\/fr\/wp-content\/uploads\/2024\/05\/logo1.png","width":1648,"height":652,"caption":"EL MAWKIE"},"image":{"@id":"https:\/\/elmawkie.dz\/fr\/#\/schema\/logo\/image\/"},"sameAs":["https:\/\/www.facebook.com\/profile.php?id=100088407094989&locale=fr_FR"]},{"@type":"Person","@id":"https:\/\/elmawkie.dz\/fr\/#\/schema\/person\/e7bd59d6467874ba5c4723d8a9f0a63c","name":"R\u00e9daction","image":{"@type":"ImageObject","inLanguage":"fr-FR","@id":"https:\/\/elmawkie.dz\/fr\/#\/schema\/person\/image\/","url":"https:\/\/secure.gravatar.com\/avatar\/f0f773456344da4d2788c054a3d30a0c?s=96&d=mm&r=g","contentUrl":"https:\/\/secure.gravatar.com\/avatar\/f0f773456344da4d2788c054a3d30a0c?s=96&d=mm&r=g","caption":"R\u00e9daction"},"url":"https:\/\/elmawkie.dz\/fr\/author\/redaction\/"}]}},"_links":{"self":[{"href":"https:\/\/elmawkie.dz\/fr\/wp-json\/wp\/v2\/posts\/55693","targetHints":{"allow":["GET"]}}],"collection":[{"href":"https:\/\/elmawkie.dz\/fr\/wp-json\/wp\/v2\/posts"}],"about":[{"href":"https:\/\/elmawkie.dz\/fr\/wp-json\/wp\/v2\/types\/post"}],"author":[{"embeddable":true,"href":"https:\/\/elmawkie.dz\/fr\/wp-json\/wp\/v2\/users\/9"}],"replies":[{"embeddable":true,"href":"https:\/\/elmawkie.dz\/fr\/wp-json\/wp\/v2\/comments?post=55693"}],"version-history":[{"count":1,"href":"https:\/\/elmawkie.dz\/fr\/wp-json\/wp\/v2\/posts\/55693\/revisions"}],"predecessor-version":[{"id":55696,"href":"https:\/\/elmawkie.dz\/fr\/wp-json\/wp\/v2\/posts\/55693\/revisions\/55696"}],"wp:featuredmedia":[{"embeddable":true,"href":"https:\/\/elmawkie.dz\/fr\/wp-json\/wp\/v2\/media\/55695"}],"wp:attachment":[{"href":"https:\/\/elmawkie.dz\/fr\/wp-json\/wp\/v2\/media?parent=55693"}],"wp:term":[{"taxonomy":"category","embeddable":true,"href":"https:\/\/elmawkie.dz\/fr\/wp-json\/wp\/v2\/categories?post=55693"},{"taxonomy":"post_tag","embeddable":true,"href":"https:\/\/elmawkie.dz\/fr\/wp-json\/wp\/v2\/tags?post=55693"}],"curies":[{"name":"wp","href":"https:\/\/api.w.org\/{rel}","templated":true}]}}