{"id":55521,"date":"2025-08-25T19:36:23","date_gmt":"2025-08-25T18:36:23","guid":{"rendered":"https:\/\/elmawkie.dz\/fr\/?p=55521"},"modified":"2025-08-25T19:36:23","modified_gmt":"2025-08-25T18:36:23","slug":"m-derbal-appelle-a-la-mobilisation-pour-la-reussite-de-la-campagne-nationale-de-nettoyage-des-oueds-et-avaloirs","status":"publish","type":"post","link":"https:\/\/elmawkie.dz\/fr\/m-derbal-appelle-a-la-mobilisation-pour-la-reussite-de-la-campagne-nationale-de-nettoyage-des-oueds-et-avaloirs\/","title":{"rendered":"M. Derbal appelle \u00e0 la mobilisation pour la r\u00e9ussite de la campagne nationale de nettoyage des oueds et avaloirs"},"content":{"rendered":"\n<p>Le ministre de l\u2019Hydraulique, Taha Derbal, a ordonn\u00e9, mardi \u00e0 Tiaret, la mobilisation des agents du secteur de l\u2019hydraulique, en coop\u00e9ration avec les collectivit\u00e9s locales, pour garantir la r\u00e9ussite de la campagne nationale de nettoyage des oueds, avaloirs et canalisations, afin de pr\u00e9venir les inondations. M. Derbal a soulign\u00e9, lors de la mise en service de la deuxi\u00e8me tranche du projet de protection de la ville de Ksar Chellala, dans le cadre de sa visite dans la r\u00e9gion, qu'\u00a0\u00bbil est imp\u00e9ratif de r\u00e9ussir la campagne nationale de nettoyage des oueds, avaloirs et r\u00e9seaux d\u2019\u00e9vacuation, lanc\u00e9e r\u00e9cemment en coordination avec le minist\u00e8re de l\u2019Int\u00e9rieur, des Collectivit\u00e9s locales et de l\u2019Am\u00e9nagement du territoire, pour \u00e9viter les inondations pendant la saison automnale des pluies\u00a0\u00bb. Il a ordonn\u00e9 aux agents du secteur, y compris les \u00e9tablissements sous tutelle, comme l\u2019Office national de l\u2019assainissement, de contribuer activement \u00e0 cette op\u00e9ration et de collaborer \u00e9troitement avec les collectivit\u00e9s locales en mobilisant les moyens humains et mat\u00e9riels n\u00e9cessaires pour achever cette op\u00e9ration dans les meilleurs d\u00e9lais. Pour rappel, la deuxi\u00e8me tranche du projet de protection de la ville de Ksar Chellala contre les inondations a port\u00e9 sur la r\u00e9habilitation de 3.000 m\u00e8tres de canalisations v\u00e9tustes, la r\u00e9alisation de 3.900 m\u00e8tres de nouvelles canalisations \u00e0 ciel ouvert, et la remise en \u00e9tat de 18.900 m\u00e8tres de r\u00e9seaux d\u2019assainissement \u00e0 l\u2019int\u00e9rieur de la ville. Par ailleurs, \u00e0 Recha\u00efga, M. Derbal a supervis\u00e9 la mise en service d\u2019un projet de renforcement du r\u00e9seau d\u2019eau potable de la commune. Ce projet comprend la r\u00e9alisation de deux forages profonds fournissant 20 litres par seconde, un r\u00e9servoir d\u2019eau de 1.000 m\u00e8tres cubes et le raccordement \u00e0 un autre r\u00e9servoir sur une distance de 5,5 km en direction de la ville.<\/p>\n","protected":false},"excerpt":{"rendered":"<p>Le ministre de l\u2019Hydraulique, Taha Derbal, a ordonn\u00e9, mardi \u00e0 Tiaret, la mobilisation des agents du secteur de l\u2019hydraulique, en coop\u00e9ration avec les collectivit\u00e9s locales, pour garantir la r\u00e9ussite de la campagne nationale de nettoyage des oueds, avaloirs et canalisations, afin de pr\u00e9venir les inondations. M. Derbal a soulign\u00e9, lors de la mise en service &hellip;<\/p>\n","protected":false},"author":9,"featured_media":55523,"comment_status":"open","ping_status":"open","sticky":false,"template":"","format":"standard","meta":{"footnotes":""},"categories":[47],"tags":[4905,4904,4906,1313],"class_list":["post-55521","post","type-post","status-publish","format-standard","has-post-thumbnail","hentry","category-national","tag-avaloirs","tag-m-derbal","tag-nettoyage-des-oueds","tag-une-campagne-nationale"],"yoast_head":"<!-- This site is optimized with the Yoast SEO Premium plugin v22.6 (Yoast SEO v22.6) - https:\/\/yoast.com\/wordpress\/plugins\/seo\/ -->\n<title>M. Derbal appelle \u00e0 la mobilisation pour la r\u00e9ussite de la campagne nationale de nettoyage des oueds et avaloirs - El Mawkie<\/title>\n<meta name=\"robots\" content=\"index, follow, max-snippet:-1, max-image-preview:large, max-video-preview:-1\" \/>\n<link rel=\"canonical\" href=\"https:\/\/elmawkie.dz\/fr\/m-derbal-appelle-a-la-mobilisation-pour-la-reussite-de-la-campagne-nationale-de-nettoyage-des-oueds-et-avaloirs\/\" \/>\n<meta property=\"og:locale\" content=\"fr_FR\" \/>\n<meta property=\"og:type\" content=\"article\" \/>\n<meta property=\"og:title\" content=\"M. Derbal appelle \u00e0 la mobilisation pour la r\u00e9ussite de la campagne nationale de nettoyage des oueds et avaloirs\" \/>\n<meta property=\"og:description\" content=\"Le ministre de l\u2019Hydraulique, Taha Derbal, a ordonn\u00e9, mardi \u00e0 Tiaret, la mobilisation des agents du secteur de l\u2019hydraulique, en coop\u00e9ration avec les collectivit\u00e9s locales, pour garantir la r\u00e9ussite de la campagne nationale de nettoyage des oueds, avaloirs et canalisations, afin de pr\u00e9venir les inondations. M. Derbal a soulign\u00e9, lors de la mise en service &hellip;\" \/>\n<meta property=\"og:url\" content=\"https:\/\/elmawkie.dz\/fr\/m-derbal-appelle-a-la-mobilisation-pour-la-reussite-de-la-campagne-nationale-de-nettoyage-des-oueds-et-avaloirs\/\" \/>\n<meta property=\"og:site_name\" content=\"El Mawkie\" \/>\n<meta property=\"article:publisher\" content=\"https:\/\/www.facebook.com\/profile.php?id=100088407094989&amp;locale=fr_FR\" \/>\n<meta property=\"article:published_time\" content=\"2025-08-25T18:36:23+00:00\" \/>\n<meta property=\"og:image\" content=\"https:\/\/elmawkie.dz\/fr\/wp-content\/uploads\/2025\/08\/IMG_3922.jpeg\" \/>\n\t<meta property=\"og:image:width\" content=\"1080\" \/>\n\t<meta property=\"og:image:height\" content=\"720\" \/>\n\t<meta property=\"og:image:type\" content=\"image\/jpeg\" \/>\n<meta name=\"author\" content=\"R\u00e9daction\" \/>\n<meta name=\"twitter:card\" content=\"summary_large_image\" \/>\n<meta name=\"twitter:label1\" content=\"Written by\" \/>\n\t<meta name=\"twitter:data1\" content=\"R\u00e9daction\" \/>\n\t<meta name=\"twitter:label2\" content=\"Est. reading time\" \/>\n\t<meta name=\"twitter:data2\" content=\"2 minutes\" \/>\n<script type=\"application\/ld+json\" class=\"yoast-schema-graph\">{\"@context\":\"https:\/\/schema.org\",\"@graph\":[{\"@type\":\"Article\",\"@id\":\"https:\/\/elmawkie.dz\/fr\/m-derbal-appelle-a-la-mobilisation-pour-la-reussite-de-la-campagne-nationale-de-nettoyage-des-oueds-et-avaloirs\/#article\",\"isPartOf\":{\"@id\":\"https:\/\/elmawkie.dz\/fr\/m-derbal-appelle-a-la-mobilisation-pour-la-reussite-de-la-campagne-nationale-de-nettoyage-des-oueds-et-avaloirs\/\"},\"author\":{\"name\":\"R\u00e9daction\",\"@id\":\"https:\/\/elmawkie.dz\/fr\/#\/schema\/person\/e7bd59d6467874ba5c4723d8a9f0a63c\"},\"headline\":\"M. Derbal appelle \u00e0 la mobilisation pour la r\u00e9ussite de la campagne nationale de nettoyage des oueds et avaloirs\",\"datePublished\":\"2025-08-25T18:36:23+00:00\",\"dateModified\":\"2025-08-25T18:36:23+00:00\",\"mainEntityOfPage\":{\"@id\":\"https:\/\/elmawkie.dz\/fr\/m-derbal-appelle-a-la-mobilisation-pour-la-reussite-de-la-campagne-nationale-de-nettoyage-des-oueds-et-avaloirs\/\"},\"wordCount\":343,\"commentCount\":0,\"publisher\":{\"@id\":\"https:\/\/elmawkie.dz\/fr\/#organization\"},\"image\":{\"@id\":\"https:\/\/elmawkie.dz\/fr\/m-derbal-appelle-a-la-mobilisation-pour-la-reussite-de-la-campagne-nationale-de-nettoyage-des-oueds-et-avaloirs\/#primaryimage\"},\"thumbnailUrl\":\"https:\/\/elmawkie.dz\/fr\/wp-content\/uploads\/2025\/08\/IMG_3922.jpeg\",\"keywords\":[\"Avaloirs\",\"M.Derbal\",\"nettoyage des oueds\",\"une campagne nationale\"],\"articleSection\":[\"National\"],\"inLanguage\":\"fr-FR\",\"potentialAction\":[{\"@type\":\"CommentAction\",\"name\":\"Comment\",\"target\":[\"https:\/\/elmawkie.dz\/fr\/m-derbal-appelle-a-la-mobilisation-pour-la-reussite-de-la-campagne-nationale-de-nettoyage-des-oueds-et-avaloirs\/#respond\"]}]},{\"@type\":\"WebPage\",\"@id\":\"https:\/\/elmawkie.dz\/fr\/m-derbal-appelle-a-la-mobilisation-pour-la-reussite-de-la-campagne-nationale-de-nettoyage-des-oueds-et-avaloirs\/\",\"url\":\"https:\/\/elmawkie.dz\/fr\/m-derbal-appelle-a-la-mobilisation-pour-la-reussite-de-la-campagne-nationale-de-nettoyage-des-oueds-et-avaloirs\/\",\"name\":\"M. Derbal appelle \u00e0 la mobilisation pour la r\u00e9ussite de la campagne nationale de nettoyage des oueds et avaloirs - El Mawkie\",\"isPartOf\":{\"@id\":\"https:\/\/elmawkie.dz\/fr\/#website\"},\"primaryImageOfPage\":{\"@id\":\"https:\/\/elmawkie.dz\/fr\/m-derbal-appelle-a-la-mobilisation-pour-la-reussite-de-la-campagne-nationale-de-nettoyage-des-oueds-et-avaloirs\/#primaryimage\"},\"image\":{\"@id\":\"https:\/\/elmawkie.dz\/fr\/m-derbal-appelle-a-la-mobilisation-pour-la-reussite-de-la-campagne-nationale-de-nettoyage-des-oueds-et-avaloirs\/#primaryimage\"},\"thumbnailUrl\":\"https:\/\/elmawkie.dz\/fr\/wp-content\/uploads\/2025\/08\/IMG_3922.jpeg\",\"datePublished\":\"2025-08-25T18:36:23+00:00\",\"dateModified\":\"2025-08-25T18:36:23+00:00\",\"breadcrumb\":{\"@id\":\"https:\/\/elmawkie.dz\/fr\/m-derbal-appelle-a-la-mobilisation-pour-la-reussite-de-la-campagne-nationale-de-nettoyage-des-oueds-et-avaloirs\/#breadcrumb\"},\"inLanguage\":\"fr-FR\",\"potentialAction\":[{\"@type\":\"ReadAction\",\"target\":[\"https:\/\/elmawkie.dz\/fr\/m-derbal-appelle-a-la-mobilisation-pour-la-reussite-de-la-campagne-nationale-de-nettoyage-des-oueds-et-avaloirs\/\"]}]},{\"@type\":\"ImageObject\",\"inLanguage\":\"fr-FR\",\"@id\":\"https:\/\/elmawkie.dz\/fr\/m-derbal-appelle-a-la-mobilisation-pour-la-reussite-de-la-campagne-nationale-de-nettoyage-des-oueds-et-avaloirs\/#primaryimage\",\"url\":\"https:\/\/elmawkie.dz\/fr\/wp-content\/uploads\/2025\/08\/IMG_3922.jpeg\",\"contentUrl\":\"https:\/\/elmawkie.dz\/fr\/wp-content\/uploads\/2025\/08\/IMG_3922.jpeg\",\"width\":1080,\"height\":720},{\"@type\":\"BreadcrumbList\",\"@id\":\"https:\/\/elmawkie.dz\/fr\/m-derbal-appelle-a-la-mobilisation-pour-la-reussite-de-la-campagne-nationale-de-nettoyage-des-oueds-et-avaloirs\/#breadcrumb\",\"itemListElement\":[{\"@type\":\"ListItem\",\"position\":1,\"name\":\"Home\",\"item\":\"https:\/\/elmawkie.dz\/fr\/\"},{\"@type\":\"ListItem\",\"position\":2,\"name\":\"M. Derbal appelle \u00e0 la mobilisation pour la r\u00e9ussite de la campagne nationale de nettoyage des oueds et avaloirs\"}]},{\"@type\":\"WebSite\",\"@id\":\"https:\/\/elmawkie.dz\/fr\/#website\",\"url\":\"https:\/\/elmawkie.dz\/fr\/\",\"name\":\"EL MAWKIE\",\"description\":\"Journal \u00c9lectronique Alg\u00e9rien\",\"publisher\":{\"@id\":\"https:\/\/elmawkie.dz\/fr\/#organization\"},\"potentialAction\":[{\"@type\":\"SearchAction\",\"target\":{\"@type\":\"EntryPoint\",\"urlTemplate\":\"https:\/\/elmawkie.dz\/fr\/?s={search_term_string}\"},\"query-input\":\"required name=search_term_string\"}],\"inLanguage\":\"fr-FR\"},{\"@type\":\"Organization\",\"@id\":\"https:\/\/elmawkie.dz\/fr\/#organization\",\"name\":\"EL MAWKIE\",\"url\":\"https:\/\/elmawkie.dz\/fr\/\",\"logo\":{\"@type\":\"ImageObject\",\"inLanguage\":\"fr-FR\",\"@id\":\"https:\/\/elmawkie.dz\/fr\/#\/schema\/logo\/image\/\",\"url\":\"https:\/\/elmawkie.dz\/fr\/wp-content\/uploads\/2024\/05\/logo1.png\",\"contentUrl\":\"https:\/\/elmawkie.dz\/fr\/wp-content\/uploads\/2024\/05\/logo1.png\",\"width\":1648,\"height\":652,\"caption\":\"EL MAWKIE\"},\"image\":{\"@id\":\"https:\/\/elmawkie.dz\/fr\/#\/schema\/logo\/image\/\"},\"sameAs\":[\"https:\/\/www.facebook.com\/profile.php?id=100088407094989&locale=fr_FR\"]},{\"@type\":\"Person\",\"@id\":\"https:\/\/elmawkie.dz\/fr\/#\/schema\/person\/e7bd59d6467874ba5c4723d8a9f0a63c\",\"name\":\"R\u00e9daction\",\"image\":{\"@type\":\"ImageObject\",\"inLanguage\":\"fr-FR\",\"@id\":\"https:\/\/elmawkie.dz\/fr\/#\/schema\/person\/image\/\",\"url\":\"https:\/\/secure.gravatar.com\/avatar\/f0f773456344da4d2788c054a3d30a0c?s=96&d=mm&r=g\",\"contentUrl\":\"https:\/\/secure.gravatar.com\/avatar\/f0f773456344da4d2788c054a3d30a0c?s=96&d=mm&r=g\",\"caption\":\"R\u00e9daction\"},\"url\":\"https:\/\/elmawkie.dz\/fr\/author\/redaction\/\"}]}<\/script>\n<!-- \/ Yoast SEO Premium plugin. -->","yoast_head_json":{"title":"M. Derbal appelle \u00e0 la mobilisation pour la r\u00e9ussite de la campagne nationale de nettoyage des oueds et avaloirs - El Mawkie","robots":{"index":"index","follow":"follow","max-snippet":"max-snippet:-1","max-image-preview":"max-image-preview:large","max-video-preview":"max-video-preview:-1"},"canonical":"https:\/\/elmawkie.dz\/fr\/m-derbal-appelle-a-la-mobilisation-pour-la-reussite-de-la-campagne-nationale-de-nettoyage-des-oueds-et-avaloirs\/","og_locale":"fr_FR","og_type":"article","og_title":"M. Derbal appelle \u00e0 la mobilisation pour la r\u00e9ussite de la campagne nationale de nettoyage des oueds et avaloirs","og_description":"Le ministre de l\u2019Hydraulique, Taha Derbal, a ordonn\u00e9, mardi \u00e0 Tiaret, la mobilisation des agents du secteur de l\u2019hydraulique, en coop\u00e9ration avec les collectivit\u00e9s locales, pour garantir la r\u00e9ussite de la campagne nationale de nettoyage des oueds, avaloirs et canalisations, afin de pr\u00e9venir les inondations. M. Derbal a soulign\u00e9, lors de la mise en service &hellip;","og_url":"https:\/\/elmawkie.dz\/fr\/m-derbal-appelle-a-la-mobilisation-pour-la-reussite-de-la-campagne-nationale-de-nettoyage-des-oueds-et-avaloirs\/","og_site_name":"El Mawkie","article_publisher":"https:\/\/www.facebook.com\/profile.php?id=100088407094989&locale=fr_FR","article_published_time":"2025-08-25T18:36:23+00:00","og_image":[{"width":1080,"height":720,"url":"https:\/\/elmawkie.dz\/fr\/wp-content\/uploads\/2025\/08\/IMG_3922.jpeg","type":"image\/jpeg"}],"author":"R\u00e9daction","twitter_card":"summary_large_image","twitter_misc":{"Written by":"R\u00e9daction","Est. reading time":"2 minutes"},"schema":{"@context":"https:\/\/schema.org","@graph":[{"@type":"Article","@id":"https:\/\/elmawkie.dz\/fr\/m-derbal-appelle-a-la-mobilisation-pour-la-reussite-de-la-campagne-nationale-de-nettoyage-des-oueds-et-avaloirs\/#article","isPartOf":{"@id":"https:\/\/elmawkie.dz\/fr\/m-derbal-appelle-a-la-mobilisation-pour-la-reussite-de-la-campagne-nationale-de-nettoyage-des-oueds-et-avaloirs\/"},"author":{"name":"R\u00e9daction","@id":"https:\/\/elmawkie.dz\/fr\/#\/schema\/person\/e7bd59d6467874ba5c4723d8a9f0a63c"},"headline":"M. Derbal appelle \u00e0 la mobilisation pour la r\u00e9ussite de la campagne nationale de nettoyage des oueds et avaloirs","datePublished":"2025-08-25T18:36:23+00:00","dateModified":"2025-08-25T18:36:23+00:00","mainEntityOfPage":{"@id":"https:\/\/elmawkie.dz\/fr\/m-derbal-appelle-a-la-mobilisation-pour-la-reussite-de-la-campagne-nationale-de-nettoyage-des-oueds-et-avaloirs\/"},"wordCount":343,"commentCount":0,"publisher":{"@id":"https:\/\/elmawkie.dz\/fr\/#organization"},"image":{"@id":"https:\/\/elmawkie.dz\/fr\/m-derbal-appelle-a-la-mobilisation-pour-la-reussite-de-la-campagne-nationale-de-nettoyage-des-oueds-et-avaloirs\/#primaryimage"},"thumbnailUrl":"https:\/\/elmawkie.dz\/fr\/wp-content\/uploads\/2025\/08\/IMG_3922.jpeg","keywords":["Avaloirs","M.Derbal","nettoyage des oueds","une campagne nationale"],"articleSection":["National"],"inLanguage":"fr-FR","potentialAction":[{"@type":"CommentAction","name":"Comment","target":["https:\/\/elmawkie.dz\/fr\/m-derbal-appelle-a-la-mobilisation-pour-la-reussite-de-la-campagne-nationale-de-nettoyage-des-oueds-et-avaloirs\/#respond"]}]},{"@type":"WebPage","@id":"https:\/\/elmawkie.dz\/fr\/m-derbal-appelle-a-la-mobilisation-pour-la-reussite-de-la-campagne-nationale-de-nettoyage-des-oueds-et-avaloirs\/","url":"https:\/\/elmawkie.dz\/fr\/m-derbal-appelle-a-la-mobilisation-pour-la-reussite-de-la-campagne-nationale-de-nettoyage-des-oueds-et-avaloirs\/","name":"M. Derbal appelle \u00e0 la mobilisation pour la r\u00e9ussite de la campagne nationale de nettoyage des oueds et avaloirs - El Mawkie","isPartOf":{"@id":"https:\/\/elmawkie.dz\/fr\/#website"},"primaryImageOfPage":{"@id":"https:\/\/elmawkie.dz\/fr\/m-derbal-appelle-a-la-mobilisation-pour-la-reussite-de-la-campagne-nationale-de-nettoyage-des-oueds-et-avaloirs\/#primaryimage"},"image":{"@id":"https:\/\/elmawkie.dz\/fr\/m-derbal-appelle-a-la-mobilisation-pour-la-reussite-de-la-campagne-nationale-de-nettoyage-des-oueds-et-avaloirs\/#primaryimage"},"thumbnailUrl":"https:\/\/elmawkie.dz\/fr\/wp-content\/uploads\/2025\/08\/IMG_3922.jpeg","datePublished":"2025-08-25T18:36:23+00:00","dateModified":"2025-08-25T18:36:23+00:00","breadcrumb":{"@id":"https:\/\/elmawkie.dz\/fr\/m-derbal-appelle-a-la-mobilisation-pour-la-reussite-de-la-campagne-nationale-de-nettoyage-des-oueds-et-avaloirs\/#breadcrumb"},"inLanguage":"fr-FR","potentialAction":[{"@type":"ReadAction","target":["https:\/\/elmawkie.dz\/fr\/m-derbal-appelle-a-la-mobilisation-pour-la-reussite-de-la-campagne-nationale-de-nettoyage-des-oueds-et-avaloirs\/"]}]},{"@type":"ImageObject","inLanguage":"fr-FR","@id":"https:\/\/elmawkie.dz\/fr\/m-derbal-appelle-a-la-mobilisation-pour-la-reussite-de-la-campagne-nationale-de-nettoyage-des-oueds-et-avaloirs\/#primaryimage","url":"https:\/\/elmawkie.dz\/fr\/wp-content\/uploads\/2025\/08\/IMG_3922.jpeg","contentUrl":"https:\/\/elmawkie.dz\/fr\/wp-content\/uploads\/2025\/08\/IMG_3922.jpeg","width":1080,"height":720},{"@type":"BreadcrumbList","@id":"https:\/\/elmawkie.dz\/fr\/m-derbal-appelle-a-la-mobilisation-pour-la-reussite-de-la-campagne-nationale-de-nettoyage-des-oueds-et-avaloirs\/#breadcrumb","itemListElement":[{"@type":"ListItem","position":1,"name":"Home","item":"https:\/\/elmawkie.dz\/fr\/"},{"@type":"ListItem","position":2,"name":"M. Derbal appelle \u00e0 la mobilisation pour la r\u00e9ussite de la campagne nationale de nettoyage des oueds et avaloirs"}]},{"@type":"WebSite","@id":"https:\/\/elmawkie.dz\/fr\/#website","url":"https:\/\/elmawkie.dz\/fr\/","name":"EL MAWKIE","description":"Journal \u00c9lectronique Alg\u00e9rien","publisher":{"@id":"https:\/\/elmawkie.dz\/fr\/#organization"},"potentialAction":[{"@type":"SearchAction","target":{"@type":"EntryPoint","urlTemplate":"https:\/\/elmawkie.dz\/fr\/?s={search_term_string}"},"query-input":"required name=search_term_string"}],"inLanguage":"fr-FR"},{"@type":"Organization","@id":"https:\/\/elmawkie.dz\/fr\/#organization","name":"EL MAWKIE","url":"https:\/\/elmawkie.dz\/fr\/","logo":{"@type":"ImageObject","inLanguage":"fr-FR","@id":"https:\/\/elmawkie.dz\/fr\/#\/schema\/logo\/image\/","url":"https:\/\/elmawkie.dz\/fr\/wp-content\/uploads\/2024\/05\/logo1.png","contentUrl":"https:\/\/elmawkie.dz\/fr\/wp-content\/uploads\/2024\/05\/logo1.png","width":1648,"height":652,"caption":"EL MAWKIE"},"image":{"@id":"https:\/\/elmawkie.dz\/fr\/#\/schema\/logo\/image\/"},"sameAs":["https:\/\/www.facebook.com\/profile.php?id=100088407094989&locale=fr_FR"]},{"@type":"Person","@id":"https:\/\/elmawkie.dz\/fr\/#\/schema\/person\/e7bd59d6467874ba5c4723d8a9f0a63c","name":"R\u00e9daction","image":{"@type":"ImageObject","inLanguage":"fr-FR","@id":"https:\/\/elmawkie.dz\/fr\/#\/schema\/person\/image\/","url":"https:\/\/secure.gravatar.com\/avatar\/f0f773456344da4d2788c054a3d30a0c?s=96&d=mm&r=g","contentUrl":"https:\/\/secure.gravatar.com\/avatar\/f0f773456344da4d2788c054a3d30a0c?s=96&d=mm&r=g","caption":"R\u00e9daction"},"url":"https:\/\/elmawkie.dz\/fr\/author\/redaction\/"}]}},"_links":{"self":[{"href":"https:\/\/elmawkie.dz\/fr\/wp-json\/wp\/v2\/posts\/55521","targetHints":{"allow":["GET"]}}],"collection":[{"href":"https:\/\/elmawkie.dz\/fr\/wp-json\/wp\/v2\/posts"}],"about":[{"href":"https:\/\/elmawkie.dz\/fr\/wp-json\/wp\/v2\/types\/post"}],"author":[{"embeddable":true,"href":"https:\/\/elmawkie.dz\/fr\/wp-json\/wp\/v2\/users\/9"}],"replies":[{"embeddable":true,"href":"https:\/\/elmawkie.dz\/fr\/wp-json\/wp\/v2\/comments?post=55521"}],"version-history":[{"count":1,"href":"https:\/\/elmawkie.dz\/fr\/wp-json\/wp\/v2\/posts\/55521\/revisions"}],"predecessor-version":[{"id":55524,"href":"https:\/\/elmawkie.dz\/fr\/wp-json\/wp\/v2\/posts\/55521\/revisions\/55524"}],"wp:featuredmedia":[{"embeddable":true,"href":"https:\/\/elmawkie.dz\/fr\/wp-json\/wp\/v2\/media\/55523"}],"wp:attachment":[{"href":"https:\/\/elmawkie.dz\/fr\/wp-json\/wp\/v2\/media?parent=55521"}],"wp:term":[{"taxonomy":"category","embeddable":true,"href":"https:\/\/elmawkie.dz\/fr\/wp-json\/wp\/v2\/categories?post=55521"},{"taxonomy":"post_tag","embeddable":true,"href":"https:\/\/elmawkie.dz\/fr\/wp-json\/wp\/v2\/tags?post=55521"}],"curies":[{"name":"wp","href":"https:\/\/api.w.org\/{rel}","templated":true}]}}