{"id":55467,"date":"2025-08-24T19:56:21","date_gmt":"2025-08-24T18:56:21","guid":{"rendered":"https:\/\/elmawkie.dz\/fr\/?p=55467"},"modified":"2025-08-24T19:56:22","modified_gmt":"2025-08-24T18:56:22","slug":"deux-militantes-etrangeres-des-droits-humains-expulsees-de-laayoune-occupee-par-les-autorites-marocaines","status":"publish","type":"post","link":"https:\/\/elmawkie.dz\/fr\/deux-militantes-etrangeres-des-droits-humains-expulsees-de-laayoune-occupee-par-les-autorites-marocaines\/","title":{"rendered":"Deux militantes \u00e9trang\u00e8res des droits humains expuls\u00e9es de La\u00e2youne occup\u00e9e par les autorit\u00e9s marocaines"},"content":{"rendered":"\n<p>Les autorit\u00e9s d&rsquo;occupation marocaines ont expuls\u00e9, dimanche, deux militantes des droits humains venues des Etats-Unis et du Portugal, \u00e0 leur arriv\u00e9e dans la ville de La\u00e2youne, dans la partie occup\u00e9e du Sahara occidental, indiquent des sources sahraouies concordantes. Les deux militantes, membres de l'\u00a0\u00bbInternational Nonviolence organization\u00a0\u00bb, bas\u00e9e \u00e0 Washington, s&rsquo;appr\u00eataient \u00e0 avoir une entrevue avec l&rsquo;ancienne d\u00e9tenue politique sahraouie Mahfouda Bamba Lefkir ainsi que d&rsquo;autres militants. Les deux militantes \u00e9taient parvenues, vendredi et samedi, lors d&rsquo;une visite dans la ville de Dakhla occup\u00e9e, \u00e0 rencontrer des militants, des d\u00e9fenseurs des droits humains ainsi que des journalistes, dont elles ont recueilli les t\u00e9moignages concernant le calvaire quotidien subi par le peuple sahraoui, \u00e9chappant momentan\u00e9ment \u00e0 la vigilance des autorit\u00e9s d&rsquo;occupation marocaines qui les avaient prises pour des touristes. Ces rencontres leur ont permis de faire davantage la lumi\u00e8re sur la question des prisonniers civils sahraouis d\u00e9tenus dans les ge\u00f4les marocaines, des s\u00e9vices qu&rsquo;ils subissent et des atteintes dont ils font l&rsquo;objet. L&rsquo;expulsion des deux militantes met en \u00e9vidence la politique du black-out adopt\u00e9e par le Maroc pour emp\u00eacher le monde de prendre connaissance de la situation dans les territoires sahraouis occup\u00e9s.<\/p>\n","protected":false},"excerpt":{"rendered":"<p>Les autorit\u00e9s d&rsquo;occupation marocaines ont expuls\u00e9, dimanche, deux militantes des droits humains venues des Etats-Unis et du Portugal, \u00e0 leur arriv\u00e9e dans la ville de La\u00e2youne, dans la partie occup\u00e9e du Sahara occidental, indiquent des sources sahraouies concordantes. Les deux militantes, membres de l&rsquo;\u00a0\u00bbInternational Nonviolence organization\u00a0\u00bb, bas\u00e9e \u00e0 Washington, s&rsquo;appr\u00eataient \u00e0 avoir une entrevue avec &hellip;<\/p>\n","protected":false},"author":9,"featured_media":55469,"comment_status":"open","ping_status":"open","sticky":false,"template":"","format":"standard","meta":{"footnotes":""},"categories":[44],"tags":[4891,4888,4890,4889],"class_list":["post-55467","post","type-post","status-publish","format-standard","has-post-thumbnail","hentry","category-international","tag-deux-militantes","tag-droits-humains","tag-loccupant-marocain","tag-laayoun"],"yoast_head":"<!-- This site is optimized with the Yoast SEO Premium plugin v22.6 (Yoast SEO v22.6) - https:\/\/yoast.com\/wordpress\/plugins\/seo\/ -->\n<title>Deux militantes \u00e9trang\u00e8res des droits humains expuls\u00e9es de La\u00e2youne occup\u00e9e par les autorit\u00e9s marocaines - El Mawkie<\/title>\n<meta name=\"robots\" content=\"index, follow, max-snippet:-1, max-image-preview:large, max-video-preview:-1\" \/>\n<link rel=\"canonical\" href=\"https:\/\/elmawkie.dz\/fr\/deux-militantes-etrangeres-des-droits-humains-expulsees-de-laayoune-occupee-par-les-autorites-marocaines\/\" \/>\n<meta property=\"og:locale\" content=\"fr_FR\" \/>\n<meta property=\"og:type\" content=\"article\" \/>\n<meta property=\"og:title\" content=\"Deux militantes \u00e9trang\u00e8res des droits humains expuls\u00e9es de La\u00e2youne occup\u00e9e par les autorit\u00e9s marocaines\" \/>\n<meta property=\"og:description\" content=\"Les autorit\u00e9s d&rsquo;occupation marocaines ont expuls\u00e9, dimanche, deux militantes des droits humains venues des Etats-Unis et du Portugal, \u00e0 leur arriv\u00e9e dans la ville de La\u00e2youne, dans la partie occup\u00e9e du Sahara occidental, indiquent des sources sahraouies concordantes. Les deux militantes, membres de l&#039;\u00a0\u00bbInternational Nonviolence organization\u00a0\u00bb, bas\u00e9e \u00e0 Washington, s&rsquo;appr\u00eataient \u00e0 avoir une entrevue avec &hellip;\" \/>\n<meta property=\"og:url\" content=\"https:\/\/elmawkie.dz\/fr\/deux-militantes-etrangeres-des-droits-humains-expulsees-de-laayoune-occupee-par-les-autorites-marocaines\/\" \/>\n<meta property=\"og:site_name\" content=\"El Mawkie\" \/>\n<meta property=\"article:publisher\" content=\"https:\/\/www.facebook.com\/profile.php?id=100088407094989&amp;locale=fr_FR\" \/>\n<meta property=\"article:published_time\" content=\"2025-08-24T18:56:21+00:00\" \/>\n<meta property=\"article:modified_time\" content=\"2025-08-24T18:56:22+00:00\" \/>\n<meta property=\"og:image\" content=\"https:\/\/elmawkie.dz\/fr\/wp-content\/uploads\/2025\/08\/IMG_3814.webp\" \/>\n\t<meta property=\"og:image:width\" content=\"800\" \/>\n\t<meta property=\"og:image:height\" content=\"600\" \/>\n\t<meta property=\"og:image:type\" content=\"image\/webp\" \/>\n<meta name=\"author\" content=\"R\u00e9daction\" \/>\n<meta name=\"twitter:card\" content=\"summary_large_image\" \/>\n<meta name=\"twitter:label1\" content=\"Written by\" \/>\n\t<meta name=\"twitter:data1\" content=\"R\u00e9daction\" \/>\n\t<meta name=\"twitter:label2\" content=\"Est. reading time\" \/>\n\t<meta name=\"twitter:data2\" content=\"2 minutes\" \/>\n<script type=\"application\/ld+json\" class=\"yoast-schema-graph\">{\"@context\":\"https:\/\/schema.org\",\"@graph\":[{\"@type\":\"Article\",\"@id\":\"https:\/\/elmawkie.dz\/fr\/deux-militantes-etrangeres-des-droits-humains-expulsees-de-laayoune-occupee-par-les-autorites-marocaines\/#article\",\"isPartOf\":{\"@id\":\"https:\/\/elmawkie.dz\/fr\/deux-militantes-etrangeres-des-droits-humains-expulsees-de-laayoune-occupee-par-les-autorites-marocaines\/\"},\"author\":{\"name\":\"R\u00e9daction\",\"@id\":\"https:\/\/elmawkie.dz\/fr\/#\/schema\/person\/e7bd59d6467874ba5c4723d8a9f0a63c\"},\"headline\":\"Deux militantes \u00e9trang\u00e8res des droits humains expuls\u00e9es de La\u00e2youne occup\u00e9e par les autorit\u00e9s marocaines\",\"datePublished\":\"2025-08-24T18:56:21+00:00\",\"dateModified\":\"2025-08-24T18:56:22+00:00\",\"mainEntityOfPage\":{\"@id\":\"https:\/\/elmawkie.dz\/fr\/deux-militantes-etrangeres-des-droits-humains-expulsees-de-laayoune-occupee-par-les-autorites-marocaines\/\"},\"wordCount\":233,\"commentCount\":0,\"publisher\":{\"@id\":\"https:\/\/elmawkie.dz\/fr\/#organization\"},\"image\":{\"@id\":\"https:\/\/elmawkie.dz\/fr\/deux-militantes-etrangeres-des-droits-humains-expulsees-de-laayoune-occupee-par-les-autorites-marocaines\/#primaryimage\"},\"thumbnailUrl\":\"https:\/\/elmawkie.dz\/fr\/wp-content\/uploads\/2025\/08\/IMG_3814.webp\",\"keywords\":[\"Deux militantes\",\"Droits humains\",\"l\u2019occupant marocain\",\"la\u00e2youn\"],\"articleSection\":[\"International\"],\"inLanguage\":\"fr-FR\",\"potentialAction\":[{\"@type\":\"CommentAction\",\"name\":\"Comment\",\"target\":[\"https:\/\/elmawkie.dz\/fr\/deux-militantes-etrangeres-des-droits-humains-expulsees-de-laayoune-occupee-par-les-autorites-marocaines\/#respond\"]}]},{\"@type\":\"WebPage\",\"@id\":\"https:\/\/elmawkie.dz\/fr\/deux-militantes-etrangeres-des-droits-humains-expulsees-de-laayoune-occupee-par-les-autorites-marocaines\/\",\"url\":\"https:\/\/elmawkie.dz\/fr\/deux-militantes-etrangeres-des-droits-humains-expulsees-de-laayoune-occupee-par-les-autorites-marocaines\/\",\"name\":\"Deux militantes \u00e9trang\u00e8res des droits humains expuls\u00e9es de La\u00e2youne occup\u00e9e par les autorit\u00e9s marocaines - El Mawkie\",\"isPartOf\":{\"@id\":\"https:\/\/elmawkie.dz\/fr\/#website\"},\"primaryImageOfPage\":{\"@id\":\"https:\/\/elmawkie.dz\/fr\/deux-militantes-etrangeres-des-droits-humains-expulsees-de-laayoune-occupee-par-les-autorites-marocaines\/#primaryimage\"},\"image\":{\"@id\":\"https:\/\/elmawkie.dz\/fr\/deux-militantes-etrangeres-des-droits-humains-expulsees-de-laayoune-occupee-par-les-autorites-marocaines\/#primaryimage\"},\"thumbnailUrl\":\"https:\/\/elmawkie.dz\/fr\/wp-content\/uploads\/2025\/08\/IMG_3814.webp\",\"datePublished\":\"2025-08-24T18:56:21+00:00\",\"dateModified\":\"2025-08-24T18:56:22+00:00\",\"breadcrumb\":{\"@id\":\"https:\/\/elmawkie.dz\/fr\/deux-militantes-etrangeres-des-droits-humains-expulsees-de-laayoune-occupee-par-les-autorites-marocaines\/#breadcrumb\"},\"inLanguage\":\"fr-FR\",\"potentialAction\":[{\"@type\":\"ReadAction\",\"target\":[\"https:\/\/elmawkie.dz\/fr\/deux-militantes-etrangeres-des-droits-humains-expulsees-de-laayoune-occupee-par-les-autorites-marocaines\/\"]}]},{\"@type\":\"ImageObject\",\"inLanguage\":\"fr-FR\",\"@id\":\"https:\/\/elmawkie.dz\/fr\/deux-militantes-etrangeres-des-droits-humains-expulsees-de-laayoune-occupee-par-les-autorites-marocaines\/#primaryimage\",\"url\":\"https:\/\/elmawkie.dz\/fr\/wp-content\/uploads\/2025\/08\/IMG_3814.webp\",\"contentUrl\":\"https:\/\/elmawkie.dz\/fr\/wp-content\/uploads\/2025\/08\/IMG_3814.webp\",\"width\":800,\"height\":600},{\"@type\":\"BreadcrumbList\",\"@id\":\"https:\/\/elmawkie.dz\/fr\/deux-militantes-etrangeres-des-droits-humains-expulsees-de-laayoune-occupee-par-les-autorites-marocaines\/#breadcrumb\",\"itemListElement\":[{\"@type\":\"ListItem\",\"position\":1,\"name\":\"Home\",\"item\":\"https:\/\/elmawkie.dz\/fr\/\"},{\"@type\":\"ListItem\",\"position\":2,\"name\":\"Deux militantes \u00e9trang\u00e8res des droits humains expuls\u00e9es de La\u00e2youne occup\u00e9e par les autorit\u00e9s marocaines\"}]},{\"@type\":\"WebSite\",\"@id\":\"https:\/\/elmawkie.dz\/fr\/#website\",\"url\":\"https:\/\/elmawkie.dz\/fr\/\",\"name\":\"EL MAWKIE\",\"description\":\"Journal \u00c9lectronique Alg\u00e9rien\",\"publisher\":{\"@id\":\"https:\/\/elmawkie.dz\/fr\/#organization\"},\"potentialAction\":[{\"@type\":\"SearchAction\",\"target\":{\"@type\":\"EntryPoint\",\"urlTemplate\":\"https:\/\/elmawkie.dz\/fr\/?s={search_term_string}\"},\"query-input\":\"required name=search_term_string\"}],\"inLanguage\":\"fr-FR\"},{\"@type\":\"Organization\",\"@id\":\"https:\/\/elmawkie.dz\/fr\/#organization\",\"name\":\"EL MAWKIE\",\"url\":\"https:\/\/elmawkie.dz\/fr\/\",\"logo\":{\"@type\":\"ImageObject\",\"inLanguage\":\"fr-FR\",\"@id\":\"https:\/\/elmawkie.dz\/fr\/#\/schema\/logo\/image\/\",\"url\":\"https:\/\/elmawkie.dz\/fr\/wp-content\/uploads\/2024\/05\/logo1.png\",\"contentUrl\":\"https:\/\/elmawkie.dz\/fr\/wp-content\/uploads\/2024\/05\/logo1.png\",\"width\":1648,\"height\":652,\"caption\":\"EL MAWKIE\"},\"image\":{\"@id\":\"https:\/\/elmawkie.dz\/fr\/#\/schema\/logo\/image\/\"},\"sameAs\":[\"https:\/\/www.facebook.com\/profile.php?id=100088407094989&locale=fr_FR\"]},{\"@type\":\"Person\",\"@id\":\"https:\/\/elmawkie.dz\/fr\/#\/schema\/person\/e7bd59d6467874ba5c4723d8a9f0a63c\",\"name\":\"R\u00e9daction\",\"image\":{\"@type\":\"ImageObject\",\"inLanguage\":\"fr-FR\",\"@id\":\"https:\/\/elmawkie.dz\/fr\/#\/schema\/person\/image\/\",\"url\":\"https:\/\/secure.gravatar.com\/avatar\/f0f773456344da4d2788c054a3d30a0c?s=96&d=mm&r=g\",\"contentUrl\":\"https:\/\/secure.gravatar.com\/avatar\/f0f773456344da4d2788c054a3d30a0c?s=96&d=mm&r=g\",\"caption\":\"R\u00e9daction\"},\"url\":\"https:\/\/elmawkie.dz\/fr\/author\/redaction\/\"}]}<\/script>\n<!-- \/ Yoast SEO Premium plugin. -->","yoast_head_json":{"title":"Deux militantes \u00e9trang\u00e8res des droits humains expuls\u00e9es de La\u00e2youne occup\u00e9e par les autorit\u00e9s marocaines - El Mawkie","robots":{"index":"index","follow":"follow","max-snippet":"max-snippet:-1","max-image-preview":"max-image-preview:large","max-video-preview":"max-video-preview:-1"},"canonical":"https:\/\/elmawkie.dz\/fr\/deux-militantes-etrangeres-des-droits-humains-expulsees-de-laayoune-occupee-par-les-autorites-marocaines\/","og_locale":"fr_FR","og_type":"article","og_title":"Deux militantes \u00e9trang\u00e8res des droits humains expuls\u00e9es de La\u00e2youne occup\u00e9e par les autorit\u00e9s marocaines","og_description":"Les autorit\u00e9s d&rsquo;occupation marocaines ont expuls\u00e9, dimanche, deux militantes des droits humains venues des Etats-Unis et du Portugal, \u00e0 leur arriv\u00e9e dans la ville de La\u00e2youne, dans la partie occup\u00e9e du Sahara occidental, indiquent des sources sahraouies concordantes. Les deux militantes, membres de l'\u00a0\u00bbInternational Nonviolence organization\u00a0\u00bb, bas\u00e9e \u00e0 Washington, s&rsquo;appr\u00eataient \u00e0 avoir une entrevue avec &hellip;","og_url":"https:\/\/elmawkie.dz\/fr\/deux-militantes-etrangeres-des-droits-humains-expulsees-de-laayoune-occupee-par-les-autorites-marocaines\/","og_site_name":"El Mawkie","article_publisher":"https:\/\/www.facebook.com\/profile.php?id=100088407094989&locale=fr_FR","article_published_time":"2025-08-24T18:56:21+00:00","article_modified_time":"2025-08-24T18:56:22+00:00","og_image":[{"width":800,"height":600,"url":"https:\/\/elmawkie.dz\/fr\/wp-content\/uploads\/2025\/08\/IMG_3814.webp","type":"image\/webp"}],"author":"R\u00e9daction","twitter_card":"summary_large_image","twitter_misc":{"Written by":"R\u00e9daction","Est. reading time":"2 minutes"},"schema":{"@context":"https:\/\/schema.org","@graph":[{"@type":"Article","@id":"https:\/\/elmawkie.dz\/fr\/deux-militantes-etrangeres-des-droits-humains-expulsees-de-laayoune-occupee-par-les-autorites-marocaines\/#article","isPartOf":{"@id":"https:\/\/elmawkie.dz\/fr\/deux-militantes-etrangeres-des-droits-humains-expulsees-de-laayoune-occupee-par-les-autorites-marocaines\/"},"author":{"name":"R\u00e9daction","@id":"https:\/\/elmawkie.dz\/fr\/#\/schema\/person\/e7bd59d6467874ba5c4723d8a9f0a63c"},"headline":"Deux militantes \u00e9trang\u00e8res des droits humains expuls\u00e9es de La\u00e2youne occup\u00e9e par les autorit\u00e9s marocaines","datePublished":"2025-08-24T18:56:21+00:00","dateModified":"2025-08-24T18:56:22+00:00","mainEntityOfPage":{"@id":"https:\/\/elmawkie.dz\/fr\/deux-militantes-etrangeres-des-droits-humains-expulsees-de-laayoune-occupee-par-les-autorites-marocaines\/"},"wordCount":233,"commentCount":0,"publisher":{"@id":"https:\/\/elmawkie.dz\/fr\/#organization"},"image":{"@id":"https:\/\/elmawkie.dz\/fr\/deux-militantes-etrangeres-des-droits-humains-expulsees-de-laayoune-occupee-par-les-autorites-marocaines\/#primaryimage"},"thumbnailUrl":"https:\/\/elmawkie.dz\/fr\/wp-content\/uploads\/2025\/08\/IMG_3814.webp","keywords":["Deux militantes","Droits humains","l\u2019occupant marocain","la\u00e2youn"],"articleSection":["International"],"inLanguage":"fr-FR","potentialAction":[{"@type":"CommentAction","name":"Comment","target":["https:\/\/elmawkie.dz\/fr\/deux-militantes-etrangeres-des-droits-humains-expulsees-de-laayoune-occupee-par-les-autorites-marocaines\/#respond"]}]},{"@type":"WebPage","@id":"https:\/\/elmawkie.dz\/fr\/deux-militantes-etrangeres-des-droits-humains-expulsees-de-laayoune-occupee-par-les-autorites-marocaines\/","url":"https:\/\/elmawkie.dz\/fr\/deux-militantes-etrangeres-des-droits-humains-expulsees-de-laayoune-occupee-par-les-autorites-marocaines\/","name":"Deux militantes \u00e9trang\u00e8res des droits humains expuls\u00e9es de La\u00e2youne occup\u00e9e par les autorit\u00e9s marocaines - El Mawkie","isPartOf":{"@id":"https:\/\/elmawkie.dz\/fr\/#website"},"primaryImageOfPage":{"@id":"https:\/\/elmawkie.dz\/fr\/deux-militantes-etrangeres-des-droits-humains-expulsees-de-laayoune-occupee-par-les-autorites-marocaines\/#primaryimage"},"image":{"@id":"https:\/\/elmawkie.dz\/fr\/deux-militantes-etrangeres-des-droits-humains-expulsees-de-laayoune-occupee-par-les-autorites-marocaines\/#primaryimage"},"thumbnailUrl":"https:\/\/elmawkie.dz\/fr\/wp-content\/uploads\/2025\/08\/IMG_3814.webp","datePublished":"2025-08-24T18:56:21+00:00","dateModified":"2025-08-24T18:56:22+00:00","breadcrumb":{"@id":"https:\/\/elmawkie.dz\/fr\/deux-militantes-etrangeres-des-droits-humains-expulsees-de-laayoune-occupee-par-les-autorites-marocaines\/#breadcrumb"},"inLanguage":"fr-FR","potentialAction":[{"@type":"ReadAction","target":["https:\/\/elmawkie.dz\/fr\/deux-militantes-etrangeres-des-droits-humains-expulsees-de-laayoune-occupee-par-les-autorites-marocaines\/"]}]},{"@type":"ImageObject","inLanguage":"fr-FR","@id":"https:\/\/elmawkie.dz\/fr\/deux-militantes-etrangeres-des-droits-humains-expulsees-de-laayoune-occupee-par-les-autorites-marocaines\/#primaryimage","url":"https:\/\/elmawkie.dz\/fr\/wp-content\/uploads\/2025\/08\/IMG_3814.webp","contentUrl":"https:\/\/elmawkie.dz\/fr\/wp-content\/uploads\/2025\/08\/IMG_3814.webp","width":800,"height":600},{"@type":"BreadcrumbList","@id":"https:\/\/elmawkie.dz\/fr\/deux-militantes-etrangeres-des-droits-humains-expulsees-de-laayoune-occupee-par-les-autorites-marocaines\/#breadcrumb","itemListElement":[{"@type":"ListItem","position":1,"name":"Home","item":"https:\/\/elmawkie.dz\/fr\/"},{"@type":"ListItem","position":2,"name":"Deux militantes \u00e9trang\u00e8res des droits humains expuls\u00e9es de La\u00e2youne occup\u00e9e par les autorit\u00e9s marocaines"}]},{"@type":"WebSite","@id":"https:\/\/elmawkie.dz\/fr\/#website","url":"https:\/\/elmawkie.dz\/fr\/","name":"EL MAWKIE","description":"Journal \u00c9lectronique Alg\u00e9rien","publisher":{"@id":"https:\/\/elmawkie.dz\/fr\/#organization"},"potentialAction":[{"@type":"SearchAction","target":{"@type":"EntryPoint","urlTemplate":"https:\/\/elmawkie.dz\/fr\/?s={search_term_string}"},"query-input":"required name=search_term_string"}],"inLanguage":"fr-FR"},{"@type":"Organization","@id":"https:\/\/elmawkie.dz\/fr\/#organization","name":"EL MAWKIE","url":"https:\/\/elmawkie.dz\/fr\/","logo":{"@type":"ImageObject","inLanguage":"fr-FR","@id":"https:\/\/elmawkie.dz\/fr\/#\/schema\/logo\/image\/","url":"https:\/\/elmawkie.dz\/fr\/wp-content\/uploads\/2024\/05\/logo1.png","contentUrl":"https:\/\/elmawkie.dz\/fr\/wp-content\/uploads\/2024\/05\/logo1.png","width":1648,"height":652,"caption":"EL MAWKIE"},"image":{"@id":"https:\/\/elmawkie.dz\/fr\/#\/schema\/logo\/image\/"},"sameAs":["https:\/\/www.facebook.com\/profile.php?id=100088407094989&locale=fr_FR"]},{"@type":"Person","@id":"https:\/\/elmawkie.dz\/fr\/#\/schema\/person\/e7bd59d6467874ba5c4723d8a9f0a63c","name":"R\u00e9daction","image":{"@type":"ImageObject","inLanguage":"fr-FR","@id":"https:\/\/elmawkie.dz\/fr\/#\/schema\/person\/image\/","url":"https:\/\/secure.gravatar.com\/avatar\/f0f773456344da4d2788c054a3d30a0c?s=96&d=mm&r=g","contentUrl":"https:\/\/secure.gravatar.com\/avatar\/f0f773456344da4d2788c054a3d30a0c?s=96&d=mm&r=g","caption":"R\u00e9daction"},"url":"https:\/\/elmawkie.dz\/fr\/author\/redaction\/"}]}},"_links":{"self":[{"href":"https:\/\/elmawkie.dz\/fr\/wp-json\/wp\/v2\/posts\/55467","targetHints":{"allow":["GET"]}}],"collection":[{"href":"https:\/\/elmawkie.dz\/fr\/wp-json\/wp\/v2\/posts"}],"about":[{"href":"https:\/\/elmawkie.dz\/fr\/wp-json\/wp\/v2\/types\/post"}],"author":[{"embeddable":true,"href":"https:\/\/elmawkie.dz\/fr\/wp-json\/wp\/v2\/users\/9"}],"replies":[{"embeddable":true,"href":"https:\/\/elmawkie.dz\/fr\/wp-json\/wp\/v2\/comments?post=55467"}],"version-history":[{"count":1,"href":"https:\/\/elmawkie.dz\/fr\/wp-json\/wp\/v2\/posts\/55467\/revisions"}],"predecessor-version":[{"id":55470,"href":"https:\/\/elmawkie.dz\/fr\/wp-json\/wp\/v2\/posts\/55467\/revisions\/55470"}],"wp:featuredmedia":[{"embeddable":true,"href":"https:\/\/elmawkie.dz\/fr\/wp-json\/wp\/v2\/media\/55469"}],"wp:attachment":[{"href":"https:\/\/elmawkie.dz\/fr\/wp-json\/wp\/v2\/media?parent=55467"}],"wp:term":[{"taxonomy":"category","embeddable":true,"href":"https:\/\/elmawkie.dz\/fr\/wp-json\/wp\/v2\/categories?post=55467"},{"taxonomy":"post_tag","embeddable":true,"href":"https:\/\/elmawkie.dz\/fr\/wp-json\/wp\/v2\/tags?post=55467"}],"curies":[{"name":"wp","href":"https:\/\/api.w.org\/{rel}","templated":true}]}}