{"id":55393,"date":"2025-08-22T23:15:20","date_gmt":"2025-08-22T22:15:20","guid":{"rendered":"https:\/\/elmawkie.dz\/fr\/?p=55393"},"modified":"2025-08-22T23:15:21","modified_gmt":"2025-08-22T22:15:21","slug":"transfert-un-milieu-de-terrain-du-bayern-rejoint-le-psv-eindhoven","status":"publish","type":"post","link":"https:\/\/elmawkie.dz\/fr\/transfert-un-milieu-de-terrain-du-bayern-rejoint-le-psv-eindhoven\/","title":{"rendered":"Transfert: un milieu de terrain du Bayern rejoint le PSV Eindhoven"},"content":{"rendered":"\n<p>Le Bayern, champion d&rsquo;Allemagne en titre, a annonc\u00e9 vendredi, le transf\u00e8re de son milieu de terrain Paul Wanner (19 ans), au PSV Eindhoven, jusqu&rsquo;au 30 juin 2030. Wanner a \u00e9t\u00e9 form\u00e9 au Campus du Bayern depuis 2018 et est pass\u00e9 professionnel chez les Munichois d\u00e9but 2022. Selon la presse allemande, la transaction s&rsquo;\u00e9l\u00e8ve \u00e0 15 millions d&rsquo;euros (sans les bonus), et contient une clause de rachat pour le Bayern. Wanner est arriv\u00e9 au centre de formation du Bayern \u00e0 l&rsquo;\u00e9t\u00e9 2018. Il a disput\u00e9 le 7 janvier 2022, \u00e0 seulement 16 ans et 15 jours, son premier match de Bundesliga. Avec le Bayern, il n&rsquo;a jou\u00e9 que huit matches -six en championnat et deux en Ligue des champions. Il a \u00e9t\u00e9 pr\u00eat\u00e9 \u00e0 Elversberg (2e div.) en 2023\/24, puis \u00e0 Heidenheim (Bundesliga) en 2024\/25. Wanner poss\u00e8de la double nationalit\u00e9 allemande et autrichienne. S&rsquo;il a jou\u00e9 avec les s\u00e9lections de jeunes de l&rsquo;Allemagne, il n&rsquo;a pas encore \u00e9t\u00e9 \u00e9volu\u00e9 chez les seniors et peut donc encore choisir entre l&rsquo;Allemagne et l&rsquo;Autriche.<\/p>\n","protected":false},"excerpt":{"rendered":"<p>Le Bayern, champion d&rsquo;Allemagne en titre, a annonc\u00e9 vendredi, le transf\u00e8re de son milieu de terrain Paul Wanner (19 ans), au PSV Eindhoven, jusqu&rsquo;au 30 juin 2030. Wanner a \u00e9t\u00e9 form\u00e9 au Campus du Bayern depuis 2018 et est pass\u00e9 professionnel chez les Munichois d\u00e9but 2022. Selon la presse allemande, la transaction s&rsquo;\u00e9l\u00e8ve \u00e0 15 &hellip;<\/p>\n","protected":false},"author":9,"featured_media":55395,"comment_status":"open","ping_status":"open","sticky":false,"template":"","format":"standard","meta":{"footnotes":""},"categories":[57],"tags":[4364,4864,4865],"class_list":["post-55393","post","type-post","status-publish","format-standard","has-post-thumbnail","hentry","category-sport","tag-bayern-munich","tag-le-psv-eindhoven","tag-paul-wanner"],"yoast_head":"<!-- This site is optimized with the Yoast SEO Premium plugin v22.6 (Yoast SEO v22.6) - https:\/\/yoast.com\/wordpress\/plugins\/seo\/ -->\n<title>Transfert: un milieu de terrain du Bayern rejoint le PSV Eindhoven - El Mawkie<\/title>\n<meta name=\"robots\" content=\"index, follow, max-snippet:-1, max-image-preview:large, max-video-preview:-1\" \/>\n<link rel=\"canonical\" href=\"https:\/\/elmawkie.dz\/fr\/transfert-un-milieu-de-terrain-du-bayern-rejoint-le-psv-eindhoven\/\" \/>\n<meta property=\"og:locale\" content=\"fr_FR\" \/>\n<meta property=\"og:type\" content=\"article\" \/>\n<meta property=\"og:title\" content=\"Transfert: un milieu de terrain du Bayern rejoint le PSV Eindhoven\" \/>\n<meta property=\"og:description\" content=\"Le Bayern, champion d&rsquo;Allemagne en titre, a annonc\u00e9 vendredi, le transf\u00e8re de son milieu de terrain Paul Wanner (19 ans), au PSV Eindhoven, jusqu&rsquo;au 30 juin 2030. Wanner a \u00e9t\u00e9 form\u00e9 au Campus du Bayern depuis 2018 et est pass\u00e9 professionnel chez les Munichois d\u00e9but 2022. Selon la presse allemande, la transaction s&rsquo;\u00e9l\u00e8ve \u00e0 15 &hellip;\" \/>\n<meta property=\"og:url\" content=\"https:\/\/elmawkie.dz\/fr\/transfert-un-milieu-de-terrain-du-bayern-rejoint-le-psv-eindhoven\/\" \/>\n<meta property=\"og:site_name\" content=\"El Mawkie\" \/>\n<meta property=\"article:publisher\" content=\"https:\/\/www.facebook.com\/profile.php?id=100088407094989&amp;locale=fr_FR\" \/>\n<meta property=\"article:published_time\" content=\"2025-08-22T22:15:20+00:00\" \/>\n<meta property=\"article:modified_time\" content=\"2025-08-22T22:15:21+00:00\" \/>\n<meta property=\"og:image\" content=\"https:\/\/elmawkie.dz\/fr\/wp-content\/uploads\/2025\/08\/IMG_3668.jpeg\" \/>\n\t<meta property=\"og:image:width\" content=\"678\" \/>\n\t<meta property=\"og:image:height\" content=\"452\" \/>\n\t<meta property=\"og:image:type\" content=\"image\/jpeg\" \/>\n<meta name=\"author\" content=\"R\u00e9daction\" \/>\n<meta name=\"twitter:card\" content=\"summary_large_image\" \/>\n<meta name=\"twitter:label1\" content=\"Written by\" \/>\n\t<meta name=\"twitter:data1\" content=\"R\u00e9daction\" \/>\n\t<meta name=\"twitter:label2\" content=\"Est. reading time\" \/>\n\t<meta name=\"twitter:data2\" content=\"2 minutes\" \/>\n<script type=\"application\/ld+json\" class=\"yoast-schema-graph\">{\"@context\":\"https:\/\/schema.org\",\"@graph\":[{\"@type\":\"Article\",\"@id\":\"https:\/\/elmawkie.dz\/fr\/transfert-un-milieu-de-terrain-du-bayern-rejoint-le-psv-eindhoven\/#article\",\"isPartOf\":{\"@id\":\"https:\/\/elmawkie.dz\/fr\/transfert-un-milieu-de-terrain-du-bayern-rejoint-le-psv-eindhoven\/\"},\"author\":{\"name\":\"R\u00e9daction\",\"@id\":\"https:\/\/elmawkie.dz\/fr\/#\/schema\/person\/e7bd59d6467874ba5c4723d8a9f0a63c\"},\"headline\":\"Transfert: un milieu de terrain du Bayern rejoint le PSV Eindhoven\",\"datePublished\":\"2025-08-22T22:15:20+00:00\",\"dateModified\":\"2025-08-22T22:15:21+00:00\",\"mainEntityOfPage\":{\"@id\":\"https:\/\/elmawkie.dz\/fr\/transfert-un-milieu-de-terrain-du-bayern-rejoint-le-psv-eindhoven\/\"},\"wordCount\":180,\"commentCount\":0,\"publisher\":{\"@id\":\"https:\/\/elmawkie.dz\/fr\/#organization\"},\"image\":{\"@id\":\"https:\/\/elmawkie.dz\/fr\/transfert-un-milieu-de-terrain-du-bayern-rejoint-le-psv-eindhoven\/#primaryimage\"},\"thumbnailUrl\":\"https:\/\/elmawkie.dz\/fr\/wp-content\/uploads\/2025\/08\/IMG_3668.jpeg\",\"keywords\":[\"Bayern Munich\",\"Le PSV Eindhoven\",\"Paul Wanner\"],\"articleSection\":[\"Sport\"],\"inLanguage\":\"fr-FR\",\"potentialAction\":[{\"@type\":\"CommentAction\",\"name\":\"Comment\",\"target\":[\"https:\/\/elmawkie.dz\/fr\/transfert-un-milieu-de-terrain-du-bayern-rejoint-le-psv-eindhoven\/#respond\"]}]},{\"@type\":\"WebPage\",\"@id\":\"https:\/\/elmawkie.dz\/fr\/transfert-un-milieu-de-terrain-du-bayern-rejoint-le-psv-eindhoven\/\",\"url\":\"https:\/\/elmawkie.dz\/fr\/transfert-un-milieu-de-terrain-du-bayern-rejoint-le-psv-eindhoven\/\",\"name\":\"Transfert: un milieu de terrain du Bayern rejoint le PSV Eindhoven - El Mawkie\",\"isPartOf\":{\"@id\":\"https:\/\/elmawkie.dz\/fr\/#website\"},\"primaryImageOfPage\":{\"@id\":\"https:\/\/elmawkie.dz\/fr\/transfert-un-milieu-de-terrain-du-bayern-rejoint-le-psv-eindhoven\/#primaryimage\"},\"image\":{\"@id\":\"https:\/\/elmawkie.dz\/fr\/transfert-un-milieu-de-terrain-du-bayern-rejoint-le-psv-eindhoven\/#primaryimage\"},\"thumbnailUrl\":\"https:\/\/elmawkie.dz\/fr\/wp-content\/uploads\/2025\/08\/IMG_3668.jpeg\",\"datePublished\":\"2025-08-22T22:15:20+00:00\",\"dateModified\":\"2025-08-22T22:15:21+00:00\",\"breadcrumb\":{\"@id\":\"https:\/\/elmawkie.dz\/fr\/transfert-un-milieu-de-terrain-du-bayern-rejoint-le-psv-eindhoven\/#breadcrumb\"},\"inLanguage\":\"fr-FR\",\"potentialAction\":[{\"@type\":\"ReadAction\",\"target\":[\"https:\/\/elmawkie.dz\/fr\/transfert-un-milieu-de-terrain-du-bayern-rejoint-le-psv-eindhoven\/\"]}]},{\"@type\":\"ImageObject\",\"inLanguage\":\"fr-FR\",\"@id\":\"https:\/\/elmawkie.dz\/fr\/transfert-un-milieu-de-terrain-du-bayern-rejoint-le-psv-eindhoven\/#primaryimage\",\"url\":\"https:\/\/elmawkie.dz\/fr\/wp-content\/uploads\/2025\/08\/IMG_3668.jpeg\",\"contentUrl\":\"https:\/\/elmawkie.dz\/fr\/wp-content\/uploads\/2025\/08\/IMG_3668.jpeg\",\"width\":678,\"height\":452},{\"@type\":\"BreadcrumbList\",\"@id\":\"https:\/\/elmawkie.dz\/fr\/transfert-un-milieu-de-terrain-du-bayern-rejoint-le-psv-eindhoven\/#breadcrumb\",\"itemListElement\":[{\"@type\":\"ListItem\",\"position\":1,\"name\":\"Home\",\"item\":\"https:\/\/elmawkie.dz\/fr\/\"},{\"@type\":\"ListItem\",\"position\":2,\"name\":\"Transfert: un milieu de terrain du Bayern rejoint le PSV Eindhoven\"}]},{\"@type\":\"WebSite\",\"@id\":\"https:\/\/elmawkie.dz\/fr\/#website\",\"url\":\"https:\/\/elmawkie.dz\/fr\/\",\"name\":\"EL MAWKIE\",\"description\":\"Journal \u00c9lectronique Alg\u00e9rien\",\"publisher\":{\"@id\":\"https:\/\/elmawkie.dz\/fr\/#organization\"},\"potentialAction\":[{\"@type\":\"SearchAction\",\"target\":{\"@type\":\"EntryPoint\",\"urlTemplate\":\"https:\/\/elmawkie.dz\/fr\/?s={search_term_string}\"},\"query-input\":\"required name=search_term_string\"}],\"inLanguage\":\"fr-FR\"},{\"@type\":\"Organization\",\"@id\":\"https:\/\/elmawkie.dz\/fr\/#organization\",\"name\":\"EL MAWKIE\",\"url\":\"https:\/\/elmawkie.dz\/fr\/\",\"logo\":{\"@type\":\"ImageObject\",\"inLanguage\":\"fr-FR\",\"@id\":\"https:\/\/elmawkie.dz\/fr\/#\/schema\/logo\/image\/\",\"url\":\"https:\/\/elmawkie.dz\/fr\/wp-content\/uploads\/2024\/05\/logo1.png\",\"contentUrl\":\"https:\/\/elmawkie.dz\/fr\/wp-content\/uploads\/2024\/05\/logo1.png\",\"width\":1648,\"height\":652,\"caption\":\"EL MAWKIE\"},\"image\":{\"@id\":\"https:\/\/elmawkie.dz\/fr\/#\/schema\/logo\/image\/\"},\"sameAs\":[\"https:\/\/www.facebook.com\/profile.php?id=100088407094989&locale=fr_FR\"]},{\"@type\":\"Person\",\"@id\":\"https:\/\/elmawkie.dz\/fr\/#\/schema\/person\/e7bd59d6467874ba5c4723d8a9f0a63c\",\"name\":\"R\u00e9daction\",\"image\":{\"@type\":\"ImageObject\",\"inLanguage\":\"fr-FR\",\"@id\":\"https:\/\/elmawkie.dz\/fr\/#\/schema\/person\/image\/\",\"url\":\"https:\/\/secure.gravatar.com\/avatar\/f0f773456344da4d2788c054a3d30a0c?s=96&d=mm&r=g\",\"contentUrl\":\"https:\/\/secure.gravatar.com\/avatar\/f0f773456344da4d2788c054a3d30a0c?s=96&d=mm&r=g\",\"caption\":\"R\u00e9daction\"},\"url\":\"https:\/\/elmawkie.dz\/fr\/author\/redaction\/\"}]}<\/script>\n<!-- \/ Yoast SEO Premium plugin. -->","yoast_head_json":{"title":"Transfert: un milieu de terrain du Bayern rejoint le PSV Eindhoven - El Mawkie","robots":{"index":"index","follow":"follow","max-snippet":"max-snippet:-1","max-image-preview":"max-image-preview:large","max-video-preview":"max-video-preview:-1"},"canonical":"https:\/\/elmawkie.dz\/fr\/transfert-un-milieu-de-terrain-du-bayern-rejoint-le-psv-eindhoven\/","og_locale":"fr_FR","og_type":"article","og_title":"Transfert: un milieu de terrain du Bayern rejoint le PSV Eindhoven","og_description":"Le Bayern, champion d&rsquo;Allemagne en titre, a annonc\u00e9 vendredi, le transf\u00e8re de son milieu de terrain Paul Wanner (19 ans), au PSV Eindhoven, jusqu&rsquo;au 30 juin 2030. Wanner a \u00e9t\u00e9 form\u00e9 au Campus du Bayern depuis 2018 et est pass\u00e9 professionnel chez les Munichois d\u00e9but 2022. Selon la presse allemande, la transaction s&rsquo;\u00e9l\u00e8ve \u00e0 15 &hellip;","og_url":"https:\/\/elmawkie.dz\/fr\/transfert-un-milieu-de-terrain-du-bayern-rejoint-le-psv-eindhoven\/","og_site_name":"El Mawkie","article_publisher":"https:\/\/www.facebook.com\/profile.php?id=100088407094989&locale=fr_FR","article_published_time":"2025-08-22T22:15:20+00:00","article_modified_time":"2025-08-22T22:15:21+00:00","og_image":[{"width":678,"height":452,"url":"https:\/\/elmawkie.dz\/fr\/wp-content\/uploads\/2025\/08\/IMG_3668.jpeg","type":"image\/jpeg"}],"author":"R\u00e9daction","twitter_card":"summary_large_image","twitter_misc":{"Written by":"R\u00e9daction","Est. reading time":"2 minutes"},"schema":{"@context":"https:\/\/schema.org","@graph":[{"@type":"Article","@id":"https:\/\/elmawkie.dz\/fr\/transfert-un-milieu-de-terrain-du-bayern-rejoint-le-psv-eindhoven\/#article","isPartOf":{"@id":"https:\/\/elmawkie.dz\/fr\/transfert-un-milieu-de-terrain-du-bayern-rejoint-le-psv-eindhoven\/"},"author":{"name":"R\u00e9daction","@id":"https:\/\/elmawkie.dz\/fr\/#\/schema\/person\/e7bd59d6467874ba5c4723d8a9f0a63c"},"headline":"Transfert: un milieu de terrain du Bayern rejoint le PSV Eindhoven","datePublished":"2025-08-22T22:15:20+00:00","dateModified":"2025-08-22T22:15:21+00:00","mainEntityOfPage":{"@id":"https:\/\/elmawkie.dz\/fr\/transfert-un-milieu-de-terrain-du-bayern-rejoint-le-psv-eindhoven\/"},"wordCount":180,"commentCount":0,"publisher":{"@id":"https:\/\/elmawkie.dz\/fr\/#organization"},"image":{"@id":"https:\/\/elmawkie.dz\/fr\/transfert-un-milieu-de-terrain-du-bayern-rejoint-le-psv-eindhoven\/#primaryimage"},"thumbnailUrl":"https:\/\/elmawkie.dz\/fr\/wp-content\/uploads\/2025\/08\/IMG_3668.jpeg","keywords":["Bayern Munich","Le PSV Eindhoven","Paul Wanner"],"articleSection":["Sport"],"inLanguage":"fr-FR","potentialAction":[{"@type":"CommentAction","name":"Comment","target":["https:\/\/elmawkie.dz\/fr\/transfert-un-milieu-de-terrain-du-bayern-rejoint-le-psv-eindhoven\/#respond"]}]},{"@type":"WebPage","@id":"https:\/\/elmawkie.dz\/fr\/transfert-un-milieu-de-terrain-du-bayern-rejoint-le-psv-eindhoven\/","url":"https:\/\/elmawkie.dz\/fr\/transfert-un-milieu-de-terrain-du-bayern-rejoint-le-psv-eindhoven\/","name":"Transfert: un milieu de terrain du Bayern rejoint le PSV Eindhoven - El Mawkie","isPartOf":{"@id":"https:\/\/elmawkie.dz\/fr\/#website"},"primaryImageOfPage":{"@id":"https:\/\/elmawkie.dz\/fr\/transfert-un-milieu-de-terrain-du-bayern-rejoint-le-psv-eindhoven\/#primaryimage"},"image":{"@id":"https:\/\/elmawkie.dz\/fr\/transfert-un-milieu-de-terrain-du-bayern-rejoint-le-psv-eindhoven\/#primaryimage"},"thumbnailUrl":"https:\/\/elmawkie.dz\/fr\/wp-content\/uploads\/2025\/08\/IMG_3668.jpeg","datePublished":"2025-08-22T22:15:20+00:00","dateModified":"2025-08-22T22:15:21+00:00","breadcrumb":{"@id":"https:\/\/elmawkie.dz\/fr\/transfert-un-milieu-de-terrain-du-bayern-rejoint-le-psv-eindhoven\/#breadcrumb"},"inLanguage":"fr-FR","potentialAction":[{"@type":"ReadAction","target":["https:\/\/elmawkie.dz\/fr\/transfert-un-milieu-de-terrain-du-bayern-rejoint-le-psv-eindhoven\/"]}]},{"@type":"ImageObject","inLanguage":"fr-FR","@id":"https:\/\/elmawkie.dz\/fr\/transfert-un-milieu-de-terrain-du-bayern-rejoint-le-psv-eindhoven\/#primaryimage","url":"https:\/\/elmawkie.dz\/fr\/wp-content\/uploads\/2025\/08\/IMG_3668.jpeg","contentUrl":"https:\/\/elmawkie.dz\/fr\/wp-content\/uploads\/2025\/08\/IMG_3668.jpeg","width":678,"height":452},{"@type":"BreadcrumbList","@id":"https:\/\/elmawkie.dz\/fr\/transfert-un-milieu-de-terrain-du-bayern-rejoint-le-psv-eindhoven\/#breadcrumb","itemListElement":[{"@type":"ListItem","position":1,"name":"Home","item":"https:\/\/elmawkie.dz\/fr\/"},{"@type":"ListItem","position":2,"name":"Transfert: un milieu de terrain du Bayern rejoint le PSV Eindhoven"}]},{"@type":"WebSite","@id":"https:\/\/elmawkie.dz\/fr\/#website","url":"https:\/\/elmawkie.dz\/fr\/","name":"EL MAWKIE","description":"Journal \u00c9lectronique Alg\u00e9rien","publisher":{"@id":"https:\/\/elmawkie.dz\/fr\/#organization"},"potentialAction":[{"@type":"SearchAction","target":{"@type":"EntryPoint","urlTemplate":"https:\/\/elmawkie.dz\/fr\/?s={search_term_string}"},"query-input":"required name=search_term_string"}],"inLanguage":"fr-FR"},{"@type":"Organization","@id":"https:\/\/elmawkie.dz\/fr\/#organization","name":"EL MAWKIE","url":"https:\/\/elmawkie.dz\/fr\/","logo":{"@type":"ImageObject","inLanguage":"fr-FR","@id":"https:\/\/elmawkie.dz\/fr\/#\/schema\/logo\/image\/","url":"https:\/\/elmawkie.dz\/fr\/wp-content\/uploads\/2024\/05\/logo1.png","contentUrl":"https:\/\/elmawkie.dz\/fr\/wp-content\/uploads\/2024\/05\/logo1.png","width":1648,"height":652,"caption":"EL MAWKIE"},"image":{"@id":"https:\/\/elmawkie.dz\/fr\/#\/schema\/logo\/image\/"},"sameAs":["https:\/\/www.facebook.com\/profile.php?id=100088407094989&locale=fr_FR"]},{"@type":"Person","@id":"https:\/\/elmawkie.dz\/fr\/#\/schema\/person\/e7bd59d6467874ba5c4723d8a9f0a63c","name":"R\u00e9daction","image":{"@type":"ImageObject","inLanguage":"fr-FR","@id":"https:\/\/elmawkie.dz\/fr\/#\/schema\/person\/image\/","url":"https:\/\/secure.gravatar.com\/avatar\/f0f773456344da4d2788c054a3d30a0c?s=96&d=mm&r=g","contentUrl":"https:\/\/secure.gravatar.com\/avatar\/f0f773456344da4d2788c054a3d30a0c?s=96&d=mm&r=g","caption":"R\u00e9daction"},"url":"https:\/\/elmawkie.dz\/fr\/author\/redaction\/"}]}},"_links":{"self":[{"href":"https:\/\/elmawkie.dz\/fr\/wp-json\/wp\/v2\/posts\/55393","targetHints":{"allow":["GET"]}}],"collection":[{"href":"https:\/\/elmawkie.dz\/fr\/wp-json\/wp\/v2\/posts"}],"about":[{"href":"https:\/\/elmawkie.dz\/fr\/wp-json\/wp\/v2\/types\/post"}],"author":[{"embeddable":true,"href":"https:\/\/elmawkie.dz\/fr\/wp-json\/wp\/v2\/users\/9"}],"replies":[{"embeddable":true,"href":"https:\/\/elmawkie.dz\/fr\/wp-json\/wp\/v2\/comments?post=55393"}],"version-history":[{"count":1,"href":"https:\/\/elmawkie.dz\/fr\/wp-json\/wp\/v2\/posts\/55393\/revisions"}],"predecessor-version":[{"id":55396,"href":"https:\/\/elmawkie.dz\/fr\/wp-json\/wp\/v2\/posts\/55393\/revisions\/55396"}],"wp:featuredmedia":[{"embeddable":true,"href":"https:\/\/elmawkie.dz\/fr\/wp-json\/wp\/v2\/media\/55395"}],"wp:attachment":[{"href":"https:\/\/elmawkie.dz\/fr\/wp-json\/wp\/v2\/media?parent=55393"}],"wp:term":[{"taxonomy":"category","embeddable":true,"href":"https:\/\/elmawkie.dz\/fr\/wp-json\/wp\/v2\/categories?post=55393"},{"taxonomy":"post_tag","embeddable":true,"href":"https:\/\/elmawkie.dz\/fr\/wp-json\/wp\/v2\/tags?post=55393"}],"curies":[{"name":"wp","href":"https:\/\/api.w.org\/{rel}","templated":true}]}}