{"id":5504,"date":"2024-10-06T19:39:16","date_gmt":"2024-10-06T18:39:16","guid":{"rendered":"https:\/\/elmawkie.dz\/fr\/?p=5504"},"modified":"2024-10-06T19:39:16","modified_gmt":"2024-10-06T18:39:16","slug":"le-cnasps-exprime-sa-profonde-satisfaction-apres-le-jugement-de-la-cour-de-justice-de-lue","status":"publish","type":"post","link":"https:\/\/elmawkie.dz\/fr\/le-cnasps-exprime-sa-profonde-satisfaction-apres-le-jugement-de-la-cour-de-justice-de-lue\/","title":{"rendered":"le CNASPS exprime sa \u00ab\u00a0profonde satisfaction\u00a0\u00bb apr\u00e8s le jugement de la Cour de justice de l&rsquo;UE"},"content":{"rendered":"<p><em>Le Comit\u00e9 national alg\u00e9rien de solidarit\u00e9 avec le peuple sahraoui (CNASPS) a fait part de sa \u00ab\u00a0profonde satisfaction\u00a0\u00bb concernant les arr\u00eats de la Cour de justice de l&rsquo;Union europ\u00e9enne invalidant d\u00e9finitivement deux accords commerciaux conclus entre le Maroc et l&rsquo;UE. \u00ab\u00a0Les membres du Comit\u00e9 national alg\u00e9rien de solidarit\u00e9 avec le peuple sahraoui (CNASPS) ont pris connaissance avec une profonde satisfaction de l&rsquo;arr\u00eat d\u00e9finitif du 4 octobre 2024 de la Haute Chambre de la Cour de justice de l&rsquo;Union europ\u00e9enne (CJUE) concernant les accords de p\u00eache et de produits agricoles, entre le Maroc et l&rsquo;Union europ\u00e9enne\u00a0\u00bb, indique le Comit\u00e9, dans un communiqu\u00e9 rendu public dimanche. \u00ab\u00a0En 2015, le Front Polisario avait d\u00e9pos\u00e9 plainte contre la Commission europ\u00e9enne (CE) et le Conseil europ\u00e9en (CnE), contestant la l\u00e9galit\u00e9 de ces accords, au regard du Droit International. En 2016, la CJUE avait d\u00e9j\u00e0 donn\u00e9 raison au Front Polisario\u00a0\u00bb, rappelle le Comit\u00e9. \u00ab\u00a0Jugement contre lequel la CE et le CnE avaient introduit un recours en 2016, en 2018 et en 2021. A toutes ces \u00e9tapes judicaires, la CJUE persistait en r\u00e9affirmant \u00e0 chaque fois l&rsquo;ill\u00e9galit\u00e9 de ces accords\u00a0\u00bb, souligne le CNASPS. \u00ab\u00a0Vendredi 4 octobre 2024, la Haute Chambre de la CJUE a rendu son jugement d\u00e9finitif, d\u00e9clarant que le peuple sahraoui est pleinement souverain sur ses richesses naturelles, et est le seul d\u00e9cideur en ce qui concerne leur exploitation, \u00e0 l&rsquo;exclusion de toute autre partie\u00a0\u00bb, se f\u00e9licite le Comit\u00e9. \u00ab\u00a0La Haute Chambre affirme clairement l&rsquo;ill\u00e9galit\u00e9 des accords entre le Maroc et l&rsquo;UE, qui englobent les produits halieutiques et les produits agricoles provenant du Sahara occidental. Elle ordonne \u00e0 la CE et au CnE d&rsquo;annuler ces accords dans un d\u00e9lai de 2 mois\u00a0\u00bb, note la m\u00eame source. \u00ab\u00a0Subsidiairement \u00e0 cette d\u00e9cision de la Haute Chambre, celle-ci fait mention explicitement dans son arr\u00eat de l&rsquo;existence du peuple sahraoui (par ailleurs ni\u00e9 par le r\u00e9gime marocain) &#8211; de la qualit\u00e9 de repr\u00e9sentant du peuple sahraoui pour le Front Polisario &#8211; de la possibilit\u00e9 pour le Front Polisario d&rsquo;ester en justice devant les juridictions europ\u00e9ennes tout contrevenant dans l&rsquo;exploitation des ressources naturelles du Sahara occidental, &#8211; de la distinction g\u00e9ographique incontestable entre le Sahara occidental et le Royaume du Maroc\u00a0\u00bb, rel\u00e8ve le CNASPS. \u00ab\u00a0Le jugement de la Haute Chambre est \u00e0 c\u00e9l\u00e9brer comme une \u00e9tape victorieuse historique du peuple sahraoui et du Front Polisario dans leur lutte pour la dignit\u00e9, la libert\u00e9 et l&rsquo;ind\u00e9pendance\u00a0\u00bb, affirme le Comit\u00e9. \u00ab\u00a0Cette d\u00e9cision de justice vient \u00e9galement rappeler la force du Droit International qu&rsquo;il faut respecter et appliquer stricto sensu, sans s&rsquo;abandonner \u00e0 des consid\u00e9rations subjectives et dangereuses pour la paix internationale\u00a0\u00bb, insiste-t-il, affirmant qu&rsquo;il appartenait d\u00e9sormais \u00e0 l&rsquo;UE et aux Etats qui la composent de \u00ab\u00a0respecter leur propre justice et de se conformer (au) jugement de la Haute Chambre de la CJUE\u00a0\u00bb.<\/em><\/p>\n","protected":false},"excerpt":{"rendered":"<p>Le Comit\u00e9 national alg\u00e9rien de solidarit\u00e9 avec le peuple sahraoui (CNASPS) a fait part de sa \u00ab\u00a0profonde satisfaction\u00a0\u00bb concernant les arr\u00eats de la Cour de justice de l&rsquo;Union europ\u00e9enne invalidant d\u00e9finitivement deux accords commerciaux conclus entre le Maroc et l&rsquo;UE. \u00ab\u00a0Les membres du Comit\u00e9 national alg\u00e9rien de solidarit\u00e9 avec le peuple sahraoui (CNASPS) ont pris &hellip;<\/p>\n","protected":false},"author":9,"featured_media":5505,"comment_status":"open","ping_status":"open","sticky":false,"template":"","format":"standard","meta":{"footnotes":""},"categories":[47],"tags":[873,872],"class_list":["post-5504","post","type-post","status-publish","format-standard","has-post-thumbnail","hentry","category-national","tag-la-cour-de-justice-de-lue","tag-le-cnasps"],"yoast_head":"<!-- This site is optimized with the Yoast SEO Premium plugin v22.6 (Yoast SEO v22.6) - https:\/\/yoast.com\/wordpress\/plugins\/seo\/ -->\n<title>le CNASPS exprime sa &quot;profonde satisfaction&quot; apr\u00e8s le jugement de la Cour de justice de l&#039;UE - El Mawkie<\/title>\n<meta name=\"robots\" content=\"index, follow, max-snippet:-1, max-image-preview:large, max-video-preview:-1\" \/>\n<link rel=\"canonical\" href=\"https:\/\/elmawkie.dz\/fr\/le-cnasps-exprime-sa-profonde-satisfaction-apres-le-jugement-de-la-cour-de-justice-de-lue\/\" \/>\n<meta property=\"og:locale\" content=\"fr_FR\" \/>\n<meta property=\"og:type\" content=\"article\" \/>\n<meta property=\"og:title\" content=\"le CNASPS exprime sa &quot;profonde satisfaction&quot; apr\u00e8s le jugement de la Cour de justice de l&#039;UE\" \/>\n<meta property=\"og:description\" content=\"Le Comit\u00e9 national alg\u00e9rien de solidarit\u00e9 avec le peuple sahraoui (CNASPS) a fait part de sa \u00ab\u00a0profonde satisfaction\u00a0\u00bb concernant les arr\u00eats de la Cour de justice de l&rsquo;Union europ\u00e9enne invalidant d\u00e9finitivement deux accords commerciaux conclus entre le Maroc et l&rsquo;UE. \u00ab\u00a0Les membres du Comit\u00e9 national alg\u00e9rien de solidarit\u00e9 avec le peuple sahraoui (CNASPS) ont pris &hellip;\" \/>\n<meta property=\"og:url\" content=\"https:\/\/elmawkie.dz\/fr\/le-cnasps-exprime-sa-profonde-satisfaction-apres-le-jugement-de-la-cour-de-justice-de-lue\/\" \/>\n<meta property=\"og:site_name\" content=\"El Mawkie\" \/>\n<meta property=\"article:publisher\" content=\"https:\/\/www.facebook.com\/profile.php?id=100088407094989&amp;locale=fr_FR\" \/>\n<meta property=\"article:published_time\" content=\"2024-10-06T18:39:16+00:00\" \/>\n<meta property=\"og:image\" content=\"https:\/\/elmawkie.dz\/fr\/wp-content\/uploads\/2024\/10\/IMG_2858.jpeg\" \/>\n\t<meta property=\"og:image:width\" content=\"630\" \/>\n\t<meta property=\"og:image:height\" content=\"354\" \/>\n\t<meta property=\"og:image:type\" content=\"image\/jpeg\" \/>\n<meta name=\"author\" content=\"R\u00e9daction\" \/>\n<meta name=\"twitter:card\" content=\"summary_large_image\" \/>\n<meta name=\"twitter:label1\" content=\"Written by\" \/>\n\t<meta name=\"twitter:data1\" content=\"R\u00e9daction\" \/>\n\t<meta name=\"twitter:label2\" content=\"Est. reading time\" \/>\n\t<meta name=\"twitter:data2\" content=\"2 minutes\" \/>\n<script type=\"application\/ld+json\" class=\"yoast-schema-graph\">{\"@context\":\"https:\/\/schema.org\",\"@graph\":[{\"@type\":\"Article\",\"@id\":\"https:\/\/elmawkie.dz\/fr\/le-cnasps-exprime-sa-profonde-satisfaction-apres-le-jugement-de-la-cour-de-justice-de-lue\/#article\",\"isPartOf\":{\"@id\":\"https:\/\/elmawkie.dz\/fr\/le-cnasps-exprime-sa-profonde-satisfaction-apres-le-jugement-de-la-cour-de-justice-de-lue\/\"},\"author\":{\"name\":\"R\u00e9daction\",\"@id\":\"https:\/\/elmawkie.dz\/fr\/#\/schema\/person\/e7bd59d6467874ba5c4723d8a9f0a63c\"},\"headline\":\"le CNASPS exprime sa \u00ab\u00a0profonde satisfaction\u00a0\u00bb apr\u00e8s le jugement de la Cour de justice de l&rsquo;UE\",\"datePublished\":\"2024-10-06T18:39:16+00:00\",\"dateModified\":\"2024-10-06T18:39:16+00:00\",\"mainEntityOfPage\":{\"@id\":\"https:\/\/elmawkie.dz\/fr\/le-cnasps-exprime-sa-profonde-satisfaction-apres-le-jugement-de-la-cour-de-justice-de-lue\/\"},\"wordCount\":516,\"commentCount\":0,\"publisher\":{\"@id\":\"https:\/\/elmawkie.dz\/fr\/#organization\"},\"image\":{\"@id\":\"https:\/\/elmawkie.dz\/fr\/le-cnasps-exprime-sa-profonde-satisfaction-apres-le-jugement-de-la-cour-de-justice-de-lue\/#primaryimage\"},\"thumbnailUrl\":\"https:\/\/elmawkie.dz\/fr\/wp-content\/uploads\/2024\/10\/IMG_2858.jpeg\",\"keywords\":[\"la Cour de justice de l'UE\",\"le CNASPS\"],\"articleSection\":[\"National\"],\"inLanguage\":\"fr-FR\",\"potentialAction\":[{\"@type\":\"CommentAction\",\"name\":\"Comment\",\"target\":[\"https:\/\/elmawkie.dz\/fr\/le-cnasps-exprime-sa-profonde-satisfaction-apres-le-jugement-de-la-cour-de-justice-de-lue\/#respond\"]}]},{\"@type\":\"WebPage\",\"@id\":\"https:\/\/elmawkie.dz\/fr\/le-cnasps-exprime-sa-profonde-satisfaction-apres-le-jugement-de-la-cour-de-justice-de-lue\/\",\"url\":\"https:\/\/elmawkie.dz\/fr\/le-cnasps-exprime-sa-profonde-satisfaction-apres-le-jugement-de-la-cour-de-justice-de-lue\/\",\"name\":\"le CNASPS exprime sa \\\"profonde satisfaction\\\" apr\u00e8s le jugement de la Cour de justice de l'UE - El Mawkie\",\"isPartOf\":{\"@id\":\"https:\/\/elmawkie.dz\/fr\/#website\"},\"primaryImageOfPage\":{\"@id\":\"https:\/\/elmawkie.dz\/fr\/le-cnasps-exprime-sa-profonde-satisfaction-apres-le-jugement-de-la-cour-de-justice-de-lue\/#primaryimage\"},\"image\":{\"@id\":\"https:\/\/elmawkie.dz\/fr\/le-cnasps-exprime-sa-profonde-satisfaction-apres-le-jugement-de-la-cour-de-justice-de-lue\/#primaryimage\"},\"thumbnailUrl\":\"https:\/\/elmawkie.dz\/fr\/wp-content\/uploads\/2024\/10\/IMG_2858.jpeg\",\"datePublished\":\"2024-10-06T18:39:16+00:00\",\"dateModified\":\"2024-10-06T18:39:16+00:00\",\"breadcrumb\":{\"@id\":\"https:\/\/elmawkie.dz\/fr\/le-cnasps-exprime-sa-profonde-satisfaction-apres-le-jugement-de-la-cour-de-justice-de-lue\/#breadcrumb\"},\"inLanguage\":\"fr-FR\",\"potentialAction\":[{\"@type\":\"ReadAction\",\"target\":[\"https:\/\/elmawkie.dz\/fr\/le-cnasps-exprime-sa-profonde-satisfaction-apres-le-jugement-de-la-cour-de-justice-de-lue\/\"]}]},{\"@type\":\"ImageObject\",\"inLanguage\":\"fr-FR\",\"@id\":\"https:\/\/elmawkie.dz\/fr\/le-cnasps-exprime-sa-profonde-satisfaction-apres-le-jugement-de-la-cour-de-justice-de-lue\/#primaryimage\",\"url\":\"https:\/\/elmawkie.dz\/fr\/wp-content\/uploads\/2024\/10\/IMG_2858.jpeg\",\"contentUrl\":\"https:\/\/elmawkie.dz\/fr\/wp-content\/uploads\/2024\/10\/IMG_2858.jpeg\",\"width\":630,\"height\":354},{\"@type\":\"BreadcrumbList\",\"@id\":\"https:\/\/elmawkie.dz\/fr\/le-cnasps-exprime-sa-profonde-satisfaction-apres-le-jugement-de-la-cour-de-justice-de-lue\/#breadcrumb\",\"itemListElement\":[{\"@type\":\"ListItem\",\"position\":1,\"name\":\"Home\",\"item\":\"https:\/\/elmawkie.dz\/fr\/\"},{\"@type\":\"ListItem\",\"position\":2,\"name\":\"le CNASPS exprime sa \u00ab\u00a0profonde satisfaction\u00a0\u00bb apr\u00e8s le jugement de la Cour de justice de l&rsquo;UE\"}]},{\"@type\":\"WebSite\",\"@id\":\"https:\/\/elmawkie.dz\/fr\/#website\",\"url\":\"https:\/\/elmawkie.dz\/fr\/\",\"name\":\"EL MAWKIE\",\"description\":\"Journal \u00c9lectronique Alg\u00e9rien\",\"publisher\":{\"@id\":\"https:\/\/elmawkie.dz\/fr\/#organization\"},\"potentialAction\":[{\"@type\":\"SearchAction\",\"target\":{\"@type\":\"EntryPoint\",\"urlTemplate\":\"https:\/\/elmawkie.dz\/fr\/?s={search_term_string}\"},\"query-input\":\"required name=search_term_string\"}],\"inLanguage\":\"fr-FR\"},{\"@type\":\"Organization\",\"@id\":\"https:\/\/elmawkie.dz\/fr\/#organization\",\"name\":\"EL MAWKIE\",\"url\":\"https:\/\/elmawkie.dz\/fr\/\",\"logo\":{\"@type\":\"ImageObject\",\"inLanguage\":\"fr-FR\",\"@id\":\"https:\/\/elmawkie.dz\/fr\/#\/schema\/logo\/image\/\",\"url\":\"https:\/\/elmawkie.dz\/fr\/wp-content\/uploads\/2024\/05\/logo1.png\",\"contentUrl\":\"https:\/\/elmawkie.dz\/fr\/wp-content\/uploads\/2024\/05\/logo1.png\",\"width\":1648,\"height\":652,\"caption\":\"EL MAWKIE\"},\"image\":{\"@id\":\"https:\/\/elmawkie.dz\/fr\/#\/schema\/logo\/image\/\"},\"sameAs\":[\"https:\/\/www.facebook.com\/profile.php?id=100088407094989&locale=fr_FR\"]},{\"@type\":\"Person\",\"@id\":\"https:\/\/elmawkie.dz\/fr\/#\/schema\/person\/e7bd59d6467874ba5c4723d8a9f0a63c\",\"name\":\"R\u00e9daction\",\"image\":{\"@type\":\"ImageObject\",\"inLanguage\":\"fr-FR\",\"@id\":\"https:\/\/elmawkie.dz\/fr\/#\/schema\/person\/image\/\",\"url\":\"https:\/\/secure.gravatar.com\/avatar\/f0f773456344da4d2788c054a3d30a0c?s=96&d=mm&r=g\",\"contentUrl\":\"https:\/\/secure.gravatar.com\/avatar\/f0f773456344da4d2788c054a3d30a0c?s=96&d=mm&r=g\",\"caption\":\"R\u00e9daction\"},\"url\":\"https:\/\/elmawkie.dz\/fr\/author\/redaction\/\"}]}<\/script>\n<!-- \/ Yoast SEO Premium plugin. -->","yoast_head_json":{"title":"le CNASPS exprime sa \"profonde satisfaction\" apr\u00e8s le jugement de la Cour de justice de l'UE - El Mawkie","robots":{"index":"index","follow":"follow","max-snippet":"max-snippet:-1","max-image-preview":"max-image-preview:large","max-video-preview":"max-video-preview:-1"},"canonical":"https:\/\/elmawkie.dz\/fr\/le-cnasps-exprime-sa-profonde-satisfaction-apres-le-jugement-de-la-cour-de-justice-de-lue\/","og_locale":"fr_FR","og_type":"article","og_title":"le CNASPS exprime sa \"profonde satisfaction\" apr\u00e8s le jugement de la Cour de justice de l'UE","og_description":"Le Comit\u00e9 national alg\u00e9rien de solidarit\u00e9 avec le peuple sahraoui (CNASPS) a fait part de sa \u00ab\u00a0profonde satisfaction\u00a0\u00bb concernant les arr\u00eats de la Cour de justice de l&rsquo;Union europ\u00e9enne invalidant d\u00e9finitivement deux accords commerciaux conclus entre le Maroc et l&rsquo;UE. \u00ab\u00a0Les membres du Comit\u00e9 national alg\u00e9rien de solidarit\u00e9 avec le peuple sahraoui (CNASPS) ont pris &hellip;","og_url":"https:\/\/elmawkie.dz\/fr\/le-cnasps-exprime-sa-profonde-satisfaction-apres-le-jugement-de-la-cour-de-justice-de-lue\/","og_site_name":"El Mawkie","article_publisher":"https:\/\/www.facebook.com\/profile.php?id=100088407094989&locale=fr_FR","article_published_time":"2024-10-06T18:39:16+00:00","og_image":[{"width":630,"height":354,"url":"https:\/\/elmawkie.dz\/fr\/wp-content\/uploads\/2024\/10\/IMG_2858.jpeg","type":"image\/jpeg"}],"author":"R\u00e9daction","twitter_card":"summary_large_image","twitter_misc":{"Written by":"R\u00e9daction","Est. reading time":"2 minutes"},"schema":{"@context":"https:\/\/schema.org","@graph":[{"@type":"Article","@id":"https:\/\/elmawkie.dz\/fr\/le-cnasps-exprime-sa-profonde-satisfaction-apres-le-jugement-de-la-cour-de-justice-de-lue\/#article","isPartOf":{"@id":"https:\/\/elmawkie.dz\/fr\/le-cnasps-exprime-sa-profonde-satisfaction-apres-le-jugement-de-la-cour-de-justice-de-lue\/"},"author":{"name":"R\u00e9daction","@id":"https:\/\/elmawkie.dz\/fr\/#\/schema\/person\/e7bd59d6467874ba5c4723d8a9f0a63c"},"headline":"le CNASPS exprime sa \u00ab\u00a0profonde satisfaction\u00a0\u00bb apr\u00e8s le jugement de la Cour de justice de l&rsquo;UE","datePublished":"2024-10-06T18:39:16+00:00","dateModified":"2024-10-06T18:39:16+00:00","mainEntityOfPage":{"@id":"https:\/\/elmawkie.dz\/fr\/le-cnasps-exprime-sa-profonde-satisfaction-apres-le-jugement-de-la-cour-de-justice-de-lue\/"},"wordCount":516,"commentCount":0,"publisher":{"@id":"https:\/\/elmawkie.dz\/fr\/#organization"},"image":{"@id":"https:\/\/elmawkie.dz\/fr\/le-cnasps-exprime-sa-profonde-satisfaction-apres-le-jugement-de-la-cour-de-justice-de-lue\/#primaryimage"},"thumbnailUrl":"https:\/\/elmawkie.dz\/fr\/wp-content\/uploads\/2024\/10\/IMG_2858.jpeg","keywords":["la Cour de justice de l'UE","le CNASPS"],"articleSection":["National"],"inLanguage":"fr-FR","potentialAction":[{"@type":"CommentAction","name":"Comment","target":["https:\/\/elmawkie.dz\/fr\/le-cnasps-exprime-sa-profonde-satisfaction-apres-le-jugement-de-la-cour-de-justice-de-lue\/#respond"]}]},{"@type":"WebPage","@id":"https:\/\/elmawkie.dz\/fr\/le-cnasps-exprime-sa-profonde-satisfaction-apres-le-jugement-de-la-cour-de-justice-de-lue\/","url":"https:\/\/elmawkie.dz\/fr\/le-cnasps-exprime-sa-profonde-satisfaction-apres-le-jugement-de-la-cour-de-justice-de-lue\/","name":"le CNASPS exprime sa \"profonde satisfaction\" apr\u00e8s le jugement de la Cour de justice de l'UE - El Mawkie","isPartOf":{"@id":"https:\/\/elmawkie.dz\/fr\/#website"},"primaryImageOfPage":{"@id":"https:\/\/elmawkie.dz\/fr\/le-cnasps-exprime-sa-profonde-satisfaction-apres-le-jugement-de-la-cour-de-justice-de-lue\/#primaryimage"},"image":{"@id":"https:\/\/elmawkie.dz\/fr\/le-cnasps-exprime-sa-profonde-satisfaction-apres-le-jugement-de-la-cour-de-justice-de-lue\/#primaryimage"},"thumbnailUrl":"https:\/\/elmawkie.dz\/fr\/wp-content\/uploads\/2024\/10\/IMG_2858.jpeg","datePublished":"2024-10-06T18:39:16+00:00","dateModified":"2024-10-06T18:39:16+00:00","breadcrumb":{"@id":"https:\/\/elmawkie.dz\/fr\/le-cnasps-exprime-sa-profonde-satisfaction-apres-le-jugement-de-la-cour-de-justice-de-lue\/#breadcrumb"},"inLanguage":"fr-FR","potentialAction":[{"@type":"ReadAction","target":["https:\/\/elmawkie.dz\/fr\/le-cnasps-exprime-sa-profonde-satisfaction-apres-le-jugement-de-la-cour-de-justice-de-lue\/"]}]},{"@type":"ImageObject","inLanguage":"fr-FR","@id":"https:\/\/elmawkie.dz\/fr\/le-cnasps-exprime-sa-profonde-satisfaction-apres-le-jugement-de-la-cour-de-justice-de-lue\/#primaryimage","url":"https:\/\/elmawkie.dz\/fr\/wp-content\/uploads\/2024\/10\/IMG_2858.jpeg","contentUrl":"https:\/\/elmawkie.dz\/fr\/wp-content\/uploads\/2024\/10\/IMG_2858.jpeg","width":630,"height":354},{"@type":"BreadcrumbList","@id":"https:\/\/elmawkie.dz\/fr\/le-cnasps-exprime-sa-profonde-satisfaction-apres-le-jugement-de-la-cour-de-justice-de-lue\/#breadcrumb","itemListElement":[{"@type":"ListItem","position":1,"name":"Home","item":"https:\/\/elmawkie.dz\/fr\/"},{"@type":"ListItem","position":2,"name":"le CNASPS exprime sa \u00ab\u00a0profonde satisfaction\u00a0\u00bb apr\u00e8s le jugement de la Cour de justice de l&rsquo;UE"}]},{"@type":"WebSite","@id":"https:\/\/elmawkie.dz\/fr\/#website","url":"https:\/\/elmawkie.dz\/fr\/","name":"EL MAWKIE","description":"Journal \u00c9lectronique Alg\u00e9rien","publisher":{"@id":"https:\/\/elmawkie.dz\/fr\/#organization"},"potentialAction":[{"@type":"SearchAction","target":{"@type":"EntryPoint","urlTemplate":"https:\/\/elmawkie.dz\/fr\/?s={search_term_string}"},"query-input":"required name=search_term_string"}],"inLanguage":"fr-FR"},{"@type":"Organization","@id":"https:\/\/elmawkie.dz\/fr\/#organization","name":"EL MAWKIE","url":"https:\/\/elmawkie.dz\/fr\/","logo":{"@type":"ImageObject","inLanguage":"fr-FR","@id":"https:\/\/elmawkie.dz\/fr\/#\/schema\/logo\/image\/","url":"https:\/\/elmawkie.dz\/fr\/wp-content\/uploads\/2024\/05\/logo1.png","contentUrl":"https:\/\/elmawkie.dz\/fr\/wp-content\/uploads\/2024\/05\/logo1.png","width":1648,"height":652,"caption":"EL MAWKIE"},"image":{"@id":"https:\/\/elmawkie.dz\/fr\/#\/schema\/logo\/image\/"},"sameAs":["https:\/\/www.facebook.com\/profile.php?id=100088407094989&locale=fr_FR"]},{"@type":"Person","@id":"https:\/\/elmawkie.dz\/fr\/#\/schema\/person\/e7bd59d6467874ba5c4723d8a9f0a63c","name":"R\u00e9daction","image":{"@type":"ImageObject","inLanguage":"fr-FR","@id":"https:\/\/elmawkie.dz\/fr\/#\/schema\/person\/image\/","url":"https:\/\/secure.gravatar.com\/avatar\/f0f773456344da4d2788c054a3d30a0c?s=96&d=mm&r=g","contentUrl":"https:\/\/secure.gravatar.com\/avatar\/f0f773456344da4d2788c054a3d30a0c?s=96&d=mm&r=g","caption":"R\u00e9daction"},"url":"https:\/\/elmawkie.dz\/fr\/author\/redaction\/"}]}},"_links":{"self":[{"href":"https:\/\/elmawkie.dz\/fr\/wp-json\/wp\/v2\/posts\/5504","targetHints":{"allow":["GET"]}}],"collection":[{"href":"https:\/\/elmawkie.dz\/fr\/wp-json\/wp\/v2\/posts"}],"about":[{"href":"https:\/\/elmawkie.dz\/fr\/wp-json\/wp\/v2\/types\/post"}],"author":[{"embeddable":true,"href":"https:\/\/elmawkie.dz\/fr\/wp-json\/wp\/v2\/users\/9"}],"replies":[{"embeddable":true,"href":"https:\/\/elmawkie.dz\/fr\/wp-json\/wp\/v2\/comments?post=5504"}],"version-history":[{"count":0,"href":"https:\/\/elmawkie.dz\/fr\/wp-json\/wp\/v2\/posts\/5504\/revisions"}],"wp:featuredmedia":[{"embeddable":true,"href":"https:\/\/elmawkie.dz\/fr\/wp-json\/wp\/v2\/media\/5505"}],"wp:attachment":[{"href":"https:\/\/elmawkie.dz\/fr\/wp-json\/wp\/v2\/media?parent=5504"}],"wp:term":[{"taxonomy":"category","embeddable":true,"href":"https:\/\/elmawkie.dz\/fr\/wp-json\/wp\/v2\/categories?post=5504"},{"taxonomy":"post_tag","embeddable":true,"href":"https:\/\/elmawkie.dz\/fr\/wp-json\/wp\/v2\/tags?post=5504"}],"curies":[{"name":"wp","href":"https:\/\/api.w.org\/{rel}","templated":true}]}}