{"id":55013,"date":"2025-08-12T16:26:19","date_gmt":"2025-08-12T15:26:19","guid":{"rendered":"https:\/\/elmawkie.dz\/fr\/?p=55013"},"modified":"2025-08-12T16:26:20","modified_gmt":"2025-08-12T15:26:20","slug":"cinema-ouverture-des-inscriptions-pour-la-selection-algerienne-aux-oscars-2026","status":"publish","type":"post","link":"https:\/\/elmawkie.dz\/fr\/cinema-ouverture-des-inscriptions-pour-la-selection-algerienne-aux-oscars-2026\/","title":{"rendered":"Cin\u00e9ma : ouverture des inscriptions pour la s\u00e9lection alg\u00e9rienne aux Oscars 2026"},"content":{"rendered":"\n<p>Le Comit\u00e9 Alg\u00e9rien de S\u00e9lection pour les Oscars a annonc\u00e9 l\u2019ouverture des candidatures pour le choix du long m\u00e9trage qui repr\u00e9sentera l&rsquo;Alg\u00e9rie lors de la 98e c\u00e9r\u00e9monie des Oscars dans la cat\u00e9gorie \u00ab\u00a0Meilleur film international\u00a0\u00bb, pr\u00e9vue comme chaque ann\u00e9e aux USA, ont annonc\u00e9 les organisateurs dans un communiqu\u00e9. Sous le patronage du minist\u00e8re de la Culture et des Arts, en partenariat avec le Centre alg\u00e9rien de d\u00e9veloppement du cin\u00e9ma (CADC), ce comit\u00e9, charg\u00e9 par l\u2019\u00a0\u00bbAcademy of Motion Picture Arts and Sciences\u00a0\u00bb, est pr\u00e9sid\u00e9 par le r\u00e9alisateur Belkacem Hadjadj. Une plateforme, \u00ab\u00a0algerian-sc.com\u00a0\u00bb est mise \u00e0 la disposition des producteurs postulants \u00e0 cette s\u00e9lection, qui pourront ainsi prendre connaissance des noms des membres du Comit\u00e9, des conditions et r\u00e8glements de participation, du formulaire de candidature \u00e0 remplir d\u00fbment et \u00e0 t\u00e9l\u00e9charger, ainsi que de tous les d\u00e9tails n\u00e9cessaires \u00e0 leur participation. Jusqu&rsquo;au jeudi 4 septembre prochain via le lien de la plateforme, les candidatures pourront \u00eatre soumises \u00e0 la s\u00e9lection pour arracher l&rsquo;insigne honneur de repr\u00e9senter l\u2019Alg\u00e9rie aux c\u00e9r\u00e9monies des Oscars, \u00e9v\u00e9nement cin\u00e9matographique le plus prestigieux au monde.<\/p>\n","protected":false},"excerpt":{"rendered":"<p>Le Comit\u00e9 Alg\u00e9rien de S\u00e9lection pour les Oscars a annonc\u00e9 l\u2019ouverture des candidatures pour le choix du long m\u00e9trage qui repr\u00e9sentera l&rsquo;Alg\u00e9rie lors de la 98e c\u00e9r\u00e9monie des Oscars dans la cat\u00e9gorie \u00ab\u00a0Meilleur film international\u00a0\u00bb, pr\u00e9vue comme chaque ann\u00e9e aux USA, ont annonc\u00e9 les organisateurs dans un communiqu\u00e9. Sous le patronage du minist\u00e8re de la &hellip;<\/p>\n","protected":false},"author":9,"featured_media":55015,"comment_status":"open","ping_status":"open","sticky":false,"template":"","format":"standard","meta":{"footnotes":""},"categories":[3],"tags":[88,1554,4787],"class_list":["post-55013","post","type-post","status-publish","format-standard","has-post-thumbnail","hentry","category-bs-culture","tag-algerie","tag-cinema","tag-oscars-2026"],"yoast_head":"<!-- This site is optimized with the Yoast SEO Premium plugin v22.6 (Yoast SEO v22.6) - https:\/\/yoast.com\/wordpress\/plugins\/seo\/ -->\n<title>Cin\u00e9ma : ouverture des inscriptions pour la s\u00e9lection alg\u00e9rienne aux Oscars 2026 - El Mawkie<\/title>\n<meta name=\"robots\" content=\"index, follow, max-snippet:-1, max-image-preview:large, max-video-preview:-1\" \/>\n<link rel=\"canonical\" href=\"https:\/\/elmawkie.dz\/fr\/cinema-ouverture-des-inscriptions-pour-la-selection-algerienne-aux-oscars-2026\/\" \/>\n<meta property=\"og:locale\" content=\"fr_FR\" \/>\n<meta property=\"og:type\" content=\"article\" \/>\n<meta property=\"og:title\" content=\"Cin\u00e9ma : ouverture des inscriptions pour la s\u00e9lection alg\u00e9rienne aux Oscars 2026\" \/>\n<meta property=\"og:description\" content=\"Le Comit\u00e9 Alg\u00e9rien de S\u00e9lection pour les Oscars a annonc\u00e9 l\u2019ouverture des candidatures pour le choix du long m\u00e9trage qui repr\u00e9sentera l&rsquo;Alg\u00e9rie lors de la 98e c\u00e9r\u00e9monie des Oscars dans la cat\u00e9gorie \u00ab\u00a0Meilleur film international\u00a0\u00bb, pr\u00e9vue comme chaque ann\u00e9e aux USA, ont annonc\u00e9 les organisateurs dans un communiqu\u00e9. Sous le patronage du minist\u00e8re de la &hellip;\" \/>\n<meta property=\"og:url\" content=\"https:\/\/elmawkie.dz\/fr\/cinema-ouverture-des-inscriptions-pour-la-selection-algerienne-aux-oscars-2026\/\" \/>\n<meta property=\"og:site_name\" content=\"El Mawkie\" \/>\n<meta property=\"article:publisher\" content=\"https:\/\/www.facebook.com\/profile.php?id=100088407094989&amp;locale=fr_FR\" \/>\n<meta property=\"article:published_time\" content=\"2025-08-12T15:26:19+00:00\" \/>\n<meta property=\"article:modified_time\" content=\"2025-08-12T15:26:20+00:00\" \/>\n<meta property=\"og:image\" content=\"https:\/\/elmawkie.dz\/fr\/wp-content\/uploads\/2025\/08\/IMG_2767.jpeg\" \/>\n\t<meta property=\"og:image:width\" content=\"739\" \/>\n\t<meta property=\"og:image:height\" content=\"415\" \/>\n\t<meta property=\"og:image:type\" content=\"image\/jpeg\" \/>\n<meta name=\"author\" content=\"R\u00e9daction\" \/>\n<meta name=\"twitter:card\" content=\"summary_large_image\" \/>\n<meta name=\"twitter:label1\" content=\"Written by\" \/>\n\t<meta name=\"twitter:data1\" content=\"R\u00e9daction\" \/>\n\t<meta name=\"twitter:label2\" content=\"Est. reading time\" \/>\n\t<meta name=\"twitter:data2\" content=\"2 minutes\" \/>\n<script type=\"application\/ld+json\" class=\"yoast-schema-graph\">{\"@context\":\"https:\/\/schema.org\",\"@graph\":[{\"@type\":\"Article\",\"@id\":\"https:\/\/elmawkie.dz\/fr\/cinema-ouverture-des-inscriptions-pour-la-selection-algerienne-aux-oscars-2026\/#article\",\"isPartOf\":{\"@id\":\"https:\/\/elmawkie.dz\/fr\/cinema-ouverture-des-inscriptions-pour-la-selection-algerienne-aux-oscars-2026\/\"},\"author\":{\"name\":\"R\u00e9daction\",\"@id\":\"https:\/\/elmawkie.dz\/fr\/#\/schema\/person\/e7bd59d6467874ba5c4723d8a9f0a63c\"},\"headline\":\"Cin\u00e9ma : ouverture des inscriptions pour la s\u00e9lection alg\u00e9rienne aux Oscars 2026\",\"datePublished\":\"2025-08-12T15:26:19+00:00\",\"dateModified\":\"2025-08-12T15:26:20+00:00\",\"mainEntityOfPage\":{\"@id\":\"https:\/\/elmawkie.dz\/fr\/cinema-ouverture-des-inscriptions-pour-la-selection-algerienne-aux-oscars-2026\/\"},\"wordCount\":219,\"commentCount\":0,\"publisher\":{\"@id\":\"https:\/\/elmawkie.dz\/fr\/#organization\"},\"image\":{\"@id\":\"https:\/\/elmawkie.dz\/fr\/cinema-ouverture-des-inscriptions-pour-la-selection-algerienne-aux-oscars-2026\/#primaryimage\"},\"thumbnailUrl\":\"https:\/\/elmawkie.dz\/fr\/wp-content\/uploads\/2025\/08\/IMG_2767.jpeg\",\"keywords\":[\"Alg\u00e9rie\",\"cin\u00e9ma\",\"Oscars 2026\"],\"articleSection\":[\"Culture\"],\"inLanguage\":\"fr-FR\",\"potentialAction\":[{\"@type\":\"CommentAction\",\"name\":\"Comment\",\"target\":[\"https:\/\/elmawkie.dz\/fr\/cinema-ouverture-des-inscriptions-pour-la-selection-algerienne-aux-oscars-2026\/#respond\"]}]},{\"@type\":\"WebPage\",\"@id\":\"https:\/\/elmawkie.dz\/fr\/cinema-ouverture-des-inscriptions-pour-la-selection-algerienne-aux-oscars-2026\/\",\"url\":\"https:\/\/elmawkie.dz\/fr\/cinema-ouverture-des-inscriptions-pour-la-selection-algerienne-aux-oscars-2026\/\",\"name\":\"Cin\u00e9ma : ouverture des inscriptions pour la s\u00e9lection alg\u00e9rienne aux Oscars 2026 - El Mawkie\",\"isPartOf\":{\"@id\":\"https:\/\/elmawkie.dz\/fr\/#website\"},\"primaryImageOfPage\":{\"@id\":\"https:\/\/elmawkie.dz\/fr\/cinema-ouverture-des-inscriptions-pour-la-selection-algerienne-aux-oscars-2026\/#primaryimage\"},\"image\":{\"@id\":\"https:\/\/elmawkie.dz\/fr\/cinema-ouverture-des-inscriptions-pour-la-selection-algerienne-aux-oscars-2026\/#primaryimage\"},\"thumbnailUrl\":\"https:\/\/elmawkie.dz\/fr\/wp-content\/uploads\/2025\/08\/IMG_2767.jpeg\",\"datePublished\":\"2025-08-12T15:26:19+00:00\",\"dateModified\":\"2025-08-12T15:26:20+00:00\",\"breadcrumb\":{\"@id\":\"https:\/\/elmawkie.dz\/fr\/cinema-ouverture-des-inscriptions-pour-la-selection-algerienne-aux-oscars-2026\/#breadcrumb\"},\"inLanguage\":\"fr-FR\",\"potentialAction\":[{\"@type\":\"ReadAction\",\"target\":[\"https:\/\/elmawkie.dz\/fr\/cinema-ouverture-des-inscriptions-pour-la-selection-algerienne-aux-oscars-2026\/\"]}]},{\"@type\":\"ImageObject\",\"inLanguage\":\"fr-FR\",\"@id\":\"https:\/\/elmawkie.dz\/fr\/cinema-ouverture-des-inscriptions-pour-la-selection-algerienne-aux-oscars-2026\/#primaryimage\",\"url\":\"https:\/\/elmawkie.dz\/fr\/wp-content\/uploads\/2025\/08\/IMG_2767.jpeg\",\"contentUrl\":\"https:\/\/elmawkie.dz\/fr\/wp-content\/uploads\/2025\/08\/IMG_2767.jpeg\",\"width\":739,\"height\":415},{\"@type\":\"BreadcrumbList\",\"@id\":\"https:\/\/elmawkie.dz\/fr\/cinema-ouverture-des-inscriptions-pour-la-selection-algerienne-aux-oscars-2026\/#breadcrumb\",\"itemListElement\":[{\"@type\":\"ListItem\",\"position\":1,\"name\":\"Home\",\"item\":\"https:\/\/elmawkie.dz\/fr\/\"},{\"@type\":\"ListItem\",\"position\":2,\"name\":\"Cin\u00e9ma : ouverture des inscriptions pour la s\u00e9lection alg\u00e9rienne aux Oscars 2026\"}]},{\"@type\":\"WebSite\",\"@id\":\"https:\/\/elmawkie.dz\/fr\/#website\",\"url\":\"https:\/\/elmawkie.dz\/fr\/\",\"name\":\"EL MAWKIE\",\"description\":\"Journal \u00c9lectronique Alg\u00e9rien\",\"publisher\":{\"@id\":\"https:\/\/elmawkie.dz\/fr\/#organization\"},\"potentialAction\":[{\"@type\":\"SearchAction\",\"target\":{\"@type\":\"EntryPoint\",\"urlTemplate\":\"https:\/\/elmawkie.dz\/fr\/?s={search_term_string}\"},\"query-input\":\"required name=search_term_string\"}],\"inLanguage\":\"fr-FR\"},{\"@type\":\"Organization\",\"@id\":\"https:\/\/elmawkie.dz\/fr\/#organization\",\"name\":\"EL MAWKIE\",\"url\":\"https:\/\/elmawkie.dz\/fr\/\",\"logo\":{\"@type\":\"ImageObject\",\"inLanguage\":\"fr-FR\",\"@id\":\"https:\/\/elmawkie.dz\/fr\/#\/schema\/logo\/image\/\",\"url\":\"https:\/\/elmawkie.dz\/fr\/wp-content\/uploads\/2024\/05\/logo1.png\",\"contentUrl\":\"https:\/\/elmawkie.dz\/fr\/wp-content\/uploads\/2024\/05\/logo1.png\",\"width\":1648,\"height\":652,\"caption\":\"EL MAWKIE\"},\"image\":{\"@id\":\"https:\/\/elmawkie.dz\/fr\/#\/schema\/logo\/image\/\"},\"sameAs\":[\"https:\/\/www.facebook.com\/profile.php?id=100088407094989&locale=fr_FR\"]},{\"@type\":\"Person\",\"@id\":\"https:\/\/elmawkie.dz\/fr\/#\/schema\/person\/e7bd59d6467874ba5c4723d8a9f0a63c\",\"name\":\"R\u00e9daction\",\"image\":{\"@type\":\"ImageObject\",\"inLanguage\":\"fr-FR\",\"@id\":\"https:\/\/elmawkie.dz\/fr\/#\/schema\/person\/image\/\",\"url\":\"https:\/\/secure.gravatar.com\/avatar\/f0f773456344da4d2788c054a3d30a0c?s=96&d=mm&r=g\",\"contentUrl\":\"https:\/\/secure.gravatar.com\/avatar\/f0f773456344da4d2788c054a3d30a0c?s=96&d=mm&r=g\",\"caption\":\"R\u00e9daction\"},\"url\":\"https:\/\/elmawkie.dz\/fr\/author\/redaction\/\"}]}<\/script>\n<!-- \/ Yoast SEO Premium plugin. -->","yoast_head_json":{"title":"Cin\u00e9ma : ouverture des inscriptions pour la s\u00e9lection alg\u00e9rienne aux Oscars 2026 - El Mawkie","robots":{"index":"index","follow":"follow","max-snippet":"max-snippet:-1","max-image-preview":"max-image-preview:large","max-video-preview":"max-video-preview:-1"},"canonical":"https:\/\/elmawkie.dz\/fr\/cinema-ouverture-des-inscriptions-pour-la-selection-algerienne-aux-oscars-2026\/","og_locale":"fr_FR","og_type":"article","og_title":"Cin\u00e9ma : ouverture des inscriptions pour la s\u00e9lection alg\u00e9rienne aux Oscars 2026","og_description":"Le Comit\u00e9 Alg\u00e9rien de S\u00e9lection pour les Oscars a annonc\u00e9 l\u2019ouverture des candidatures pour le choix du long m\u00e9trage qui repr\u00e9sentera l&rsquo;Alg\u00e9rie lors de la 98e c\u00e9r\u00e9monie des Oscars dans la cat\u00e9gorie \u00ab\u00a0Meilleur film international\u00a0\u00bb, pr\u00e9vue comme chaque ann\u00e9e aux USA, ont annonc\u00e9 les organisateurs dans un communiqu\u00e9. Sous le patronage du minist\u00e8re de la &hellip;","og_url":"https:\/\/elmawkie.dz\/fr\/cinema-ouverture-des-inscriptions-pour-la-selection-algerienne-aux-oscars-2026\/","og_site_name":"El Mawkie","article_publisher":"https:\/\/www.facebook.com\/profile.php?id=100088407094989&locale=fr_FR","article_published_time":"2025-08-12T15:26:19+00:00","article_modified_time":"2025-08-12T15:26:20+00:00","og_image":[{"width":739,"height":415,"url":"https:\/\/elmawkie.dz\/fr\/wp-content\/uploads\/2025\/08\/IMG_2767.jpeg","type":"image\/jpeg"}],"author":"R\u00e9daction","twitter_card":"summary_large_image","twitter_misc":{"Written by":"R\u00e9daction","Est. reading time":"2 minutes"},"schema":{"@context":"https:\/\/schema.org","@graph":[{"@type":"Article","@id":"https:\/\/elmawkie.dz\/fr\/cinema-ouverture-des-inscriptions-pour-la-selection-algerienne-aux-oscars-2026\/#article","isPartOf":{"@id":"https:\/\/elmawkie.dz\/fr\/cinema-ouverture-des-inscriptions-pour-la-selection-algerienne-aux-oscars-2026\/"},"author":{"name":"R\u00e9daction","@id":"https:\/\/elmawkie.dz\/fr\/#\/schema\/person\/e7bd59d6467874ba5c4723d8a9f0a63c"},"headline":"Cin\u00e9ma : ouverture des inscriptions pour la s\u00e9lection alg\u00e9rienne aux Oscars 2026","datePublished":"2025-08-12T15:26:19+00:00","dateModified":"2025-08-12T15:26:20+00:00","mainEntityOfPage":{"@id":"https:\/\/elmawkie.dz\/fr\/cinema-ouverture-des-inscriptions-pour-la-selection-algerienne-aux-oscars-2026\/"},"wordCount":219,"commentCount":0,"publisher":{"@id":"https:\/\/elmawkie.dz\/fr\/#organization"},"image":{"@id":"https:\/\/elmawkie.dz\/fr\/cinema-ouverture-des-inscriptions-pour-la-selection-algerienne-aux-oscars-2026\/#primaryimage"},"thumbnailUrl":"https:\/\/elmawkie.dz\/fr\/wp-content\/uploads\/2025\/08\/IMG_2767.jpeg","keywords":["Alg\u00e9rie","cin\u00e9ma","Oscars 2026"],"articleSection":["Culture"],"inLanguage":"fr-FR","potentialAction":[{"@type":"CommentAction","name":"Comment","target":["https:\/\/elmawkie.dz\/fr\/cinema-ouverture-des-inscriptions-pour-la-selection-algerienne-aux-oscars-2026\/#respond"]}]},{"@type":"WebPage","@id":"https:\/\/elmawkie.dz\/fr\/cinema-ouverture-des-inscriptions-pour-la-selection-algerienne-aux-oscars-2026\/","url":"https:\/\/elmawkie.dz\/fr\/cinema-ouverture-des-inscriptions-pour-la-selection-algerienne-aux-oscars-2026\/","name":"Cin\u00e9ma : ouverture des inscriptions pour la s\u00e9lection alg\u00e9rienne aux Oscars 2026 - El Mawkie","isPartOf":{"@id":"https:\/\/elmawkie.dz\/fr\/#website"},"primaryImageOfPage":{"@id":"https:\/\/elmawkie.dz\/fr\/cinema-ouverture-des-inscriptions-pour-la-selection-algerienne-aux-oscars-2026\/#primaryimage"},"image":{"@id":"https:\/\/elmawkie.dz\/fr\/cinema-ouverture-des-inscriptions-pour-la-selection-algerienne-aux-oscars-2026\/#primaryimage"},"thumbnailUrl":"https:\/\/elmawkie.dz\/fr\/wp-content\/uploads\/2025\/08\/IMG_2767.jpeg","datePublished":"2025-08-12T15:26:19+00:00","dateModified":"2025-08-12T15:26:20+00:00","breadcrumb":{"@id":"https:\/\/elmawkie.dz\/fr\/cinema-ouverture-des-inscriptions-pour-la-selection-algerienne-aux-oscars-2026\/#breadcrumb"},"inLanguage":"fr-FR","potentialAction":[{"@type":"ReadAction","target":["https:\/\/elmawkie.dz\/fr\/cinema-ouverture-des-inscriptions-pour-la-selection-algerienne-aux-oscars-2026\/"]}]},{"@type":"ImageObject","inLanguage":"fr-FR","@id":"https:\/\/elmawkie.dz\/fr\/cinema-ouverture-des-inscriptions-pour-la-selection-algerienne-aux-oscars-2026\/#primaryimage","url":"https:\/\/elmawkie.dz\/fr\/wp-content\/uploads\/2025\/08\/IMG_2767.jpeg","contentUrl":"https:\/\/elmawkie.dz\/fr\/wp-content\/uploads\/2025\/08\/IMG_2767.jpeg","width":739,"height":415},{"@type":"BreadcrumbList","@id":"https:\/\/elmawkie.dz\/fr\/cinema-ouverture-des-inscriptions-pour-la-selection-algerienne-aux-oscars-2026\/#breadcrumb","itemListElement":[{"@type":"ListItem","position":1,"name":"Home","item":"https:\/\/elmawkie.dz\/fr\/"},{"@type":"ListItem","position":2,"name":"Cin\u00e9ma : ouverture des inscriptions pour la s\u00e9lection alg\u00e9rienne aux Oscars 2026"}]},{"@type":"WebSite","@id":"https:\/\/elmawkie.dz\/fr\/#website","url":"https:\/\/elmawkie.dz\/fr\/","name":"EL MAWKIE","description":"Journal \u00c9lectronique Alg\u00e9rien","publisher":{"@id":"https:\/\/elmawkie.dz\/fr\/#organization"},"potentialAction":[{"@type":"SearchAction","target":{"@type":"EntryPoint","urlTemplate":"https:\/\/elmawkie.dz\/fr\/?s={search_term_string}"},"query-input":"required name=search_term_string"}],"inLanguage":"fr-FR"},{"@type":"Organization","@id":"https:\/\/elmawkie.dz\/fr\/#organization","name":"EL MAWKIE","url":"https:\/\/elmawkie.dz\/fr\/","logo":{"@type":"ImageObject","inLanguage":"fr-FR","@id":"https:\/\/elmawkie.dz\/fr\/#\/schema\/logo\/image\/","url":"https:\/\/elmawkie.dz\/fr\/wp-content\/uploads\/2024\/05\/logo1.png","contentUrl":"https:\/\/elmawkie.dz\/fr\/wp-content\/uploads\/2024\/05\/logo1.png","width":1648,"height":652,"caption":"EL MAWKIE"},"image":{"@id":"https:\/\/elmawkie.dz\/fr\/#\/schema\/logo\/image\/"},"sameAs":["https:\/\/www.facebook.com\/profile.php?id=100088407094989&locale=fr_FR"]},{"@type":"Person","@id":"https:\/\/elmawkie.dz\/fr\/#\/schema\/person\/e7bd59d6467874ba5c4723d8a9f0a63c","name":"R\u00e9daction","image":{"@type":"ImageObject","inLanguage":"fr-FR","@id":"https:\/\/elmawkie.dz\/fr\/#\/schema\/person\/image\/","url":"https:\/\/secure.gravatar.com\/avatar\/f0f773456344da4d2788c054a3d30a0c?s=96&d=mm&r=g","contentUrl":"https:\/\/secure.gravatar.com\/avatar\/f0f773456344da4d2788c054a3d30a0c?s=96&d=mm&r=g","caption":"R\u00e9daction"},"url":"https:\/\/elmawkie.dz\/fr\/author\/redaction\/"}]}},"_links":{"self":[{"href":"https:\/\/elmawkie.dz\/fr\/wp-json\/wp\/v2\/posts\/55013","targetHints":{"allow":["GET"]}}],"collection":[{"href":"https:\/\/elmawkie.dz\/fr\/wp-json\/wp\/v2\/posts"}],"about":[{"href":"https:\/\/elmawkie.dz\/fr\/wp-json\/wp\/v2\/types\/post"}],"author":[{"embeddable":true,"href":"https:\/\/elmawkie.dz\/fr\/wp-json\/wp\/v2\/users\/9"}],"replies":[{"embeddable":true,"href":"https:\/\/elmawkie.dz\/fr\/wp-json\/wp\/v2\/comments?post=55013"}],"version-history":[{"count":1,"href":"https:\/\/elmawkie.dz\/fr\/wp-json\/wp\/v2\/posts\/55013\/revisions"}],"predecessor-version":[{"id":55016,"href":"https:\/\/elmawkie.dz\/fr\/wp-json\/wp\/v2\/posts\/55013\/revisions\/55016"}],"wp:featuredmedia":[{"embeddable":true,"href":"https:\/\/elmawkie.dz\/fr\/wp-json\/wp\/v2\/media\/55015"}],"wp:attachment":[{"href":"https:\/\/elmawkie.dz\/fr\/wp-json\/wp\/v2\/media?parent=55013"}],"wp:term":[{"taxonomy":"category","embeddable":true,"href":"https:\/\/elmawkie.dz\/fr\/wp-json\/wp\/v2\/categories?post=55013"},{"taxonomy":"post_tag","embeddable":true,"href":"https:\/\/elmawkie.dz\/fr\/wp-json\/wp\/v2\/tags?post=55013"}],"curies":[{"name":"wp","href":"https:\/\/api.w.org\/{rel}","templated":true}]}}