{"id":5501,"date":"2024-10-06T18:17:25","date_gmt":"2024-10-06T17:17:25","guid":{"rendered":"https:\/\/elmawkie.dz\/fr\/?p=5501"},"modified":"2024-10-06T18:17:25","modified_gmt":"2024-10-06T17:17:25","slug":"tlemcen-plus-de-230-logements-aadlseront-receptionnes-le-1er-novembre-prochain","status":"publish","type":"post","link":"https:\/\/elmawkie.dz\/fr\/tlemcen-plus-de-230-logements-aadlseront-receptionnes-le-1er-novembre-prochain\/","title":{"rendered":"Tlemcen: plus de 230 logements( AADL)seront r\u00e9ceptionn\u00e9s le 1er novembre prochain"},"content":{"rendered":"<p><em>Deux cents trente trois (233) logements relevant de la formule location-vente pilot\u00e9e par l&rsquo;Agence d&rsquo;am\u00e9lioration et de d\u00e9veloppement du logement (AADL) devront \u00eatre r\u00e9ceptionn\u00e9s, le 1er novembre prochain dans la wilaya de Tlemcen, a annonc\u00e9, dimanche, le wali Youcef Bechlaoui. Le premier responsable de l&rsquo;Ex\u00e9cutif de la wilaya de Tlemcen a indiqu\u00e9, dans une d\u00e9claration \u00e0 la presse en marge d&rsquo;une visite d&rsquo;inspection de certains chantiers de projets d&rsquo;habitat implant\u00e9s au nouveau du p\u00f4le urbain de la commune de Chetouane, que \u00ab\u00a0233 logements relevant du programme AADL2, en r\u00e9alisation au quartier +Bendjemil+, dans la commune de Mansourah, seront r\u00e9ceptionn\u00e9s, le 1er novembre prochain\u00a0\u00bb. M. Bechlaoui a pr\u00e9cis\u00e9, d&rsquo;autre part, que \u00ab\u00a0le quota restant relevant du programme location-vente, implant\u00e9 sur le m\u00eame site, estim\u00e9 \u00e0 900 unit\u00e9s, sera r\u00e9ceptionn\u00e9 avant la fin de cette ann\u00e9e\u00a0\u00bb, faisant savoir que le nouveau programme \u00ab\u00a0AADL3&Prime;, portant r\u00e9alisation de 5.500 unit\u00e9s, dont a b\u00e9n\u00e9fici\u00e9 la wilaya \u00a0\u00bb sera lanc\u00e9 prochainement\u00a0\u00bb. Le wali a, par ailleurs, instruit le chef de la da\u00efra de Chetouane de proc\u00e9der \u00e0 la publication de la liste nominative des b\u00e9n\u00e9ficiaires des 260 logements publics locatifs (LPL) implant\u00e9s au nouveau p\u00f4le urbain du chef-lieu de la commune du m\u00eame nom, dont la r\u00e9ception est pr\u00e9vue \u00e0 la fin de l&rsquo;ann\u00e9e en cours. La 2\u00e8me tranche de 150 unit\u00e9s d&rsquo;habitation, relevant du m\u00eame programme, devra \u00eatre r\u00e9ceptionn\u00e9e et attribu\u00e9es \u00e0 leurs b\u00e9n\u00e9ficiaires, le 5 juillet prochain, \u00e0 l&rsquo;occasion de la comm\u00e9moration de la f\u00eate de l&rsquo;ind\u00e9pendance et de la jeunesse, alors que la 3\u00e8me tranche (100 logements) sera r\u00e9ceptionn\u00e9e, avant la fin de l&rsquo;ann\u00e9e prochaine, a ajout\u00e9 le wali. M. Bechlaoui a indiqu\u00e9 que la liste nominative des b\u00e9n\u00e9ficiaires des 40 logements publics locatifs (LPL), r\u00e9alis\u00e9s dans la commune Souani, et celle des 40 LPL de la commune de Bab El-Assa, ainsi que la liste des b\u00e9n\u00e9ficiaires de la commune de Sabra, ont \u00e9t\u00e9 d\u00e9j\u00e0 publi\u00e9es, relevant que les listes des b\u00e9n\u00e9ficiaires de cette formule d&rsquo;acc\u00e8s au logement des communes de Beni-Snous, Beni-Bahdel et Ain Youcef, seront publi\u00e9es, \u00e0 partir de mercredi prochain, dans la perspective de leur distribution, le 1er novembre prochain .<\/em><\/p>\n","protected":false},"excerpt":{"rendered":"<p>Deux cents trente trois (233) logements relevant de la formule location-vente pilot\u00e9e par l&rsquo;Agence d&rsquo;am\u00e9lioration et de d\u00e9veloppement du logement (AADL) devront \u00eatre r\u00e9ceptionn\u00e9s, le 1er novembre prochain dans la wilaya de Tlemcen, a annonc\u00e9, dimanche, le wali Youcef Bechlaoui. Le premier responsable de l&rsquo;Ex\u00e9cutif de la wilaya de Tlemcen a indiqu\u00e9, dans une d\u00e9claration &hellip;<\/p>\n","protected":false},"author":9,"featured_media":5502,"comment_status":"open","ping_status":"open","sticky":false,"template":"","format":"standard","meta":{"footnotes":""},"categories":[50],"tags":[870,871],"class_list":["post-5501","post","type-post","status-publish","format-standard","has-post-thumbnail","hentry","category-region","tag-le-1er-novembre-prochain","tag-tlemcen"],"yoast_head":"<!-- This site is optimized with the Yoast SEO Premium plugin v22.6 (Yoast SEO v22.6) - https:\/\/yoast.com\/wordpress\/plugins\/seo\/ -->\n<title>Tlemcen: plus de 230 logements( AADL)seront r\u00e9ceptionn\u00e9s le 1er novembre prochain - El Mawkie<\/title>\n<meta name=\"robots\" content=\"index, follow, max-snippet:-1, max-image-preview:large, max-video-preview:-1\" \/>\n<link rel=\"canonical\" href=\"https:\/\/elmawkie.dz\/fr\/tlemcen-plus-de-230-logements-aadlseront-receptionnes-le-1er-novembre-prochain\/\" \/>\n<meta property=\"og:locale\" content=\"fr_FR\" \/>\n<meta property=\"og:type\" content=\"article\" \/>\n<meta property=\"og:title\" content=\"Tlemcen: plus de 230 logements( AADL)seront r\u00e9ceptionn\u00e9s le 1er novembre prochain\" \/>\n<meta property=\"og:description\" content=\"Deux cents trente trois (233) logements relevant de la formule location-vente pilot\u00e9e par l&rsquo;Agence d&rsquo;am\u00e9lioration et de d\u00e9veloppement du logement (AADL) devront \u00eatre r\u00e9ceptionn\u00e9s, le 1er novembre prochain dans la wilaya de Tlemcen, a annonc\u00e9, dimanche, le wali Youcef Bechlaoui. Le premier responsable de l&rsquo;Ex\u00e9cutif de la wilaya de Tlemcen a indiqu\u00e9, dans une d\u00e9claration &hellip;\" \/>\n<meta property=\"og:url\" content=\"https:\/\/elmawkie.dz\/fr\/tlemcen-plus-de-230-logements-aadlseront-receptionnes-le-1er-novembre-prochain\/\" \/>\n<meta property=\"og:site_name\" content=\"El Mawkie\" \/>\n<meta property=\"article:publisher\" content=\"https:\/\/www.facebook.com\/profile.php?id=100088407094989&amp;locale=fr_FR\" \/>\n<meta property=\"article:published_time\" content=\"2024-10-06T17:17:25+00:00\" \/>\n<meta property=\"og:image\" content=\"https:\/\/elmawkie.dz\/fr\/wp-content\/uploads\/2024\/10\/IMG_2856.jpeg\" \/>\n\t<meta property=\"og:image:width\" content=\"960\" \/>\n\t<meta property=\"og:image:height\" content=\"640\" \/>\n\t<meta property=\"og:image:type\" content=\"image\/jpeg\" \/>\n<meta name=\"author\" content=\"R\u00e9daction\" \/>\n<meta name=\"twitter:card\" content=\"summary_large_image\" \/>\n<meta name=\"twitter:label1\" content=\"Written by\" \/>\n\t<meta name=\"twitter:data1\" content=\"R\u00e9daction\" \/>\n\t<meta name=\"twitter:label2\" content=\"Est. reading time\" \/>\n\t<meta name=\"twitter:data2\" content=\"2 minutes\" \/>\n<script type=\"application\/ld+json\" class=\"yoast-schema-graph\">{\"@context\":\"https:\/\/schema.org\",\"@graph\":[{\"@type\":\"Article\",\"@id\":\"https:\/\/elmawkie.dz\/fr\/tlemcen-plus-de-230-logements-aadlseront-receptionnes-le-1er-novembre-prochain\/#article\",\"isPartOf\":{\"@id\":\"https:\/\/elmawkie.dz\/fr\/tlemcen-plus-de-230-logements-aadlseront-receptionnes-le-1er-novembre-prochain\/\"},\"author\":{\"name\":\"R\u00e9daction\",\"@id\":\"https:\/\/elmawkie.dz\/fr\/#\/schema\/person\/e7bd59d6467874ba5c4723d8a9f0a63c\"},\"headline\":\"Tlemcen: plus de 230 logements( AADL)seront r\u00e9ceptionn\u00e9s le 1er novembre prochain\",\"datePublished\":\"2024-10-06T17:17:25+00:00\",\"dateModified\":\"2024-10-06T17:17:25+00:00\",\"mainEntityOfPage\":{\"@id\":\"https:\/\/elmawkie.dz\/fr\/tlemcen-plus-de-230-logements-aadlseront-receptionnes-le-1er-novembre-prochain\/\"},\"wordCount\":414,\"commentCount\":0,\"publisher\":{\"@id\":\"https:\/\/elmawkie.dz\/fr\/#organization\"},\"image\":{\"@id\":\"https:\/\/elmawkie.dz\/fr\/tlemcen-plus-de-230-logements-aadlseront-receptionnes-le-1er-novembre-prochain\/#primaryimage\"},\"thumbnailUrl\":\"https:\/\/elmawkie.dz\/fr\/wp-content\/uploads\/2024\/10\/IMG_2856.jpeg\",\"keywords\":[\"le 1er novembre prochain\",\"Tlemcen\"],\"articleSection\":[\"R\u00e9gion\"],\"inLanguage\":\"fr-FR\",\"potentialAction\":[{\"@type\":\"CommentAction\",\"name\":\"Comment\",\"target\":[\"https:\/\/elmawkie.dz\/fr\/tlemcen-plus-de-230-logements-aadlseront-receptionnes-le-1er-novembre-prochain\/#respond\"]}]},{\"@type\":\"WebPage\",\"@id\":\"https:\/\/elmawkie.dz\/fr\/tlemcen-plus-de-230-logements-aadlseront-receptionnes-le-1er-novembre-prochain\/\",\"url\":\"https:\/\/elmawkie.dz\/fr\/tlemcen-plus-de-230-logements-aadlseront-receptionnes-le-1er-novembre-prochain\/\",\"name\":\"Tlemcen: plus de 230 logements( AADL)seront r\u00e9ceptionn\u00e9s le 1er novembre prochain - El Mawkie\",\"isPartOf\":{\"@id\":\"https:\/\/elmawkie.dz\/fr\/#website\"},\"primaryImageOfPage\":{\"@id\":\"https:\/\/elmawkie.dz\/fr\/tlemcen-plus-de-230-logements-aadlseront-receptionnes-le-1er-novembre-prochain\/#primaryimage\"},\"image\":{\"@id\":\"https:\/\/elmawkie.dz\/fr\/tlemcen-plus-de-230-logements-aadlseront-receptionnes-le-1er-novembre-prochain\/#primaryimage\"},\"thumbnailUrl\":\"https:\/\/elmawkie.dz\/fr\/wp-content\/uploads\/2024\/10\/IMG_2856.jpeg\",\"datePublished\":\"2024-10-06T17:17:25+00:00\",\"dateModified\":\"2024-10-06T17:17:25+00:00\",\"breadcrumb\":{\"@id\":\"https:\/\/elmawkie.dz\/fr\/tlemcen-plus-de-230-logements-aadlseront-receptionnes-le-1er-novembre-prochain\/#breadcrumb\"},\"inLanguage\":\"fr-FR\",\"potentialAction\":[{\"@type\":\"ReadAction\",\"target\":[\"https:\/\/elmawkie.dz\/fr\/tlemcen-plus-de-230-logements-aadlseront-receptionnes-le-1er-novembre-prochain\/\"]}]},{\"@type\":\"ImageObject\",\"inLanguage\":\"fr-FR\",\"@id\":\"https:\/\/elmawkie.dz\/fr\/tlemcen-plus-de-230-logements-aadlseront-receptionnes-le-1er-novembre-prochain\/#primaryimage\",\"url\":\"https:\/\/elmawkie.dz\/fr\/wp-content\/uploads\/2024\/10\/IMG_2856.jpeg\",\"contentUrl\":\"https:\/\/elmawkie.dz\/fr\/wp-content\/uploads\/2024\/10\/IMG_2856.jpeg\",\"width\":960,\"height\":640},{\"@type\":\"BreadcrumbList\",\"@id\":\"https:\/\/elmawkie.dz\/fr\/tlemcen-plus-de-230-logements-aadlseront-receptionnes-le-1er-novembre-prochain\/#breadcrumb\",\"itemListElement\":[{\"@type\":\"ListItem\",\"position\":1,\"name\":\"Home\",\"item\":\"https:\/\/elmawkie.dz\/fr\/\"},{\"@type\":\"ListItem\",\"position\":2,\"name\":\"Tlemcen: plus de 230 logements( AADL)seront r\u00e9ceptionn\u00e9s le 1er novembre prochain\"}]},{\"@type\":\"WebSite\",\"@id\":\"https:\/\/elmawkie.dz\/fr\/#website\",\"url\":\"https:\/\/elmawkie.dz\/fr\/\",\"name\":\"EL MAWKIE\",\"description\":\"Journal \u00c9lectronique Alg\u00e9rien\",\"publisher\":{\"@id\":\"https:\/\/elmawkie.dz\/fr\/#organization\"},\"potentialAction\":[{\"@type\":\"SearchAction\",\"target\":{\"@type\":\"EntryPoint\",\"urlTemplate\":\"https:\/\/elmawkie.dz\/fr\/?s={search_term_string}\"},\"query-input\":\"required name=search_term_string\"}],\"inLanguage\":\"fr-FR\"},{\"@type\":\"Organization\",\"@id\":\"https:\/\/elmawkie.dz\/fr\/#organization\",\"name\":\"EL MAWKIE\",\"url\":\"https:\/\/elmawkie.dz\/fr\/\",\"logo\":{\"@type\":\"ImageObject\",\"inLanguage\":\"fr-FR\",\"@id\":\"https:\/\/elmawkie.dz\/fr\/#\/schema\/logo\/image\/\",\"url\":\"https:\/\/elmawkie.dz\/fr\/wp-content\/uploads\/2024\/05\/logo1.png\",\"contentUrl\":\"https:\/\/elmawkie.dz\/fr\/wp-content\/uploads\/2024\/05\/logo1.png\",\"width\":1648,\"height\":652,\"caption\":\"EL MAWKIE\"},\"image\":{\"@id\":\"https:\/\/elmawkie.dz\/fr\/#\/schema\/logo\/image\/\"},\"sameAs\":[\"https:\/\/www.facebook.com\/profile.php?id=100088407094989&locale=fr_FR\"]},{\"@type\":\"Person\",\"@id\":\"https:\/\/elmawkie.dz\/fr\/#\/schema\/person\/e7bd59d6467874ba5c4723d8a9f0a63c\",\"name\":\"R\u00e9daction\",\"image\":{\"@type\":\"ImageObject\",\"inLanguage\":\"fr-FR\",\"@id\":\"https:\/\/elmawkie.dz\/fr\/#\/schema\/person\/image\/\",\"url\":\"https:\/\/secure.gravatar.com\/avatar\/f0f773456344da4d2788c054a3d30a0c?s=96&d=mm&r=g\",\"contentUrl\":\"https:\/\/secure.gravatar.com\/avatar\/f0f773456344da4d2788c054a3d30a0c?s=96&d=mm&r=g\",\"caption\":\"R\u00e9daction\"},\"url\":\"https:\/\/elmawkie.dz\/fr\/author\/redaction\/\"}]}<\/script>\n<!-- \/ Yoast SEO Premium plugin. -->","yoast_head_json":{"title":"Tlemcen: plus de 230 logements( AADL)seront r\u00e9ceptionn\u00e9s le 1er novembre prochain - El Mawkie","robots":{"index":"index","follow":"follow","max-snippet":"max-snippet:-1","max-image-preview":"max-image-preview:large","max-video-preview":"max-video-preview:-1"},"canonical":"https:\/\/elmawkie.dz\/fr\/tlemcen-plus-de-230-logements-aadlseront-receptionnes-le-1er-novembre-prochain\/","og_locale":"fr_FR","og_type":"article","og_title":"Tlemcen: plus de 230 logements( AADL)seront r\u00e9ceptionn\u00e9s le 1er novembre prochain","og_description":"Deux cents trente trois (233) logements relevant de la formule location-vente pilot\u00e9e par l&rsquo;Agence d&rsquo;am\u00e9lioration et de d\u00e9veloppement du logement (AADL) devront \u00eatre r\u00e9ceptionn\u00e9s, le 1er novembre prochain dans la wilaya de Tlemcen, a annonc\u00e9, dimanche, le wali Youcef Bechlaoui. Le premier responsable de l&rsquo;Ex\u00e9cutif de la wilaya de Tlemcen a indiqu\u00e9, dans une d\u00e9claration &hellip;","og_url":"https:\/\/elmawkie.dz\/fr\/tlemcen-plus-de-230-logements-aadlseront-receptionnes-le-1er-novembre-prochain\/","og_site_name":"El Mawkie","article_publisher":"https:\/\/www.facebook.com\/profile.php?id=100088407094989&locale=fr_FR","article_published_time":"2024-10-06T17:17:25+00:00","og_image":[{"width":960,"height":640,"url":"https:\/\/elmawkie.dz\/fr\/wp-content\/uploads\/2024\/10\/IMG_2856.jpeg","type":"image\/jpeg"}],"author":"R\u00e9daction","twitter_card":"summary_large_image","twitter_misc":{"Written by":"R\u00e9daction","Est. reading time":"2 minutes"},"schema":{"@context":"https:\/\/schema.org","@graph":[{"@type":"Article","@id":"https:\/\/elmawkie.dz\/fr\/tlemcen-plus-de-230-logements-aadlseront-receptionnes-le-1er-novembre-prochain\/#article","isPartOf":{"@id":"https:\/\/elmawkie.dz\/fr\/tlemcen-plus-de-230-logements-aadlseront-receptionnes-le-1er-novembre-prochain\/"},"author":{"name":"R\u00e9daction","@id":"https:\/\/elmawkie.dz\/fr\/#\/schema\/person\/e7bd59d6467874ba5c4723d8a9f0a63c"},"headline":"Tlemcen: plus de 230 logements( AADL)seront r\u00e9ceptionn\u00e9s le 1er novembre prochain","datePublished":"2024-10-06T17:17:25+00:00","dateModified":"2024-10-06T17:17:25+00:00","mainEntityOfPage":{"@id":"https:\/\/elmawkie.dz\/fr\/tlemcen-plus-de-230-logements-aadlseront-receptionnes-le-1er-novembre-prochain\/"},"wordCount":414,"commentCount":0,"publisher":{"@id":"https:\/\/elmawkie.dz\/fr\/#organization"},"image":{"@id":"https:\/\/elmawkie.dz\/fr\/tlemcen-plus-de-230-logements-aadlseront-receptionnes-le-1er-novembre-prochain\/#primaryimage"},"thumbnailUrl":"https:\/\/elmawkie.dz\/fr\/wp-content\/uploads\/2024\/10\/IMG_2856.jpeg","keywords":["le 1er novembre prochain","Tlemcen"],"articleSection":["R\u00e9gion"],"inLanguage":"fr-FR","potentialAction":[{"@type":"CommentAction","name":"Comment","target":["https:\/\/elmawkie.dz\/fr\/tlemcen-plus-de-230-logements-aadlseront-receptionnes-le-1er-novembre-prochain\/#respond"]}]},{"@type":"WebPage","@id":"https:\/\/elmawkie.dz\/fr\/tlemcen-plus-de-230-logements-aadlseront-receptionnes-le-1er-novembre-prochain\/","url":"https:\/\/elmawkie.dz\/fr\/tlemcen-plus-de-230-logements-aadlseront-receptionnes-le-1er-novembre-prochain\/","name":"Tlemcen: plus de 230 logements( AADL)seront r\u00e9ceptionn\u00e9s le 1er novembre prochain - El Mawkie","isPartOf":{"@id":"https:\/\/elmawkie.dz\/fr\/#website"},"primaryImageOfPage":{"@id":"https:\/\/elmawkie.dz\/fr\/tlemcen-plus-de-230-logements-aadlseront-receptionnes-le-1er-novembre-prochain\/#primaryimage"},"image":{"@id":"https:\/\/elmawkie.dz\/fr\/tlemcen-plus-de-230-logements-aadlseront-receptionnes-le-1er-novembre-prochain\/#primaryimage"},"thumbnailUrl":"https:\/\/elmawkie.dz\/fr\/wp-content\/uploads\/2024\/10\/IMG_2856.jpeg","datePublished":"2024-10-06T17:17:25+00:00","dateModified":"2024-10-06T17:17:25+00:00","breadcrumb":{"@id":"https:\/\/elmawkie.dz\/fr\/tlemcen-plus-de-230-logements-aadlseront-receptionnes-le-1er-novembre-prochain\/#breadcrumb"},"inLanguage":"fr-FR","potentialAction":[{"@type":"ReadAction","target":["https:\/\/elmawkie.dz\/fr\/tlemcen-plus-de-230-logements-aadlseront-receptionnes-le-1er-novembre-prochain\/"]}]},{"@type":"ImageObject","inLanguage":"fr-FR","@id":"https:\/\/elmawkie.dz\/fr\/tlemcen-plus-de-230-logements-aadlseront-receptionnes-le-1er-novembre-prochain\/#primaryimage","url":"https:\/\/elmawkie.dz\/fr\/wp-content\/uploads\/2024\/10\/IMG_2856.jpeg","contentUrl":"https:\/\/elmawkie.dz\/fr\/wp-content\/uploads\/2024\/10\/IMG_2856.jpeg","width":960,"height":640},{"@type":"BreadcrumbList","@id":"https:\/\/elmawkie.dz\/fr\/tlemcen-plus-de-230-logements-aadlseront-receptionnes-le-1er-novembre-prochain\/#breadcrumb","itemListElement":[{"@type":"ListItem","position":1,"name":"Home","item":"https:\/\/elmawkie.dz\/fr\/"},{"@type":"ListItem","position":2,"name":"Tlemcen: plus de 230 logements( AADL)seront r\u00e9ceptionn\u00e9s le 1er novembre prochain"}]},{"@type":"WebSite","@id":"https:\/\/elmawkie.dz\/fr\/#website","url":"https:\/\/elmawkie.dz\/fr\/","name":"EL MAWKIE","description":"Journal \u00c9lectronique Alg\u00e9rien","publisher":{"@id":"https:\/\/elmawkie.dz\/fr\/#organization"},"potentialAction":[{"@type":"SearchAction","target":{"@type":"EntryPoint","urlTemplate":"https:\/\/elmawkie.dz\/fr\/?s={search_term_string}"},"query-input":"required name=search_term_string"}],"inLanguage":"fr-FR"},{"@type":"Organization","@id":"https:\/\/elmawkie.dz\/fr\/#organization","name":"EL MAWKIE","url":"https:\/\/elmawkie.dz\/fr\/","logo":{"@type":"ImageObject","inLanguage":"fr-FR","@id":"https:\/\/elmawkie.dz\/fr\/#\/schema\/logo\/image\/","url":"https:\/\/elmawkie.dz\/fr\/wp-content\/uploads\/2024\/05\/logo1.png","contentUrl":"https:\/\/elmawkie.dz\/fr\/wp-content\/uploads\/2024\/05\/logo1.png","width":1648,"height":652,"caption":"EL MAWKIE"},"image":{"@id":"https:\/\/elmawkie.dz\/fr\/#\/schema\/logo\/image\/"},"sameAs":["https:\/\/www.facebook.com\/profile.php?id=100088407094989&locale=fr_FR"]},{"@type":"Person","@id":"https:\/\/elmawkie.dz\/fr\/#\/schema\/person\/e7bd59d6467874ba5c4723d8a9f0a63c","name":"R\u00e9daction","image":{"@type":"ImageObject","inLanguage":"fr-FR","@id":"https:\/\/elmawkie.dz\/fr\/#\/schema\/person\/image\/","url":"https:\/\/secure.gravatar.com\/avatar\/f0f773456344da4d2788c054a3d30a0c?s=96&d=mm&r=g","contentUrl":"https:\/\/secure.gravatar.com\/avatar\/f0f773456344da4d2788c054a3d30a0c?s=96&d=mm&r=g","caption":"R\u00e9daction"},"url":"https:\/\/elmawkie.dz\/fr\/author\/redaction\/"}]}},"_links":{"self":[{"href":"https:\/\/elmawkie.dz\/fr\/wp-json\/wp\/v2\/posts\/5501","targetHints":{"allow":["GET"]}}],"collection":[{"href":"https:\/\/elmawkie.dz\/fr\/wp-json\/wp\/v2\/posts"}],"about":[{"href":"https:\/\/elmawkie.dz\/fr\/wp-json\/wp\/v2\/types\/post"}],"author":[{"embeddable":true,"href":"https:\/\/elmawkie.dz\/fr\/wp-json\/wp\/v2\/users\/9"}],"replies":[{"embeddable":true,"href":"https:\/\/elmawkie.dz\/fr\/wp-json\/wp\/v2\/comments?post=5501"}],"version-history":[{"count":0,"href":"https:\/\/elmawkie.dz\/fr\/wp-json\/wp\/v2\/posts\/5501\/revisions"}],"wp:featuredmedia":[{"embeddable":true,"href":"https:\/\/elmawkie.dz\/fr\/wp-json\/wp\/v2\/media\/5502"}],"wp:attachment":[{"href":"https:\/\/elmawkie.dz\/fr\/wp-json\/wp\/v2\/media?parent=5501"}],"wp:term":[{"taxonomy":"category","embeddable":true,"href":"https:\/\/elmawkie.dz\/fr\/wp-json\/wp\/v2\/categories?post=5501"},{"taxonomy":"post_tag","embeddable":true,"href":"https:\/\/elmawkie.dz\/fr\/wp-json\/wp\/v2\/tags?post=5501"}],"curies":[{"name":"wp","href":"https:\/\/api.w.org\/{rel}","templated":true}]}}