{"id":54929,"date":"2025-08-10T22:32:00","date_gmt":"2025-08-10T21:32:00","guid":{"rendered":"https:\/\/elmawkie.dz\/fr\/?p=54929"},"modified":"2025-08-10T22:32:01","modified_gmt":"2025-08-10T21:32:01","slug":"chute-mortelle-du-haut-dun-batiment-en-construction-a-tizi-ouzou","status":"publish","type":"post","link":"https:\/\/elmawkie.dz\/fr\/chute-mortelle-du-haut-dun-batiment-en-construction-a-tizi-ouzou\/","title":{"rendered":"Chute mortelle du haut d&rsquo;un b\u00e2timent en construction \u00e0\u00a0Tizi-Ouzou"},"content":{"rendered":"\n<p>Un ouvrier est d\u00e9c\u00e9d\u00e9 dimanche apr\u00e8s avoir fait une chute du haut d&rsquo;un b\u00e2timent en construction dans le village d&rsquo;Imaloucene, relevant de la commune de Timizart, \u00e0 30 km \u00e0 l&rsquo;est de Tizi-Ouzou, a-t-on appris aupr\u00e8s de la Protection civile. La victime \u00e2g\u00e9e de 43 ans n&rsquo;a pas surv\u00e9cu \u00e0 ses blessures graves. Les \u00e9l\u00e9ments de l&rsquo;unit\u00e9 secondaire de la Protection civile d&rsquo;Azazga, sont intervenus pour transporter et d\u00e9poser son corps \u00e0 la morgue de l&rsquo;h\u00f4pital d&rsquo;Azazga. Une enqu\u00eate a \u00e9t\u00e9 ouverte par les services comp\u00e9tents pour d\u00e9terminer les circonstances exactes du drame<\/p>\n","protected":false},"excerpt":{"rendered":"<p>Un ouvrier est d\u00e9c\u00e9d\u00e9 dimanche apr\u00e8s avoir fait une chute du haut d&rsquo;un b\u00e2timent en construction dans le village d&rsquo;Imaloucene, relevant de la commune de Timizart, \u00e0 30 km \u00e0 l&rsquo;est de Tizi-Ouzou, a-t-on appris aupr\u00e8s de la Protection civile. La victime \u00e2g\u00e9e de 43 ans n&rsquo;a pas surv\u00e9cu \u00e0 ses blessures graves. Les \u00e9l\u00e9ments &hellip;<\/p>\n","protected":false},"author":9,"featured_media":54931,"comment_status":"open","ping_status":"open","sticky":false,"template":"","format":"standard","meta":{"footnotes":""},"categories":[51],"tags":[4765,149,993],"class_list":["post-54929","post","type-post","status-publish","format-standard","has-post-thumbnail","hentry","category-societe","tag-chute-mortelle","tag-protection-civile","tag-tizi-ouzou"],"yoast_head":"<!-- This site is optimized with the Yoast SEO Premium plugin v22.6 (Yoast SEO v22.6) - https:\/\/yoast.com\/wordpress\/plugins\/seo\/ -->\n<title>Chute mortelle du haut d&#039;un b\u00e2timent en construction \u00e0\u00a0Tizi-Ouzou - El Mawkie<\/title>\n<meta name=\"robots\" content=\"index, follow, max-snippet:-1, max-image-preview:large, max-video-preview:-1\" \/>\n<link rel=\"canonical\" href=\"https:\/\/elmawkie.dz\/fr\/chute-mortelle-du-haut-dun-batiment-en-construction-a-tizi-ouzou\/\" \/>\n<meta property=\"og:locale\" content=\"fr_FR\" \/>\n<meta property=\"og:type\" content=\"article\" \/>\n<meta property=\"og:title\" content=\"Chute mortelle du haut d&#039;un b\u00e2timent en construction \u00e0\u00a0Tizi-Ouzou\" \/>\n<meta property=\"og:description\" content=\"Un ouvrier est d\u00e9c\u00e9d\u00e9 dimanche apr\u00e8s avoir fait une chute du haut d&rsquo;un b\u00e2timent en construction dans le village d&rsquo;Imaloucene, relevant de la commune de Timizart, \u00e0 30 km \u00e0 l&rsquo;est de Tizi-Ouzou, a-t-on appris aupr\u00e8s de la Protection civile. La victime \u00e2g\u00e9e de 43 ans n&rsquo;a pas surv\u00e9cu \u00e0 ses blessures graves. Les \u00e9l\u00e9ments &hellip;\" \/>\n<meta property=\"og:url\" content=\"https:\/\/elmawkie.dz\/fr\/chute-mortelle-du-haut-dun-batiment-en-construction-a-tizi-ouzou\/\" \/>\n<meta property=\"og:site_name\" content=\"El Mawkie\" \/>\n<meta property=\"article:publisher\" content=\"https:\/\/www.facebook.com\/profile.php?id=100088407094989&amp;locale=fr_FR\" \/>\n<meta property=\"article:published_time\" content=\"2025-08-10T21:32:00+00:00\" \/>\n<meta property=\"article:modified_time\" content=\"2025-08-10T21:32:01+00:00\" \/>\n<meta property=\"og:image\" content=\"https:\/\/elmawkie.dz\/fr\/wp-content\/uploads\/2025\/08\/IMG_2601.jpeg\" \/>\n\t<meta property=\"og:image:width\" content=\"744\" \/>\n\t<meta property=\"og:image:height\" content=\"412\" \/>\n\t<meta property=\"og:image:type\" content=\"image\/jpeg\" \/>\n<meta name=\"author\" content=\"R\u00e9daction\" \/>\n<meta name=\"twitter:card\" content=\"summary_large_image\" \/>\n<meta name=\"twitter:label1\" content=\"Written by\" \/>\n\t<meta name=\"twitter:data1\" content=\"R\u00e9daction\" \/>\n\t<meta name=\"twitter:label2\" content=\"Est. reading time\" \/>\n\t<meta name=\"twitter:data2\" content=\"1 minute\" \/>\n<script type=\"application\/ld+json\" class=\"yoast-schema-graph\">{\"@context\":\"https:\/\/schema.org\",\"@graph\":[{\"@type\":\"Article\",\"@id\":\"https:\/\/elmawkie.dz\/fr\/chute-mortelle-du-haut-dun-batiment-en-construction-a-tizi-ouzou\/#article\",\"isPartOf\":{\"@id\":\"https:\/\/elmawkie.dz\/fr\/chute-mortelle-du-haut-dun-batiment-en-construction-a-tizi-ouzou\/\"},\"author\":{\"name\":\"R\u00e9daction\",\"@id\":\"https:\/\/elmawkie.dz\/fr\/#\/schema\/person\/e7bd59d6467874ba5c4723d8a9f0a63c\"},\"headline\":\"Chute mortelle du haut d&rsquo;un b\u00e2timent en construction \u00e0\u00a0Tizi-Ouzou\",\"datePublished\":\"2025-08-10T21:32:00+00:00\",\"dateModified\":\"2025-08-10T21:32:01+00:00\",\"mainEntityOfPage\":{\"@id\":\"https:\/\/elmawkie.dz\/fr\/chute-mortelle-du-haut-dun-batiment-en-construction-a-tizi-ouzou\/\"},\"wordCount\":119,\"commentCount\":0,\"publisher\":{\"@id\":\"https:\/\/elmawkie.dz\/fr\/#organization\"},\"image\":{\"@id\":\"https:\/\/elmawkie.dz\/fr\/chute-mortelle-du-haut-dun-batiment-en-construction-a-tizi-ouzou\/#primaryimage\"},\"thumbnailUrl\":\"https:\/\/elmawkie.dz\/fr\/wp-content\/uploads\/2025\/08\/IMG_2601.jpeg\",\"keywords\":[\"Chute mortelle\",\"Protection civile\",\"Tizi-Ouzou\"],\"articleSection\":[\"Soci\u00e9t\u00e9\"],\"inLanguage\":\"fr-FR\",\"potentialAction\":[{\"@type\":\"CommentAction\",\"name\":\"Comment\",\"target\":[\"https:\/\/elmawkie.dz\/fr\/chute-mortelle-du-haut-dun-batiment-en-construction-a-tizi-ouzou\/#respond\"]}]},{\"@type\":\"WebPage\",\"@id\":\"https:\/\/elmawkie.dz\/fr\/chute-mortelle-du-haut-dun-batiment-en-construction-a-tizi-ouzou\/\",\"url\":\"https:\/\/elmawkie.dz\/fr\/chute-mortelle-du-haut-dun-batiment-en-construction-a-tizi-ouzou\/\",\"name\":\"Chute mortelle du haut d'un b\u00e2timent en construction \u00e0\u00a0Tizi-Ouzou - El Mawkie\",\"isPartOf\":{\"@id\":\"https:\/\/elmawkie.dz\/fr\/#website\"},\"primaryImageOfPage\":{\"@id\":\"https:\/\/elmawkie.dz\/fr\/chute-mortelle-du-haut-dun-batiment-en-construction-a-tizi-ouzou\/#primaryimage\"},\"image\":{\"@id\":\"https:\/\/elmawkie.dz\/fr\/chute-mortelle-du-haut-dun-batiment-en-construction-a-tizi-ouzou\/#primaryimage\"},\"thumbnailUrl\":\"https:\/\/elmawkie.dz\/fr\/wp-content\/uploads\/2025\/08\/IMG_2601.jpeg\",\"datePublished\":\"2025-08-10T21:32:00+00:00\",\"dateModified\":\"2025-08-10T21:32:01+00:00\",\"breadcrumb\":{\"@id\":\"https:\/\/elmawkie.dz\/fr\/chute-mortelle-du-haut-dun-batiment-en-construction-a-tizi-ouzou\/#breadcrumb\"},\"inLanguage\":\"fr-FR\",\"potentialAction\":[{\"@type\":\"ReadAction\",\"target\":[\"https:\/\/elmawkie.dz\/fr\/chute-mortelle-du-haut-dun-batiment-en-construction-a-tizi-ouzou\/\"]}]},{\"@type\":\"ImageObject\",\"inLanguage\":\"fr-FR\",\"@id\":\"https:\/\/elmawkie.dz\/fr\/chute-mortelle-du-haut-dun-batiment-en-construction-a-tizi-ouzou\/#primaryimage\",\"url\":\"https:\/\/elmawkie.dz\/fr\/wp-content\/uploads\/2025\/08\/IMG_2601.jpeg\",\"contentUrl\":\"https:\/\/elmawkie.dz\/fr\/wp-content\/uploads\/2025\/08\/IMG_2601.jpeg\",\"width\":744,\"height\":412},{\"@type\":\"BreadcrumbList\",\"@id\":\"https:\/\/elmawkie.dz\/fr\/chute-mortelle-du-haut-dun-batiment-en-construction-a-tizi-ouzou\/#breadcrumb\",\"itemListElement\":[{\"@type\":\"ListItem\",\"position\":1,\"name\":\"Home\",\"item\":\"https:\/\/elmawkie.dz\/fr\/\"},{\"@type\":\"ListItem\",\"position\":2,\"name\":\"Chute mortelle du haut d&rsquo;un b\u00e2timent en construction \u00e0\u00a0Tizi-Ouzou\"}]},{\"@type\":\"WebSite\",\"@id\":\"https:\/\/elmawkie.dz\/fr\/#website\",\"url\":\"https:\/\/elmawkie.dz\/fr\/\",\"name\":\"EL MAWKIE\",\"description\":\"Journal \u00c9lectronique Alg\u00e9rien\",\"publisher\":{\"@id\":\"https:\/\/elmawkie.dz\/fr\/#organization\"},\"potentialAction\":[{\"@type\":\"SearchAction\",\"target\":{\"@type\":\"EntryPoint\",\"urlTemplate\":\"https:\/\/elmawkie.dz\/fr\/?s={search_term_string}\"},\"query-input\":\"required name=search_term_string\"}],\"inLanguage\":\"fr-FR\"},{\"@type\":\"Organization\",\"@id\":\"https:\/\/elmawkie.dz\/fr\/#organization\",\"name\":\"EL MAWKIE\",\"url\":\"https:\/\/elmawkie.dz\/fr\/\",\"logo\":{\"@type\":\"ImageObject\",\"inLanguage\":\"fr-FR\",\"@id\":\"https:\/\/elmawkie.dz\/fr\/#\/schema\/logo\/image\/\",\"url\":\"https:\/\/elmawkie.dz\/fr\/wp-content\/uploads\/2024\/05\/logo1.png\",\"contentUrl\":\"https:\/\/elmawkie.dz\/fr\/wp-content\/uploads\/2024\/05\/logo1.png\",\"width\":1648,\"height\":652,\"caption\":\"EL MAWKIE\"},\"image\":{\"@id\":\"https:\/\/elmawkie.dz\/fr\/#\/schema\/logo\/image\/\"},\"sameAs\":[\"https:\/\/www.facebook.com\/profile.php?id=100088407094989&locale=fr_FR\"]},{\"@type\":\"Person\",\"@id\":\"https:\/\/elmawkie.dz\/fr\/#\/schema\/person\/e7bd59d6467874ba5c4723d8a9f0a63c\",\"name\":\"R\u00e9daction\",\"image\":{\"@type\":\"ImageObject\",\"inLanguage\":\"fr-FR\",\"@id\":\"https:\/\/elmawkie.dz\/fr\/#\/schema\/person\/image\/\",\"url\":\"https:\/\/secure.gravatar.com\/avatar\/f0f773456344da4d2788c054a3d30a0c?s=96&d=mm&r=g\",\"contentUrl\":\"https:\/\/secure.gravatar.com\/avatar\/f0f773456344da4d2788c054a3d30a0c?s=96&d=mm&r=g\",\"caption\":\"R\u00e9daction\"},\"url\":\"https:\/\/elmawkie.dz\/fr\/author\/redaction\/\"}]}<\/script>\n<!-- \/ Yoast SEO Premium plugin. -->","yoast_head_json":{"title":"Chute mortelle du haut d'un b\u00e2timent en construction \u00e0\u00a0Tizi-Ouzou - El Mawkie","robots":{"index":"index","follow":"follow","max-snippet":"max-snippet:-1","max-image-preview":"max-image-preview:large","max-video-preview":"max-video-preview:-1"},"canonical":"https:\/\/elmawkie.dz\/fr\/chute-mortelle-du-haut-dun-batiment-en-construction-a-tizi-ouzou\/","og_locale":"fr_FR","og_type":"article","og_title":"Chute mortelle du haut d'un b\u00e2timent en construction \u00e0\u00a0Tizi-Ouzou","og_description":"Un ouvrier est d\u00e9c\u00e9d\u00e9 dimanche apr\u00e8s avoir fait une chute du haut d&rsquo;un b\u00e2timent en construction dans le village d&rsquo;Imaloucene, relevant de la commune de Timizart, \u00e0 30 km \u00e0 l&rsquo;est de Tizi-Ouzou, a-t-on appris aupr\u00e8s de la Protection civile. La victime \u00e2g\u00e9e de 43 ans n&rsquo;a pas surv\u00e9cu \u00e0 ses blessures graves. Les \u00e9l\u00e9ments &hellip;","og_url":"https:\/\/elmawkie.dz\/fr\/chute-mortelle-du-haut-dun-batiment-en-construction-a-tizi-ouzou\/","og_site_name":"El Mawkie","article_publisher":"https:\/\/www.facebook.com\/profile.php?id=100088407094989&locale=fr_FR","article_published_time":"2025-08-10T21:32:00+00:00","article_modified_time":"2025-08-10T21:32:01+00:00","og_image":[{"width":744,"height":412,"url":"https:\/\/elmawkie.dz\/fr\/wp-content\/uploads\/2025\/08\/IMG_2601.jpeg","type":"image\/jpeg"}],"author":"R\u00e9daction","twitter_card":"summary_large_image","twitter_misc":{"Written by":"R\u00e9daction","Est. reading time":"1 minute"},"schema":{"@context":"https:\/\/schema.org","@graph":[{"@type":"Article","@id":"https:\/\/elmawkie.dz\/fr\/chute-mortelle-du-haut-dun-batiment-en-construction-a-tizi-ouzou\/#article","isPartOf":{"@id":"https:\/\/elmawkie.dz\/fr\/chute-mortelle-du-haut-dun-batiment-en-construction-a-tizi-ouzou\/"},"author":{"name":"R\u00e9daction","@id":"https:\/\/elmawkie.dz\/fr\/#\/schema\/person\/e7bd59d6467874ba5c4723d8a9f0a63c"},"headline":"Chute mortelle du haut d&rsquo;un b\u00e2timent en construction \u00e0\u00a0Tizi-Ouzou","datePublished":"2025-08-10T21:32:00+00:00","dateModified":"2025-08-10T21:32:01+00:00","mainEntityOfPage":{"@id":"https:\/\/elmawkie.dz\/fr\/chute-mortelle-du-haut-dun-batiment-en-construction-a-tizi-ouzou\/"},"wordCount":119,"commentCount":0,"publisher":{"@id":"https:\/\/elmawkie.dz\/fr\/#organization"},"image":{"@id":"https:\/\/elmawkie.dz\/fr\/chute-mortelle-du-haut-dun-batiment-en-construction-a-tizi-ouzou\/#primaryimage"},"thumbnailUrl":"https:\/\/elmawkie.dz\/fr\/wp-content\/uploads\/2025\/08\/IMG_2601.jpeg","keywords":["Chute mortelle","Protection civile","Tizi-Ouzou"],"articleSection":["Soci\u00e9t\u00e9"],"inLanguage":"fr-FR","potentialAction":[{"@type":"CommentAction","name":"Comment","target":["https:\/\/elmawkie.dz\/fr\/chute-mortelle-du-haut-dun-batiment-en-construction-a-tizi-ouzou\/#respond"]}]},{"@type":"WebPage","@id":"https:\/\/elmawkie.dz\/fr\/chute-mortelle-du-haut-dun-batiment-en-construction-a-tizi-ouzou\/","url":"https:\/\/elmawkie.dz\/fr\/chute-mortelle-du-haut-dun-batiment-en-construction-a-tizi-ouzou\/","name":"Chute mortelle du haut d'un b\u00e2timent en construction \u00e0\u00a0Tizi-Ouzou - El Mawkie","isPartOf":{"@id":"https:\/\/elmawkie.dz\/fr\/#website"},"primaryImageOfPage":{"@id":"https:\/\/elmawkie.dz\/fr\/chute-mortelle-du-haut-dun-batiment-en-construction-a-tizi-ouzou\/#primaryimage"},"image":{"@id":"https:\/\/elmawkie.dz\/fr\/chute-mortelle-du-haut-dun-batiment-en-construction-a-tizi-ouzou\/#primaryimage"},"thumbnailUrl":"https:\/\/elmawkie.dz\/fr\/wp-content\/uploads\/2025\/08\/IMG_2601.jpeg","datePublished":"2025-08-10T21:32:00+00:00","dateModified":"2025-08-10T21:32:01+00:00","breadcrumb":{"@id":"https:\/\/elmawkie.dz\/fr\/chute-mortelle-du-haut-dun-batiment-en-construction-a-tizi-ouzou\/#breadcrumb"},"inLanguage":"fr-FR","potentialAction":[{"@type":"ReadAction","target":["https:\/\/elmawkie.dz\/fr\/chute-mortelle-du-haut-dun-batiment-en-construction-a-tizi-ouzou\/"]}]},{"@type":"ImageObject","inLanguage":"fr-FR","@id":"https:\/\/elmawkie.dz\/fr\/chute-mortelle-du-haut-dun-batiment-en-construction-a-tizi-ouzou\/#primaryimage","url":"https:\/\/elmawkie.dz\/fr\/wp-content\/uploads\/2025\/08\/IMG_2601.jpeg","contentUrl":"https:\/\/elmawkie.dz\/fr\/wp-content\/uploads\/2025\/08\/IMG_2601.jpeg","width":744,"height":412},{"@type":"BreadcrumbList","@id":"https:\/\/elmawkie.dz\/fr\/chute-mortelle-du-haut-dun-batiment-en-construction-a-tizi-ouzou\/#breadcrumb","itemListElement":[{"@type":"ListItem","position":1,"name":"Home","item":"https:\/\/elmawkie.dz\/fr\/"},{"@type":"ListItem","position":2,"name":"Chute mortelle du haut d&rsquo;un b\u00e2timent en construction \u00e0\u00a0Tizi-Ouzou"}]},{"@type":"WebSite","@id":"https:\/\/elmawkie.dz\/fr\/#website","url":"https:\/\/elmawkie.dz\/fr\/","name":"EL MAWKIE","description":"Journal \u00c9lectronique Alg\u00e9rien","publisher":{"@id":"https:\/\/elmawkie.dz\/fr\/#organization"},"potentialAction":[{"@type":"SearchAction","target":{"@type":"EntryPoint","urlTemplate":"https:\/\/elmawkie.dz\/fr\/?s={search_term_string}"},"query-input":"required name=search_term_string"}],"inLanguage":"fr-FR"},{"@type":"Organization","@id":"https:\/\/elmawkie.dz\/fr\/#organization","name":"EL MAWKIE","url":"https:\/\/elmawkie.dz\/fr\/","logo":{"@type":"ImageObject","inLanguage":"fr-FR","@id":"https:\/\/elmawkie.dz\/fr\/#\/schema\/logo\/image\/","url":"https:\/\/elmawkie.dz\/fr\/wp-content\/uploads\/2024\/05\/logo1.png","contentUrl":"https:\/\/elmawkie.dz\/fr\/wp-content\/uploads\/2024\/05\/logo1.png","width":1648,"height":652,"caption":"EL MAWKIE"},"image":{"@id":"https:\/\/elmawkie.dz\/fr\/#\/schema\/logo\/image\/"},"sameAs":["https:\/\/www.facebook.com\/profile.php?id=100088407094989&locale=fr_FR"]},{"@type":"Person","@id":"https:\/\/elmawkie.dz\/fr\/#\/schema\/person\/e7bd59d6467874ba5c4723d8a9f0a63c","name":"R\u00e9daction","image":{"@type":"ImageObject","inLanguage":"fr-FR","@id":"https:\/\/elmawkie.dz\/fr\/#\/schema\/person\/image\/","url":"https:\/\/secure.gravatar.com\/avatar\/f0f773456344da4d2788c054a3d30a0c?s=96&d=mm&r=g","contentUrl":"https:\/\/secure.gravatar.com\/avatar\/f0f773456344da4d2788c054a3d30a0c?s=96&d=mm&r=g","caption":"R\u00e9daction"},"url":"https:\/\/elmawkie.dz\/fr\/author\/redaction\/"}]}},"_links":{"self":[{"href":"https:\/\/elmawkie.dz\/fr\/wp-json\/wp\/v2\/posts\/54929","targetHints":{"allow":["GET"]}}],"collection":[{"href":"https:\/\/elmawkie.dz\/fr\/wp-json\/wp\/v2\/posts"}],"about":[{"href":"https:\/\/elmawkie.dz\/fr\/wp-json\/wp\/v2\/types\/post"}],"author":[{"embeddable":true,"href":"https:\/\/elmawkie.dz\/fr\/wp-json\/wp\/v2\/users\/9"}],"replies":[{"embeddable":true,"href":"https:\/\/elmawkie.dz\/fr\/wp-json\/wp\/v2\/comments?post=54929"}],"version-history":[{"count":1,"href":"https:\/\/elmawkie.dz\/fr\/wp-json\/wp\/v2\/posts\/54929\/revisions"}],"predecessor-version":[{"id":54932,"href":"https:\/\/elmawkie.dz\/fr\/wp-json\/wp\/v2\/posts\/54929\/revisions\/54932"}],"wp:featuredmedia":[{"embeddable":true,"href":"https:\/\/elmawkie.dz\/fr\/wp-json\/wp\/v2\/media\/54931"}],"wp:attachment":[{"href":"https:\/\/elmawkie.dz\/fr\/wp-json\/wp\/v2\/media?parent=54929"}],"wp:term":[{"taxonomy":"category","embeddable":true,"href":"https:\/\/elmawkie.dz\/fr\/wp-json\/wp\/v2\/categories?post=54929"},{"taxonomy":"post_tag","embeddable":true,"href":"https:\/\/elmawkie.dz\/fr\/wp-json\/wp\/v2\/tags?post=54929"}],"curies":[{"name":"wp","href":"https:\/\/api.w.org\/{rel}","templated":true}]}}