{"id":54897,"date":"2025-08-10T16:10:27","date_gmt":"2025-08-10T15:10:27","guid":{"rendered":"https:\/\/elmawkie.dz\/fr\/?p=54897"},"modified":"2025-08-10T16:10:28","modified_gmt":"2025-08-10T15:10:28","slug":"rentree-sociale-mme-mouloudji-preside-une-reunion-de-coordination","status":"publish","type":"post","link":"https:\/\/elmawkie.dz\/fr\/rentree-sociale-mme-mouloudji-preside-une-reunion-de-coordination\/","title":{"rendered":"Rentr\u00e9e sociale : Mme Mouloudji pr\u00e9side une r\u00e9union de coordination"},"content":{"rendered":"\n<p>La ministre de la Solidarit\u00e9 nationale, de la Famille et de la Condition de la femme, Mme Soraya Mouloudji, a pr\u00e9sid\u00e9, dimanche, au si\u00e8ge du minist\u00e8re, une r\u00e9union de coordination consacr\u00e9e aux pr\u00e9paratifs en cours de la rentr\u00e9e sociale et scolaire, et ce dans le cadre du suivi p\u00e9riodique des programmes et projets du secteur, indique un communiqu\u00e9 du minist\u00e8re. Un expos\u00e9 sur les pr\u00e9paratifs en cours de la rentr\u00e9e sociale et scolaire 2025-2026 a \u00e9t\u00e9 pr\u00e9sent\u00e9 \u00e0 l&rsquo;entame de la r\u00e9union. A cette occasion, l&rsquo;accent a \u00e9t\u00e9 mis sur \u00ab\u00a0l&rsquo;importance de garantir la disponibilit\u00e9 de tous les m\u00e9canismes et programmes destin\u00e9s \u00e0 accompagner les b\u00e9n\u00e9ficiaires des programmes du secteur, notamment ceux des zones int\u00e9rieures et rurales, afin d&rsquo;assurer l&rsquo;\u00e9galit\u00e9 des chances pour les enfants issus des familles n\u00e9cessiteuses et de garantir leur scolarisation dans les meilleures conditions\u00a0\u00bb, pr\u00e9cise la m\u00eame source. Mme Mouloudji a mis en avant \u00ab\u00a0la n\u00e9cessit\u00e9 d&rsquo;une coordination \u00e9troite\u00a0\u00bb avec les diff\u00e9rents secteurs concern\u00e9s en vue de r\u00e9unir toutes les conditions mat\u00e9rielles et p\u00e9dagogiques n\u00e9cessaires avant la date de la rentr\u00e9e scolaire. Cette r\u00e9union s&rsquo;inscrit dans le cadre de \u00ab\u00a0l&rsquo;engagement de la ministre \u00e0 assurer un suivi minutieux et sur le terrain de tous les dossiers se rapportant \u00e0 ses t\u00e2ches, en consacrant le principe de l&rsquo;action participative entre les diff\u00e9rents secteurs, conform\u00e9ment aux directives de Monsieur le pr\u00e9sident de la R\u00e9publique, visant \u00e0 servir le citoyen et \u00e0 renforcer la coh\u00e9sion du tissu social national\u00a0\u00bb, souligne le communiqu\u00e9. S&rsquo;agissant du suivi des projets d&rsquo;investissement inscrits au titre de l&rsquo;exercice 2025, \u00ab\u00a0il a \u00e9t\u00e9 proc\u00e9d\u00e9 \u00e0 la pr\u00e9sentation d&rsquo;un rapport d\u00e9taill\u00e9 sur les taux d&rsquo;avancement constat\u00e9s avec un examen des difficult\u00e9s rencontr\u00e9es sur le terrain et l&rsquo;identification des solutions \u00e0 m\u00eame de les aplanir, afin de respecter les d\u00e9lais fix\u00e9s et d&rsquo;acc\u00e9l\u00e9rer la cadence de r\u00e9alisation, conform\u00e9ment aux r\u00e8gles de bonne gouvernance et de bonne ex\u00e9cution\u00a0\u00bb, a ajout\u00e9 la m\u00eame source. Il s&rsquo;agit \u00e9galement de \u00ab\u00a0l&rsquo;\u00e9valuation p\u00e9riodique du plan d&rsquo;action du secteur, avec la pr\u00e9sentation des indicateurs enregistr\u00e9s depuis le d\u00e9but de l&rsquo;ann\u00e9e et leur comparaison avec les objectifs fix\u00e9s, en mettant en exergue les points positifs et en identifiant les domaines n\u00e9cessitant davantage de soutien et de d\u00e9veloppement, en vue de concr\u00e9tiser les engagements du secteur dans le cadre du plan d&rsquo;action du Gouvernement\u00a0\u00bb. La r\u00e9union a \u00e9t\u00e9 l&rsquo;occasion d&rsquo;aborder \u00ab\u00a0un expos\u00e9 pr\u00e9liminaire des propositions \u00e9labor\u00e9es par les commissions intersectorielles concernant les m\u00e9canismes de lutte contre les agressions visant les enfants, comprenant un ensemble de mesures l\u00e9gislatives, r\u00e9glementaires et de sensibilisation, en vue de renforcer le syst\u00e8me de protection juridique et sociale de cette cat\u00e9gorie. A ce propos, la ministre de la Solidarit\u00e9 nationale a appel\u00e9 \u00e0 \u00ab\u00a0enrichir ces propositions en \u00e9largissant la concertation avec l&rsquo;ensemble des acteurs et partenaires et en int\u00e9grant leurs contributions, afin d&rsquo;aboutir \u00e0 une vision globale et efficace pour la prise en charge de cette probl\u00e9matique sensible\u00a0\u00bb.<\/p>\n","protected":false},"excerpt":{"rendered":"<p>La ministre de la Solidarit\u00e9 nationale, de la Famille et de la Condition de la femme, Mme Soraya Mouloudji, a pr\u00e9sid\u00e9, dimanche, au si\u00e8ge du minist\u00e8re, une r\u00e9union de coordination consacr\u00e9e aux pr\u00e9paratifs en cours de la rentr\u00e9e sociale et scolaire, et ce dans le cadre du suivi p\u00e9riodique des programmes et projets du secteur, &hellip;<\/p>\n","protected":false},"author":9,"featured_media":54899,"comment_status":"open","ping_status":"open","sticky":false,"template":"","format":"standard","meta":{"footnotes":""},"categories":[47],"tags":[88,2575,350,4760,2000],"class_list":["post-54897","post","type-post","status-publish","format-standard","has-post-thumbnail","hentry","category-national","tag-algerie","tag-mme-mouloudji","tag-rentree-scolaire","tag-rentree-sociale","tag-reunion-de-coordination"],"yoast_head":"<!-- This site is optimized with the Yoast SEO Premium plugin v22.6 (Yoast SEO v22.6) - https:\/\/yoast.com\/wordpress\/plugins\/seo\/ -->\n<title>Rentr\u00e9e sociale : Mme Mouloudji pr\u00e9side une r\u00e9union de coordination - El Mawkie<\/title>\n<meta name=\"robots\" content=\"index, follow, max-snippet:-1, max-image-preview:large, max-video-preview:-1\" \/>\n<link rel=\"canonical\" href=\"https:\/\/elmawkie.dz\/fr\/rentree-sociale-mme-mouloudji-preside-une-reunion-de-coordination\/\" \/>\n<meta property=\"og:locale\" content=\"fr_FR\" \/>\n<meta property=\"og:type\" content=\"article\" \/>\n<meta property=\"og:title\" content=\"Rentr\u00e9e sociale : Mme Mouloudji pr\u00e9side une r\u00e9union de coordination\" \/>\n<meta property=\"og:description\" content=\"La ministre de la Solidarit\u00e9 nationale, de la Famille et de la Condition de la femme, Mme Soraya Mouloudji, a pr\u00e9sid\u00e9, dimanche, au si\u00e8ge du minist\u00e8re, une r\u00e9union de coordination consacr\u00e9e aux pr\u00e9paratifs en cours de la rentr\u00e9e sociale et scolaire, et ce dans le cadre du suivi p\u00e9riodique des programmes et projets du secteur, &hellip;\" \/>\n<meta property=\"og:url\" content=\"https:\/\/elmawkie.dz\/fr\/rentree-sociale-mme-mouloudji-preside-une-reunion-de-coordination\/\" \/>\n<meta property=\"og:site_name\" content=\"El Mawkie\" \/>\n<meta property=\"article:publisher\" content=\"https:\/\/www.facebook.com\/profile.php?id=100088407094989&amp;locale=fr_FR\" \/>\n<meta property=\"article:published_time\" content=\"2025-08-10T15:10:27+00:00\" \/>\n<meta property=\"article:modified_time\" content=\"2025-08-10T15:10:28+00:00\" \/>\n<meta property=\"og:image\" content=\"https:\/\/elmawkie.dz\/fr\/wp-content\/uploads\/2025\/08\/IMG_2544.jpeg\" \/>\n\t<meta property=\"og:image:width\" content=\"1080\" \/>\n\t<meta property=\"og:image:height\" content=\"810\" \/>\n\t<meta property=\"og:image:type\" content=\"image\/jpeg\" \/>\n<meta name=\"author\" content=\"R\u00e9daction\" \/>\n<meta name=\"twitter:card\" content=\"summary_large_image\" \/>\n<meta name=\"twitter:label1\" content=\"Written by\" \/>\n\t<meta name=\"twitter:data1\" content=\"R\u00e9daction\" \/>\n\t<meta name=\"twitter:label2\" content=\"Est. reading time\" \/>\n\t<meta name=\"twitter:data2\" content=\"3 minutes\" \/>\n<script type=\"application\/ld+json\" class=\"yoast-schema-graph\">{\"@context\":\"https:\/\/schema.org\",\"@graph\":[{\"@type\":\"Article\",\"@id\":\"https:\/\/elmawkie.dz\/fr\/rentree-sociale-mme-mouloudji-preside-une-reunion-de-coordination\/#article\",\"isPartOf\":{\"@id\":\"https:\/\/elmawkie.dz\/fr\/rentree-sociale-mme-mouloudji-preside-une-reunion-de-coordination\/\"},\"author\":{\"name\":\"R\u00e9daction\",\"@id\":\"https:\/\/elmawkie.dz\/fr\/#\/schema\/person\/e7bd59d6467874ba5c4723d8a9f0a63c\"},\"headline\":\"Rentr\u00e9e sociale : Mme Mouloudji pr\u00e9side une r\u00e9union de coordination\",\"datePublished\":\"2025-08-10T15:10:27+00:00\",\"dateModified\":\"2025-08-10T15:10:28+00:00\",\"mainEntityOfPage\":{\"@id\":\"https:\/\/elmawkie.dz\/fr\/rentree-sociale-mme-mouloudji-preside-une-reunion-de-coordination\/\"},\"wordCount\":574,\"commentCount\":0,\"publisher\":{\"@id\":\"https:\/\/elmawkie.dz\/fr\/#organization\"},\"image\":{\"@id\":\"https:\/\/elmawkie.dz\/fr\/rentree-sociale-mme-mouloudji-preside-une-reunion-de-coordination\/#primaryimage\"},\"thumbnailUrl\":\"https:\/\/elmawkie.dz\/fr\/wp-content\/uploads\/2025\/08\/IMG_2544.jpeg\",\"keywords\":[\"Alg\u00e9rie\",\"Mme Mouloudji\",\"rentr\u00e9e scolaire\",\"Rentr\u00e9e sociale\",\"r\u00e9union de coordination\"],\"articleSection\":[\"National\"],\"inLanguage\":\"fr-FR\",\"potentialAction\":[{\"@type\":\"CommentAction\",\"name\":\"Comment\",\"target\":[\"https:\/\/elmawkie.dz\/fr\/rentree-sociale-mme-mouloudji-preside-une-reunion-de-coordination\/#respond\"]}]},{\"@type\":\"WebPage\",\"@id\":\"https:\/\/elmawkie.dz\/fr\/rentree-sociale-mme-mouloudji-preside-une-reunion-de-coordination\/\",\"url\":\"https:\/\/elmawkie.dz\/fr\/rentree-sociale-mme-mouloudji-preside-une-reunion-de-coordination\/\",\"name\":\"Rentr\u00e9e sociale : Mme Mouloudji pr\u00e9side une r\u00e9union de coordination - El Mawkie\",\"isPartOf\":{\"@id\":\"https:\/\/elmawkie.dz\/fr\/#website\"},\"primaryImageOfPage\":{\"@id\":\"https:\/\/elmawkie.dz\/fr\/rentree-sociale-mme-mouloudji-preside-une-reunion-de-coordination\/#primaryimage\"},\"image\":{\"@id\":\"https:\/\/elmawkie.dz\/fr\/rentree-sociale-mme-mouloudji-preside-une-reunion-de-coordination\/#primaryimage\"},\"thumbnailUrl\":\"https:\/\/elmawkie.dz\/fr\/wp-content\/uploads\/2025\/08\/IMG_2544.jpeg\",\"datePublished\":\"2025-08-10T15:10:27+00:00\",\"dateModified\":\"2025-08-10T15:10:28+00:00\",\"breadcrumb\":{\"@id\":\"https:\/\/elmawkie.dz\/fr\/rentree-sociale-mme-mouloudji-preside-une-reunion-de-coordination\/#breadcrumb\"},\"inLanguage\":\"fr-FR\",\"potentialAction\":[{\"@type\":\"ReadAction\",\"target\":[\"https:\/\/elmawkie.dz\/fr\/rentree-sociale-mme-mouloudji-preside-une-reunion-de-coordination\/\"]}]},{\"@type\":\"ImageObject\",\"inLanguage\":\"fr-FR\",\"@id\":\"https:\/\/elmawkie.dz\/fr\/rentree-sociale-mme-mouloudji-preside-une-reunion-de-coordination\/#primaryimage\",\"url\":\"https:\/\/elmawkie.dz\/fr\/wp-content\/uploads\/2025\/08\/IMG_2544.jpeg\",\"contentUrl\":\"https:\/\/elmawkie.dz\/fr\/wp-content\/uploads\/2025\/08\/IMG_2544.jpeg\",\"width\":1080,\"height\":810},{\"@type\":\"BreadcrumbList\",\"@id\":\"https:\/\/elmawkie.dz\/fr\/rentree-sociale-mme-mouloudji-preside-une-reunion-de-coordination\/#breadcrumb\",\"itemListElement\":[{\"@type\":\"ListItem\",\"position\":1,\"name\":\"Home\",\"item\":\"https:\/\/elmawkie.dz\/fr\/\"},{\"@type\":\"ListItem\",\"position\":2,\"name\":\"Rentr\u00e9e sociale : Mme Mouloudji pr\u00e9side une r\u00e9union de coordination\"}]},{\"@type\":\"WebSite\",\"@id\":\"https:\/\/elmawkie.dz\/fr\/#website\",\"url\":\"https:\/\/elmawkie.dz\/fr\/\",\"name\":\"EL MAWKIE\",\"description\":\"Journal \u00c9lectronique Alg\u00e9rien\",\"publisher\":{\"@id\":\"https:\/\/elmawkie.dz\/fr\/#organization\"},\"potentialAction\":[{\"@type\":\"SearchAction\",\"target\":{\"@type\":\"EntryPoint\",\"urlTemplate\":\"https:\/\/elmawkie.dz\/fr\/?s={search_term_string}\"},\"query-input\":\"required name=search_term_string\"}],\"inLanguage\":\"fr-FR\"},{\"@type\":\"Organization\",\"@id\":\"https:\/\/elmawkie.dz\/fr\/#organization\",\"name\":\"EL MAWKIE\",\"url\":\"https:\/\/elmawkie.dz\/fr\/\",\"logo\":{\"@type\":\"ImageObject\",\"inLanguage\":\"fr-FR\",\"@id\":\"https:\/\/elmawkie.dz\/fr\/#\/schema\/logo\/image\/\",\"url\":\"https:\/\/elmawkie.dz\/fr\/wp-content\/uploads\/2024\/05\/logo1.png\",\"contentUrl\":\"https:\/\/elmawkie.dz\/fr\/wp-content\/uploads\/2024\/05\/logo1.png\",\"width\":1648,\"height\":652,\"caption\":\"EL MAWKIE\"},\"image\":{\"@id\":\"https:\/\/elmawkie.dz\/fr\/#\/schema\/logo\/image\/\"},\"sameAs\":[\"https:\/\/www.facebook.com\/profile.php?id=100088407094989&locale=fr_FR\"]},{\"@type\":\"Person\",\"@id\":\"https:\/\/elmawkie.dz\/fr\/#\/schema\/person\/e7bd59d6467874ba5c4723d8a9f0a63c\",\"name\":\"R\u00e9daction\",\"image\":{\"@type\":\"ImageObject\",\"inLanguage\":\"fr-FR\",\"@id\":\"https:\/\/elmawkie.dz\/fr\/#\/schema\/person\/image\/\",\"url\":\"https:\/\/secure.gravatar.com\/avatar\/f0f773456344da4d2788c054a3d30a0c?s=96&d=mm&r=g\",\"contentUrl\":\"https:\/\/secure.gravatar.com\/avatar\/f0f773456344da4d2788c054a3d30a0c?s=96&d=mm&r=g\",\"caption\":\"R\u00e9daction\"},\"url\":\"https:\/\/elmawkie.dz\/fr\/author\/redaction\/\"}]}<\/script>\n<!-- \/ Yoast SEO Premium plugin. -->","yoast_head_json":{"title":"Rentr\u00e9e sociale : Mme Mouloudji pr\u00e9side une r\u00e9union de coordination - El Mawkie","robots":{"index":"index","follow":"follow","max-snippet":"max-snippet:-1","max-image-preview":"max-image-preview:large","max-video-preview":"max-video-preview:-1"},"canonical":"https:\/\/elmawkie.dz\/fr\/rentree-sociale-mme-mouloudji-preside-une-reunion-de-coordination\/","og_locale":"fr_FR","og_type":"article","og_title":"Rentr\u00e9e sociale : Mme Mouloudji pr\u00e9side une r\u00e9union de coordination","og_description":"La ministre de la Solidarit\u00e9 nationale, de la Famille et de la Condition de la femme, Mme Soraya Mouloudji, a pr\u00e9sid\u00e9, dimanche, au si\u00e8ge du minist\u00e8re, une r\u00e9union de coordination consacr\u00e9e aux pr\u00e9paratifs en cours de la rentr\u00e9e sociale et scolaire, et ce dans le cadre du suivi p\u00e9riodique des programmes et projets du secteur, &hellip;","og_url":"https:\/\/elmawkie.dz\/fr\/rentree-sociale-mme-mouloudji-preside-une-reunion-de-coordination\/","og_site_name":"El Mawkie","article_publisher":"https:\/\/www.facebook.com\/profile.php?id=100088407094989&locale=fr_FR","article_published_time":"2025-08-10T15:10:27+00:00","article_modified_time":"2025-08-10T15:10:28+00:00","og_image":[{"width":1080,"height":810,"url":"https:\/\/elmawkie.dz\/fr\/wp-content\/uploads\/2025\/08\/IMG_2544.jpeg","type":"image\/jpeg"}],"author":"R\u00e9daction","twitter_card":"summary_large_image","twitter_misc":{"Written by":"R\u00e9daction","Est. reading time":"3 minutes"},"schema":{"@context":"https:\/\/schema.org","@graph":[{"@type":"Article","@id":"https:\/\/elmawkie.dz\/fr\/rentree-sociale-mme-mouloudji-preside-une-reunion-de-coordination\/#article","isPartOf":{"@id":"https:\/\/elmawkie.dz\/fr\/rentree-sociale-mme-mouloudji-preside-une-reunion-de-coordination\/"},"author":{"name":"R\u00e9daction","@id":"https:\/\/elmawkie.dz\/fr\/#\/schema\/person\/e7bd59d6467874ba5c4723d8a9f0a63c"},"headline":"Rentr\u00e9e sociale : Mme Mouloudji pr\u00e9side une r\u00e9union de coordination","datePublished":"2025-08-10T15:10:27+00:00","dateModified":"2025-08-10T15:10:28+00:00","mainEntityOfPage":{"@id":"https:\/\/elmawkie.dz\/fr\/rentree-sociale-mme-mouloudji-preside-une-reunion-de-coordination\/"},"wordCount":574,"commentCount":0,"publisher":{"@id":"https:\/\/elmawkie.dz\/fr\/#organization"},"image":{"@id":"https:\/\/elmawkie.dz\/fr\/rentree-sociale-mme-mouloudji-preside-une-reunion-de-coordination\/#primaryimage"},"thumbnailUrl":"https:\/\/elmawkie.dz\/fr\/wp-content\/uploads\/2025\/08\/IMG_2544.jpeg","keywords":["Alg\u00e9rie","Mme Mouloudji","rentr\u00e9e scolaire","Rentr\u00e9e sociale","r\u00e9union de coordination"],"articleSection":["National"],"inLanguage":"fr-FR","potentialAction":[{"@type":"CommentAction","name":"Comment","target":["https:\/\/elmawkie.dz\/fr\/rentree-sociale-mme-mouloudji-preside-une-reunion-de-coordination\/#respond"]}]},{"@type":"WebPage","@id":"https:\/\/elmawkie.dz\/fr\/rentree-sociale-mme-mouloudji-preside-une-reunion-de-coordination\/","url":"https:\/\/elmawkie.dz\/fr\/rentree-sociale-mme-mouloudji-preside-une-reunion-de-coordination\/","name":"Rentr\u00e9e sociale : Mme Mouloudji pr\u00e9side une r\u00e9union de coordination - El Mawkie","isPartOf":{"@id":"https:\/\/elmawkie.dz\/fr\/#website"},"primaryImageOfPage":{"@id":"https:\/\/elmawkie.dz\/fr\/rentree-sociale-mme-mouloudji-preside-une-reunion-de-coordination\/#primaryimage"},"image":{"@id":"https:\/\/elmawkie.dz\/fr\/rentree-sociale-mme-mouloudji-preside-une-reunion-de-coordination\/#primaryimage"},"thumbnailUrl":"https:\/\/elmawkie.dz\/fr\/wp-content\/uploads\/2025\/08\/IMG_2544.jpeg","datePublished":"2025-08-10T15:10:27+00:00","dateModified":"2025-08-10T15:10:28+00:00","breadcrumb":{"@id":"https:\/\/elmawkie.dz\/fr\/rentree-sociale-mme-mouloudji-preside-une-reunion-de-coordination\/#breadcrumb"},"inLanguage":"fr-FR","potentialAction":[{"@type":"ReadAction","target":["https:\/\/elmawkie.dz\/fr\/rentree-sociale-mme-mouloudji-preside-une-reunion-de-coordination\/"]}]},{"@type":"ImageObject","inLanguage":"fr-FR","@id":"https:\/\/elmawkie.dz\/fr\/rentree-sociale-mme-mouloudji-preside-une-reunion-de-coordination\/#primaryimage","url":"https:\/\/elmawkie.dz\/fr\/wp-content\/uploads\/2025\/08\/IMG_2544.jpeg","contentUrl":"https:\/\/elmawkie.dz\/fr\/wp-content\/uploads\/2025\/08\/IMG_2544.jpeg","width":1080,"height":810},{"@type":"BreadcrumbList","@id":"https:\/\/elmawkie.dz\/fr\/rentree-sociale-mme-mouloudji-preside-une-reunion-de-coordination\/#breadcrumb","itemListElement":[{"@type":"ListItem","position":1,"name":"Home","item":"https:\/\/elmawkie.dz\/fr\/"},{"@type":"ListItem","position":2,"name":"Rentr\u00e9e sociale : Mme Mouloudji pr\u00e9side une r\u00e9union de coordination"}]},{"@type":"WebSite","@id":"https:\/\/elmawkie.dz\/fr\/#website","url":"https:\/\/elmawkie.dz\/fr\/","name":"EL MAWKIE","description":"Journal \u00c9lectronique Alg\u00e9rien","publisher":{"@id":"https:\/\/elmawkie.dz\/fr\/#organization"},"potentialAction":[{"@type":"SearchAction","target":{"@type":"EntryPoint","urlTemplate":"https:\/\/elmawkie.dz\/fr\/?s={search_term_string}"},"query-input":"required name=search_term_string"}],"inLanguage":"fr-FR"},{"@type":"Organization","@id":"https:\/\/elmawkie.dz\/fr\/#organization","name":"EL MAWKIE","url":"https:\/\/elmawkie.dz\/fr\/","logo":{"@type":"ImageObject","inLanguage":"fr-FR","@id":"https:\/\/elmawkie.dz\/fr\/#\/schema\/logo\/image\/","url":"https:\/\/elmawkie.dz\/fr\/wp-content\/uploads\/2024\/05\/logo1.png","contentUrl":"https:\/\/elmawkie.dz\/fr\/wp-content\/uploads\/2024\/05\/logo1.png","width":1648,"height":652,"caption":"EL MAWKIE"},"image":{"@id":"https:\/\/elmawkie.dz\/fr\/#\/schema\/logo\/image\/"},"sameAs":["https:\/\/www.facebook.com\/profile.php?id=100088407094989&locale=fr_FR"]},{"@type":"Person","@id":"https:\/\/elmawkie.dz\/fr\/#\/schema\/person\/e7bd59d6467874ba5c4723d8a9f0a63c","name":"R\u00e9daction","image":{"@type":"ImageObject","inLanguage":"fr-FR","@id":"https:\/\/elmawkie.dz\/fr\/#\/schema\/person\/image\/","url":"https:\/\/secure.gravatar.com\/avatar\/f0f773456344da4d2788c054a3d30a0c?s=96&d=mm&r=g","contentUrl":"https:\/\/secure.gravatar.com\/avatar\/f0f773456344da4d2788c054a3d30a0c?s=96&d=mm&r=g","caption":"R\u00e9daction"},"url":"https:\/\/elmawkie.dz\/fr\/author\/redaction\/"}]}},"_links":{"self":[{"href":"https:\/\/elmawkie.dz\/fr\/wp-json\/wp\/v2\/posts\/54897","targetHints":{"allow":["GET"]}}],"collection":[{"href":"https:\/\/elmawkie.dz\/fr\/wp-json\/wp\/v2\/posts"}],"about":[{"href":"https:\/\/elmawkie.dz\/fr\/wp-json\/wp\/v2\/types\/post"}],"author":[{"embeddable":true,"href":"https:\/\/elmawkie.dz\/fr\/wp-json\/wp\/v2\/users\/9"}],"replies":[{"embeddable":true,"href":"https:\/\/elmawkie.dz\/fr\/wp-json\/wp\/v2\/comments?post=54897"}],"version-history":[{"count":1,"href":"https:\/\/elmawkie.dz\/fr\/wp-json\/wp\/v2\/posts\/54897\/revisions"}],"predecessor-version":[{"id":54900,"href":"https:\/\/elmawkie.dz\/fr\/wp-json\/wp\/v2\/posts\/54897\/revisions\/54900"}],"wp:featuredmedia":[{"embeddable":true,"href":"https:\/\/elmawkie.dz\/fr\/wp-json\/wp\/v2\/media\/54899"}],"wp:attachment":[{"href":"https:\/\/elmawkie.dz\/fr\/wp-json\/wp\/v2\/media?parent=54897"}],"wp:term":[{"taxonomy":"category","embeddable":true,"href":"https:\/\/elmawkie.dz\/fr\/wp-json\/wp\/v2\/categories?post=54897"},{"taxonomy":"post_tag","embeddable":true,"href":"https:\/\/elmawkie.dz\/fr\/wp-json\/wp\/v2\/tags?post=54897"}],"curies":[{"name":"wp","href":"https:\/\/api.w.org\/{rel}","templated":true}]}}