{"id":54881,"date":"2025-08-09T22:36:06","date_gmt":"2025-08-09T21:36:06","guid":{"rendered":"https:\/\/elmawkie.dz\/fr\/?p=54881"},"modified":"2025-08-09T22:36:09","modified_gmt":"2025-08-09T21:36:09","slug":"drame-routier-a-ouled-saber-setif-trois-deces-et-deux-blesses","status":"publish","type":"post","link":"https:\/\/elmawkie.dz\/fr\/drame-routier-a-ouled-saber-setif-trois-deces-et-deux-blesses\/","title":{"rendered":"Drame routier \u00e0 Ouled Saber (S\u00e9tif) : trois d\u00e9c\u00e8s et deux bless\u00e9s"},"content":{"rendered":"\n<p>Trois personnes ont trouv\u00e9 la mort et deux autres ont \u00e9t\u00e9 gri\u00e8vement bless\u00e9es dans un accident de la circulation survenu samedi apr\u00e8s-midi dans la ville d\u2019Ouled Saber (Est de S\u00e9tif), a-t-on appris de la direction de la Protection civile. Les \u00e9quipes de la protection civile de l\u2019unit\u00e9 d\u2019El Eulma assist\u00e9es par les \u00e9l\u00e9ments de l\u2019unit\u00e9 principale de S\u00e9tif sont intervenues samedi apr\u00e8s-midi suite \u00e0 un grave accident qui a caus\u00e9 la mort de trois personnes (deux femmes et un homme) \u00e2g\u00e9es entre 25 et 65 ans et des blessures graves \u00e0 deux autres personnes (deux femmes) \u00e2g\u00e9es de 20 et 23 ans, a pr\u00e9cis\u00e9 le charg\u00e9 de communication \u00e0 cette direction, le commandant Ahmed Laamamra. L\u2019accident est d\u00fb au d\u00e9rapage puis le renversement d\u2019un v\u00e9hicule touristique dans la localit\u00e9 d\u2019El Ara\u00efr sur le tron\u00e7on de la RN-5 traversant la commune d\u2019Ouled Saber (da\u00efra de Guidjel), a ajout\u00e9 la m\u00eame source. Les \u00e9quipes de la protection civile ont \u00e9vacu\u00e9 les victimes (mortes et bless\u00e9es) vers l\u2019h\u00f4pital El Kheither Seroub d\u2019El Eulma en pr\u00e9sence des services de la gendarmerie nationale qui ont ouvert une enqu\u00eate pour d\u00e9terminer les circonstances de cet accident, selon la m\u00eame source.<\/p>\n","protected":false},"excerpt":{"rendered":"<p>Trois personnes ont trouv\u00e9 la mort et deux autres ont \u00e9t\u00e9 gri\u00e8vement bless\u00e9es dans un accident de la circulation survenu samedi apr\u00e8s-midi dans la ville d\u2019Ouled Saber (Est de S\u00e9tif), a-t-on appris de la direction de la Protection civile. Les \u00e9quipes de la protection civile de l\u2019unit\u00e9 d\u2019El Eulma assist\u00e9es par les \u00e9l\u00e9ments de l\u2019unit\u00e9 &hellip;<\/p>\n","protected":false},"author":9,"featured_media":54883,"comment_status":"open","ping_status":"open","sticky":false,"template":"","format":"standard","meta":{"footnotes":""},"categories":[51],"tags":[149,392],"class_list":["post-54881","post","type-post","status-publish","format-standard","has-post-thumbnail","hentry","category-societe","tag-protection-civile","tag-setif"],"yoast_head":"<!-- This site is optimized with the Yoast SEO Premium plugin v22.6 (Yoast SEO v22.6) - https:\/\/yoast.com\/wordpress\/plugins\/seo\/ -->\n<title>Drame routier \u00e0 Ouled Saber (S\u00e9tif) : trois d\u00e9c\u00e8s et deux bless\u00e9s - El Mawkie<\/title>\n<meta name=\"robots\" content=\"index, follow, max-snippet:-1, max-image-preview:large, max-video-preview:-1\" \/>\n<link rel=\"canonical\" href=\"https:\/\/elmawkie.dz\/fr\/drame-routier-a-ouled-saber-setif-trois-deces-et-deux-blesses\/\" \/>\n<meta property=\"og:locale\" content=\"fr_FR\" \/>\n<meta property=\"og:type\" content=\"article\" \/>\n<meta property=\"og:title\" content=\"Drame routier \u00e0 Ouled Saber (S\u00e9tif) : trois d\u00e9c\u00e8s et deux bless\u00e9s\" \/>\n<meta property=\"og:description\" content=\"Trois personnes ont trouv\u00e9 la mort et deux autres ont \u00e9t\u00e9 gri\u00e8vement bless\u00e9es dans un accident de la circulation survenu samedi apr\u00e8s-midi dans la ville d\u2019Ouled Saber (Est de S\u00e9tif), a-t-on appris de la direction de la Protection civile. Les \u00e9quipes de la protection civile de l\u2019unit\u00e9 d\u2019El Eulma assist\u00e9es par les \u00e9l\u00e9ments de l\u2019unit\u00e9 &hellip;\" \/>\n<meta property=\"og:url\" content=\"https:\/\/elmawkie.dz\/fr\/drame-routier-a-ouled-saber-setif-trois-deces-et-deux-blesses\/\" \/>\n<meta property=\"og:site_name\" content=\"El Mawkie\" \/>\n<meta property=\"article:publisher\" content=\"https:\/\/www.facebook.com\/profile.php?id=100088407094989&amp;locale=fr_FR\" \/>\n<meta property=\"article:published_time\" content=\"2025-08-09T21:36:06+00:00\" \/>\n<meta property=\"article:modified_time\" content=\"2025-08-09T21:36:09+00:00\" \/>\n<meta property=\"og:image\" content=\"https:\/\/elmawkie.dz\/fr\/wp-content\/uploads\/2025\/08\/IMG_2486.jpeg\" \/>\n\t<meta property=\"og:image:width\" content=\"1280\" \/>\n\t<meta property=\"og:image:height\" content=\"969\" \/>\n\t<meta property=\"og:image:type\" content=\"image\/jpeg\" \/>\n<meta name=\"author\" content=\"R\u00e9daction\" \/>\n<meta name=\"twitter:card\" content=\"summary_large_image\" \/>\n<meta name=\"twitter:label1\" content=\"Written by\" \/>\n\t<meta name=\"twitter:data1\" content=\"R\u00e9daction\" \/>\n\t<meta name=\"twitter:label2\" content=\"Est. reading time\" \/>\n\t<meta name=\"twitter:data2\" content=\"2 minutes\" \/>\n<script type=\"application\/ld+json\" class=\"yoast-schema-graph\">{\"@context\":\"https:\/\/schema.org\",\"@graph\":[{\"@type\":\"Article\",\"@id\":\"https:\/\/elmawkie.dz\/fr\/drame-routier-a-ouled-saber-setif-trois-deces-et-deux-blesses\/#article\",\"isPartOf\":{\"@id\":\"https:\/\/elmawkie.dz\/fr\/drame-routier-a-ouled-saber-setif-trois-deces-et-deux-blesses\/\"},\"author\":{\"name\":\"R\u00e9daction\",\"@id\":\"https:\/\/elmawkie.dz\/fr\/#\/schema\/person\/e7bd59d6467874ba5c4723d8a9f0a63c\"},\"headline\":\"Drame routier \u00e0 Ouled Saber (S\u00e9tif) : trois d\u00e9c\u00e8s et deux bless\u00e9s\",\"datePublished\":\"2025-08-09T21:36:06+00:00\",\"dateModified\":\"2025-08-09T21:36:09+00:00\",\"mainEntityOfPage\":{\"@id\":\"https:\/\/elmawkie.dz\/fr\/drame-routier-a-ouled-saber-setif-trois-deces-et-deux-blesses\/\"},\"wordCount\":234,\"commentCount\":0,\"publisher\":{\"@id\":\"https:\/\/elmawkie.dz\/fr\/#organization\"},\"image\":{\"@id\":\"https:\/\/elmawkie.dz\/fr\/drame-routier-a-ouled-saber-setif-trois-deces-et-deux-blesses\/#primaryimage\"},\"thumbnailUrl\":\"https:\/\/elmawkie.dz\/fr\/wp-content\/uploads\/2025\/08\/IMG_2486.jpeg\",\"keywords\":[\"Protection civile\",\"S\u00e9tif\"],\"articleSection\":[\"Soci\u00e9t\u00e9\"],\"inLanguage\":\"fr-FR\",\"potentialAction\":[{\"@type\":\"CommentAction\",\"name\":\"Comment\",\"target\":[\"https:\/\/elmawkie.dz\/fr\/drame-routier-a-ouled-saber-setif-trois-deces-et-deux-blesses\/#respond\"]}]},{\"@type\":\"WebPage\",\"@id\":\"https:\/\/elmawkie.dz\/fr\/drame-routier-a-ouled-saber-setif-trois-deces-et-deux-blesses\/\",\"url\":\"https:\/\/elmawkie.dz\/fr\/drame-routier-a-ouled-saber-setif-trois-deces-et-deux-blesses\/\",\"name\":\"Drame routier \u00e0 Ouled Saber (S\u00e9tif) : trois d\u00e9c\u00e8s et deux bless\u00e9s - El Mawkie\",\"isPartOf\":{\"@id\":\"https:\/\/elmawkie.dz\/fr\/#website\"},\"primaryImageOfPage\":{\"@id\":\"https:\/\/elmawkie.dz\/fr\/drame-routier-a-ouled-saber-setif-trois-deces-et-deux-blesses\/#primaryimage\"},\"image\":{\"@id\":\"https:\/\/elmawkie.dz\/fr\/drame-routier-a-ouled-saber-setif-trois-deces-et-deux-blesses\/#primaryimage\"},\"thumbnailUrl\":\"https:\/\/elmawkie.dz\/fr\/wp-content\/uploads\/2025\/08\/IMG_2486.jpeg\",\"datePublished\":\"2025-08-09T21:36:06+00:00\",\"dateModified\":\"2025-08-09T21:36:09+00:00\",\"breadcrumb\":{\"@id\":\"https:\/\/elmawkie.dz\/fr\/drame-routier-a-ouled-saber-setif-trois-deces-et-deux-blesses\/#breadcrumb\"},\"inLanguage\":\"fr-FR\",\"potentialAction\":[{\"@type\":\"ReadAction\",\"target\":[\"https:\/\/elmawkie.dz\/fr\/drame-routier-a-ouled-saber-setif-trois-deces-et-deux-blesses\/\"]}]},{\"@type\":\"ImageObject\",\"inLanguage\":\"fr-FR\",\"@id\":\"https:\/\/elmawkie.dz\/fr\/drame-routier-a-ouled-saber-setif-trois-deces-et-deux-blesses\/#primaryimage\",\"url\":\"https:\/\/elmawkie.dz\/fr\/wp-content\/uploads\/2025\/08\/IMG_2486.jpeg\",\"contentUrl\":\"https:\/\/elmawkie.dz\/fr\/wp-content\/uploads\/2025\/08\/IMG_2486.jpeg\",\"width\":1280,\"height\":969},{\"@type\":\"BreadcrumbList\",\"@id\":\"https:\/\/elmawkie.dz\/fr\/drame-routier-a-ouled-saber-setif-trois-deces-et-deux-blesses\/#breadcrumb\",\"itemListElement\":[{\"@type\":\"ListItem\",\"position\":1,\"name\":\"Home\",\"item\":\"https:\/\/elmawkie.dz\/fr\/\"},{\"@type\":\"ListItem\",\"position\":2,\"name\":\"Drame routier \u00e0 Ouled Saber (S\u00e9tif) : trois d\u00e9c\u00e8s et deux bless\u00e9s\"}]},{\"@type\":\"WebSite\",\"@id\":\"https:\/\/elmawkie.dz\/fr\/#website\",\"url\":\"https:\/\/elmawkie.dz\/fr\/\",\"name\":\"EL MAWKIE\",\"description\":\"Journal \u00c9lectronique Alg\u00e9rien\",\"publisher\":{\"@id\":\"https:\/\/elmawkie.dz\/fr\/#organization\"},\"potentialAction\":[{\"@type\":\"SearchAction\",\"target\":{\"@type\":\"EntryPoint\",\"urlTemplate\":\"https:\/\/elmawkie.dz\/fr\/?s={search_term_string}\"},\"query-input\":\"required name=search_term_string\"}],\"inLanguage\":\"fr-FR\"},{\"@type\":\"Organization\",\"@id\":\"https:\/\/elmawkie.dz\/fr\/#organization\",\"name\":\"EL MAWKIE\",\"url\":\"https:\/\/elmawkie.dz\/fr\/\",\"logo\":{\"@type\":\"ImageObject\",\"inLanguage\":\"fr-FR\",\"@id\":\"https:\/\/elmawkie.dz\/fr\/#\/schema\/logo\/image\/\",\"url\":\"https:\/\/elmawkie.dz\/fr\/wp-content\/uploads\/2024\/05\/logo1.png\",\"contentUrl\":\"https:\/\/elmawkie.dz\/fr\/wp-content\/uploads\/2024\/05\/logo1.png\",\"width\":1648,\"height\":652,\"caption\":\"EL MAWKIE\"},\"image\":{\"@id\":\"https:\/\/elmawkie.dz\/fr\/#\/schema\/logo\/image\/\"},\"sameAs\":[\"https:\/\/www.facebook.com\/profile.php?id=100088407094989&locale=fr_FR\"]},{\"@type\":\"Person\",\"@id\":\"https:\/\/elmawkie.dz\/fr\/#\/schema\/person\/e7bd59d6467874ba5c4723d8a9f0a63c\",\"name\":\"R\u00e9daction\",\"image\":{\"@type\":\"ImageObject\",\"inLanguage\":\"fr-FR\",\"@id\":\"https:\/\/elmawkie.dz\/fr\/#\/schema\/person\/image\/\",\"url\":\"https:\/\/secure.gravatar.com\/avatar\/f0f773456344da4d2788c054a3d30a0c?s=96&d=mm&r=g\",\"contentUrl\":\"https:\/\/secure.gravatar.com\/avatar\/f0f773456344da4d2788c054a3d30a0c?s=96&d=mm&r=g\",\"caption\":\"R\u00e9daction\"},\"url\":\"https:\/\/elmawkie.dz\/fr\/author\/redaction\/\"}]}<\/script>\n<!-- \/ Yoast SEO Premium plugin. -->","yoast_head_json":{"title":"Drame routier \u00e0 Ouled Saber (S\u00e9tif) : trois d\u00e9c\u00e8s et deux bless\u00e9s - El Mawkie","robots":{"index":"index","follow":"follow","max-snippet":"max-snippet:-1","max-image-preview":"max-image-preview:large","max-video-preview":"max-video-preview:-1"},"canonical":"https:\/\/elmawkie.dz\/fr\/drame-routier-a-ouled-saber-setif-trois-deces-et-deux-blesses\/","og_locale":"fr_FR","og_type":"article","og_title":"Drame routier \u00e0 Ouled Saber (S\u00e9tif) : trois d\u00e9c\u00e8s et deux bless\u00e9s","og_description":"Trois personnes ont trouv\u00e9 la mort et deux autres ont \u00e9t\u00e9 gri\u00e8vement bless\u00e9es dans un accident de la circulation survenu samedi apr\u00e8s-midi dans la ville d\u2019Ouled Saber (Est de S\u00e9tif), a-t-on appris de la direction de la Protection civile. Les \u00e9quipes de la protection civile de l\u2019unit\u00e9 d\u2019El Eulma assist\u00e9es par les \u00e9l\u00e9ments de l\u2019unit\u00e9 &hellip;","og_url":"https:\/\/elmawkie.dz\/fr\/drame-routier-a-ouled-saber-setif-trois-deces-et-deux-blesses\/","og_site_name":"El Mawkie","article_publisher":"https:\/\/www.facebook.com\/profile.php?id=100088407094989&locale=fr_FR","article_published_time":"2025-08-09T21:36:06+00:00","article_modified_time":"2025-08-09T21:36:09+00:00","og_image":[{"width":1280,"height":969,"url":"https:\/\/elmawkie.dz\/fr\/wp-content\/uploads\/2025\/08\/IMG_2486.jpeg","type":"image\/jpeg"}],"author":"R\u00e9daction","twitter_card":"summary_large_image","twitter_misc":{"Written by":"R\u00e9daction","Est. reading time":"2 minutes"},"schema":{"@context":"https:\/\/schema.org","@graph":[{"@type":"Article","@id":"https:\/\/elmawkie.dz\/fr\/drame-routier-a-ouled-saber-setif-trois-deces-et-deux-blesses\/#article","isPartOf":{"@id":"https:\/\/elmawkie.dz\/fr\/drame-routier-a-ouled-saber-setif-trois-deces-et-deux-blesses\/"},"author":{"name":"R\u00e9daction","@id":"https:\/\/elmawkie.dz\/fr\/#\/schema\/person\/e7bd59d6467874ba5c4723d8a9f0a63c"},"headline":"Drame routier \u00e0 Ouled Saber (S\u00e9tif) : trois d\u00e9c\u00e8s et deux bless\u00e9s","datePublished":"2025-08-09T21:36:06+00:00","dateModified":"2025-08-09T21:36:09+00:00","mainEntityOfPage":{"@id":"https:\/\/elmawkie.dz\/fr\/drame-routier-a-ouled-saber-setif-trois-deces-et-deux-blesses\/"},"wordCount":234,"commentCount":0,"publisher":{"@id":"https:\/\/elmawkie.dz\/fr\/#organization"},"image":{"@id":"https:\/\/elmawkie.dz\/fr\/drame-routier-a-ouled-saber-setif-trois-deces-et-deux-blesses\/#primaryimage"},"thumbnailUrl":"https:\/\/elmawkie.dz\/fr\/wp-content\/uploads\/2025\/08\/IMG_2486.jpeg","keywords":["Protection civile","S\u00e9tif"],"articleSection":["Soci\u00e9t\u00e9"],"inLanguage":"fr-FR","potentialAction":[{"@type":"CommentAction","name":"Comment","target":["https:\/\/elmawkie.dz\/fr\/drame-routier-a-ouled-saber-setif-trois-deces-et-deux-blesses\/#respond"]}]},{"@type":"WebPage","@id":"https:\/\/elmawkie.dz\/fr\/drame-routier-a-ouled-saber-setif-trois-deces-et-deux-blesses\/","url":"https:\/\/elmawkie.dz\/fr\/drame-routier-a-ouled-saber-setif-trois-deces-et-deux-blesses\/","name":"Drame routier \u00e0 Ouled Saber (S\u00e9tif) : trois d\u00e9c\u00e8s et deux bless\u00e9s - El Mawkie","isPartOf":{"@id":"https:\/\/elmawkie.dz\/fr\/#website"},"primaryImageOfPage":{"@id":"https:\/\/elmawkie.dz\/fr\/drame-routier-a-ouled-saber-setif-trois-deces-et-deux-blesses\/#primaryimage"},"image":{"@id":"https:\/\/elmawkie.dz\/fr\/drame-routier-a-ouled-saber-setif-trois-deces-et-deux-blesses\/#primaryimage"},"thumbnailUrl":"https:\/\/elmawkie.dz\/fr\/wp-content\/uploads\/2025\/08\/IMG_2486.jpeg","datePublished":"2025-08-09T21:36:06+00:00","dateModified":"2025-08-09T21:36:09+00:00","breadcrumb":{"@id":"https:\/\/elmawkie.dz\/fr\/drame-routier-a-ouled-saber-setif-trois-deces-et-deux-blesses\/#breadcrumb"},"inLanguage":"fr-FR","potentialAction":[{"@type":"ReadAction","target":["https:\/\/elmawkie.dz\/fr\/drame-routier-a-ouled-saber-setif-trois-deces-et-deux-blesses\/"]}]},{"@type":"ImageObject","inLanguage":"fr-FR","@id":"https:\/\/elmawkie.dz\/fr\/drame-routier-a-ouled-saber-setif-trois-deces-et-deux-blesses\/#primaryimage","url":"https:\/\/elmawkie.dz\/fr\/wp-content\/uploads\/2025\/08\/IMG_2486.jpeg","contentUrl":"https:\/\/elmawkie.dz\/fr\/wp-content\/uploads\/2025\/08\/IMG_2486.jpeg","width":1280,"height":969},{"@type":"BreadcrumbList","@id":"https:\/\/elmawkie.dz\/fr\/drame-routier-a-ouled-saber-setif-trois-deces-et-deux-blesses\/#breadcrumb","itemListElement":[{"@type":"ListItem","position":1,"name":"Home","item":"https:\/\/elmawkie.dz\/fr\/"},{"@type":"ListItem","position":2,"name":"Drame routier \u00e0 Ouled Saber (S\u00e9tif) : trois d\u00e9c\u00e8s et deux bless\u00e9s"}]},{"@type":"WebSite","@id":"https:\/\/elmawkie.dz\/fr\/#website","url":"https:\/\/elmawkie.dz\/fr\/","name":"EL MAWKIE","description":"Journal \u00c9lectronique Alg\u00e9rien","publisher":{"@id":"https:\/\/elmawkie.dz\/fr\/#organization"},"potentialAction":[{"@type":"SearchAction","target":{"@type":"EntryPoint","urlTemplate":"https:\/\/elmawkie.dz\/fr\/?s={search_term_string}"},"query-input":"required name=search_term_string"}],"inLanguage":"fr-FR"},{"@type":"Organization","@id":"https:\/\/elmawkie.dz\/fr\/#organization","name":"EL MAWKIE","url":"https:\/\/elmawkie.dz\/fr\/","logo":{"@type":"ImageObject","inLanguage":"fr-FR","@id":"https:\/\/elmawkie.dz\/fr\/#\/schema\/logo\/image\/","url":"https:\/\/elmawkie.dz\/fr\/wp-content\/uploads\/2024\/05\/logo1.png","contentUrl":"https:\/\/elmawkie.dz\/fr\/wp-content\/uploads\/2024\/05\/logo1.png","width":1648,"height":652,"caption":"EL MAWKIE"},"image":{"@id":"https:\/\/elmawkie.dz\/fr\/#\/schema\/logo\/image\/"},"sameAs":["https:\/\/www.facebook.com\/profile.php?id=100088407094989&locale=fr_FR"]},{"@type":"Person","@id":"https:\/\/elmawkie.dz\/fr\/#\/schema\/person\/e7bd59d6467874ba5c4723d8a9f0a63c","name":"R\u00e9daction","image":{"@type":"ImageObject","inLanguage":"fr-FR","@id":"https:\/\/elmawkie.dz\/fr\/#\/schema\/person\/image\/","url":"https:\/\/secure.gravatar.com\/avatar\/f0f773456344da4d2788c054a3d30a0c?s=96&d=mm&r=g","contentUrl":"https:\/\/secure.gravatar.com\/avatar\/f0f773456344da4d2788c054a3d30a0c?s=96&d=mm&r=g","caption":"R\u00e9daction"},"url":"https:\/\/elmawkie.dz\/fr\/author\/redaction\/"}]}},"_links":{"self":[{"href":"https:\/\/elmawkie.dz\/fr\/wp-json\/wp\/v2\/posts\/54881","targetHints":{"allow":["GET"]}}],"collection":[{"href":"https:\/\/elmawkie.dz\/fr\/wp-json\/wp\/v2\/posts"}],"about":[{"href":"https:\/\/elmawkie.dz\/fr\/wp-json\/wp\/v2\/types\/post"}],"author":[{"embeddable":true,"href":"https:\/\/elmawkie.dz\/fr\/wp-json\/wp\/v2\/users\/9"}],"replies":[{"embeddable":true,"href":"https:\/\/elmawkie.dz\/fr\/wp-json\/wp\/v2\/comments?post=54881"}],"version-history":[{"count":1,"href":"https:\/\/elmawkie.dz\/fr\/wp-json\/wp\/v2\/posts\/54881\/revisions"}],"predecessor-version":[{"id":54884,"href":"https:\/\/elmawkie.dz\/fr\/wp-json\/wp\/v2\/posts\/54881\/revisions\/54884"}],"wp:featuredmedia":[{"embeddable":true,"href":"https:\/\/elmawkie.dz\/fr\/wp-json\/wp\/v2\/media\/54883"}],"wp:attachment":[{"href":"https:\/\/elmawkie.dz\/fr\/wp-json\/wp\/v2\/media?parent=54881"}],"wp:term":[{"taxonomy":"category","embeddable":true,"href":"https:\/\/elmawkie.dz\/fr\/wp-json\/wp\/v2\/categories?post=54881"},{"taxonomy":"post_tag","embeddable":true,"href":"https:\/\/elmawkie.dz\/fr\/wp-json\/wp\/v2\/tags?post=54881"}],"curies":[{"name":"wp","href":"https:\/\/api.w.org\/{rel}","templated":true}]}}