{"id":54877,"date":"2025-08-09T22:13:46","date_gmt":"2025-08-09T21:13:46","guid":{"rendered":"https:\/\/elmawkie.dz\/fr\/?p=54877"},"modified":"2025-08-09T22:13:47","modified_gmt":"2025-08-09T21:13:47","slug":"hadj-2025-une-coordination-efficace-au-coeur-du-transport-des-pelerins","status":"publish","type":"post","link":"https:\/\/elmawkie.dz\/fr\/hadj-2025-une-coordination-efficace-au-coeur-du-transport-des-pelerins\/","title":{"rendered":"Hadj 2025 : Une coordination efficace au c\u0153ur du transport des p\u00e8lerins"},"content":{"rendered":"\n<p>Le ministre des Transports, Sa\u00efd Sayoud, a affirm\u00e9, samedi \u00e0 Alger, que la saison du Hadj 2025 a constitu\u00e9 un mod\u00e8le \u00e0 suivre en mati\u00e8re de travail collectif et de coordination entre les diff\u00e9rents secteurs, soulignant que les efforts se poursuivront afin de r\u00e9aliser encore plus de succ\u00e8s lors des prochaines saisons. Le ministre s&rsquo;exprimait dans une allocution lue en son nom par le secr\u00e9taire g\u00e9n\u00e9ral du minist\u00e8re, Djamel Eddine Abdelghani Dridi, lors d&rsquo;une c\u00e9r\u00e9monie organis\u00e9e par la Soci\u00e9t\u00e9 de gestion des services et des infrastructures a\u00e9roportuaires d&rsquo;Alger (SGSIA), en l&rsquo;honneur des participants \u00e0 la r\u00e9ussite de la saison du Hadj, en pr\u00e9sence du PDG de la soci\u00e9t\u00e9, Mokhtar Said Mediouni, du directeur g\u00e9n\u00e9ral de l&rsquo;Office national du p\u00e8lerinage et de la Omra (ONPO), Tahar Braik, ainsi que des repr\u00e9sentants de toutes les parties concern\u00e9es. M. Sayoud a indiqu\u00e9 que la saison \u00e9coul\u00e9e \u00ab\u00a0a enregistr\u00e9 un succ\u00e8s sup\u00e9rieur \u00e0 celui de l&rsquo;ann\u00e9e pr\u00e9c\u00e9dente gr\u00e2ce \u00e0 la coordination rigoureuse et au travail acharn\u00e9 de l&rsquo;ensemble des intervenants au service des p\u00e8lerins\u00a0\u00bb, exprimant sa fiert\u00e9 de voir l&rsquo;Alg\u00e9rie recevoir, pour la deuxi\u00e8me ann\u00e9e cons\u00e9cutive, le Prix \u00ab\u00a0Labeitom\u00a0\u00bb d\u00e9cern\u00e9 par le minist\u00e8re saoudien du Hadj et de la Omra aux institutions d&rsquo;excellence dans le service aux p\u00e8lerins, qualifiant cette distinction de fiert\u00e9 pour tous les Alg\u00e9riens. De son c\u00f4t\u00e9, M. Braik a soulign\u00e9 que la saison du Hadj 2025 a \u00e9t\u00e9 r\u00e9ussie selon \u00ab\u00a0tous les indicateurs et preuves\u00a0\u00bb, que ce soit \u00e0 travers la satisfaction des p\u00e8lerins, l&rsquo;absence d&rsquo;incidents organisationnels dans les Lieux Saints ou encore la qualit\u00e9 des prestations prodigu\u00e9es, ajoutant que ces acquis serviront de base pour de futures progr\u00e8s. M. Mediouni a, quant \u00e0 lui, consid\u00e9r\u00e9 que le succ\u00e8s de la saison \u00ab\u00a0n&rsquo;est pas une \u00e9tape finale, mais bien la confirmation de la capacit\u00e9 de tous les partenaires de fournir des prestations \u00e0 la hauteur de la confiance du citoyen\u00a0\u00bb, saluant la volont\u00e9 sinc\u00e8re et le grand d\u00e9vouement de tous les participants. Selon une pr\u00e9sentation faite \u00e0 cette occasion, l&rsquo;a\u00e9roport d&rsquo;Alger a enregistr\u00e9 le transport de 16062 p\u00e8lerins vers les Lieux-saints \u00e0 travers 53 vols (25 pour Air Alg\u00e9rie, 16 pour Saudia Airlines et 12 pour la compagnie Flynas), avec le m\u00eame nombre de vols de retour, ainsi que la r\u00e9alisation d&rsquo;un record en mati\u00e8re de remise des bagages, avec une moyenne de 19 minutes seulement pour chaque p\u00e8lerin. La c\u00e9r\u00e9monie a \u00e9t\u00e9 marqu\u00e9e par la distinction de toutes les parties ayant particip\u00e9 \u00e0 l&rsquo;organisation de la saison, dont le minist\u00e8re des Transports, le minist\u00e8re des Affaires religieuses et des Wakfs, l&rsquo;ONPO, la Direction g\u00e9n\u00e9rale de la s\u00fbret\u00e9 nationale (DGSN), les Douanes, les Scouts musulmans alg\u00e9riens (SMA), le Croissant-Rouge alg\u00e9rien (CRA), Air Alg\u00e9rie, les services de contr\u00f4le sanitaire, la Banque d&rsquo;Alg\u00e9rie, la Banque nationale d&rsquo;Alg\u00e9rie (BNA) ainsi que les sponsors et les fournisseurs. Une Omra gratuite a \u00e9galement \u00e9t\u00e9 offerte \u00e0 plusieurs travailleurs impliqu\u00e9s dans cette saison.<\/p>\n","protected":false},"excerpt":{"rendered":"<p>Le ministre des Transports, Sa\u00efd Sayoud, a affirm\u00e9, samedi \u00e0 Alger, que la saison du Hadj 2025 a constitu\u00e9 un mod\u00e8le \u00e0 suivre en mati\u00e8re de travail collectif et de coordination entre les diff\u00e9rents secteurs, soulignant que les efforts se poursuivront afin de r\u00e9aliser encore plus de succ\u00e8s lors des prochaines saisons. Le ministre s&rsquo;exprimait &hellip;<\/p>\n","protected":false},"author":9,"featured_media":54879,"comment_status":"open","ping_status":"open","sticky":false,"template":"","format":"standard","meta":{"footnotes":""},"categories":[47],"tags":[1201],"class_list":["post-54877","post","type-post","status-publish","format-standard","has-post-thumbnail","hentry","category-national","tag-hadj-2025"],"yoast_head":"<!-- This site is optimized with the Yoast SEO Premium plugin v22.6 (Yoast SEO v22.6) - https:\/\/yoast.com\/wordpress\/plugins\/seo\/ -->\n<title>Hadj 2025 : Une coordination efficace au c\u0153ur du transport des p\u00e8lerins - El Mawkie<\/title>\n<meta name=\"robots\" content=\"index, follow, max-snippet:-1, max-image-preview:large, max-video-preview:-1\" \/>\n<link rel=\"canonical\" href=\"https:\/\/elmawkie.dz\/fr\/hadj-2025-une-coordination-efficace-au-coeur-du-transport-des-pelerins\/\" \/>\n<meta property=\"og:locale\" content=\"fr_FR\" \/>\n<meta property=\"og:type\" content=\"article\" \/>\n<meta property=\"og:title\" content=\"Hadj 2025 : Une coordination efficace au c\u0153ur du transport des p\u00e8lerins\" \/>\n<meta property=\"og:description\" content=\"Le ministre des Transports, Sa\u00efd Sayoud, a affirm\u00e9, samedi \u00e0 Alger, que la saison du Hadj 2025 a constitu\u00e9 un mod\u00e8le \u00e0 suivre en mati\u00e8re de travail collectif et de coordination entre les diff\u00e9rents secteurs, soulignant que les efforts se poursuivront afin de r\u00e9aliser encore plus de succ\u00e8s lors des prochaines saisons. Le ministre s&rsquo;exprimait &hellip;\" \/>\n<meta property=\"og:url\" content=\"https:\/\/elmawkie.dz\/fr\/hadj-2025-une-coordination-efficace-au-coeur-du-transport-des-pelerins\/\" \/>\n<meta property=\"og:site_name\" content=\"El Mawkie\" \/>\n<meta property=\"article:publisher\" content=\"https:\/\/www.facebook.com\/profile.php?id=100088407094989&amp;locale=fr_FR\" \/>\n<meta property=\"article:published_time\" content=\"2025-08-09T21:13:46+00:00\" \/>\n<meta property=\"article:modified_time\" content=\"2025-08-09T21:13:47+00:00\" \/>\n<meta property=\"og:image\" content=\"https:\/\/elmawkie.dz\/fr\/wp-content\/uploads\/2025\/08\/IMG_2484.jpeg\" \/>\n\t<meta property=\"og:image:width\" content=\"1600\" \/>\n\t<meta property=\"og:image:height\" content=\"1066\" \/>\n\t<meta property=\"og:image:type\" content=\"image\/jpeg\" \/>\n<meta name=\"author\" content=\"R\u00e9daction\" \/>\n<meta name=\"twitter:card\" content=\"summary_large_image\" \/>\n<meta name=\"twitter:label1\" content=\"Written by\" \/>\n\t<meta name=\"twitter:data1\" content=\"R\u00e9daction\" \/>\n\t<meta name=\"twitter:label2\" content=\"Est. reading time\" \/>\n\t<meta name=\"twitter:data2\" content=\"3 minutes\" \/>\n<script type=\"application\/ld+json\" class=\"yoast-schema-graph\">{\"@context\":\"https:\/\/schema.org\",\"@graph\":[{\"@type\":\"Article\",\"@id\":\"https:\/\/elmawkie.dz\/fr\/hadj-2025-une-coordination-efficace-au-coeur-du-transport-des-pelerins\/#article\",\"isPartOf\":{\"@id\":\"https:\/\/elmawkie.dz\/fr\/hadj-2025-une-coordination-efficace-au-coeur-du-transport-des-pelerins\/\"},\"author\":{\"name\":\"R\u00e9daction\",\"@id\":\"https:\/\/elmawkie.dz\/fr\/#\/schema\/person\/e7bd59d6467874ba5c4723d8a9f0a63c\"},\"headline\":\"Hadj 2025 : Une coordination efficace au c\u0153ur du transport des p\u00e8lerins\",\"datePublished\":\"2025-08-09T21:13:46+00:00\",\"dateModified\":\"2025-08-09T21:13:47+00:00\",\"mainEntityOfPage\":{\"@id\":\"https:\/\/elmawkie.dz\/fr\/hadj-2025-une-coordination-efficace-au-coeur-du-transport-des-pelerins\/\"},\"wordCount\":559,\"commentCount\":0,\"publisher\":{\"@id\":\"https:\/\/elmawkie.dz\/fr\/#organization\"},\"image\":{\"@id\":\"https:\/\/elmawkie.dz\/fr\/hadj-2025-une-coordination-efficace-au-coeur-du-transport-des-pelerins\/#primaryimage\"},\"thumbnailUrl\":\"https:\/\/elmawkie.dz\/fr\/wp-content\/uploads\/2025\/08\/IMG_2484.jpeg\",\"keywords\":[\"Hadj 2025\"],\"articleSection\":[\"National\"],\"inLanguage\":\"fr-FR\",\"potentialAction\":[{\"@type\":\"CommentAction\",\"name\":\"Comment\",\"target\":[\"https:\/\/elmawkie.dz\/fr\/hadj-2025-une-coordination-efficace-au-coeur-du-transport-des-pelerins\/#respond\"]}]},{\"@type\":\"WebPage\",\"@id\":\"https:\/\/elmawkie.dz\/fr\/hadj-2025-une-coordination-efficace-au-coeur-du-transport-des-pelerins\/\",\"url\":\"https:\/\/elmawkie.dz\/fr\/hadj-2025-une-coordination-efficace-au-coeur-du-transport-des-pelerins\/\",\"name\":\"Hadj 2025 : Une coordination efficace au c\u0153ur du transport des p\u00e8lerins - El Mawkie\",\"isPartOf\":{\"@id\":\"https:\/\/elmawkie.dz\/fr\/#website\"},\"primaryImageOfPage\":{\"@id\":\"https:\/\/elmawkie.dz\/fr\/hadj-2025-une-coordination-efficace-au-coeur-du-transport-des-pelerins\/#primaryimage\"},\"image\":{\"@id\":\"https:\/\/elmawkie.dz\/fr\/hadj-2025-une-coordination-efficace-au-coeur-du-transport-des-pelerins\/#primaryimage\"},\"thumbnailUrl\":\"https:\/\/elmawkie.dz\/fr\/wp-content\/uploads\/2025\/08\/IMG_2484.jpeg\",\"datePublished\":\"2025-08-09T21:13:46+00:00\",\"dateModified\":\"2025-08-09T21:13:47+00:00\",\"breadcrumb\":{\"@id\":\"https:\/\/elmawkie.dz\/fr\/hadj-2025-une-coordination-efficace-au-coeur-du-transport-des-pelerins\/#breadcrumb\"},\"inLanguage\":\"fr-FR\",\"potentialAction\":[{\"@type\":\"ReadAction\",\"target\":[\"https:\/\/elmawkie.dz\/fr\/hadj-2025-une-coordination-efficace-au-coeur-du-transport-des-pelerins\/\"]}]},{\"@type\":\"ImageObject\",\"inLanguage\":\"fr-FR\",\"@id\":\"https:\/\/elmawkie.dz\/fr\/hadj-2025-une-coordination-efficace-au-coeur-du-transport-des-pelerins\/#primaryimage\",\"url\":\"https:\/\/elmawkie.dz\/fr\/wp-content\/uploads\/2025\/08\/IMG_2484.jpeg\",\"contentUrl\":\"https:\/\/elmawkie.dz\/fr\/wp-content\/uploads\/2025\/08\/IMG_2484.jpeg\",\"width\":1600,\"height\":1066},{\"@type\":\"BreadcrumbList\",\"@id\":\"https:\/\/elmawkie.dz\/fr\/hadj-2025-une-coordination-efficace-au-coeur-du-transport-des-pelerins\/#breadcrumb\",\"itemListElement\":[{\"@type\":\"ListItem\",\"position\":1,\"name\":\"Home\",\"item\":\"https:\/\/elmawkie.dz\/fr\/\"},{\"@type\":\"ListItem\",\"position\":2,\"name\":\"Hadj 2025 : Une coordination efficace au c\u0153ur du transport des p\u00e8lerins\"}]},{\"@type\":\"WebSite\",\"@id\":\"https:\/\/elmawkie.dz\/fr\/#website\",\"url\":\"https:\/\/elmawkie.dz\/fr\/\",\"name\":\"EL MAWKIE\",\"description\":\"Journal \u00c9lectronique Alg\u00e9rien\",\"publisher\":{\"@id\":\"https:\/\/elmawkie.dz\/fr\/#organization\"},\"potentialAction\":[{\"@type\":\"SearchAction\",\"target\":{\"@type\":\"EntryPoint\",\"urlTemplate\":\"https:\/\/elmawkie.dz\/fr\/?s={search_term_string}\"},\"query-input\":\"required name=search_term_string\"}],\"inLanguage\":\"fr-FR\"},{\"@type\":\"Organization\",\"@id\":\"https:\/\/elmawkie.dz\/fr\/#organization\",\"name\":\"EL MAWKIE\",\"url\":\"https:\/\/elmawkie.dz\/fr\/\",\"logo\":{\"@type\":\"ImageObject\",\"inLanguage\":\"fr-FR\",\"@id\":\"https:\/\/elmawkie.dz\/fr\/#\/schema\/logo\/image\/\",\"url\":\"https:\/\/elmawkie.dz\/fr\/wp-content\/uploads\/2024\/05\/logo1.png\",\"contentUrl\":\"https:\/\/elmawkie.dz\/fr\/wp-content\/uploads\/2024\/05\/logo1.png\",\"width\":1648,\"height\":652,\"caption\":\"EL MAWKIE\"},\"image\":{\"@id\":\"https:\/\/elmawkie.dz\/fr\/#\/schema\/logo\/image\/\"},\"sameAs\":[\"https:\/\/www.facebook.com\/profile.php?id=100088407094989&locale=fr_FR\"]},{\"@type\":\"Person\",\"@id\":\"https:\/\/elmawkie.dz\/fr\/#\/schema\/person\/e7bd59d6467874ba5c4723d8a9f0a63c\",\"name\":\"R\u00e9daction\",\"image\":{\"@type\":\"ImageObject\",\"inLanguage\":\"fr-FR\",\"@id\":\"https:\/\/elmawkie.dz\/fr\/#\/schema\/person\/image\/\",\"url\":\"https:\/\/secure.gravatar.com\/avatar\/f0f773456344da4d2788c054a3d30a0c?s=96&d=mm&r=g\",\"contentUrl\":\"https:\/\/secure.gravatar.com\/avatar\/f0f773456344da4d2788c054a3d30a0c?s=96&d=mm&r=g\",\"caption\":\"R\u00e9daction\"},\"url\":\"https:\/\/elmawkie.dz\/fr\/author\/redaction\/\"}]}<\/script>\n<!-- \/ Yoast SEO Premium plugin. -->","yoast_head_json":{"title":"Hadj 2025 : Une coordination efficace au c\u0153ur du transport des p\u00e8lerins - El Mawkie","robots":{"index":"index","follow":"follow","max-snippet":"max-snippet:-1","max-image-preview":"max-image-preview:large","max-video-preview":"max-video-preview:-1"},"canonical":"https:\/\/elmawkie.dz\/fr\/hadj-2025-une-coordination-efficace-au-coeur-du-transport-des-pelerins\/","og_locale":"fr_FR","og_type":"article","og_title":"Hadj 2025 : Une coordination efficace au c\u0153ur du transport des p\u00e8lerins","og_description":"Le ministre des Transports, Sa\u00efd Sayoud, a affirm\u00e9, samedi \u00e0 Alger, que la saison du Hadj 2025 a constitu\u00e9 un mod\u00e8le \u00e0 suivre en mati\u00e8re de travail collectif et de coordination entre les diff\u00e9rents secteurs, soulignant que les efforts se poursuivront afin de r\u00e9aliser encore plus de succ\u00e8s lors des prochaines saisons. Le ministre s&rsquo;exprimait &hellip;","og_url":"https:\/\/elmawkie.dz\/fr\/hadj-2025-une-coordination-efficace-au-coeur-du-transport-des-pelerins\/","og_site_name":"El Mawkie","article_publisher":"https:\/\/www.facebook.com\/profile.php?id=100088407094989&locale=fr_FR","article_published_time":"2025-08-09T21:13:46+00:00","article_modified_time":"2025-08-09T21:13:47+00:00","og_image":[{"width":1600,"height":1066,"url":"https:\/\/elmawkie.dz\/fr\/wp-content\/uploads\/2025\/08\/IMG_2484.jpeg","type":"image\/jpeg"}],"author":"R\u00e9daction","twitter_card":"summary_large_image","twitter_misc":{"Written by":"R\u00e9daction","Est. reading time":"3 minutes"},"schema":{"@context":"https:\/\/schema.org","@graph":[{"@type":"Article","@id":"https:\/\/elmawkie.dz\/fr\/hadj-2025-une-coordination-efficace-au-coeur-du-transport-des-pelerins\/#article","isPartOf":{"@id":"https:\/\/elmawkie.dz\/fr\/hadj-2025-une-coordination-efficace-au-coeur-du-transport-des-pelerins\/"},"author":{"name":"R\u00e9daction","@id":"https:\/\/elmawkie.dz\/fr\/#\/schema\/person\/e7bd59d6467874ba5c4723d8a9f0a63c"},"headline":"Hadj 2025 : Une coordination efficace au c\u0153ur du transport des p\u00e8lerins","datePublished":"2025-08-09T21:13:46+00:00","dateModified":"2025-08-09T21:13:47+00:00","mainEntityOfPage":{"@id":"https:\/\/elmawkie.dz\/fr\/hadj-2025-une-coordination-efficace-au-coeur-du-transport-des-pelerins\/"},"wordCount":559,"commentCount":0,"publisher":{"@id":"https:\/\/elmawkie.dz\/fr\/#organization"},"image":{"@id":"https:\/\/elmawkie.dz\/fr\/hadj-2025-une-coordination-efficace-au-coeur-du-transport-des-pelerins\/#primaryimage"},"thumbnailUrl":"https:\/\/elmawkie.dz\/fr\/wp-content\/uploads\/2025\/08\/IMG_2484.jpeg","keywords":["Hadj 2025"],"articleSection":["National"],"inLanguage":"fr-FR","potentialAction":[{"@type":"CommentAction","name":"Comment","target":["https:\/\/elmawkie.dz\/fr\/hadj-2025-une-coordination-efficace-au-coeur-du-transport-des-pelerins\/#respond"]}]},{"@type":"WebPage","@id":"https:\/\/elmawkie.dz\/fr\/hadj-2025-une-coordination-efficace-au-coeur-du-transport-des-pelerins\/","url":"https:\/\/elmawkie.dz\/fr\/hadj-2025-une-coordination-efficace-au-coeur-du-transport-des-pelerins\/","name":"Hadj 2025 : Une coordination efficace au c\u0153ur du transport des p\u00e8lerins - El Mawkie","isPartOf":{"@id":"https:\/\/elmawkie.dz\/fr\/#website"},"primaryImageOfPage":{"@id":"https:\/\/elmawkie.dz\/fr\/hadj-2025-une-coordination-efficace-au-coeur-du-transport-des-pelerins\/#primaryimage"},"image":{"@id":"https:\/\/elmawkie.dz\/fr\/hadj-2025-une-coordination-efficace-au-coeur-du-transport-des-pelerins\/#primaryimage"},"thumbnailUrl":"https:\/\/elmawkie.dz\/fr\/wp-content\/uploads\/2025\/08\/IMG_2484.jpeg","datePublished":"2025-08-09T21:13:46+00:00","dateModified":"2025-08-09T21:13:47+00:00","breadcrumb":{"@id":"https:\/\/elmawkie.dz\/fr\/hadj-2025-une-coordination-efficace-au-coeur-du-transport-des-pelerins\/#breadcrumb"},"inLanguage":"fr-FR","potentialAction":[{"@type":"ReadAction","target":["https:\/\/elmawkie.dz\/fr\/hadj-2025-une-coordination-efficace-au-coeur-du-transport-des-pelerins\/"]}]},{"@type":"ImageObject","inLanguage":"fr-FR","@id":"https:\/\/elmawkie.dz\/fr\/hadj-2025-une-coordination-efficace-au-coeur-du-transport-des-pelerins\/#primaryimage","url":"https:\/\/elmawkie.dz\/fr\/wp-content\/uploads\/2025\/08\/IMG_2484.jpeg","contentUrl":"https:\/\/elmawkie.dz\/fr\/wp-content\/uploads\/2025\/08\/IMG_2484.jpeg","width":1600,"height":1066},{"@type":"BreadcrumbList","@id":"https:\/\/elmawkie.dz\/fr\/hadj-2025-une-coordination-efficace-au-coeur-du-transport-des-pelerins\/#breadcrumb","itemListElement":[{"@type":"ListItem","position":1,"name":"Home","item":"https:\/\/elmawkie.dz\/fr\/"},{"@type":"ListItem","position":2,"name":"Hadj 2025 : Une coordination efficace au c\u0153ur du transport des p\u00e8lerins"}]},{"@type":"WebSite","@id":"https:\/\/elmawkie.dz\/fr\/#website","url":"https:\/\/elmawkie.dz\/fr\/","name":"EL MAWKIE","description":"Journal \u00c9lectronique Alg\u00e9rien","publisher":{"@id":"https:\/\/elmawkie.dz\/fr\/#organization"},"potentialAction":[{"@type":"SearchAction","target":{"@type":"EntryPoint","urlTemplate":"https:\/\/elmawkie.dz\/fr\/?s={search_term_string}"},"query-input":"required name=search_term_string"}],"inLanguage":"fr-FR"},{"@type":"Organization","@id":"https:\/\/elmawkie.dz\/fr\/#organization","name":"EL MAWKIE","url":"https:\/\/elmawkie.dz\/fr\/","logo":{"@type":"ImageObject","inLanguage":"fr-FR","@id":"https:\/\/elmawkie.dz\/fr\/#\/schema\/logo\/image\/","url":"https:\/\/elmawkie.dz\/fr\/wp-content\/uploads\/2024\/05\/logo1.png","contentUrl":"https:\/\/elmawkie.dz\/fr\/wp-content\/uploads\/2024\/05\/logo1.png","width":1648,"height":652,"caption":"EL MAWKIE"},"image":{"@id":"https:\/\/elmawkie.dz\/fr\/#\/schema\/logo\/image\/"},"sameAs":["https:\/\/www.facebook.com\/profile.php?id=100088407094989&locale=fr_FR"]},{"@type":"Person","@id":"https:\/\/elmawkie.dz\/fr\/#\/schema\/person\/e7bd59d6467874ba5c4723d8a9f0a63c","name":"R\u00e9daction","image":{"@type":"ImageObject","inLanguage":"fr-FR","@id":"https:\/\/elmawkie.dz\/fr\/#\/schema\/person\/image\/","url":"https:\/\/secure.gravatar.com\/avatar\/f0f773456344da4d2788c054a3d30a0c?s=96&d=mm&r=g","contentUrl":"https:\/\/secure.gravatar.com\/avatar\/f0f773456344da4d2788c054a3d30a0c?s=96&d=mm&r=g","caption":"R\u00e9daction"},"url":"https:\/\/elmawkie.dz\/fr\/author\/redaction\/"}]}},"_links":{"self":[{"href":"https:\/\/elmawkie.dz\/fr\/wp-json\/wp\/v2\/posts\/54877","targetHints":{"allow":["GET"]}}],"collection":[{"href":"https:\/\/elmawkie.dz\/fr\/wp-json\/wp\/v2\/posts"}],"about":[{"href":"https:\/\/elmawkie.dz\/fr\/wp-json\/wp\/v2\/types\/post"}],"author":[{"embeddable":true,"href":"https:\/\/elmawkie.dz\/fr\/wp-json\/wp\/v2\/users\/9"}],"replies":[{"embeddable":true,"href":"https:\/\/elmawkie.dz\/fr\/wp-json\/wp\/v2\/comments?post=54877"}],"version-history":[{"count":1,"href":"https:\/\/elmawkie.dz\/fr\/wp-json\/wp\/v2\/posts\/54877\/revisions"}],"predecessor-version":[{"id":54880,"href":"https:\/\/elmawkie.dz\/fr\/wp-json\/wp\/v2\/posts\/54877\/revisions\/54880"}],"wp:featuredmedia":[{"embeddable":true,"href":"https:\/\/elmawkie.dz\/fr\/wp-json\/wp\/v2\/media\/54879"}],"wp:attachment":[{"href":"https:\/\/elmawkie.dz\/fr\/wp-json\/wp\/v2\/media?parent=54877"}],"wp:term":[{"taxonomy":"category","embeddable":true,"href":"https:\/\/elmawkie.dz\/fr\/wp-json\/wp\/v2\/categories?post=54877"},{"taxonomy":"post_tag","embeddable":true,"href":"https:\/\/elmawkie.dz\/fr\/wp-json\/wp\/v2\/tags?post=54877"}],"curies":[{"name":"wp","href":"https:\/\/api.w.org\/{rel}","templated":true}]}}