{"id":5478,"date":"2024-10-05T19:06:42","date_gmt":"2024-10-05T18:06:42","guid":{"rendered":"https:\/\/elmawkie.dz\/fr\/?p=5478"},"modified":"2024-10-05T19:06:42","modified_gmt":"2024-10-05T18:06:42","slug":"m-belmehdi-preside-louverture-dun-colloque-national-sur-le-gourara-a-travers-lhistoire-limam-mohamed-ben-abi-el-mizmari-el-aabkari","status":"publish","type":"post","link":"https:\/\/elmawkie.dz\/fr\/m-belmehdi-preside-louverture-dun-colloque-national-sur-le-gourara-a-travers-lhistoire-limam-mohamed-ben-abi-el-mizmari-el-aabkari\/","title":{"rendered":"M.Belmehdi pr\u00e9side l&rsquo;ouverture d&rsquo;un colloque national sur \u00ab\u00a0Le Gourara \u00e0 travers l\u2019histoire, l\u2019Imam Mohamed Ben Abi El-Mizmari El-Aabkari\u00a0\u00bb"},"content":{"rendered":"<p><em><strong>Le ministre des Affaires religieuses et des Wakfs, Youcef Belmehdi, a soulign\u00e9, samedi \u00e0 Timimoun, l\u2019importance d\u2019organiser des rencontres sur les Oul\u00e9ma (savants) alg\u00e9riens pour valoriser leur contribution aux rayonnement et diffusion du savoir \u00e0 travers le monde.<\/strong><br \/>\nPr\u00e9sidant l\u2019ouverture du colloque national intitul\u00e9 \u00ab\u00a0Le Gourara \u00e0 travers l\u2019histoire, l\u2019Imam Mohamed Ben Abi El-Mizmari El-Aabkari\u00a0\u00bb, M. Belmehdi a indiqu\u00e9 que \u00ab\u00a0les rencontres braquant les lumi\u00e8res sur la vie et l\u2019\u0153uvre des savants alg\u00e9riens sont susceptibles de r\u00e9v\u00e9ler leurs travaux aux g\u00e9n\u00e9rations futures et en faire une mati\u00e8re d\u2019\u00e9tude pour les chercheurs, universitaires et centres nationaux de recherches\u00a0\u00bb. \u00ab\u00a0L\u2019Alg\u00e9rie compte de grandes comp\u00e9tences \u00e0 m\u00eame de lui permettre de consolider son r\u00e9f\u00e9rent religieux et l\u2019identit\u00e9 nationale\u00a0\u00bb, a affirm\u00e9 M. Belmehdi, avant de mettre l\u2019accent sur \u00ab\u00a0la n\u00e9cessit\u00e9 de poursuivre le programme pr\u00f4n\u00e9 par le pr\u00e9sident de la R\u00e9publique, M.Abdelmadjid Tebboune, pour concr\u00e9tiser le projet de l\u2019Alg\u00e9rie triomphante\u00a0\u00bb. Initi\u00e9e par la direction des Affaires religieuses et des Wakfs de la wilaya de Timimoun, en coordination avec le laboratoire des manuscrits de l\u2019universit\u00e9 d\u2019Adrar, la rencontre a permis aux participants, chercheurs, universitaires et Choyoukh, d\u2019\u00e9voquer le Cheikh Mohamed Ben Abi El-Mizmari, sa vie et ses travaux dans diff\u00e9rents domaines de la science et du savoir, ainsi que ses recherches linguistiques, philologiques et autres activit\u00e9s religieuses. Le pr\u00e9sident du comit\u00e9 d\u2019organisation du colloque, Dr. Mohamed El-Fatmi, de l\u2019universit\u00e9 d\u2019Adrar, a \u00e9voqu\u00e9 succinctement la vie et les \u0153uvres de l\u2019Imam El-Aabkari (El-Mizmari) qui, a-t-il dit, \u00ab\u00a0fait partie des symboles du savoir et du Fikh (jurisprudence) dans la r\u00e9gion du Gourara\u00a0\u00bb, avant d\u2019appeler \u00e0 mettre en exergue ces hommes de culte et \u00e9rudits et faire conna\u00eetre leurs \u0153uvres aux g\u00e9n\u00e9rations futures. Cheikh Abderrahmane El-Djouri, imam agr\u00e9\u00e9 dans la wilaya de Bejaia, a abord\u00e9, de son c\u00f4t\u00e9, la riche bibliographie l\u00e9gu\u00e9e par l\u2019Imam El-Aabkari dans les domaines linguistique et philologique, dont les arts de la po\u00e9sie et de la prose, ses voyages d\u2019exploration scientifique au Soudan et dans le Hidjaz (Arabie Saoudite). Le ministre des Affaires religieuses a, lors de la seconde et ultime journ\u00e9e de sa visite de travail dans la wilaya de Timimoun, visit\u00e9 une exposition de manuscrits, la mosqu\u00e9e \u00ab\u00a0Imam Malek Ibn Anes\u00a0\u00bb ainsi que l\u2019\u00e9cole coranique \u00ab\u00a0Imam El-Aabkari\u00a0\u00bb du cheikh Hadj Ahmed Khalil, o\u00f9 il s\u2019est enquis des conditions d\u2019enseignement et d\u2019accueil des apprenants et du projet de son extension. <\/em><\/p>\n","protected":false},"excerpt":{"rendered":"<p>Le ministre des Affaires religieuses et des Wakfs, Youcef Belmehdi, a soulign\u00e9, samedi \u00e0 Timimoun, l\u2019importance d\u2019organiser des rencontres sur les Oul\u00e9ma (savants) alg\u00e9riens pour valoriser leur contribution aux rayonnement et diffusion du savoir \u00e0 travers le monde. Pr\u00e9sidant l\u2019ouverture du colloque national intitul\u00e9 \u00ab\u00a0Le Gourara \u00e0 travers l\u2019histoire, l\u2019Imam Mohamed Ben Abi El-Mizmari El-Aabkari\u00a0\u00bb, &hellip;<\/p>\n","protected":false},"author":9,"featured_media":5479,"comment_status":"open","ping_status":"open","sticky":false,"template":"","format":"standard","meta":{"footnotes":""},"categories":[47],"tags":[859,860,846],"class_list":["post-5478","post","type-post","status-publish","format-standard","has-post-thumbnail","hentry","category-national","tag-colloque-national","tag-limam-mohamed-ben-abi-el-mizmari-el-aabkari","tag-m-belmehdi"],"yoast_head":"<!-- This site is optimized with the Yoast SEO Premium plugin v22.6 (Yoast SEO v22.6) - https:\/\/yoast.com\/wordpress\/plugins\/seo\/ -->\n<title>M.Belmehdi pr\u00e9side l&#039;ouverture d&#039;un colloque national sur &quot;Le Gourara \u00e0 travers l\u2019histoire, l\u2019Imam Mohamed Ben Abi El-Mizmari El-Aabkari&quot; - El Mawkie<\/title>\n<meta name=\"robots\" content=\"index, follow, max-snippet:-1, max-image-preview:large, max-video-preview:-1\" \/>\n<link rel=\"canonical\" href=\"https:\/\/elmawkie.dz\/fr\/m-belmehdi-preside-louverture-dun-colloque-national-sur-le-gourara-a-travers-lhistoire-limam-mohamed-ben-abi-el-mizmari-el-aabkari\/\" \/>\n<meta property=\"og:locale\" content=\"fr_FR\" \/>\n<meta property=\"og:type\" content=\"article\" \/>\n<meta property=\"og:title\" content=\"M.Belmehdi pr\u00e9side l&#039;ouverture d&#039;un colloque national sur &quot;Le Gourara \u00e0 travers l\u2019histoire, l\u2019Imam Mohamed Ben Abi El-Mizmari El-Aabkari&quot;\" \/>\n<meta property=\"og:description\" content=\"Le ministre des Affaires religieuses et des Wakfs, Youcef Belmehdi, a soulign\u00e9, samedi \u00e0 Timimoun, l\u2019importance d\u2019organiser des rencontres sur les Oul\u00e9ma (savants) alg\u00e9riens pour valoriser leur contribution aux rayonnement et diffusion du savoir \u00e0 travers le monde. Pr\u00e9sidant l\u2019ouverture du colloque national intitul\u00e9 \u00ab\u00a0Le Gourara \u00e0 travers l\u2019histoire, l\u2019Imam Mohamed Ben Abi El-Mizmari El-Aabkari\u00a0\u00bb, &hellip;\" \/>\n<meta property=\"og:url\" content=\"https:\/\/elmawkie.dz\/fr\/m-belmehdi-preside-louverture-dun-colloque-national-sur-le-gourara-a-travers-lhistoire-limam-mohamed-ben-abi-el-mizmari-el-aabkari\/\" \/>\n<meta property=\"og:site_name\" content=\"El Mawkie\" \/>\n<meta property=\"article:publisher\" content=\"https:\/\/www.facebook.com\/profile.php?id=100088407094989&amp;locale=fr_FR\" \/>\n<meta property=\"article:published_time\" content=\"2024-10-05T18:06:42+00:00\" \/>\n<meta property=\"og:image\" content=\"https:\/\/elmawkie.dz\/fr\/wp-content\/uploads\/2024\/10\/IMG_2828.jpeg\" \/>\n\t<meta property=\"og:image:width\" content=\"724\" \/>\n\t<meta property=\"og:image:height\" content=\"559\" \/>\n\t<meta property=\"og:image:type\" content=\"image\/jpeg\" \/>\n<meta name=\"author\" content=\"R\u00e9daction\" \/>\n<meta name=\"twitter:card\" content=\"summary_large_image\" \/>\n<meta name=\"twitter:label1\" content=\"Written by\" \/>\n\t<meta name=\"twitter:data1\" content=\"R\u00e9daction\" \/>\n\t<meta name=\"twitter:label2\" content=\"Est. reading time\" \/>\n\t<meta name=\"twitter:data2\" content=\"2 minutes\" \/>\n<script type=\"application\/ld+json\" class=\"yoast-schema-graph\">{\"@context\":\"https:\/\/schema.org\",\"@graph\":[{\"@type\":\"Article\",\"@id\":\"https:\/\/elmawkie.dz\/fr\/m-belmehdi-preside-louverture-dun-colloque-national-sur-le-gourara-a-travers-lhistoire-limam-mohamed-ben-abi-el-mizmari-el-aabkari\/#article\",\"isPartOf\":{\"@id\":\"https:\/\/elmawkie.dz\/fr\/m-belmehdi-preside-louverture-dun-colloque-national-sur-le-gourara-a-travers-lhistoire-limam-mohamed-ben-abi-el-mizmari-el-aabkari\/\"},\"author\":{\"name\":\"R\u00e9daction\",\"@id\":\"https:\/\/elmawkie.dz\/fr\/#\/schema\/person\/e7bd59d6467874ba5c4723d8a9f0a63c\"},\"headline\":\"M.Belmehdi pr\u00e9side l&rsquo;ouverture d&rsquo;un colloque national sur \u00ab\u00a0Le Gourara \u00e0 travers l\u2019histoire, l\u2019Imam Mohamed Ben Abi El-Mizmari El-Aabkari\u00a0\u00bb\",\"datePublished\":\"2024-10-05T18:06:42+00:00\",\"dateModified\":\"2024-10-05T18:06:42+00:00\",\"mainEntityOfPage\":{\"@id\":\"https:\/\/elmawkie.dz\/fr\/m-belmehdi-preside-louverture-dun-colloque-national-sur-le-gourara-a-travers-lhistoire-limam-mohamed-ben-abi-el-mizmari-el-aabkari\/\"},\"wordCount\":466,\"commentCount\":0,\"publisher\":{\"@id\":\"https:\/\/elmawkie.dz\/fr\/#organization\"},\"image\":{\"@id\":\"https:\/\/elmawkie.dz\/fr\/m-belmehdi-preside-louverture-dun-colloque-national-sur-le-gourara-a-travers-lhistoire-limam-mohamed-ben-abi-el-mizmari-el-aabkari\/#primaryimage\"},\"thumbnailUrl\":\"https:\/\/elmawkie.dz\/fr\/wp-content\/uploads\/2024\/10\/IMG_2828.jpeg\",\"keywords\":[\"Colloque national\",\"l\u2019Imam Mohamed Ben Abi El-Mizmari El-Aabkari\\\"\",\"M.Belmehdi\"],\"articleSection\":[\"National\"],\"inLanguage\":\"fr-FR\",\"potentialAction\":[{\"@type\":\"CommentAction\",\"name\":\"Comment\",\"target\":[\"https:\/\/elmawkie.dz\/fr\/m-belmehdi-preside-louverture-dun-colloque-national-sur-le-gourara-a-travers-lhistoire-limam-mohamed-ben-abi-el-mizmari-el-aabkari\/#respond\"]}]},{\"@type\":\"WebPage\",\"@id\":\"https:\/\/elmawkie.dz\/fr\/m-belmehdi-preside-louverture-dun-colloque-national-sur-le-gourara-a-travers-lhistoire-limam-mohamed-ben-abi-el-mizmari-el-aabkari\/\",\"url\":\"https:\/\/elmawkie.dz\/fr\/m-belmehdi-preside-louverture-dun-colloque-national-sur-le-gourara-a-travers-lhistoire-limam-mohamed-ben-abi-el-mizmari-el-aabkari\/\",\"name\":\"M.Belmehdi pr\u00e9side l'ouverture d'un colloque national sur \\\"Le Gourara \u00e0 travers l\u2019histoire, l\u2019Imam Mohamed Ben Abi El-Mizmari El-Aabkari\\\" - El Mawkie\",\"isPartOf\":{\"@id\":\"https:\/\/elmawkie.dz\/fr\/#website\"},\"primaryImageOfPage\":{\"@id\":\"https:\/\/elmawkie.dz\/fr\/m-belmehdi-preside-louverture-dun-colloque-national-sur-le-gourara-a-travers-lhistoire-limam-mohamed-ben-abi-el-mizmari-el-aabkari\/#primaryimage\"},\"image\":{\"@id\":\"https:\/\/elmawkie.dz\/fr\/m-belmehdi-preside-louverture-dun-colloque-national-sur-le-gourara-a-travers-lhistoire-limam-mohamed-ben-abi-el-mizmari-el-aabkari\/#primaryimage\"},\"thumbnailUrl\":\"https:\/\/elmawkie.dz\/fr\/wp-content\/uploads\/2024\/10\/IMG_2828.jpeg\",\"datePublished\":\"2024-10-05T18:06:42+00:00\",\"dateModified\":\"2024-10-05T18:06:42+00:00\",\"breadcrumb\":{\"@id\":\"https:\/\/elmawkie.dz\/fr\/m-belmehdi-preside-louverture-dun-colloque-national-sur-le-gourara-a-travers-lhistoire-limam-mohamed-ben-abi-el-mizmari-el-aabkari\/#breadcrumb\"},\"inLanguage\":\"fr-FR\",\"potentialAction\":[{\"@type\":\"ReadAction\",\"target\":[\"https:\/\/elmawkie.dz\/fr\/m-belmehdi-preside-louverture-dun-colloque-national-sur-le-gourara-a-travers-lhistoire-limam-mohamed-ben-abi-el-mizmari-el-aabkari\/\"]}]},{\"@type\":\"ImageObject\",\"inLanguage\":\"fr-FR\",\"@id\":\"https:\/\/elmawkie.dz\/fr\/m-belmehdi-preside-louverture-dun-colloque-national-sur-le-gourara-a-travers-lhistoire-limam-mohamed-ben-abi-el-mizmari-el-aabkari\/#primaryimage\",\"url\":\"https:\/\/elmawkie.dz\/fr\/wp-content\/uploads\/2024\/10\/IMG_2828.jpeg\",\"contentUrl\":\"https:\/\/elmawkie.dz\/fr\/wp-content\/uploads\/2024\/10\/IMG_2828.jpeg\",\"width\":724,\"height\":559},{\"@type\":\"BreadcrumbList\",\"@id\":\"https:\/\/elmawkie.dz\/fr\/m-belmehdi-preside-louverture-dun-colloque-national-sur-le-gourara-a-travers-lhistoire-limam-mohamed-ben-abi-el-mizmari-el-aabkari\/#breadcrumb\",\"itemListElement\":[{\"@type\":\"ListItem\",\"position\":1,\"name\":\"Home\",\"item\":\"https:\/\/elmawkie.dz\/fr\/\"},{\"@type\":\"ListItem\",\"position\":2,\"name\":\"M.Belmehdi pr\u00e9side l&rsquo;ouverture d&rsquo;un colloque national sur \u00ab\u00a0Le Gourara \u00e0 travers l\u2019histoire, l\u2019Imam Mohamed Ben Abi El-Mizmari El-Aabkari\u00a0\u00bb\"}]},{\"@type\":\"WebSite\",\"@id\":\"https:\/\/elmawkie.dz\/fr\/#website\",\"url\":\"https:\/\/elmawkie.dz\/fr\/\",\"name\":\"EL MAWKIE\",\"description\":\"Journal \u00c9lectronique Alg\u00e9rien\",\"publisher\":{\"@id\":\"https:\/\/elmawkie.dz\/fr\/#organization\"},\"potentialAction\":[{\"@type\":\"SearchAction\",\"target\":{\"@type\":\"EntryPoint\",\"urlTemplate\":\"https:\/\/elmawkie.dz\/fr\/?s={search_term_string}\"},\"query-input\":\"required name=search_term_string\"}],\"inLanguage\":\"fr-FR\"},{\"@type\":\"Organization\",\"@id\":\"https:\/\/elmawkie.dz\/fr\/#organization\",\"name\":\"EL MAWKIE\",\"url\":\"https:\/\/elmawkie.dz\/fr\/\",\"logo\":{\"@type\":\"ImageObject\",\"inLanguage\":\"fr-FR\",\"@id\":\"https:\/\/elmawkie.dz\/fr\/#\/schema\/logo\/image\/\",\"url\":\"https:\/\/elmawkie.dz\/fr\/wp-content\/uploads\/2024\/05\/logo1.png\",\"contentUrl\":\"https:\/\/elmawkie.dz\/fr\/wp-content\/uploads\/2024\/05\/logo1.png\",\"width\":1648,\"height\":652,\"caption\":\"EL MAWKIE\"},\"image\":{\"@id\":\"https:\/\/elmawkie.dz\/fr\/#\/schema\/logo\/image\/\"},\"sameAs\":[\"https:\/\/www.facebook.com\/profile.php?id=100088407094989&locale=fr_FR\"]},{\"@type\":\"Person\",\"@id\":\"https:\/\/elmawkie.dz\/fr\/#\/schema\/person\/e7bd59d6467874ba5c4723d8a9f0a63c\",\"name\":\"R\u00e9daction\",\"image\":{\"@type\":\"ImageObject\",\"inLanguage\":\"fr-FR\",\"@id\":\"https:\/\/elmawkie.dz\/fr\/#\/schema\/person\/image\/\",\"url\":\"https:\/\/secure.gravatar.com\/avatar\/f0f773456344da4d2788c054a3d30a0c?s=96&d=mm&r=g\",\"contentUrl\":\"https:\/\/secure.gravatar.com\/avatar\/f0f773456344da4d2788c054a3d30a0c?s=96&d=mm&r=g\",\"caption\":\"R\u00e9daction\"},\"url\":\"https:\/\/elmawkie.dz\/fr\/author\/redaction\/\"}]}<\/script>\n<!-- \/ Yoast SEO Premium plugin. -->","yoast_head_json":{"title":"M.Belmehdi pr\u00e9side l'ouverture d'un colloque national sur \"Le Gourara \u00e0 travers l\u2019histoire, l\u2019Imam Mohamed Ben Abi El-Mizmari El-Aabkari\" - El Mawkie","robots":{"index":"index","follow":"follow","max-snippet":"max-snippet:-1","max-image-preview":"max-image-preview:large","max-video-preview":"max-video-preview:-1"},"canonical":"https:\/\/elmawkie.dz\/fr\/m-belmehdi-preside-louverture-dun-colloque-national-sur-le-gourara-a-travers-lhistoire-limam-mohamed-ben-abi-el-mizmari-el-aabkari\/","og_locale":"fr_FR","og_type":"article","og_title":"M.Belmehdi pr\u00e9side l'ouverture d'un colloque national sur \"Le Gourara \u00e0 travers l\u2019histoire, l\u2019Imam Mohamed Ben Abi El-Mizmari El-Aabkari\"","og_description":"Le ministre des Affaires religieuses et des Wakfs, Youcef Belmehdi, a soulign\u00e9, samedi \u00e0 Timimoun, l\u2019importance d\u2019organiser des rencontres sur les Oul\u00e9ma (savants) alg\u00e9riens pour valoriser leur contribution aux rayonnement et diffusion du savoir \u00e0 travers le monde. Pr\u00e9sidant l\u2019ouverture du colloque national intitul\u00e9 \u00ab\u00a0Le Gourara \u00e0 travers l\u2019histoire, l\u2019Imam Mohamed Ben Abi El-Mizmari El-Aabkari\u00a0\u00bb, &hellip;","og_url":"https:\/\/elmawkie.dz\/fr\/m-belmehdi-preside-louverture-dun-colloque-national-sur-le-gourara-a-travers-lhistoire-limam-mohamed-ben-abi-el-mizmari-el-aabkari\/","og_site_name":"El Mawkie","article_publisher":"https:\/\/www.facebook.com\/profile.php?id=100088407094989&locale=fr_FR","article_published_time":"2024-10-05T18:06:42+00:00","og_image":[{"width":724,"height":559,"url":"https:\/\/elmawkie.dz\/fr\/wp-content\/uploads\/2024\/10\/IMG_2828.jpeg","type":"image\/jpeg"}],"author":"R\u00e9daction","twitter_card":"summary_large_image","twitter_misc":{"Written by":"R\u00e9daction","Est. reading time":"2 minutes"},"schema":{"@context":"https:\/\/schema.org","@graph":[{"@type":"Article","@id":"https:\/\/elmawkie.dz\/fr\/m-belmehdi-preside-louverture-dun-colloque-national-sur-le-gourara-a-travers-lhistoire-limam-mohamed-ben-abi-el-mizmari-el-aabkari\/#article","isPartOf":{"@id":"https:\/\/elmawkie.dz\/fr\/m-belmehdi-preside-louverture-dun-colloque-national-sur-le-gourara-a-travers-lhistoire-limam-mohamed-ben-abi-el-mizmari-el-aabkari\/"},"author":{"name":"R\u00e9daction","@id":"https:\/\/elmawkie.dz\/fr\/#\/schema\/person\/e7bd59d6467874ba5c4723d8a9f0a63c"},"headline":"M.Belmehdi pr\u00e9side l&rsquo;ouverture d&rsquo;un colloque national sur \u00ab\u00a0Le Gourara \u00e0 travers l\u2019histoire, l\u2019Imam Mohamed Ben Abi El-Mizmari El-Aabkari\u00a0\u00bb","datePublished":"2024-10-05T18:06:42+00:00","dateModified":"2024-10-05T18:06:42+00:00","mainEntityOfPage":{"@id":"https:\/\/elmawkie.dz\/fr\/m-belmehdi-preside-louverture-dun-colloque-national-sur-le-gourara-a-travers-lhistoire-limam-mohamed-ben-abi-el-mizmari-el-aabkari\/"},"wordCount":466,"commentCount":0,"publisher":{"@id":"https:\/\/elmawkie.dz\/fr\/#organization"},"image":{"@id":"https:\/\/elmawkie.dz\/fr\/m-belmehdi-preside-louverture-dun-colloque-national-sur-le-gourara-a-travers-lhistoire-limam-mohamed-ben-abi-el-mizmari-el-aabkari\/#primaryimage"},"thumbnailUrl":"https:\/\/elmawkie.dz\/fr\/wp-content\/uploads\/2024\/10\/IMG_2828.jpeg","keywords":["Colloque national","l\u2019Imam Mohamed Ben Abi El-Mizmari El-Aabkari\"","M.Belmehdi"],"articleSection":["National"],"inLanguage":"fr-FR","potentialAction":[{"@type":"CommentAction","name":"Comment","target":["https:\/\/elmawkie.dz\/fr\/m-belmehdi-preside-louverture-dun-colloque-national-sur-le-gourara-a-travers-lhistoire-limam-mohamed-ben-abi-el-mizmari-el-aabkari\/#respond"]}]},{"@type":"WebPage","@id":"https:\/\/elmawkie.dz\/fr\/m-belmehdi-preside-louverture-dun-colloque-national-sur-le-gourara-a-travers-lhistoire-limam-mohamed-ben-abi-el-mizmari-el-aabkari\/","url":"https:\/\/elmawkie.dz\/fr\/m-belmehdi-preside-louverture-dun-colloque-national-sur-le-gourara-a-travers-lhistoire-limam-mohamed-ben-abi-el-mizmari-el-aabkari\/","name":"M.Belmehdi pr\u00e9side l'ouverture d'un colloque national sur \"Le Gourara \u00e0 travers l\u2019histoire, l\u2019Imam Mohamed Ben Abi El-Mizmari El-Aabkari\" - El Mawkie","isPartOf":{"@id":"https:\/\/elmawkie.dz\/fr\/#website"},"primaryImageOfPage":{"@id":"https:\/\/elmawkie.dz\/fr\/m-belmehdi-preside-louverture-dun-colloque-national-sur-le-gourara-a-travers-lhistoire-limam-mohamed-ben-abi-el-mizmari-el-aabkari\/#primaryimage"},"image":{"@id":"https:\/\/elmawkie.dz\/fr\/m-belmehdi-preside-louverture-dun-colloque-national-sur-le-gourara-a-travers-lhistoire-limam-mohamed-ben-abi-el-mizmari-el-aabkari\/#primaryimage"},"thumbnailUrl":"https:\/\/elmawkie.dz\/fr\/wp-content\/uploads\/2024\/10\/IMG_2828.jpeg","datePublished":"2024-10-05T18:06:42+00:00","dateModified":"2024-10-05T18:06:42+00:00","breadcrumb":{"@id":"https:\/\/elmawkie.dz\/fr\/m-belmehdi-preside-louverture-dun-colloque-national-sur-le-gourara-a-travers-lhistoire-limam-mohamed-ben-abi-el-mizmari-el-aabkari\/#breadcrumb"},"inLanguage":"fr-FR","potentialAction":[{"@type":"ReadAction","target":["https:\/\/elmawkie.dz\/fr\/m-belmehdi-preside-louverture-dun-colloque-national-sur-le-gourara-a-travers-lhistoire-limam-mohamed-ben-abi-el-mizmari-el-aabkari\/"]}]},{"@type":"ImageObject","inLanguage":"fr-FR","@id":"https:\/\/elmawkie.dz\/fr\/m-belmehdi-preside-louverture-dun-colloque-national-sur-le-gourara-a-travers-lhistoire-limam-mohamed-ben-abi-el-mizmari-el-aabkari\/#primaryimage","url":"https:\/\/elmawkie.dz\/fr\/wp-content\/uploads\/2024\/10\/IMG_2828.jpeg","contentUrl":"https:\/\/elmawkie.dz\/fr\/wp-content\/uploads\/2024\/10\/IMG_2828.jpeg","width":724,"height":559},{"@type":"BreadcrumbList","@id":"https:\/\/elmawkie.dz\/fr\/m-belmehdi-preside-louverture-dun-colloque-national-sur-le-gourara-a-travers-lhistoire-limam-mohamed-ben-abi-el-mizmari-el-aabkari\/#breadcrumb","itemListElement":[{"@type":"ListItem","position":1,"name":"Home","item":"https:\/\/elmawkie.dz\/fr\/"},{"@type":"ListItem","position":2,"name":"M.Belmehdi pr\u00e9side l&rsquo;ouverture d&rsquo;un colloque national sur \u00ab\u00a0Le Gourara \u00e0 travers l\u2019histoire, l\u2019Imam Mohamed Ben Abi El-Mizmari El-Aabkari\u00a0\u00bb"}]},{"@type":"WebSite","@id":"https:\/\/elmawkie.dz\/fr\/#website","url":"https:\/\/elmawkie.dz\/fr\/","name":"EL MAWKIE","description":"Journal \u00c9lectronique Alg\u00e9rien","publisher":{"@id":"https:\/\/elmawkie.dz\/fr\/#organization"},"potentialAction":[{"@type":"SearchAction","target":{"@type":"EntryPoint","urlTemplate":"https:\/\/elmawkie.dz\/fr\/?s={search_term_string}"},"query-input":"required name=search_term_string"}],"inLanguage":"fr-FR"},{"@type":"Organization","@id":"https:\/\/elmawkie.dz\/fr\/#organization","name":"EL MAWKIE","url":"https:\/\/elmawkie.dz\/fr\/","logo":{"@type":"ImageObject","inLanguage":"fr-FR","@id":"https:\/\/elmawkie.dz\/fr\/#\/schema\/logo\/image\/","url":"https:\/\/elmawkie.dz\/fr\/wp-content\/uploads\/2024\/05\/logo1.png","contentUrl":"https:\/\/elmawkie.dz\/fr\/wp-content\/uploads\/2024\/05\/logo1.png","width":1648,"height":652,"caption":"EL MAWKIE"},"image":{"@id":"https:\/\/elmawkie.dz\/fr\/#\/schema\/logo\/image\/"},"sameAs":["https:\/\/www.facebook.com\/profile.php?id=100088407094989&locale=fr_FR"]},{"@type":"Person","@id":"https:\/\/elmawkie.dz\/fr\/#\/schema\/person\/e7bd59d6467874ba5c4723d8a9f0a63c","name":"R\u00e9daction","image":{"@type":"ImageObject","inLanguage":"fr-FR","@id":"https:\/\/elmawkie.dz\/fr\/#\/schema\/person\/image\/","url":"https:\/\/secure.gravatar.com\/avatar\/f0f773456344da4d2788c054a3d30a0c?s=96&d=mm&r=g","contentUrl":"https:\/\/secure.gravatar.com\/avatar\/f0f773456344da4d2788c054a3d30a0c?s=96&d=mm&r=g","caption":"R\u00e9daction"},"url":"https:\/\/elmawkie.dz\/fr\/author\/redaction\/"}]}},"_links":{"self":[{"href":"https:\/\/elmawkie.dz\/fr\/wp-json\/wp\/v2\/posts\/5478","targetHints":{"allow":["GET"]}}],"collection":[{"href":"https:\/\/elmawkie.dz\/fr\/wp-json\/wp\/v2\/posts"}],"about":[{"href":"https:\/\/elmawkie.dz\/fr\/wp-json\/wp\/v2\/types\/post"}],"author":[{"embeddable":true,"href":"https:\/\/elmawkie.dz\/fr\/wp-json\/wp\/v2\/users\/9"}],"replies":[{"embeddable":true,"href":"https:\/\/elmawkie.dz\/fr\/wp-json\/wp\/v2\/comments?post=5478"}],"version-history":[{"count":0,"href":"https:\/\/elmawkie.dz\/fr\/wp-json\/wp\/v2\/posts\/5478\/revisions"}],"wp:featuredmedia":[{"embeddable":true,"href":"https:\/\/elmawkie.dz\/fr\/wp-json\/wp\/v2\/media\/5479"}],"wp:attachment":[{"href":"https:\/\/elmawkie.dz\/fr\/wp-json\/wp\/v2\/media?parent=5478"}],"wp:term":[{"taxonomy":"category","embeddable":true,"href":"https:\/\/elmawkie.dz\/fr\/wp-json\/wp\/v2\/categories?post=5478"},{"taxonomy":"post_tag","embeddable":true,"href":"https:\/\/elmawkie.dz\/fr\/wp-json\/wp\/v2\/tags?post=5478"}],"curies":[{"name":"wp","href":"https:\/\/api.w.org\/{rel}","templated":true}]}}