{"id":54716,"date":"2025-08-06T19:25:51","date_gmt":"2025-08-06T18:25:51","guid":{"rendered":"https:\/\/elmawkie.dz\/fr\/?p=54716"},"modified":"2025-08-06T19:25:52","modified_gmt":"2025-08-06T18:25:52","slug":"conference-a-alger-lautogestion-moteur-de-letat-social-en-algerie-independante","status":"publish","type":"post","link":"https:\/\/elmawkie.dz\/fr\/conference-a-alger-lautogestion-moteur-de-letat-social-en-algerie-independante\/","title":{"rendered":"Conf\u00e9rence \u00e0 Alger : l\u2019autogestion, moteur de l\u2019\u00c9tat social en Alg\u00e9rie ind\u00e9pendante"},"content":{"rendered":"\n<p>Des experts en \u00e9conomie et des universitaires ont soulign\u00e9, mercredi \u00e0 Alger, le r\u00f4le de la politique d\u2019autogestion, adopt\u00e9e par l&rsquo;Alg\u00e9rie au lendemain de l&rsquo;ind\u00e9pendance, dans l&rsquo;\u00e9dification de l\u2019Etat social, la qualifiant d'\u00a0\u00bbexp\u00e9rience structurante\u00a0\u00bb ayant contribu\u00e9 \u00e0 jeter les bases d\u2019un mod\u00e8le propre au pays, fond\u00e9 sur l\u2019engagement populaire. Intervenant lors d&rsquo;une conf\u00e9rence scientifique organis\u00e9e par l\u2019Institut national d\u2019\u00e9tudes de strat\u00e9gie globale (INESG), en partenariat avec le Centre des archives nationales, les participants ont mis en lumi\u00e8re l\u2019impact de ce mode de gestion des entreprises dans les secteurs agricole et industriel notamment sur la reconstruction \u00e9conomique, sociale et culturelle de l&rsquo;Alg\u00e9rie ind\u00e9pendante. Selon le pr\u00e9sident du Conseil scientifique de l\u2019INESG, Djoudi Bouras, \u00ab\u00a0l\u2019autogestion en Alg\u00e9rie ne se r\u00e9sumait pas \u00e0 un simple mod\u00e8le \u00e9conomique, elle symbolisait un tournant historique majeur, marquant le passage d\u2019un paradigme r\u00e9volutionnaire centr\u00e9 sur la lib\u00e9ration nationale \u00e0 un nouveau paradigme de reconstruction\u00a0\u00bb. \u00ab\u00a0L\u2019autogestion a \u00e9t\u00e9 un instrument fondamental non seulement pour relancer la production, mais aussi pour poser les premi\u00e8res bases de l\u2019Etat alg\u00e9rien solidaire, pr\u00e9figurant ainsi l\u2019Etat social\u00a0\u00bb, a-t-il pr\u00e9cis\u00e9. Le conf\u00e9rencier a \u00e9galement mis en avant le r\u00f4le structurant de l\u2019autogestion dans \u00ab\u00a0la pr\u00e9paration du pays \u00e0 devenir un Etat \u00e9mergent, en inscrivant cette politique dans une dynamique de d\u00e9veloppement \u00e9conomique, social et culturel adapt\u00e9e aux r\u00e9alit\u00e9s nationales\u00a0\u00bb. De son c\u00f4t\u00e9, l\u2019expert \u00e9conomique Mustapha Bouroubi a estim\u00e9 que cette politique, qui visait \u00e0 red\u00e9marrer rapidement la production agricole et industrielle au lendemain de l&rsquo;ind\u00e9pendance, s\u2019\u00e9tait inscrite dans une dynamique nationale reposant sur un \u00ab\u00a0patriotisme \u00e9conomique\u00a0\u00bb et une \u00ab\u00a0mobilisation populaire\u00a0\u00bb, citant des exemples concrets d\u2019engagement populaire durant ces ann\u00e9es, tels que le Fonds de solidarit\u00e9 nationale ou encore les campagnes de volontariat dans le domaine agricole. Abordant les enjeux contemporains, M. Bouroubi a soulign\u00e9 que la souverainet\u00e9 \u00e9conomique est actuellement \u00ab\u00a0au c\u0153ur des d\u00e9bats mondiaux, qu\u2019il s\u2019agisse de s\u00e9curit\u00e9 alimentaire ou \u00e9nerg\u00e9tique\u00a0\u00bb, appelant \u00e0 \u00ab\u00a0revaloriser le facteur humain comme levier essentiel du d\u00e9veloppement&rsquo;. Pour sa part, l\u2019universitaire et ancien ministre de l\u2019Agriculture et du d\u00e9veloppement rural, Cherif Omari, a rappel\u00e9 que, d\u00e8s l\u2019ind\u00e9pendance, la s\u00e9curit\u00e9 et la souverainet\u00e9 alimentaires ont constitu\u00e9 des priorit\u00e9s strat\u00e9giques pour l\u2019Alg\u00e9rie. Il a soulign\u00e9 que la campagne agricole de 1962-1963 avait \u00e9t\u00e9 \u00ab\u00a0sauv\u00e9e\u00a0\u00bb, avec une production de 23,57 millions de quintaux de c\u00e9r\u00e9ales, \u00ab\u00a0un r\u00e9sultat sup\u00e9rieur \u00e0 la moyenne enregistr\u00e9e entre 1955 et 1959\u00a0\u00bb. L&rsquo;intervenant a \u00e9galement tenu \u00e0 rappeler la d\u00e9cision strat\u00e9gique de cr\u00e9ation de l\u2019Office alg\u00e9rien interprofessionnel des c\u00e9r\u00e9ales (OAIC) une semaine apr\u00e8s la proclamation de l&rsquo;ind\u00e9pendance nationale, marquant ainsi l&rsquo;engagement imm\u00e9diat de l\u2019Etat dans la structuration du secteur agricole.<\/p>\n","protected":false},"excerpt":{"rendered":"<p>Des experts en \u00e9conomie et des universitaires ont soulign\u00e9, mercredi \u00e0 Alger, le r\u00f4le de la politique d\u2019autogestion, adopt\u00e9e par l&rsquo;Alg\u00e9rie au lendemain de l&rsquo;ind\u00e9pendance, dans l&rsquo;\u00e9dification de l\u2019Etat social, la qualifiant d&rsquo;\u00a0\u00bbexp\u00e9rience structurante\u00a0\u00bb ayant contribu\u00e9 \u00e0 jeter les bases d\u2019un mod\u00e8le propre au pays, fond\u00e9 sur l\u2019engagement populaire. Intervenant lors d&rsquo;une conf\u00e9rence scientifique organis\u00e9e &hellip;<\/p>\n","protected":false},"author":9,"featured_media":54718,"comment_status":"open","ping_status":"open","sticky":false,"template":"","format":"standard","meta":{"footnotes":""},"categories":[47],"tags":[450,4715,294,4716],"class_list":["post-54716","post","type-post","status-publish","format-standard","has-post-thumbnail","hentry","category-national","tag-alger","tag-inesg","tag-lalgerie","tag-linstitut-national-detudes-de-strategie-globale"],"yoast_head":"<!-- This site is optimized with the Yoast SEO Premium plugin v22.6 (Yoast SEO v22.6) - https:\/\/yoast.com\/wordpress\/plugins\/seo\/ -->\n<title>Conf\u00e9rence \u00e0 Alger : l\u2019autogestion, moteur de l\u2019\u00c9tat social en Alg\u00e9rie ind\u00e9pendante - El Mawkie<\/title>\n<meta name=\"robots\" content=\"index, follow, max-snippet:-1, max-image-preview:large, max-video-preview:-1\" \/>\n<link rel=\"canonical\" href=\"https:\/\/elmawkie.dz\/fr\/conference-a-alger-lautogestion-moteur-de-letat-social-en-algerie-independante\/\" \/>\n<meta property=\"og:locale\" content=\"fr_FR\" \/>\n<meta property=\"og:type\" content=\"article\" \/>\n<meta property=\"og:title\" content=\"Conf\u00e9rence \u00e0 Alger : l\u2019autogestion, moteur de l\u2019\u00c9tat social en Alg\u00e9rie ind\u00e9pendante\" \/>\n<meta property=\"og:description\" content=\"Des experts en \u00e9conomie et des universitaires ont soulign\u00e9, mercredi \u00e0 Alger, le r\u00f4le de la politique d\u2019autogestion, adopt\u00e9e par l&rsquo;Alg\u00e9rie au lendemain de l&rsquo;ind\u00e9pendance, dans l&rsquo;\u00e9dification de l\u2019Etat social, la qualifiant d&#039;\u00a0\u00bbexp\u00e9rience structurante\u00a0\u00bb ayant contribu\u00e9 \u00e0 jeter les bases d\u2019un mod\u00e8le propre au pays, fond\u00e9 sur l\u2019engagement populaire. Intervenant lors d&rsquo;une conf\u00e9rence scientifique organis\u00e9e &hellip;\" \/>\n<meta property=\"og:url\" content=\"https:\/\/elmawkie.dz\/fr\/conference-a-alger-lautogestion-moteur-de-letat-social-en-algerie-independante\/\" \/>\n<meta property=\"og:site_name\" content=\"El Mawkie\" \/>\n<meta property=\"article:publisher\" content=\"https:\/\/www.facebook.com\/profile.php?id=100088407094989&amp;locale=fr_FR\" \/>\n<meta property=\"article:published_time\" content=\"2025-08-06T18:25:51+00:00\" \/>\n<meta property=\"article:modified_time\" content=\"2025-08-06T18:25:52+00:00\" \/>\n<meta property=\"og:image\" content=\"https:\/\/elmawkie.dz\/fr\/wp-content\/uploads\/2025\/08\/IMG_2196.jpeg\" \/>\n\t<meta property=\"og:image:width\" content=\"300\" \/>\n\t<meta property=\"og:image:height\" content=\"205\" \/>\n\t<meta property=\"og:image:type\" content=\"image\/jpeg\" \/>\n<meta name=\"author\" content=\"R\u00e9daction\" \/>\n<meta name=\"twitter:card\" content=\"summary_large_image\" \/>\n<meta name=\"twitter:label1\" content=\"Written by\" \/>\n\t<meta name=\"twitter:data1\" content=\"R\u00e9daction\" \/>\n\t<meta name=\"twitter:label2\" content=\"Est. reading time\" \/>\n\t<meta name=\"twitter:data2\" content=\"3 minutes\" \/>\n<script type=\"application\/ld+json\" class=\"yoast-schema-graph\">{\"@context\":\"https:\/\/schema.org\",\"@graph\":[{\"@type\":\"Article\",\"@id\":\"https:\/\/elmawkie.dz\/fr\/conference-a-alger-lautogestion-moteur-de-letat-social-en-algerie-independante\/#article\",\"isPartOf\":{\"@id\":\"https:\/\/elmawkie.dz\/fr\/conference-a-alger-lautogestion-moteur-de-letat-social-en-algerie-independante\/\"},\"author\":{\"name\":\"R\u00e9daction\",\"@id\":\"https:\/\/elmawkie.dz\/fr\/#\/schema\/person\/e7bd59d6467874ba5c4723d8a9f0a63c\"},\"headline\":\"Conf\u00e9rence \u00e0 Alger : l\u2019autogestion, moteur de l\u2019\u00c9tat social en Alg\u00e9rie ind\u00e9pendante\",\"datePublished\":\"2025-08-06T18:25:51+00:00\",\"dateModified\":\"2025-08-06T18:25:52+00:00\",\"mainEntityOfPage\":{\"@id\":\"https:\/\/elmawkie.dz\/fr\/conference-a-alger-lautogestion-moteur-de-letat-social-en-algerie-independante\/\"},\"wordCount\":521,\"commentCount\":0,\"publisher\":{\"@id\":\"https:\/\/elmawkie.dz\/fr\/#organization\"},\"image\":{\"@id\":\"https:\/\/elmawkie.dz\/fr\/conference-a-alger-lautogestion-moteur-de-letat-social-en-algerie-independante\/#primaryimage\"},\"thumbnailUrl\":\"https:\/\/elmawkie.dz\/fr\/wp-content\/uploads\/2025\/08\/IMG_2196.jpeg\",\"keywords\":[\"alger\",\"INESG\",\"L'Alg\u00e9rie\",\"l\u2019Institut national d\u2019\u00e9tudes de strat\u00e9gie globale\"],\"articleSection\":[\"National\"],\"inLanguage\":\"fr-FR\",\"potentialAction\":[{\"@type\":\"CommentAction\",\"name\":\"Comment\",\"target\":[\"https:\/\/elmawkie.dz\/fr\/conference-a-alger-lautogestion-moteur-de-letat-social-en-algerie-independante\/#respond\"]}]},{\"@type\":\"WebPage\",\"@id\":\"https:\/\/elmawkie.dz\/fr\/conference-a-alger-lautogestion-moteur-de-letat-social-en-algerie-independante\/\",\"url\":\"https:\/\/elmawkie.dz\/fr\/conference-a-alger-lautogestion-moteur-de-letat-social-en-algerie-independante\/\",\"name\":\"Conf\u00e9rence \u00e0 Alger : l\u2019autogestion, moteur de l\u2019\u00c9tat social en Alg\u00e9rie ind\u00e9pendante - El Mawkie\",\"isPartOf\":{\"@id\":\"https:\/\/elmawkie.dz\/fr\/#website\"},\"primaryImageOfPage\":{\"@id\":\"https:\/\/elmawkie.dz\/fr\/conference-a-alger-lautogestion-moteur-de-letat-social-en-algerie-independante\/#primaryimage\"},\"image\":{\"@id\":\"https:\/\/elmawkie.dz\/fr\/conference-a-alger-lautogestion-moteur-de-letat-social-en-algerie-independante\/#primaryimage\"},\"thumbnailUrl\":\"https:\/\/elmawkie.dz\/fr\/wp-content\/uploads\/2025\/08\/IMG_2196.jpeg\",\"datePublished\":\"2025-08-06T18:25:51+00:00\",\"dateModified\":\"2025-08-06T18:25:52+00:00\",\"breadcrumb\":{\"@id\":\"https:\/\/elmawkie.dz\/fr\/conference-a-alger-lautogestion-moteur-de-letat-social-en-algerie-independante\/#breadcrumb\"},\"inLanguage\":\"fr-FR\",\"potentialAction\":[{\"@type\":\"ReadAction\",\"target\":[\"https:\/\/elmawkie.dz\/fr\/conference-a-alger-lautogestion-moteur-de-letat-social-en-algerie-independante\/\"]}]},{\"@type\":\"ImageObject\",\"inLanguage\":\"fr-FR\",\"@id\":\"https:\/\/elmawkie.dz\/fr\/conference-a-alger-lautogestion-moteur-de-letat-social-en-algerie-independante\/#primaryimage\",\"url\":\"https:\/\/elmawkie.dz\/fr\/wp-content\/uploads\/2025\/08\/IMG_2196.jpeg\",\"contentUrl\":\"https:\/\/elmawkie.dz\/fr\/wp-content\/uploads\/2025\/08\/IMG_2196.jpeg\",\"width\":300,\"height\":205},{\"@type\":\"BreadcrumbList\",\"@id\":\"https:\/\/elmawkie.dz\/fr\/conference-a-alger-lautogestion-moteur-de-letat-social-en-algerie-independante\/#breadcrumb\",\"itemListElement\":[{\"@type\":\"ListItem\",\"position\":1,\"name\":\"Home\",\"item\":\"https:\/\/elmawkie.dz\/fr\/\"},{\"@type\":\"ListItem\",\"position\":2,\"name\":\"Conf\u00e9rence \u00e0 Alger : l\u2019autogestion, moteur de l\u2019\u00c9tat social en Alg\u00e9rie ind\u00e9pendante\"}]},{\"@type\":\"WebSite\",\"@id\":\"https:\/\/elmawkie.dz\/fr\/#website\",\"url\":\"https:\/\/elmawkie.dz\/fr\/\",\"name\":\"EL MAWKIE\",\"description\":\"Journal \u00c9lectronique Alg\u00e9rien\",\"publisher\":{\"@id\":\"https:\/\/elmawkie.dz\/fr\/#organization\"},\"potentialAction\":[{\"@type\":\"SearchAction\",\"target\":{\"@type\":\"EntryPoint\",\"urlTemplate\":\"https:\/\/elmawkie.dz\/fr\/?s={search_term_string}\"},\"query-input\":\"required name=search_term_string\"}],\"inLanguage\":\"fr-FR\"},{\"@type\":\"Organization\",\"@id\":\"https:\/\/elmawkie.dz\/fr\/#organization\",\"name\":\"EL MAWKIE\",\"url\":\"https:\/\/elmawkie.dz\/fr\/\",\"logo\":{\"@type\":\"ImageObject\",\"inLanguage\":\"fr-FR\",\"@id\":\"https:\/\/elmawkie.dz\/fr\/#\/schema\/logo\/image\/\",\"url\":\"https:\/\/elmawkie.dz\/fr\/wp-content\/uploads\/2024\/05\/logo1.png\",\"contentUrl\":\"https:\/\/elmawkie.dz\/fr\/wp-content\/uploads\/2024\/05\/logo1.png\",\"width\":1648,\"height\":652,\"caption\":\"EL MAWKIE\"},\"image\":{\"@id\":\"https:\/\/elmawkie.dz\/fr\/#\/schema\/logo\/image\/\"},\"sameAs\":[\"https:\/\/www.facebook.com\/profile.php?id=100088407094989&locale=fr_FR\"]},{\"@type\":\"Person\",\"@id\":\"https:\/\/elmawkie.dz\/fr\/#\/schema\/person\/e7bd59d6467874ba5c4723d8a9f0a63c\",\"name\":\"R\u00e9daction\",\"image\":{\"@type\":\"ImageObject\",\"inLanguage\":\"fr-FR\",\"@id\":\"https:\/\/elmawkie.dz\/fr\/#\/schema\/person\/image\/\",\"url\":\"https:\/\/secure.gravatar.com\/avatar\/f0f773456344da4d2788c054a3d30a0c?s=96&d=mm&r=g\",\"contentUrl\":\"https:\/\/secure.gravatar.com\/avatar\/f0f773456344da4d2788c054a3d30a0c?s=96&d=mm&r=g\",\"caption\":\"R\u00e9daction\"},\"url\":\"https:\/\/elmawkie.dz\/fr\/author\/redaction\/\"}]}<\/script>\n<!-- \/ Yoast SEO Premium plugin. -->","yoast_head_json":{"title":"Conf\u00e9rence \u00e0 Alger : l\u2019autogestion, moteur de l\u2019\u00c9tat social en Alg\u00e9rie ind\u00e9pendante - El Mawkie","robots":{"index":"index","follow":"follow","max-snippet":"max-snippet:-1","max-image-preview":"max-image-preview:large","max-video-preview":"max-video-preview:-1"},"canonical":"https:\/\/elmawkie.dz\/fr\/conference-a-alger-lautogestion-moteur-de-letat-social-en-algerie-independante\/","og_locale":"fr_FR","og_type":"article","og_title":"Conf\u00e9rence \u00e0 Alger : l\u2019autogestion, moteur de l\u2019\u00c9tat social en Alg\u00e9rie ind\u00e9pendante","og_description":"Des experts en \u00e9conomie et des universitaires ont soulign\u00e9, mercredi \u00e0 Alger, le r\u00f4le de la politique d\u2019autogestion, adopt\u00e9e par l&rsquo;Alg\u00e9rie au lendemain de l&rsquo;ind\u00e9pendance, dans l&rsquo;\u00e9dification de l\u2019Etat social, la qualifiant d'\u00a0\u00bbexp\u00e9rience structurante\u00a0\u00bb ayant contribu\u00e9 \u00e0 jeter les bases d\u2019un mod\u00e8le propre au pays, fond\u00e9 sur l\u2019engagement populaire. Intervenant lors d&rsquo;une conf\u00e9rence scientifique organis\u00e9e &hellip;","og_url":"https:\/\/elmawkie.dz\/fr\/conference-a-alger-lautogestion-moteur-de-letat-social-en-algerie-independante\/","og_site_name":"El Mawkie","article_publisher":"https:\/\/www.facebook.com\/profile.php?id=100088407094989&locale=fr_FR","article_published_time":"2025-08-06T18:25:51+00:00","article_modified_time":"2025-08-06T18:25:52+00:00","og_image":[{"width":300,"height":205,"url":"https:\/\/elmawkie.dz\/fr\/wp-content\/uploads\/2025\/08\/IMG_2196.jpeg","type":"image\/jpeg"}],"author":"R\u00e9daction","twitter_card":"summary_large_image","twitter_misc":{"Written by":"R\u00e9daction","Est. reading time":"3 minutes"},"schema":{"@context":"https:\/\/schema.org","@graph":[{"@type":"Article","@id":"https:\/\/elmawkie.dz\/fr\/conference-a-alger-lautogestion-moteur-de-letat-social-en-algerie-independante\/#article","isPartOf":{"@id":"https:\/\/elmawkie.dz\/fr\/conference-a-alger-lautogestion-moteur-de-letat-social-en-algerie-independante\/"},"author":{"name":"R\u00e9daction","@id":"https:\/\/elmawkie.dz\/fr\/#\/schema\/person\/e7bd59d6467874ba5c4723d8a9f0a63c"},"headline":"Conf\u00e9rence \u00e0 Alger : l\u2019autogestion, moteur de l\u2019\u00c9tat social en Alg\u00e9rie ind\u00e9pendante","datePublished":"2025-08-06T18:25:51+00:00","dateModified":"2025-08-06T18:25:52+00:00","mainEntityOfPage":{"@id":"https:\/\/elmawkie.dz\/fr\/conference-a-alger-lautogestion-moteur-de-letat-social-en-algerie-independante\/"},"wordCount":521,"commentCount":0,"publisher":{"@id":"https:\/\/elmawkie.dz\/fr\/#organization"},"image":{"@id":"https:\/\/elmawkie.dz\/fr\/conference-a-alger-lautogestion-moteur-de-letat-social-en-algerie-independante\/#primaryimage"},"thumbnailUrl":"https:\/\/elmawkie.dz\/fr\/wp-content\/uploads\/2025\/08\/IMG_2196.jpeg","keywords":["alger","INESG","L'Alg\u00e9rie","l\u2019Institut national d\u2019\u00e9tudes de strat\u00e9gie globale"],"articleSection":["National"],"inLanguage":"fr-FR","potentialAction":[{"@type":"CommentAction","name":"Comment","target":["https:\/\/elmawkie.dz\/fr\/conference-a-alger-lautogestion-moteur-de-letat-social-en-algerie-independante\/#respond"]}]},{"@type":"WebPage","@id":"https:\/\/elmawkie.dz\/fr\/conference-a-alger-lautogestion-moteur-de-letat-social-en-algerie-independante\/","url":"https:\/\/elmawkie.dz\/fr\/conference-a-alger-lautogestion-moteur-de-letat-social-en-algerie-independante\/","name":"Conf\u00e9rence \u00e0 Alger : l\u2019autogestion, moteur de l\u2019\u00c9tat social en Alg\u00e9rie ind\u00e9pendante - El Mawkie","isPartOf":{"@id":"https:\/\/elmawkie.dz\/fr\/#website"},"primaryImageOfPage":{"@id":"https:\/\/elmawkie.dz\/fr\/conference-a-alger-lautogestion-moteur-de-letat-social-en-algerie-independante\/#primaryimage"},"image":{"@id":"https:\/\/elmawkie.dz\/fr\/conference-a-alger-lautogestion-moteur-de-letat-social-en-algerie-independante\/#primaryimage"},"thumbnailUrl":"https:\/\/elmawkie.dz\/fr\/wp-content\/uploads\/2025\/08\/IMG_2196.jpeg","datePublished":"2025-08-06T18:25:51+00:00","dateModified":"2025-08-06T18:25:52+00:00","breadcrumb":{"@id":"https:\/\/elmawkie.dz\/fr\/conference-a-alger-lautogestion-moteur-de-letat-social-en-algerie-independante\/#breadcrumb"},"inLanguage":"fr-FR","potentialAction":[{"@type":"ReadAction","target":["https:\/\/elmawkie.dz\/fr\/conference-a-alger-lautogestion-moteur-de-letat-social-en-algerie-independante\/"]}]},{"@type":"ImageObject","inLanguage":"fr-FR","@id":"https:\/\/elmawkie.dz\/fr\/conference-a-alger-lautogestion-moteur-de-letat-social-en-algerie-independante\/#primaryimage","url":"https:\/\/elmawkie.dz\/fr\/wp-content\/uploads\/2025\/08\/IMG_2196.jpeg","contentUrl":"https:\/\/elmawkie.dz\/fr\/wp-content\/uploads\/2025\/08\/IMG_2196.jpeg","width":300,"height":205},{"@type":"BreadcrumbList","@id":"https:\/\/elmawkie.dz\/fr\/conference-a-alger-lautogestion-moteur-de-letat-social-en-algerie-independante\/#breadcrumb","itemListElement":[{"@type":"ListItem","position":1,"name":"Home","item":"https:\/\/elmawkie.dz\/fr\/"},{"@type":"ListItem","position":2,"name":"Conf\u00e9rence \u00e0 Alger : l\u2019autogestion, moteur de l\u2019\u00c9tat social en Alg\u00e9rie ind\u00e9pendante"}]},{"@type":"WebSite","@id":"https:\/\/elmawkie.dz\/fr\/#website","url":"https:\/\/elmawkie.dz\/fr\/","name":"EL MAWKIE","description":"Journal \u00c9lectronique Alg\u00e9rien","publisher":{"@id":"https:\/\/elmawkie.dz\/fr\/#organization"},"potentialAction":[{"@type":"SearchAction","target":{"@type":"EntryPoint","urlTemplate":"https:\/\/elmawkie.dz\/fr\/?s={search_term_string}"},"query-input":"required name=search_term_string"}],"inLanguage":"fr-FR"},{"@type":"Organization","@id":"https:\/\/elmawkie.dz\/fr\/#organization","name":"EL MAWKIE","url":"https:\/\/elmawkie.dz\/fr\/","logo":{"@type":"ImageObject","inLanguage":"fr-FR","@id":"https:\/\/elmawkie.dz\/fr\/#\/schema\/logo\/image\/","url":"https:\/\/elmawkie.dz\/fr\/wp-content\/uploads\/2024\/05\/logo1.png","contentUrl":"https:\/\/elmawkie.dz\/fr\/wp-content\/uploads\/2024\/05\/logo1.png","width":1648,"height":652,"caption":"EL MAWKIE"},"image":{"@id":"https:\/\/elmawkie.dz\/fr\/#\/schema\/logo\/image\/"},"sameAs":["https:\/\/www.facebook.com\/profile.php?id=100088407094989&locale=fr_FR"]},{"@type":"Person","@id":"https:\/\/elmawkie.dz\/fr\/#\/schema\/person\/e7bd59d6467874ba5c4723d8a9f0a63c","name":"R\u00e9daction","image":{"@type":"ImageObject","inLanguage":"fr-FR","@id":"https:\/\/elmawkie.dz\/fr\/#\/schema\/person\/image\/","url":"https:\/\/secure.gravatar.com\/avatar\/f0f773456344da4d2788c054a3d30a0c?s=96&d=mm&r=g","contentUrl":"https:\/\/secure.gravatar.com\/avatar\/f0f773456344da4d2788c054a3d30a0c?s=96&d=mm&r=g","caption":"R\u00e9daction"},"url":"https:\/\/elmawkie.dz\/fr\/author\/redaction\/"}]}},"_links":{"self":[{"href":"https:\/\/elmawkie.dz\/fr\/wp-json\/wp\/v2\/posts\/54716","targetHints":{"allow":["GET"]}}],"collection":[{"href":"https:\/\/elmawkie.dz\/fr\/wp-json\/wp\/v2\/posts"}],"about":[{"href":"https:\/\/elmawkie.dz\/fr\/wp-json\/wp\/v2\/types\/post"}],"author":[{"embeddable":true,"href":"https:\/\/elmawkie.dz\/fr\/wp-json\/wp\/v2\/users\/9"}],"replies":[{"embeddable":true,"href":"https:\/\/elmawkie.dz\/fr\/wp-json\/wp\/v2\/comments?post=54716"}],"version-history":[{"count":1,"href":"https:\/\/elmawkie.dz\/fr\/wp-json\/wp\/v2\/posts\/54716\/revisions"}],"predecessor-version":[{"id":54719,"href":"https:\/\/elmawkie.dz\/fr\/wp-json\/wp\/v2\/posts\/54716\/revisions\/54719"}],"wp:featuredmedia":[{"embeddable":true,"href":"https:\/\/elmawkie.dz\/fr\/wp-json\/wp\/v2\/media\/54718"}],"wp:attachment":[{"href":"https:\/\/elmawkie.dz\/fr\/wp-json\/wp\/v2\/media?parent=54716"}],"wp:term":[{"taxonomy":"category","embeddable":true,"href":"https:\/\/elmawkie.dz\/fr\/wp-json\/wp\/v2\/categories?post=54716"},{"taxonomy":"post_tag","embeddable":true,"href":"https:\/\/elmawkie.dz\/fr\/wp-json\/wp\/v2\/tags?post=54716"}],"curies":[{"name":"wp","href":"https:\/\/api.w.org\/{rel}","templated":true}]}}