{"id":54712,"date":"2025-08-06T15:00:38","date_gmt":"2025-08-06T14:00:38","guid":{"rendered":"https:\/\/elmawkie.dz\/fr\/?p=54712"},"modified":"2025-08-06T15:00:39","modified_gmt":"2025-08-06T14:00:39","slug":"guerre-de-liberation-bouzegza-theatre-dune-bataille-memorable-du-commando-ali-khoudja","status":"publish","type":"post","link":"https:\/\/elmawkie.dz\/fr\/guerre-de-liberation-bouzegza-theatre-dune-bataille-memorable-du-commando-ali-khoudja\/","title":{"rendered":"Guerre de lib\u00e9ration : Bouzegza, th\u00e9\u00e2tre d\u2019une bataille m\u00e9morable du commando Ali Khoudja"},"content":{"rendered":"\n<p>Il y a 68 ans, le commando Ali Khoudja de l\u2019Arm\u00e9e de lib\u00e9ration nationale (ALN) menait une h\u00e9ro\u00efque et farouche bataille contre les forces coloniales fran\u00e7aises qui ont lanc\u00e9, le 4 ao\u00fbt 1957, un vaste ratissage sur les hauteurs du mont de Bouzegza. Contact\u00e9 par l\u2019APS, Ahmed Rahem, un moudjahid de 90 ans, chef de section au sein de l\u2019ALN op\u00e9rant dans la r\u00e9gion 1 puis 2 s\u2019\u00e9tendant de Tablat (M\u00e9d\u00e9a) jusqu\u2019\u00e0 Palestro (atuellement Lakhdaria) dans la wilaya IV historique, est revenu sur des faits de cette bataille men\u00e9e sur les hauteurs du mont Bouzegza, \u00e0 l\u2019est de la Mitidja et pr\u00e8s de l\u2019actuelle Lakhdaria (Bouira). \u00ab\u00a0Cette bataille historique a eu lieu suite \u00e0 un grand ratissage lanc\u00e9 par les troupes ennemies \u00e0 la recherche de combattants de la R\u00e9volution nationale\u00a0\u00bb, a confi\u00e9 Rahem qui a rejoint le maquis \u00e0 la fin de l&rsquo;ann\u00e9e 1955, tout en pr\u00e9cisant qu&rsquo;il n&rsquo;a pas particip\u00e9 personnellement \u00e0 cette bataille, mais qu&rsquo;il en a eu des \u00e9chos par le biais de ses compagnons d\u2019armes ayant pris part aux combats. A Bouzegza, le prestigieux commando Ali Khoudja, une unit\u00e9 d\u2019\u00e9lite des combattants de la glorieuse ALN de la wilaya IV historique, a men\u00e9 du 4 au 12 ao\u00fbt 1957 des batailles h\u00e9ro\u00efques contre l\u2019arm\u00e9e coloniale qui, a-t-il dit, s\u2019est d\u00e9ploy\u00e9e avec force pour serrer l\u2019\u00e9tau sur les sections de l\u2019ALN activant dans cette r\u00e9gion difficile d\u2019acc\u00e8s. \u00ab\u00a0Toute la r\u00e9gion de Lakhdaria et de Bouzegza \u00e9tait, ce jour-l\u00e0, sous contr\u00f4le renforc\u00e9 des forces coloniales qui ratissaient large, ce qui a rendu difficiles le repli et la sortie de nos combattants. Certains sont tomb\u00e9s au champ d\u2019honneur lors de cette bataille qui a dur\u00e9 plusieurs jours\u00a0\u00bb, confie le moudjahid Rahem. Dans ses m\u00e9moires et t\u00e9moignages livr\u00e9s pr\u00e9c\u00e9demment, le comandant de l\u2019ALN, Rabah Zerari, connu sous le nom r\u00e9volutionnaire de \u00ab\u00a0Si Azzedine\u00a0\u00bb, s\u2019est longuement \u00e9tal\u00e9 sur les faits historiques de cette bataille durant laquelle les forces coloniales ont essuy\u00e9 de lourdes pertes allant, selon lui, jusqu\u2019\u00e0 600 soldats fran\u00e7ais tu\u00e9s dans les accrochages avec les combattants de l\u2019ALN. Face au grand d\u00e9ploiement des troupes fran\u00e7aises dans cette r\u00e9gion, le conseil de la wilaya IV historique, pr\u00e9sid\u00e9 alors par le commandant Si M\u2019hamed Bouguerra, qui assurait encore l\u2019int\u00e9rim du commandement apr\u00e8s le d\u00e9part pour Tunis du colonel Si Sadek, avait d\u00e9cid\u00e9 de lancer une offensive contre les bases et unit\u00e9s fran\u00e7aises militaires install\u00e9es dans les villes et villages de la r\u00e9gion, selon le commandant \u00ab\u00a0Si Azzedine\u00a0\u00bb. Cette strat\u00e9gie apparaissait comme la seule solution susceptible de desserrer l\u2019\u00e9tau sur les sections et groupes de combattants de l\u2019ALN. D\u00e9but ao\u00fbt 1957, et en application de l\u2019ordre du conseil de la wilaya IV historique, toutes les unit\u00e9s combattantes de la wilaya sont pass\u00e9es \u00e0 l\u2019action. M. Zerari a rapport\u00e9, dans de pr\u00e9c\u00e9dents t\u00e9moignages, que sa parfaite connaissance de la r\u00e9gion de Tablat, son relief et les installations militaires coloniales sensibles, lui avait permis de d\u00e9signer le commando Ali Khoudja pour mener une attaque dans l&rsquo;objectif de semer la panique dans les rangs du camp ennemi. Mais, en arrivant de nuit aux abords du Djebel Zima, les moudjahidine ont \u00e9t\u00e9 surpris par une forte pr\u00e9sence des troupes fran\u00e7aises lourdement \u00e9quip\u00e9es qui s\u2019appr\u00eataient visiblement \u00e0 lancer un grand ratissage. \u00ab\u00a0Nous avons r\u00e9ussi \u00e0 contourner l\u2019ennemi et nous diriger vers le massif de Bouzegza. Alors que nous progressions vers Djebel Zima, au centre du triangle Khemis Khechna-Tablat-Lakhdaria, les autres unit\u00e9s avaient lanc\u00e9 des attaques foudroyantes sur toutes les cibles qui avaient \u00e9t\u00e9 auparavant d\u00e9termin\u00e9es. Une section men\u00e9e par le moudjahid Si Boualem avait op\u00e9r\u00e9 contre +Palestro+ avec succ\u00e8s\u00a0\u00bb, a t\u00e9moign\u00e9 le commandant Si Azzedine. Dans la r\u00e9gion de Djebel Zima, le 4 ao\u00fbt 1957, il \u00e9tait approximativement 15h, tout paraissait tranquille. Subitement, les troupes ennemies, fortement arm\u00e9es, d\u00e9ferlaient sur les lieux et c\u2019est l\u00e0 o\u00f9 la bataille a commenc\u00e9, a t\u00e9moign\u00e9 le commandant Si Azzedine, ajoutant que face au grand nombre de soldats fran\u00e7ais et des moyens d\u00e9ploy\u00e9s sur les lieux de la bataille par l&rsquo;arm\u00e9e fran\u00e7aise, des combattants aguerris de l&rsquo;ALN ont r\u00e9ussi une sortie du ratissage en infligeant de fortes pertes \u00e0 l&rsquo;ennemi fran\u00e7ais.<\/p>\n","protected":false},"excerpt":{"rendered":"<p>Il y a 68 ans, le commando Ali Khoudja de l\u2019Arm\u00e9e de lib\u00e9ration nationale (ALN) menait une h\u00e9ro\u00efque et farouche bataille contre les forces coloniales fran\u00e7aises qui ont lanc\u00e9, le 4 ao\u00fbt 1957, un vaste ratissage sur les hauteurs du mont de Bouzegza. Contact\u00e9 par l\u2019APS, Ahmed Rahem, un moudjahid de 90 ans, chef de &hellip;<\/p>\n","protected":false},"author":9,"featured_media":54714,"comment_status":"open","ping_status":"open","sticky":false,"template":"","format":"standard","meta":{"footnotes":""},"categories":[47],"tags":[4714,4713,3019],"class_list":["post-54712","post","type-post","status-publish","format-standard","has-post-thumbnail","hentry","category-national","tag-ali-khoudja","tag-bouzegza","tag-guerre-de-liberation-nationale"],"yoast_head":"<!-- This site is optimized with the Yoast SEO Premium plugin v22.6 (Yoast SEO v22.6) - https:\/\/yoast.com\/wordpress\/plugins\/seo\/ -->\n<title>Guerre de lib\u00e9ration : Bouzegza, th\u00e9\u00e2tre d\u2019une bataille m\u00e9morable du commando Ali Khoudja - El Mawkie<\/title>\n<meta name=\"robots\" content=\"index, follow, max-snippet:-1, max-image-preview:large, max-video-preview:-1\" \/>\n<link rel=\"canonical\" href=\"https:\/\/elmawkie.dz\/fr\/guerre-de-liberation-bouzegza-theatre-dune-bataille-memorable-du-commando-ali-khoudja\/\" \/>\n<meta property=\"og:locale\" content=\"fr_FR\" \/>\n<meta property=\"og:type\" content=\"article\" \/>\n<meta property=\"og:title\" content=\"Guerre de lib\u00e9ration : Bouzegza, th\u00e9\u00e2tre d\u2019une bataille m\u00e9morable du commando Ali Khoudja\" \/>\n<meta property=\"og:description\" content=\"Il y a 68 ans, le commando Ali Khoudja de l\u2019Arm\u00e9e de lib\u00e9ration nationale (ALN) menait une h\u00e9ro\u00efque et farouche bataille contre les forces coloniales fran\u00e7aises qui ont lanc\u00e9, le 4 ao\u00fbt 1957, un vaste ratissage sur les hauteurs du mont de Bouzegza. Contact\u00e9 par l\u2019APS, Ahmed Rahem, un moudjahid de 90 ans, chef de &hellip;\" \/>\n<meta property=\"og:url\" content=\"https:\/\/elmawkie.dz\/fr\/guerre-de-liberation-bouzegza-theatre-dune-bataille-memorable-du-commando-ali-khoudja\/\" \/>\n<meta property=\"og:site_name\" content=\"El Mawkie\" \/>\n<meta property=\"article:publisher\" content=\"https:\/\/www.facebook.com\/profile.php?id=100088407094989&amp;locale=fr_FR\" \/>\n<meta property=\"article:published_time\" content=\"2025-08-06T14:00:38+00:00\" \/>\n<meta property=\"article:modified_time\" content=\"2025-08-06T14:00:39+00:00\" \/>\n<meta property=\"og:image\" content=\"https:\/\/elmawkie.dz\/fr\/wp-content\/uploads\/2025\/08\/IMG_2178.jpeg\" \/>\n\t<meta property=\"og:image:width\" content=\"678\" \/>\n\t<meta property=\"og:image:height\" content=\"452\" \/>\n\t<meta property=\"og:image:type\" content=\"image\/jpeg\" \/>\n<meta name=\"author\" content=\"R\u00e9daction\" \/>\n<meta name=\"twitter:card\" content=\"summary_large_image\" \/>\n<meta name=\"twitter:label1\" content=\"Written by\" \/>\n\t<meta name=\"twitter:data1\" content=\"R\u00e9daction\" \/>\n\t<meta name=\"twitter:label2\" content=\"Est. reading time\" \/>\n\t<meta name=\"twitter:data2\" content=\"4 minutes\" \/>\n<script type=\"application\/ld+json\" class=\"yoast-schema-graph\">{\"@context\":\"https:\/\/schema.org\",\"@graph\":[{\"@type\":\"Article\",\"@id\":\"https:\/\/elmawkie.dz\/fr\/guerre-de-liberation-bouzegza-theatre-dune-bataille-memorable-du-commando-ali-khoudja\/#article\",\"isPartOf\":{\"@id\":\"https:\/\/elmawkie.dz\/fr\/guerre-de-liberation-bouzegza-theatre-dune-bataille-memorable-du-commando-ali-khoudja\/\"},\"author\":{\"name\":\"R\u00e9daction\",\"@id\":\"https:\/\/elmawkie.dz\/fr\/#\/schema\/person\/e7bd59d6467874ba5c4723d8a9f0a63c\"},\"headline\":\"Guerre de lib\u00e9ration : Bouzegza, th\u00e9\u00e2tre d\u2019une bataille m\u00e9morable du commando Ali Khoudja\",\"datePublished\":\"2025-08-06T14:00:38+00:00\",\"dateModified\":\"2025-08-06T14:00:39+00:00\",\"mainEntityOfPage\":{\"@id\":\"https:\/\/elmawkie.dz\/fr\/guerre-de-liberation-bouzegza-theatre-dune-bataille-memorable-du-commando-ali-khoudja\/\"},\"wordCount\":788,\"commentCount\":0,\"publisher\":{\"@id\":\"https:\/\/elmawkie.dz\/fr\/#organization\"},\"image\":{\"@id\":\"https:\/\/elmawkie.dz\/fr\/guerre-de-liberation-bouzegza-theatre-dune-bataille-memorable-du-commando-ali-khoudja\/#primaryimage\"},\"thumbnailUrl\":\"https:\/\/elmawkie.dz\/fr\/wp-content\/uploads\/2025\/08\/IMG_2178.jpeg\",\"keywords\":[\"Ali khoudja\",\"Bouzegza\",\"guerre de lib\u00e9ration nationale\"],\"articleSection\":[\"National\"],\"inLanguage\":\"fr-FR\",\"potentialAction\":[{\"@type\":\"CommentAction\",\"name\":\"Comment\",\"target\":[\"https:\/\/elmawkie.dz\/fr\/guerre-de-liberation-bouzegza-theatre-dune-bataille-memorable-du-commando-ali-khoudja\/#respond\"]}]},{\"@type\":\"WebPage\",\"@id\":\"https:\/\/elmawkie.dz\/fr\/guerre-de-liberation-bouzegza-theatre-dune-bataille-memorable-du-commando-ali-khoudja\/\",\"url\":\"https:\/\/elmawkie.dz\/fr\/guerre-de-liberation-bouzegza-theatre-dune-bataille-memorable-du-commando-ali-khoudja\/\",\"name\":\"Guerre de lib\u00e9ration : Bouzegza, th\u00e9\u00e2tre d\u2019une bataille m\u00e9morable du commando Ali Khoudja - El Mawkie\",\"isPartOf\":{\"@id\":\"https:\/\/elmawkie.dz\/fr\/#website\"},\"primaryImageOfPage\":{\"@id\":\"https:\/\/elmawkie.dz\/fr\/guerre-de-liberation-bouzegza-theatre-dune-bataille-memorable-du-commando-ali-khoudja\/#primaryimage\"},\"image\":{\"@id\":\"https:\/\/elmawkie.dz\/fr\/guerre-de-liberation-bouzegza-theatre-dune-bataille-memorable-du-commando-ali-khoudja\/#primaryimage\"},\"thumbnailUrl\":\"https:\/\/elmawkie.dz\/fr\/wp-content\/uploads\/2025\/08\/IMG_2178.jpeg\",\"datePublished\":\"2025-08-06T14:00:38+00:00\",\"dateModified\":\"2025-08-06T14:00:39+00:00\",\"breadcrumb\":{\"@id\":\"https:\/\/elmawkie.dz\/fr\/guerre-de-liberation-bouzegza-theatre-dune-bataille-memorable-du-commando-ali-khoudja\/#breadcrumb\"},\"inLanguage\":\"fr-FR\",\"potentialAction\":[{\"@type\":\"ReadAction\",\"target\":[\"https:\/\/elmawkie.dz\/fr\/guerre-de-liberation-bouzegza-theatre-dune-bataille-memorable-du-commando-ali-khoudja\/\"]}]},{\"@type\":\"ImageObject\",\"inLanguage\":\"fr-FR\",\"@id\":\"https:\/\/elmawkie.dz\/fr\/guerre-de-liberation-bouzegza-theatre-dune-bataille-memorable-du-commando-ali-khoudja\/#primaryimage\",\"url\":\"https:\/\/elmawkie.dz\/fr\/wp-content\/uploads\/2025\/08\/IMG_2178.jpeg\",\"contentUrl\":\"https:\/\/elmawkie.dz\/fr\/wp-content\/uploads\/2025\/08\/IMG_2178.jpeg\",\"width\":678,\"height\":452},{\"@type\":\"BreadcrumbList\",\"@id\":\"https:\/\/elmawkie.dz\/fr\/guerre-de-liberation-bouzegza-theatre-dune-bataille-memorable-du-commando-ali-khoudja\/#breadcrumb\",\"itemListElement\":[{\"@type\":\"ListItem\",\"position\":1,\"name\":\"Home\",\"item\":\"https:\/\/elmawkie.dz\/fr\/\"},{\"@type\":\"ListItem\",\"position\":2,\"name\":\"Guerre de lib\u00e9ration : Bouzegza, th\u00e9\u00e2tre d\u2019une bataille m\u00e9morable du commando Ali Khoudja\"}]},{\"@type\":\"WebSite\",\"@id\":\"https:\/\/elmawkie.dz\/fr\/#website\",\"url\":\"https:\/\/elmawkie.dz\/fr\/\",\"name\":\"EL MAWKIE\",\"description\":\"Journal \u00c9lectronique Alg\u00e9rien\",\"publisher\":{\"@id\":\"https:\/\/elmawkie.dz\/fr\/#organization\"},\"potentialAction\":[{\"@type\":\"SearchAction\",\"target\":{\"@type\":\"EntryPoint\",\"urlTemplate\":\"https:\/\/elmawkie.dz\/fr\/?s={search_term_string}\"},\"query-input\":\"required name=search_term_string\"}],\"inLanguage\":\"fr-FR\"},{\"@type\":\"Organization\",\"@id\":\"https:\/\/elmawkie.dz\/fr\/#organization\",\"name\":\"EL MAWKIE\",\"url\":\"https:\/\/elmawkie.dz\/fr\/\",\"logo\":{\"@type\":\"ImageObject\",\"inLanguage\":\"fr-FR\",\"@id\":\"https:\/\/elmawkie.dz\/fr\/#\/schema\/logo\/image\/\",\"url\":\"https:\/\/elmawkie.dz\/fr\/wp-content\/uploads\/2024\/05\/logo1.png\",\"contentUrl\":\"https:\/\/elmawkie.dz\/fr\/wp-content\/uploads\/2024\/05\/logo1.png\",\"width\":1648,\"height\":652,\"caption\":\"EL MAWKIE\"},\"image\":{\"@id\":\"https:\/\/elmawkie.dz\/fr\/#\/schema\/logo\/image\/\"},\"sameAs\":[\"https:\/\/www.facebook.com\/profile.php?id=100088407094989&locale=fr_FR\"]},{\"@type\":\"Person\",\"@id\":\"https:\/\/elmawkie.dz\/fr\/#\/schema\/person\/e7bd59d6467874ba5c4723d8a9f0a63c\",\"name\":\"R\u00e9daction\",\"image\":{\"@type\":\"ImageObject\",\"inLanguage\":\"fr-FR\",\"@id\":\"https:\/\/elmawkie.dz\/fr\/#\/schema\/person\/image\/\",\"url\":\"https:\/\/secure.gravatar.com\/avatar\/f0f773456344da4d2788c054a3d30a0c?s=96&d=mm&r=g\",\"contentUrl\":\"https:\/\/secure.gravatar.com\/avatar\/f0f773456344da4d2788c054a3d30a0c?s=96&d=mm&r=g\",\"caption\":\"R\u00e9daction\"},\"url\":\"https:\/\/elmawkie.dz\/fr\/author\/redaction\/\"}]}<\/script>\n<!-- \/ Yoast SEO Premium plugin. -->","yoast_head_json":{"title":"Guerre de lib\u00e9ration : Bouzegza, th\u00e9\u00e2tre d\u2019une bataille m\u00e9morable du commando Ali Khoudja - El Mawkie","robots":{"index":"index","follow":"follow","max-snippet":"max-snippet:-1","max-image-preview":"max-image-preview:large","max-video-preview":"max-video-preview:-1"},"canonical":"https:\/\/elmawkie.dz\/fr\/guerre-de-liberation-bouzegza-theatre-dune-bataille-memorable-du-commando-ali-khoudja\/","og_locale":"fr_FR","og_type":"article","og_title":"Guerre de lib\u00e9ration : Bouzegza, th\u00e9\u00e2tre d\u2019une bataille m\u00e9morable du commando Ali Khoudja","og_description":"Il y a 68 ans, le commando Ali Khoudja de l\u2019Arm\u00e9e de lib\u00e9ration nationale (ALN) menait une h\u00e9ro\u00efque et farouche bataille contre les forces coloniales fran\u00e7aises qui ont lanc\u00e9, le 4 ao\u00fbt 1957, un vaste ratissage sur les hauteurs du mont de Bouzegza. Contact\u00e9 par l\u2019APS, Ahmed Rahem, un moudjahid de 90 ans, chef de &hellip;","og_url":"https:\/\/elmawkie.dz\/fr\/guerre-de-liberation-bouzegza-theatre-dune-bataille-memorable-du-commando-ali-khoudja\/","og_site_name":"El Mawkie","article_publisher":"https:\/\/www.facebook.com\/profile.php?id=100088407094989&locale=fr_FR","article_published_time":"2025-08-06T14:00:38+00:00","article_modified_time":"2025-08-06T14:00:39+00:00","og_image":[{"width":678,"height":452,"url":"https:\/\/elmawkie.dz\/fr\/wp-content\/uploads\/2025\/08\/IMG_2178.jpeg","type":"image\/jpeg"}],"author":"R\u00e9daction","twitter_card":"summary_large_image","twitter_misc":{"Written by":"R\u00e9daction","Est. reading time":"4 minutes"},"schema":{"@context":"https:\/\/schema.org","@graph":[{"@type":"Article","@id":"https:\/\/elmawkie.dz\/fr\/guerre-de-liberation-bouzegza-theatre-dune-bataille-memorable-du-commando-ali-khoudja\/#article","isPartOf":{"@id":"https:\/\/elmawkie.dz\/fr\/guerre-de-liberation-bouzegza-theatre-dune-bataille-memorable-du-commando-ali-khoudja\/"},"author":{"name":"R\u00e9daction","@id":"https:\/\/elmawkie.dz\/fr\/#\/schema\/person\/e7bd59d6467874ba5c4723d8a9f0a63c"},"headline":"Guerre de lib\u00e9ration : Bouzegza, th\u00e9\u00e2tre d\u2019une bataille m\u00e9morable du commando Ali Khoudja","datePublished":"2025-08-06T14:00:38+00:00","dateModified":"2025-08-06T14:00:39+00:00","mainEntityOfPage":{"@id":"https:\/\/elmawkie.dz\/fr\/guerre-de-liberation-bouzegza-theatre-dune-bataille-memorable-du-commando-ali-khoudja\/"},"wordCount":788,"commentCount":0,"publisher":{"@id":"https:\/\/elmawkie.dz\/fr\/#organization"},"image":{"@id":"https:\/\/elmawkie.dz\/fr\/guerre-de-liberation-bouzegza-theatre-dune-bataille-memorable-du-commando-ali-khoudja\/#primaryimage"},"thumbnailUrl":"https:\/\/elmawkie.dz\/fr\/wp-content\/uploads\/2025\/08\/IMG_2178.jpeg","keywords":["Ali khoudja","Bouzegza","guerre de lib\u00e9ration nationale"],"articleSection":["National"],"inLanguage":"fr-FR","potentialAction":[{"@type":"CommentAction","name":"Comment","target":["https:\/\/elmawkie.dz\/fr\/guerre-de-liberation-bouzegza-theatre-dune-bataille-memorable-du-commando-ali-khoudja\/#respond"]}]},{"@type":"WebPage","@id":"https:\/\/elmawkie.dz\/fr\/guerre-de-liberation-bouzegza-theatre-dune-bataille-memorable-du-commando-ali-khoudja\/","url":"https:\/\/elmawkie.dz\/fr\/guerre-de-liberation-bouzegza-theatre-dune-bataille-memorable-du-commando-ali-khoudja\/","name":"Guerre de lib\u00e9ration : Bouzegza, th\u00e9\u00e2tre d\u2019une bataille m\u00e9morable du commando Ali Khoudja - El Mawkie","isPartOf":{"@id":"https:\/\/elmawkie.dz\/fr\/#website"},"primaryImageOfPage":{"@id":"https:\/\/elmawkie.dz\/fr\/guerre-de-liberation-bouzegza-theatre-dune-bataille-memorable-du-commando-ali-khoudja\/#primaryimage"},"image":{"@id":"https:\/\/elmawkie.dz\/fr\/guerre-de-liberation-bouzegza-theatre-dune-bataille-memorable-du-commando-ali-khoudja\/#primaryimage"},"thumbnailUrl":"https:\/\/elmawkie.dz\/fr\/wp-content\/uploads\/2025\/08\/IMG_2178.jpeg","datePublished":"2025-08-06T14:00:38+00:00","dateModified":"2025-08-06T14:00:39+00:00","breadcrumb":{"@id":"https:\/\/elmawkie.dz\/fr\/guerre-de-liberation-bouzegza-theatre-dune-bataille-memorable-du-commando-ali-khoudja\/#breadcrumb"},"inLanguage":"fr-FR","potentialAction":[{"@type":"ReadAction","target":["https:\/\/elmawkie.dz\/fr\/guerre-de-liberation-bouzegza-theatre-dune-bataille-memorable-du-commando-ali-khoudja\/"]}]},{"@type":"ImageObject","inLanguage":"fr-FR","@id":"https:\/\/elmawkie.dz\/fr\/guerre-de-liberation-bouzegza-theatre-dune-bataille-memorable-du-commando-ali-khoudja\/#primaryimage","url":"https:\/\/elmawkie.dz\/fr\/wp-content\/uploads\/2025\/08\/IMG_2178.jpeg","contentUrl":"https:\/\/elmawkie.dz\/fr\/wp-content\/uploads\/2025\/08\/IMG_2178.jpeg","width":678,"height":452},{"@type":"BreadcrumbList","@id":"https:\/\/elmawkie.dz\/fr\/guerre-de-liberation-bouzegza-theatre-dune-bataille-memorable-du-commando-ali-khoudja\/#breadcrumb","itemListElement":[{"@type":"ListItem","position":1,"name":"Home","item":"https:\/\/elmawkie.dz\/fr\/"},{"@type":"ListItem","position":2,"name":"Guerre de lib\u00e9ration : Bouzegza, th\u00e9\u00e2tre d\u2019une bataille m\u00e9morable du commando Ali Khoudja"}]},{"@type":"WebSite","@id":"https:\/\/elmawkie.dz\/fr\/#website","url":"https:\/\/elmawkie.dz\/fr\/","name":"EL MAWKIE","description":"Journal \u00c9lectronique Alg\u00e9rien","publisher":{"@id":"https:\/\/elmawkie.dz\/fr\/#organization"},"potentialAction":[{"@type":"SearchAction","target":{"@type":"EntryPoint","urlTemplate":"https:\/\/elmawkie.dz\/fr\/?s={search_term_string}"},"query-input":"required name=search_term_string"}],"inLanguage":"fr-FR"},{"@type":"Organization","@id":"https:\/\/elmawkie.dz\/fr\/#organization","name":"EL MAWKIE","url":"https:\/\/elmawkie.dz\/fr\/","logo":{"@type":"ImageObject","inLanguage":"fr-FR","@id":"https:\/\/elmawkie.dz\/fr\/#\/schema\/logo\/image\/","url":"https:\/\/elmawkie.dz\/fr\/wp-content\/uploads\/2024\/05\/logo1.png","contentUrl":"https:\/\/elmawkie.dz\/fr\/wp-content\/uploads\/2024\/05\/logo1.png","width":1648,"height":652,"caption":"EL MAWKIE"},"image":{"@id":"https:\/\/elmawkie.dz\/fr\/#\/schema\/logo\/image\/"},"sameAs":["https:\/\/www.facebook.com\/profile.php?id=100088407094989&locale=fr_FR"]},{"@type":"Person","@id":"https:\/\/elmawkie.dz\/fr\/#\/schema\/person\/e7bd59d6467874ba5c4723d8a9f0a63c","name":"R\u00e9daction","image":{"@type":"ImageObject","inLanguage":"fr-FR","@id":"https:\/\/elmawkie.dz\/fr\/#\/schema\/person\/image\/","url":"https:\/\/secure.gravatar.com\/avatar\/f0f773456344da4d2788c054a3d30a0c?s=96&d=mm&r=g","contentUrl":"https:\/\/secure.gravatar.com\/avatar\/f0f773456344da4d2788c054a3d30a0c?s=96&d=mm&r=g","caption":"R\u00e9daction"},"url":"https:\/\/elmawkie.dz\/fr\/author\/redaction\/"}]}},"_links":{"self":[{"href":"https:\/\/elmawkie.dz\/fr\/wp-json\/wp\/v2\/posts\/54712","targetHints":{"allow":["GET"]}}],"collection":[{"href":"https:\/\/elmawkie.dz\/fr\/wp-json\/wp\/v2\/posts"}],"about":[{"href":"https:\/\/elmawkie.dz\/fr\/wp-json\/wp\/v2\/types\/post"}],"author":[{"embeddable":true,"href":"https:\/\/elmawkie.dz\/fr\/wp-json\/wp\/v2\/users\/9"}],"replies":[{"embeddable":true,"href":"https:\/\/elmawkie.dz\/fr\/wp-json\/wp\/v2\/comments?post=54712"}],"version-history":[{"count":1,"href":"https:\/\/elmawkie.dz\/fr\/wp-json\/wp\/v2\/posts\/54712\/revisions"}],"predecessor-version":[{"id":54715,"href":"https:\/\/elmawkie.dz\/fr\/wp-json\/wp\/v2\/posts\/54712\/revisions\/54715"}],"wp:featuredmedia":[{"embeddable":true,"href":"https:\/\/elmawkie.dz\/fr\/wp-json\/wp\/v2\/media\/54714"}],"wp:attachment":[{"href":"https:\/\/elmawkie.dz\/fr\/wp-json\/wp\/v2\/media?parent=54712"}],"wp:term":[{"taxonomy":"category","embeddable":true,"href":"https:\/\/elmawkie.dz\/fr\/wp-json\/wp\/v2\/categories?post=54712"},{"taxonomy":"post_tag","embeddable":true,"href":"https:\/\/elmawkie.dz\/fr\/wp-json\/wp\/v2\/tags?post=54712"}],"curies":[{"name":"wp","href":"https:\/\/api.w.org\/{rel}","templated":true}]}}