{"id":54668,"date":"2025-08-04T17:41:38","date_gmt":"2025-08-04T16:41:38","guid":{"rendered":"https:\/\/elmawkie.dz\/fr\/?p=54668"},"modified":"2025-08-04T17:41:39","modified_gmt":"2025-08-04T16:41:39","slug":"sidi-bel-abbes-accueille-la-14e-edition-du-festival-national-du-rai-du-7-au-10-aout","status":"publish","type":"post","link":"https:\/\/elmawkie.dz\/fr\/sidi-bel-abbes-accueille-la-14e-edition-du-festival-national-du-rai-du-7-au-10-aout\/","title":{"rendered":"Sidi Bel-Abb\u00e8s accueille la 14e \u00e9dition du Festival national du Ra\u00ef du 7 au 10 ao\u00fbt"},"content":{"rendered":"\n<p>La wilaya de Sidi Bel-Abbes accueillera la 14e \u00e9dition du Festival culturel national de la chanson Ra\u00ef, du 7 au 10 ao\u00fbt, a indiqu\u00e9, lundi, le Commissaire du Festival, Houssam Harzallah. Lors d\u2019une conf\u00e9rence de presse, il a pr\u00e9cis\u00e9 que cette \u00e9dition verra la participation de 23 jeunes artistes venus de diff\u00e9rentes wilayas du pays. Il a soulign\u00e9 que le Festival s\u2019ouvre davantage, cette ann\u00e9e, aux jeunes talents \u00e9mergents, dans le but d\u2019insuffler un nouvel \u00e9lan \u00e0 cet art populaire authentique. L\u2019\u00e9v\u00e9nement comprendra \u00e9galement une exposition d\u2019arts plastiques intitul\u00e9e \u00a0\u00bb Zergui Ahmed, une voix immortelle dans la m\u00e9moire nationale \u00ab\u00a0, des conf\u00e9rences sur l\u2019histoire et l\u2019\u00e9volution du Ra\u00ef, sous le th\u00e8me \u00a0\u00bb L\u2019histoire du Ra\u00ef, des cheikhs \u00e0 la sc\u00e8ne internationale\u00a0\u00bb, et huit soir\u00e9es artistiques, r\u00e9parties entre les wilayas de Sidi Bel-Abbes et Oran (quatre soir\u00e9es dans chaque wilaya), afin de permettre \u00e0 un plus grand nombre d\u2019artistes de participer. Le Commissaire a \u00e9galement annonc\u00e9 que des hommages seront rendus \u00e0 des figures embl\u00e9matiques ayant contribu\u00e9 \u00e0 l\u2019essor de ce genre musical au niveau national et international, \u00e0 l\u2019image de l\u2019artiste d\u00e9funt Mohamed Bousmaha. Il a affirm\u00e9 que cette \u00e9dition, qui refl\u00e8te la profondeur de l\u2019identit\u00e9 culturelle alg\u00e9rienne et contribue \u00e0 ancrer la culture musicale chez les jeunes g\u00e9n\u00e9rations, s\u2019inscrit dans le programme du minist\u00e8re de la Culture et des Arts, visant \u00e0 valoriser le patrimoine artistique, en particulier le Ra\u00ef, et \u00e0 mettre en lumi\u00e8re son importance en tant que patrimoine musical populaire national, tout en donnant une tribune aux jeunes voix pour qu\u2019elles puissent s\u2019exprimer. Les festivit\u00e9s se d\u00e9rouleront au Th\u00e9\u00e2tre en plein air \u00ab\u00a0Sa\u00efm Lakhdar\u00a0\u00bb de la ville de Sidi Bel-Abbes, en coordination avec la Direction locale de la culture et des arts, sous le patronage du minist\u00e8re de tutelle et du wali de la wilaya.<\/p>\n","protected":false},"excerpt":{"rendered":"<p>La wilaya de Sidi Bel-Abbes accueillera la 14e \u00e9dition du Festival culturel national de la chanson Ra\u00ef, du 7 au 10 ao\u00fbt, a indiqu\u00e9, lundi, le Commissaire du Festival, Houssam Harzallah. Lors d\u2019une conf\u00e9rence de presse, il a pr\u00e9cis\u00e9 que cette \u00e9dition verra la participation de 23 jeunes artistes venus de diff\u00e9rentes wilayas du pays. &hellip;<\/p>\n","protected":false},"author":9,"featured_media":54670,"comment_status":"open","ping_status":"open","sticky":false,"template":"","format":"standard","meta":{"footnotes":""},"categories":[50],"tags":[88,2955,4702,4104],"class_list":["post-54668","post","type-post","status-publish","format-standard","has-post-thumbnail","hentry","category-region","tag-algerie","tag-festival-national","tag-rai","tag-sidi-bel-abbes-4"],"yoast_head":"<!-- This site is optimized with the Yoast SEO Premium plugin v22.6 (Yoast SEO v22.6) - https:\/\/yoast.com\/wordpress\/plugins\/seo\/ -->\n<title>Sidi Bel-Abb\u00e8s accueille la 14e \u00e9dition du Festival national du Ra\u00ef du 7 au 10 ao\u00fbt - El Mawkie<\/title>\n<meta name=\"robots\" content=\"index, follow, max-snippet:-1, max-image-preview:large, max-video-preview:-1\" \/>\n<link rel=\"canonical\" href=\"https:\/\/elmawkie.dz\/fr\/sidi-bel-abbes-accueille-la-14e-edition-du-festival-national-du-rai-du-7-au-10-aout\/\" \/>\n<meta property=\"og:locale\" content=\"fr_FR\" \/>\n<meta property=\"og:type\" content=\"article\" \/>\n<meta property=\"og:title\" content=\"Sidi Bel-Abb\u00e8s accueille la 14e \u00e9dition du Festival national du Ra\u00ef du 7 au 10 ao\u00fbt\" \/>\n<meta property=\"og:description\" content=\"La wilaya de Sidi Bel-Abbes accueillera la 14e \u00e9dition du Festival culturel national de la chanson Ra\u00ef, du 7 au 10 ao\u00fbt, a indiqu\u00e9, lundi, le Commissaire du Festival, Houssam Harzallah. Lors d\u2019une conf\u00e9rence de presse, il a pr\u00e9cis\u00e9 que cette \u00e9dition verra la participation de 23 jeunes artistes venus de diff\u00e9rentes wilayas du pays. &hellip;\" \/>\n<meta property=\"og:url\" content=\"https:\/\/elmawkie.dz\/fr\/sidi-bel-abbes-accueille-la-14e-edition-du-festival-national-du-rai-du-7-au-10-aout\/\" \/>\n<meta property=\"og:site_name\" content=\"El Mawkie\" \/>\n<meta property=\"article:publisher\" content=\"https:\/\/www.facebook.com\/profile.php?id=100088407094989&amp;locale=fr_FR\" \/>\n<meta property=\"article:published_time\" content=\"2025-08-04T16:41:38+00:00\" \/>\n<meta property=\"article:modified_time\" content=\"2025-08-04T16:41:39+00:00\" \/>\n<meta property=\"og:image\" content=\"https:\/\/elmawkie.dz\/fr\/wp-content\/uploads\/2025\/08\/IMG_1961.jpeg\" \/>\n\t<meta property=\"og:image:width\" content=\"580\" \/>\n\t<meta property=\"og:image:height\" content=\"350\" \/>\n\t<meta property=\"og:image:type\" content=\"image\/jpeg\" \/>\n<meta name=\"author\" content=\"R\u00e9daction\" \/>\n<meta name=\"twitter:card\" content=\"summary_large_image\" \/>\n<meta name=\"twitter:label1\" content=\"Written by\" \/>\n\t<meta name=\"twitter:data1\" content=\"R\u00e9daction\" \/>\n\t<meta name=\"twitter:label2\" content=\"Est. reading time\" \/>\n\t<meta name=\"twitter:data2\" content=\"2 minutes\" \/>\n<script type=\"application\/ld+json\" class=\"yoast-schema-graph\">{\"@context\":\"https:\/\/schema.org\",\"@graph\":[{\"@type\":\"Article\",\"@id\":\"https:\/\/elmawkie.dz\/fr\/sidi-bel-abbes-accueille-la-14e-edition-du-festival-national-du-rai-du-7-au-10-aout\/#article\",\"isPartOf\":{\"@id\":\"https:\/\/elmawkie.dz\/fr\/sidi-bel-abbes-accueille-la-14e-edition-du-festival-national-du-rai-du-7-au-10-aout\/\"},\"author\":{\"name\":\"R\u00e9daction\",\"@id\":\"https:\/\/elmawkie.dz\/fr\/#\/schema\/person\/e7bd59d6467874ba5c4723d8a9f0a63c\"},\"headline\":\"Sidi Bel-Abb\u00e8s accueille la 14e \u00e9dition du Festival national du Ra\u00ef du 7 au 10 ao\u00fbt\",\"datePublished\":\"2025-08-04T16:41:38+00:00\",\"dateModified\":\"2025-08-04T16:41:39+00:00\",\"mainEntityOfPage\":{\"@id\":\"https:\/\/elmawkie.dz\/fr\/sidi-bel-abbes-accueille-la-14e-edition-du-festival-national-du-rai-du-7-au-10-aout\/\"},\"wordCount\":343,\"commentCount\":0,\"publisher\":{\"@id\":\"https:\/\/elmawkie.dz\/fr\/#organization\"},\"image\":{\"@id\":\"https:\/\/elmawkie.dz\/fr\/sidi-bel-abbes-accueille-la-14e-edition-du-festival-national-du-rai-du-7-au-10-aout\/#primaryimage\"},\"thumbnailUrl\":\"https:\/\/elmawkie.dz\/fr\/wp-content\/uploads\/2025\/08\/IMG_1961.jpeg\",\"keywords\":[\"Alg\u00e9rie\",\"Festival national\",\"Ra\u00ef\",\"Sidi Bel-Abb\u00e8s\"],\"articleSection\":[\"R\u00e9gion\"],\"inLanguage\":\"fr-FR\",\"potentialAction\":[{\"@type\":\"CommentAction\",\"name\":\"Comment\",\"target\":[\"https:\/\/elmawkie.dz\/fr\/sidi-bel-abbes-accueille-la-14e-edition-du-festival-national-du-rai-du-7-au-10-aout\/#respond\"]}]},{\"@type\":\"WebPage\",\"@id\":\"https:\/\/elmawkie.dz\/fr\/sidi-bel-abbes-accueille-la-14e-edition-du-festival-national-du-rai-du-7-au-10-aout\/\",\"url\":\"https:\/\/elmawkie.dz\/fr\/sidi-bel-abbes-accueille-la-14e-edition-du-festival-national-du-rai-du-7-au-10-aout\/\",\"name\":\"Sidi Bel-Abb\u00e8s accueille la 14e \u00e9dition du Festival national du Ra\u00ef du 7 au 10 ao\u00fbt - El Mawkie\",\"isPartOf\":{\"@id\":\"https:\/\/elmawkie.dz\/fr\/#website\"},\"primaryImageOfPage\":{\"@id\":\"https:\/\/elmawkie.dz\/fr\/sidi-bel-abbes-accueille-la-14e-edition-du-festival-national-du-rai-du-7-au-10-aout\/#primaryimage\"},\"image\":{\"@id\":\"https:\/\/elmawkie.dz\/fr\/sidi-bel-abbes-accueille-la-14e-edition-du-festival-national-du-rai-du-7-au-10-aout\/#primaryimage\"},\"thumbnailUrl\":\"https:\/\/elmawkie.dz\/fr\/wp-content\/uploads\/2025\/08\/IMG_1961.jpeg\",\"datePublished\":\"2025-08-04T16:41:38+00:00\",\"dateModified\":\"2025-08-04T16:41:39+00:00\",\"breadcrumb\":{\"@id\":\"https:\/\/elmawkie.dz\/fr\/sidi-bel-abbes-accueille-la-14e-edition-du-festival-national-du-rai-du-7-au-10-aout\/#breadcrumb\"},\"inLanguage\":\"fr-FR\",\"potentialAction\":[{\"@type\":\"ReadAction\",\"target\":[\"https:\/\/elmawkie.dz\/fr\/sidi-bel-abbes-accueille-la-14e-edition-du-festival-national-du-rai-du-7-au-10-aout\/\"]}]},{\"@type\":\"ImageObject\",\"inLanguage\":\"fr-FR\",\"@id\":\"https:\/\/elmawkie.dz\/fr\/sidi-bel-abbes-accueille-la-14e-edition-du-festival-national-du-rai-du-7-au-10-aout\/#primaryimage\",\"url\":\"https:\/\/elmawkie.dz\/fr\/wp-content\/uploads\/2025\/08\/IMG_1961.jpeg\",\"contentUrl\":\"https:\/\/elmawkie.dz\/fr\/wp-content\/uploads\/2025\/08\/IMG_1961.jpeg\",\"width\":580,\"height\":350},{\"@type\":\"BreadcrumbList\",\"@id\":\"https:\/\/elmawkie.dz\/fr\/sidi-bel-abbes-accueille-la-14e-edition-du-festival-national-du-rai-du-7-au-10-aout\/#breadcrumb\",\"itemListElement\":[{\"@type\":\"ListItem\",\"position\":1,\"name\":\"Home\",\"item\":\"https:\/\/elmawkie.dz\/fr\/\"},{\"@type\":\"ListItem\",\"position\":2,\"name\":\"Sidi Bel-Abb\u00e8s accueille la 14e \u00e9dition du Festival national du Ra\u00ef du 7 au 10 ao\u00fbt\"}]},{\"@type\":\"WebSite\",\"@id\":\"https:\/\/elmawkie.dz\/fr\/#website\",\"url\":\"https:\/\/elmawkie.dz\/fr\/\",\"name\":\"EL MAWKIE\",\"description\":\"Journal \u00c9lectronique Alg\u00e9rien\",\"publisher\":{\"@id\":\"https:\/\/elmawkie.dz\/fr\/#organization\"},\"potentialAction\":[{\"@type\":\"SearchAction\",\"target\":{\"@type\":\"EntryPoint\",\"urlTemplate\":\"https:\/\/elmawkie.dz\/fr\/?s={search_term_string}\"},\"query-input\":\"required name=search_term_string\"}],\"inLanguage\":\"fr-FR\"},{\"@type\":\"Organization\",\"@id\":\"https:\/\/elmawkie.dz\/fr\/#organization\",\"name\":\"EL MAWKIE\",\"url\":\"https:\/\/elmawkie.dz\/fr\/\",\"logo\":{\"@type\":\"ImageObject\",\"inLanguage\":\"fr-FR\",\"@id\":\"https:\/\/elmawkie.dz\/fr\/#\/schema\/logo\/image\/\",\"url\":\"https:\/\/elmawkie.dz\/fr\/wp-content\/uploads\/2024\/05\/logo1.png\",\"contentUrl\":\"https:\/\/elmawkie.dz\/fr\/wp-content\/uploads\/2024\/05\/logo1.png\",\"width\":1648,\"height\":652,\"caption\":\"EL MAWKIE\"},\"image\":{\"@id\":\"https:\/\/elmawkie.dz\/fr\/#\/schema\/logo\/image\/\"},\"sameAs\":[\"https:\/\/www.facebook.com\/profile.php?id=100088407094989&locale=fr_FR\"]},{\"@type\":\"Person\",\"@id\":\"https:\/\/elmawkie.dz\/fr\/#\/schema\/person\/e7bd59d6467874ba5c4723d8a9f0a63c\",\"name\":\"R\u00e9daction\",\"image\":{\"@type\":\"ImageObject\",\"inLanguage\":\"fr-FR\",\"@id\":\"https:\/\/elmawkie.dz\/fr\/#\/schema\/person\/image\/\",\"url\":\"https:\/\/secure.gravatar.com\/avatar\/f0f773456344da4d2788c054a3d30a0c?s=96&d=mm&r=g\",\"contentUrl\":\"https:\/\/secure.gravatar.com\/avatar\/f0f773456344da4d2788c054a3d30a0c?s=96&d=mm&r=g\",\"caption\":\"R\u00e9daction\"},\"url\":\"https:\/\/elmawkie.dz\/fr\/author\/redaction\/\"}]}<\/script>\n<!-- \/ Yoast SEO Premium plugin. -->","yoast_head_json":{"title":"Sidi Bel-Abb\u00e8s accueille la 14e \u00e9dition du Festival national du Ra\u00ef du 7 au 10 ao\u00fbt - El Mawkie","robots":{"index":"index","follow":"follow","max-snippet":"max-snippet:-1","max-image-preview":"max-image-preview:large","max-video-preview":"max-video-preview:-1"},"canonical":"https:\/\/elmawkie.dz\/fr\/sidi-bel-abbes-accueille-la-14e-edition-du-festival-national-du-rai-du-7-au-10-aout\/","og_locale":"fr_FR","og_type":"article","og_title":"Sidi Bel-Abb\u00e8s accueille la 14e \u00e9dition du Festival national du Ra\u00ef du 7 au 10 ao\u00fbt","og_description":"La wilaya de Sidi Bel-Abbes accueillera la 14e \u00e9dition du Festival culturel national de la chanson Ra\u00ef, du 7 au 10 ao\u00fbt, a indiqu\u00e9, lundi, le Commissaire du Festival, Houssam Harzallah. Lors d\u2019une conf\u00e9rence de presse, il a pr\u00e9cis\u00e9 que cette \u00e9dition verra la participation de 23 jeunes artistes venus de diff\u00e9rentes wilayas du pays. &hellip;","og_url":"https:\/\/elmawkie.dz\/fr\/sidi-bel-abbes-accueille-la-14e-edition-du-festival-national-du-rai-du-7-au-10-aout\/","og_site_name":"El Mawkie","article_publisher":"https:\/\/www.facebook.com\/profile.php?id=100088407094989&locale=fr_FR","article_published_time":"2025-08-04T16:41:38+00:00","article_modified_time":"2025-08-04T16:41:39+00:00","og_image":[{"width":580,"height":350,"url":"https:\/\/elmawkie.dz\/fr\/wp-content\/uploads\/2025\/08\/IMG_1961.jpeg","type":"image\/jpeg"}],"author":"R\u00e9daction","twitter_card":"summary_large_image","twitter_misc":{"Written by":"R\u00e9daction","Est. reading time":"2 minutes"},"schema":{"@context":"https:\/\/schema.org","@graph":[{"@type":"Article","@id":"https:\/\/elmawkie.dz\/fr\/sidi-bel-abbes-accueille-la-14e-edition-du-festival-national-du-rai-du-7-au-10-aout\/#article","isPartOf":{"@id":"https:\/\/elmawkie.dz\/fr\/sidi-bel-abbes-accueille-la-14e-edition-du-festival-national-du-rai-du-7-au-10-aout\/"},"author":{"name":"R\u00e9daction","@id":"https:\/\/elmawkie.dz\/fr\/#\/schema\/person\/e7bd59d6467874ba5c4723d8a9f0a63c"},"headline":"Sidi Bel-Abb\u00e8s accueille la 14e \u00e9dition du Festival national du Ra\u00ef du 7 au 10 ao\u00fbt","datePublished":"2025-08-04T16:41:38+00:00","dateModified":"2025-08-04T16:41:39+00:00","mainEntityOfPage":{"@id":"https:\/\/elmawkie.dz\/fr\/sidi-bel-abbes-accueille-la-14e-edition-du-festival-national-du-rai-du-7-au-10-aout\/"},"wordCount":343,"commentCount":0,"publisher":{"@id":"https:\/\/elmawkie.dz\/fr\/#organization"},"image":{"@id":"https:\/\/elmawkie.dz\/fr\/sidi-bel-abbes-accueille-la-14e-edition-du-festival-national-du-rai-du-7-au-10-aout\/#primaryimage"},"thumbnailUrl":"https:\/\/elmawkie.dz\/fr\/wp-content\/uploads\/2025\/08\/IMG_1961.jpeg","keywords":["Alg\u00e9rie","Festival national","Ra\u00ef","Sidi Bel-Abb\u00e8s"],"articleSection":["R\u00e9gion"],"inLanguage":"fr-FR","potentialAction":[{"@type":"CommentAction","name":"Comment","target":["https:\/\/elmawkie.dz\/fr\/sidi-bel-abbes-accueille-la-14e-edition-du-festival-national-du-rai-du-7-au-10-aout\/#respond"]}]},{"@type":"WebPage","@id":"https:\/\/elmawkie.dz\/fr\/sidi-bel-abbes-accueille-la-14e-edition-du-festival-national-du-rai-du-7-au-10-aout\/","url":"https:\/\/elmawkie.dz\/fr\/sidi-bel-abbes-accueille-la-14e-edition-du-festival-national-du-rai-du-7-au-10-aout\/","name":"Sidi Bel-Abb\u00e8s accueille la 14e \u00e9dition du Festival national du Ra\u00ef du 7 au 10 ao\u00fbt - El Mawkie","isPartOf":{"@id":"https:\/\/elmawkie.dz\/fr\/#website"},"primaryImageOfPage":{"@id":"https:\/\/elmawkie.dz\/fr\/sidi-bel-abbes-accueille-la-14e-edition-du-festival-national-du-rai-du-7-au-10-aout\/#primaryimage"},"image":{"@id":"https:\/\/elmawkie.dz\/fr\/sidi-bel-abbes-accueille-la-14e-edition-du-festival-national-du-rai-du-7-au-10-aout\/#primaryimage"},"thumbnailUrl":"https:\/\/elmawkie.dz\/fr\/wp-content\/uploads\/2025\/08\/IMG_1961.jpeg","datePublished":"2025-08-04T16:41:38+00:00","dateModified":"2025-08-04T16:41:39+00:00","breadcrumb":{"@id":"https:\/\/elmawkie.dz\/fr\/sidi-bel-abbes-accueille-la-14e-edition-du-festival-national-du-rai-du-7-au-10-aout\/#breadcrumb"},"inLanguage":"fr-FR","potentialAction":[{"@type":"ReadAction","target":["https:\/\/elmawkie.dz\/fr\/sidi-bel-abbes-accueille-la-14e-edition-du-festival-national-du-rai-du-7-au-10-aout\/"]}]},{"@type":"ImageObject","inLanguage":"fr-FR","@id":"https:\/\/elmawkie.dz\/fr\/sidi-bel-abbes-accueille-la-14e-edition-du-festival-national-du-rai-du-7-au-10-aout\/#primaryimage","url":"https:\/\/elmawkie.dz\/fr\/wp-content\/uploads\/2025\/08\/IMG_1961.jpeg","contentUrl":"https:\/\/elmawkie.dz\/fr\/wp-content\/uploads\/2025\/08\/IMG_1961.jpeg","width":580,"height":350},{"@type":"BreadcrumbList","@id":"https:\/\/elmawkie.dz\/fr\/sidi-bel-abbes-accueille-la-14e-edition-du-festival-national-du-rai-du-7-au-10-aout\/#breadcrumb","itemListElement":[{"@type":"ListItem","position":1,"name":"Home","item":"https:\/\/elmawkie.dz\/fr\/"},{"@type":"ListItem","position":2,"name":"Sidi Bel-Abb\u00e8s accueille la 14e \u00e9dition du Festival national du Ra\u00ef du 7 au 10 ao\u00fbt"}]},{"@type":"WebSite","@id":"https:\/\/elmawkie.dz\/fr\/#website","url":"https:\/\/elmawkie.dz\/fr\/","name":"EL MAWKIE","description":"Journal \u00c9lectronique Alg\u00e9rien","publisher":{"@id":"https:\/\/elmawkie.dz\/fr\/#organization"},"potentialAction":[{"@type":"SearchAction","target":{"@type":"EntryPoint","urlTemplate":"https:\/\/elmawkie.dz\/fr\/?s={search_term_string}"},"query-input":"required name=search_term_string"}],"inLanguage":"fr-FR"},{"@type":"Organization","@id":"https:\/\/elmawkie.dz\/fr\/#organization","name":"EL MAWKIE","url":"https:\/\/elmawkie.dz\/fr\/","logo":{"@type":"ImageObject","inLanguage":"fr-FR","@id":"https:\/\/elmawkie.dz\/fr\/#\/schema\/logo\/image\/","url":"https:\/\/elmawkie.dz\/fr\/wp-content\/uploads\/2024\/05\/logo1.png","contentUrl":"https:\/\/elmawkie.dz\/fr\/wp-content\/uploads\/2024\/05\/logo1.png","width":1648,"height":652,"caption":"EL MAWKIE"},"image":{"@id":"https:\/\/elmawkie.dz\/fr\/#\/schema\/logo\/image\/"},"sameAs":["https:\/\/www.facebook.com\/profile.php?id=100088407094989&locale=fr_FR"]},{"@type":"Person","@id":"https:\/\/elmawkie.dz\/fr\/#\/schema\/person\/e7bd59d6467874ba5c4723d8a9f0a63c","name":"R\u00e9daction","image":{"@type":"ImageObject","inLanguage":"fr-FR","@id":"https:\/\/elmawkie.dz\/fr\/#\/schema\/person\/image\/","url":"https:\/\/secure.gravatar.com\/avatar\/f0f773456344da4d2788c054a3d30a0c?s=96&d=mm&r=g","contentUrl":"https:\/\/secure.gravatar.com\/avatar\/f0f773456344da4d2788c054a3d30a0c?s=96&d=mm&r=g","caption":"R\u00e9daction"},"url":"https:\/\/elmawkie.dz\/fr\/author\/redaction\/"}]}},"_links":{"self":[{"href":"https:\/\/elmawkie.dz\/fr\/wp-json\/wp\/v2\/posts\/54668","targetHints":{"allow":["GET"]}}],"collection":[{"href":"https:\/\/elmawkie.dz\/fr\/wp-json\/wp\/v2\/posts"}],"about":[{"href":"https:\/\/elmawkie.dz\/fr\/wp-json\/wp\/v2\/types\/post"}],"author":[{"embeddable":true,"href":"https:\/\/elmawkie.dz\/fr\/wp-json\/wp\/v2\/users\/9"}],"replies":[{"embeddable":true,"href":"https:\/\/elmawkie.dz\/fr\/wp-json\/wp\/v2\/comments?post=54668"}],"version-history":[{"count":1,"href":"https:\/\/elmawkie.dz\/fr\/wp-json\/wp\/v2\/posts\/54668\/revisions"}],"predecessor-version":[{"id":54671,"href":"https:\/\/elmawkie.dz\/fr\/wp-json\/wp\/v2\/posts\/54668\/revisions\/54671"}],"wp:featuredmedia":[{"embeddable":true,"href":"https:\/\/elmawkie.dz\/fr\/wp-json\/wp\/v2\/media\/54670"}],"wp:attachment":[{"href":"https:\/\/elmawkie.dz\/fr\/wp-json\/wp\/v2\/media?parent=54668"}],"wp:term":[{"taxonomy":"category","embeddable":true,"href":"https:\/\/elmawkie.dz\/fr\/wp-json\/wp\/v2\/categories?post=54668"},{"taxonomy":"post_tag","embeddable":true,"href":"https:\/\/elmawkie.dz\/fr\/wp-json\/wp\/v2\/tags?post=54668"}],"curies":[{"name":"wp","href":"https:\/\/api.w.org\/{rel}","templated":true}]}}