{"id":54488,"date":"2025-07-31T18:39:22","date_gmt":"2025-07-31T17:39:22","guid":{"rendered":"https:\/\/elmawkie.dz\/fr\/?p=54488"},"modified":"2025-07-31T18:39:24","modified_gmt":"2025-07-31T17:39:24","slug":"ain-temouchent-m-ouadah-met-laccent-sur-la-vulgarisation-du-concept-dauto-entrepreneur","status":"publish","type":"post","link":"https:\/\/elmawkie.dz\/fr\/ain-temouchent-m-ouadah-met-laccent-sur-la-vulgarisation-du-concept-dauto-entrepreneur\/","title":{"rendered":"A\u00efn T\u00e9mouchent : M. Ouadah met l\u2019accent sur la vulgarisation du concept d\u2019auto-entrepreneur"},"content":{"rendered":"\n<p>Le ministre de l\u2019Economie de la connaissance, des Start-up et des Micro-entreprises, Nouredine Ouadah, a insist\u00e9, jeudi \u00e0 A\u00efn Temouchent, sur la n\u00e9cessit\u00e9 de mieux vulgariser le concept d\u2019auto-entrepreneur. Lors d\u2019une visite de travail et d\u2019inspection dans la wilaya, M. Ouadah a soulign\u00e9 l\u2019importance \u00ab\u00a0de faire connaitre davantage le concept d\u2019auto-entrepreneur, nouvel acteur de l\u2019\u00e9conomie nationale\u00a0\u00bb, pr\u00e9cisant que \u00ab\u00a0ce concept sera enseign\u00e9 dans les Maisons de l\u2019entrepreneuriat et les centres de formation professionnelle afin de permettre aux jeunes d\u2019acc\u00e9der plus rapidement \u00e0 l\u2019\u00e9conomie nationale et d\u2019interagir plus ais\u00e9ment avec l\u2019administration\u00a0\u00bb. Il a ajout\u00e9 que \u00ab\u00a0le m\u00e9canisme de l\u2019auto-entrepreneur offre aux jeunes une opportunit\u00e9 et toutes les facilit\u00e9s n\u00e9cessaires pour participer \u00e0 l\u2019\u00e9conomie nationale dans une nouvelle vision d\u2019une \u00e9conomie moderne, bas\u00e9e sur la connaissance et la technologie\u00a0\u00bb. Lors de la visite de deux micro-entreprises implant\u00e9es \u00e0 Hassi El-Ghella, sp\u00e9cialis\u00e9es dans la production de confiseries modernes et la broderie \u00e9lectronique et la couture, le ministre a rappel\u00e9 que \u00ab\u00a0l\u2019Agence nationale d\u2019appui et de d\u00e9veloppement de l\u2019entrepreneuriat (ANADE) assure l\u2019accompagnement et l\u2019appui n\u00e9cessaires pour \u00e9largir ce genre d\u2019entreprises, contribuant ainsi \u00e0 leur d\u00e9veloppement et \u00e0 la cr\u00e9ation de nouveaux postes d&#8217;emploi\u00a0\u00bb. Dans la zone industrielle d\u2019A\u00efn-T\u00e9mouchent, M. Ouadah a inspect\u00e9 une micro-entreprise sp\u00e9cialis\u00e9e dans la transformation de l\u2019acier et la production de fils m\u00e9talliques, o\u00f9 il a insist\u00e9 sur \u00ab\u00a0l\u2019importance d\u2019ouvrir la formation des jeunes \u00e0 ce genre d\u2019entreprises performantes, notamment pour les universitaires, et d\u2019accueillir des stagiaires, ce qui permettrait de d\u00e9velopper des activit\u00e9s compl\u00e9mentaires\u00a0\u00bb. \u00ab\u00a0Nous \u0153uvrons \u00e0 faire de ces succes-stories des exemples inspirants pour les start-up et les \u00e9tudiants. Dans cette optique, il a \u00e9t\u00e9 convenu que dans toutes les formations organis\u00e9es actuellement dans les maisons de l\u2019entrepreneuriat, que ce soit \u00e0 l\u2019universit\u00e9 ou dans les centres de formation professionnelle, des sorties de terrain seront programm\u00e9es pour permettre aux \u00e9tudiants de visiter des micro-entreprises et de d\u00e9couvrir leurs parcours r\u00e9ussis\u00a0\u00bb, a-t-il affirm\u00e9. Le ministre a \u00e9galement visit\u00e9 le Centre de d\u00e9veloppement de l\u2019entrepreneuriat de l\u2019Institut national sp\u00e9cialis\u00e9 de formation professionnelle et d\u2019apprentissage Chahid Kouider Brini, qui a form\u00e9 37 jeunes porteurs de projets lors de trois sessions de formation, selon les explications pr\u00e9sent\u00e9es. Par ailleurs, il a pr\u00e9sid\u00e9 la c\u00e9r\u00e9monie de signature de conventions-cadres entre l\u2019ANADE, la Chambre de commerce et d\u2019industrie de la wilaya, l\u2019Union des promoteurs immobiliers de la r\u00e9gion Ouest, ainsi qu\u2019une usine de production de gants m\u00e9dicaux, en vue de renforcer les m\u00e9canismes de formation et d\u2019accompagnement sur le terrain, et d\u2019ouvrir des opportunit\u00e9s de stages pour les \u00e9tudiants. En outre, M. Ouadah a visit\u00e9 l\u2019Universit\u00e9 Belhadj Boucha\u00efb d\u2019A\u00efn Temouchent, o\u00f9 il a pris connaissance de plusieurs projets innovants et start-up h\u00e9berg\u00e9s par l\u2019incubateur de l\u2019universit\u00e9, qui compte 233 \u00e9tudiants inscrits cette ann\u00e9e. Il a \u00e9galement assist\u00e9 \u00e0 une partie d\u2019une session de formation organis\u00e9e au Centre de d\u00e9veloppement de l\u2019entrepreneuriat de cet \u00e9tablissement d\u2019enseignement sup\u00e9rieur. Le ministre a achev\u00e9 sa visite par une rencontre avec des g\u00e9rants de start-up et des micro-entreprises, ainsi que des porteurs de projets r\u00e9affirmant que \u00ab\u00a0l\u2019Etat a mis en place le cadre juridique n\u00e9cessaire pour accompagner ce type d\u2019entreprises dans une d\u00e9marche visant \u00e0 diversifier l\u2019\u00e9conomie nationale\u00a0\u00bb.<\/p>\n","protected":false},"excerpt":{"rendered":"<p>Le ministre de l\u2019Economie de la connaissance, des Start-up et des Micro-entreprises, Nouredine Ouadah, a insist\u00e9, jeudi \u00e0 A\u00efn Temouchent, sur la n\u00e9cessit\u00e9 de mieux vulgariser le concept d\u2019auto-entrepreneur. Lors d\u2019une visite de travail et d\u2019inspection dans la wilaya, M. Ouadah a soulign\u00e9 l\u2019importance \u00ab\u00a0de faire connaitre davantage le concept d\u2019auto-entrepreneur, nouvel acteur de l\u2019\u00e9conomie &hellip;<\/p>\n","protected":false},"author":9,"featured_media":54490,"comment_status":"open","ping_status":"open","sticky":false,"template":"","format":"standard","meta":{"footnotes":""},"categories":[47],"tags":[1458,4655,4654],"class_list":["post-54488","post","type-post","status-publish","format-standard","has-post-thumbnail","hentry","category-national","tag-ain-temouchent","tag-auto-entrepreneur-2","tag-m-ouadah-2"],"yoast_head":"<!-- This site is optimized with the Yoast SEO Premium plugin v22.6 (Yoast SEO v22.6) - https:\/\/yoast.com\/wordpress\/plugins\/seo\/ -->\n<title>A\u00efn T\u00e9mouchent : M. Ouadah met l\u2019accent sur la vulgarisation du concept d\u2019auto-entrepreneur - El Mawkie<\/title>\n<meta name=\"robots\" content=\"index, follow, max-snippet:-1, max-image-preview:large, max-video-preview:-1\" \/>\n<link rel=\"canonical\" href=\"https:\/\/elmawkie.dz\/fr\/ain-temouchent-m-ouadah-met-laccent-sur-la-vulgarisation-du-concept-dauto-entrepreneur\/\" \/>\n<meta property=\"og:locale\" content=\"fr_FR\" \/>\n<meta property=\"og:type\" content=\"article\" \/>\n<meta property=\"og:title\" content=\"A\u00efn T\u00e9mouchent : M. Ouadah met l\u2019accent sur la vulgarisation du concept d\u2019auto-entrepreneur\" \/>\n<meta property=\"og:description\" content=\"Le ministre de l\u2019Economie de la connaissance, des Start-up et des Micro-entreprises, Nouredine Ouadah, a insist\u00e9, jeudi \u00e0 A\u00efn Temouchent, sur la n\u00e9cessit\u00e9 de mieux vulgariser le concept d\u2019auto-entrepreneur. Lors d\u2019une visite de travail et d\u2019inspection dans la wilaya, M. Ouadah a soulign\u00e9 l\u2019importance \u00ab\u00a0de faire connaitre davantage le concept d\u2019auto-entrepreneur, nouvel acteur de l\u2019\u00e9conomie &hellip;\" \/>\n<meta property=\"og:url\" content=\"https:\/\/elmawkie.dz\/fr\/ain-temouchent-m-ouadah-met-laccent-sur-la-vulgarisation-du-concept-dauto-entrepreneur\/\" \/>\n<meta property=\"og:site_name\" content=\"El Mawkie\" \/>\n<meta property=\"article:publisher\" content=\"https:\/\/www.facebook.com\/profile.php?id=100088407094989&amp;locale=fr_FR\" \/>\n<meta property=\"article:published_time\" content=\"2025-07-31T17:39:22+00:00\" \/>\n<meta property=\"article:modified_time\" content=\"2025-07-31T17:39:24+00:00\" \/>\n<meta property=\"og:image\" content=\"https:\/\/elmawkie.dz\/fr\/wp-content\/uploads\/2025\/07\/IMG_1564.jpeg\" \/>\n\t<meta property=\"og:image:width\" content=\"1125\" \/>\n\t<meta property=\"og:image:height\" content=\"753\" \/>\n\t<meta property=\"og:image:type\" content=\"image\/jpeg\" \/>\n<meta name=\"author\" content=\"R\u00e9daction\" \/>\n<meta name=\"twitter:card\" content=\"summary_large_image\" \/>\n<meta name=\"twitter:label1\" content=\"Written by\" \/>\n\t<meta name=\"twitter:data1\" content=\"R\u00e9daction\" \/>\n\t<meta name=\"twitter:label2\" content=\"Est. reading time\" \/>\n\t<meta name=\"twitter:data2\" content=\"3 minutes\" \/>\n<script type=\"application\/ld+json\" class=\"yoast-schema-graph\">{\"@context\":\"https:\/\/schema.org\",\"@graph\":[{\"@type\":\"Article\",\"@id\":\"https:\/\/elmawkie.dz\/fr\/ain-temouchent-m-ouadah-met-laccent-sur-la-vulgarisation-du-concept-dauto-entrepreneur\/#article\",\"isPartOf\":{\"@id\":\"https:\/\/elmawkie.dz\/fr\/ain-temouchent-m-ouadah-met-laccent-sur-la-vulgarisation-du-concept-dauto-entrepreneur\/\"},\"author\":{\"name\":\"R\u00e9daction\",\"@id\":\"https:\/\/elmawkie.dz\/fr\/#\/schema\/person\/e7bd59d6467874ba5c4723d8a9f0a63c\"},\"headline\":\"A\u00efn T\u00e9mouchent : M. Ouadah met l\u2019accent sur la vulgarisation du concept d\u2019auto-entrepreneur\",\"datePublished\":\"2025-07-31T17:39:22+00:00\",\"dateModified\":\"2025-07-31T17:39:24+00:00\",\"mainEntityOfPage\":{\"@id\":\"https:\/\/elmawkie.dz\/fr\/ain-temouchent-m-ouadah-met-laccent-sur-la-vulgarisation-du-concept-dauto-entrepreneur\/\"},\"wordCount\":621,\"commentCount\":0,\"publisher\":{\"@id\":\"https:\/\/elmawkie.dz\/fr\/#organization\"},\"image\":{\"@id\":\"https:\/\/elmawkie.dz\/fr\/ain-temouchent-m-ouadah-met-laccent-sur-la-vulgarisation-du-concept-dauto-entrepreneur\/#primaryimage\"},\"thumbnailUrl\":\"https:\/\/elmawkie.dz\/fr\/wp-content\/uploads\/2025\/07\/IMG_1564.jpeg\",\"keywords\":[\"A\u00efn T\u00e9mouchent\",\"Auto entrepreneur\",\"M.Ouadah\"],\"articleSection\":[\"National\"],\"inLanguage\":\"fr-FR\",\"potentialAction\":[{\"@type\":\"CommentAction\",\"name\":\"Comment\",\"target\":[\"https:\/\/elmawkie.dz\/fr\/ain-temouchent-m-ouadah-met-laccent-sur-la-vulgarisation-du-concept-dauto-entrepreneur\/#respond\"]}]},{\"@type\":\"WebPage\",\"@id\":\"https:\/\/elmawkie.dz\/fr\/ain-temouchent-m-ouadah-met-laccent-sur-la-vulgarisation-du-concept-dauto-entrepreneur\/\",\"url\":\"https:\/\/elmawkie.dz\/fr\/ain-temouchent-m-ouadah-met-laccent-sur-la-vulgarisation-du-concept-dauto-entrepreneur\/\",\"name\":\"A\u00efn T\u00e9mouchent : M. Ouadah met l\u2019accent sur la vulgarisation du concept d\u2019auto-entrepreneur - El Mawkie\",\"isPartOf\":{\"@id\":\"https:\/\/elmawkie.dz\/fr\/#website\"},\"primaryImageOfPage\":{\"@id\":\"https:\/\/elmawkie.dz\/fr\/ain-temouchent-m-ouadah-met-laccent-sur-la-vulgarisation-du-concept-dauto-entrepreneur\/#primaryimage\"},\"image\":{\"@id\":\"https:\/\/elmawkie.dz\/fr\/ain-temouchent-m-ouadah-met-laccent-sur-la-vulgarisation-du-concept-dauto-entrepreneur\/#primaryimage\"},\"thumbnailUrl\":\"https:\/\/elmawkie.dz\/fr\/wp-content\/uploads\/2025\/07\/IMG_1564.jpeg\",\"datePublished\":\"2025-07-31T17:39:22+00:00\",\"dateModified\":\"2025-07-31T17:39:24+00:00\",\"breadcrumb\":{\"@id\":\"https:\/\/elmawkie.dz\/fr\/ain-temouchent-m-ouadah-met-laccent-sur-la-vulgarisation-du-concept-dauto-entrepreneur\/#breadcrumb\"},\"inLanguage\":\"fr-FR\",\"potentialAction\":[{\"@type\":\"ReadAction\",\"target\":[\"https:\/\/elmawkie.dz\/fr\/ain-temouchent-m-ouadah-met-laccent-sur-la-vulgarisation-du-concept-dauto-entrepreneur\/\"]}]},{\"@type\":\"ImageObject\",\"inLanguage\":\"fr-FR\",\"@id\":\"https:\/\/elmawkie.dz\/fr\/ain-temouchent-m-ouadah-met-laccent-sur-la-vulgarisation-du-concept-dauto-entrepreneur\/#primaryimage\",\"url\":\"https:\/\/elmawkie.dz\/fr\/wp-content\/uploads\/2025\/07\/IMG_1564.jpeg\",\"contentUrl\":\"https:\/\/elmawkie.dz\/fr\/wp-content\/uploads\/2025\/07\/IMG_1564.jpeg\",\"width\":1125,\"height\":753},{\"@type\":\"BreadcrumbList\",\"@id\":\"https:\/\/elmawkie.dz\/fr\/ain-temouchent-m-ouadah-met-laccent-sur-la-vulgarisation-du-concept-dauto-entrepreneur\/#breadcrumb\",\"itemListElement\":[{\"@type\":\"ListItem\",\"position\":1,\"name\":\"Home\",\"item\":\"https:\/\/elmawkie.dz\/fr\/\"},{\"@type\":\"ListItem\",\"position\":2,\"name\":\"A\u00efn T\u00e9mouchent : M. Ouadah met l\u2019accent sur la vulgarisation du concept d\u2019auto-entrepreneur\"}]},{\"@type\":\"WebSite\",\"@id\":\"https:\/\/elmawkie.dz\/fr\/#website\",\"url\":\"https:\/\/elmawkie.dz\/fr\/\",\"name\":\"EL MAWKIE\",\"description\":\"Journal \u00c9lectronique Alg\u00e9rien\",\"publisher\":{\"@id\":\"https:\/\/elmawkie.dz\/fr\/#organization\"},\"potentialAction\":[{\"@type\":\"SearchAction\",\"target\":{\"@type\":\"EntryPoint\",\"urlTemplate\":\"https:\/\/elmawkie.dz\/fr\/?s={search_term_string}\"},\"query-input\":\"required name=search_term_string\"}],\"inLanguage\":\"fr-FR\"},{\"@type\":\"Organization\",\"@id\":\"https:\/\/elmawkie.dz\/fr\/#organization\",\"name\":\"EL MAWKIE\",\"url\":\"https:\/\/elmawkie.dz\/fr\/\",\"logo\":{\"@type\":\"ImageObject\",\"inLanguage\":\"fr-FR\",\"@id\":\"https:\/\/elmawkie.dz\/fr\/#\/schema\/logo\/image\/\",\"url\":\"https:\/\/elmawkie.dz\/fr\/wp-content\/uploads\/2024\/05\/logo1.png\",\"contentUrl\":\"https:\/\/elmawkie.dz\/fr\/wp-content\/uploads\/2024\/05\/logo1.png\",\"width\":1648,\"height\":652,\"caption\":\"EL MAWKIE\"},\"image\":{\"@id\":\"https:\/\/elmawkie.dz\/fr\/#\/schema\/logo\/image\/\"},\"sameAs\":[\"https:\/\/www.facebook.com\/profile.php?id=100088407094989&locale=fr_FR\"]},{\"@type\":\"Person\",\"@id\":\"https:\/\/elmawkie.dz\/fr\/#\/schema\/person\/e7bd59d6467874ba5c4723d8a9f0a63c\",\"name\":\"R\u00e9daction\",\"image\":{\"@type\":\"ImageObject\",\"inLanguage\":\"fr-FR\",\"@id\":\"https:\/\/elmawkie.dz\/fr\/#\/schema\/person\/image\/\",\"url\":\"https:\/\/secure.gravatar.com\/avatar\/f0f773456344da4d2788c054a3d30a0c?s=96&d=mm&r=g\",\"contentUrl\":\"https:\/\/secure.gravatar.com\/avatar\/f0f773456344da4d2788c054a3d30a0c?s=96&d=mm&r=g\",\"caption\":\"R\u00e9daction\"},\"url\":\"https:\/\/elmawkie.dz\/fr\/author\/redaction\/\"}]}<\/script>\n<!-- \/ Yoast SEO Premium plugin. -->","yoast_head_json":{"title":"A\u00efn T\u00e9mouchent : M. Ouadah met l\u2019accent sur la vulgarisation du concept d\u2019auto-entrepreneur - El Mawkie","robots":{"index":"index","follow":"follow","max-snippet":"max-snippet:-1","max-image-preview":"max-image-preview:large","max-video-preview":"max-video-preview:-1"},"canonical":"https:\/\/elmawkie.dz\/fr\/ain-temouchent-m-ouadah-met-laccent-sur-la-vulgarisation-du-concept-dauto-entrepreneur\/","og_locale":"fr_FR","og_type":"article","og_title":"A\u00efn T\u00e9mouchent : M. Ouadah met l\u2019accent sur la vulgarisation du concept d\u2019auto-entrepreneur","og_description":"Le ministre de l\u2019Economie de la connaissance, des Start-up et des Micro-entreprises, Nouredine Ouadah, a insist\u00e9, jeudi \u00e0 A\u00efn Temouchent, sur la n\u00e9cessit\u00e9 de mieux vulgariser le concept d\u2019auto-entrepreneur. Lors d\u2019une visite de travail et d\u2019inspection dans la wilaya, M. Ouadah a soulign\u00e9 l\u2019importance \u00ab\u00a0de faire connaitre davantage le concept d\u2019auto-entrepreneur, nouvel acteur de l\u2019\u00e9conomie &hellip;","og_url":"https:\/\/elmawkie.dz\/fr\/ain-temouchent-m-ouadah-met-laccent-sur-la-vulgarisation-du-concept-dauto-entrepreneur\/","og_site_name":"El Mawkie","article_publisher":"https:\/\/www.facebook.com\/profile.php?id=100088407094989&locale=fr_FR","article_published_time":"2025-07-31T17:39:22+00:00","article_modified_time":"2025-07-31T17:39:24+00:00","og_image":[{"width":1125,"height":753,"url":"https:\/\/elmawkie.dz\/fr\/wp-content\/uploads\/2025\/07\/IMG_1564.jpeg","type":"image\/jpeg"}],"author":"R\u00e9daction","twitter_card":"summary_large_image","twitter_misc":{"Written by":"R\u00e9daction","Est. reading time":"3 minutes"},"schema":{"@context":"https:\/\/schema.org","@graph":[{"@type":"Article","@id":"https:\/\/elmawkie.dz\/fr\/ain-temouchent-m-ouadah-met-laccent-sur-la-vulgarisation-du-concept-dauto-entrepreneur\/#article","isPartOf":{"@id":"https:\/\/elmawkie.dz\/fr\/ain-temouchent-m-ouadah-met-laccent-sur-la-vulgarisation-du-concept-dauto-entrepreneur\/"},"author":{"name":"R\u00e9daction","@id":"https:\/\/elmawkie.dz\/fr\/#\/schema\/person\/e7bd59d6467874ba5c4723d8a9f0a63c"},"headline":"A\u00efn T\u00e9mouchent : M. Ouadah met l\u2019accent sur la vulgarisation du concept d\u2019auto-entrepreneur","datePublished":"2025-07-31T17:39:22+00:00","dateModified":"2025-07-31T17:39:24+00:00","mainEntityOfPage":{"@id":"https:\/\/elmawkie.dz\/fr\/ain-temouchent-m-ouadah-met-laccent-sur-la-vulgarisation-du-concept-dauto-entrepreneur\/"},"wordCount":621,"commentCount":0,"publisher":{"@id":"https:\/\/elmawkie.dz\/fr\/#organization"},"image":{"@id":"https:\/\/elmawkie.dz\/fr\/ain-temouchent-m-ouadah-met-laccent-sur-la-vulgarisation-du-concept-dauto-entrepreneur\/#primaryimage"},"thumbnailUrl":"https:\/\/elmawkie.dz\/fr\/wp-content\/uploads\/2025\/07\/IMG_1564.jpeg","keywords":["A\u00efn T\u00e9mouchent","Auto entrepreneur","M.Ouadah"],"articleSection":["National"],"inLanguage":"fr-FR","potentialAction":[{"@type":"CommentAction","name":"Comment","target":["https:\/\/elmawkie.dz\/fr\/ain-temouchent-m-ouadah-met-laccent-sur-la-vulgarisation-du-concept-dauto-entrepreneur\/#respond"]}]},{"@type":"WebPage","@id":"https:\/\/elmawkie.dz\/fr\/ain-temouchent-m-ouadah-met-laccent-sur-la-vulgarisation-du-concept-dauto-entrepreneur\/","url":"https:\/\/elmawkie.dz\/fr\/ain-temouchent-m-ouadah-met-laccent-sur-la-vulgarisation-du-concept-dauto-entrepreneur\/","name":"A\u00efn T\u00e9mouchent : M. Ouadah met l\u2019accent sur la vulgarisation du concept d\u2019auto-entrepreneur - El Mawkie","isPartOf":{"@id":"https:\/\/elmawkie.dz\/fr\/#website"},"primaryImageOfPage":{"@id":"https:\/\/elmawkie.dz\/fr\/ain-temouchent-m-ouadah-met-laccent-sur-la-vulgarisation-du-concept-dauto-entrepreneur\/#primaryimage"},"image":{"@id":"https:\/\/elmawkie.dz\/fr\/ain-temouchent-m-ouadah-met-laccent-sur-la-vulgarisation-du-concept-dauto-entrepreneur\/#primaryimage"},"thumbnailUrl":"https:\/\/elmawkie.dz\/fr\/wp-content\/uploads\/2025\/07\/IMG_1564.jpeg","datePublished":"2025-07-31T17:39:22+00:00","dateModified":"2025-07-31T17:39:24+00:00","breadcrumb":{"@id":"https:\/\/elmawkie.dz\/fr\/ain-temouchent-m-ouadah-met-laccent-sur-la-vulgarisation-du-concept-dauto-entrepreneur\/#breadcrumb"},"inLanguage":"fr-FR","potentialAction":[{"@type":"ReadAction","target":["https:\/\/elmawkie.dz\/fr\/ain-temouchent-m-ouadah-met-laccent-sur-la-vulgarisation-du-concept-dauto-entrepreneur\/"]}]},{"@type":"ImageObject","inLanguage":"fr-FR","@id":"https:\/\/elmawkie.dz\/fr\/ain-temouchent-m-ouadah-met-laccent-sur-la-vulgarisation-du-concept-dauto-entrepreneur\/#primaryimage","url":"https:\/\/elmawkie.dz\/fr\/wp-content\/uploads\/2025\/07\/IMG_1564.jpeg","contentUrl":"https:\/\/elmawkie.dz\/fr\/wp-content\/uploads\/2025\/07\/IMG_1564.jpeg","width":1125,"height":753},{"@type":"BreadcrumbList","@id":"https:\/\/elmawkie.dz\/fr\/ain-temouchent-m-ouadah-met-laccent-sur-la-vulgarisation-du-concept-dauto-entrepreneur\/#breadcrumb","itemListElement":[{"@type":"ListItem","position":1,"name":"Home","item":"https:\/\/elmawkie.dz\/fr\/"},{"@type":"ListItem","position":2,"name":"A\u00efn T\u00e9mouchent : M. Ouadah met l\u2019accent sur la vulgarisation du concept d\u2019auto-entrepreneur"}]},{"@type":"WebSite","@id":"https:\/\/elmawkie.dz\/fr\/#website","url":"https:\/\/elmawkie.dz\/fr\/","name":"EL MAWKIE","description":"Journal \u00c9lectronique Alg\u00e9rien","publisher":{"@id":"https:\/\/elmawkie.dz\/fr\/#organization"},"potentialAction":[{"@type":"SearchAction","target":{"@type":"EntryPoint","urlTemplate":"https:\/\/elmawkie.dz\/fr\/?s={search_term_string}"},"query-input":"required name=search_term_string"}],"inLanguage":"fr-FR"},{"@type":"Organization","@id":"https:\/\/elmawkie.dz\/fr\/#organization","name":"EL MAWKIE","url":"https:\/\/elmawkie.dz\/fr\/","logo":{"@type":"ImageObject","inLanguage":"fr-FR","@id":"https:\/\/elmawkie.dz\/fr\/#\/schema\/logo\/image\/","url":"https:\/\/elmawkie.dz\/fr\/wp-content\/uploads\/2024\/05\/logo1.png","contentUrl":"https:\/\/elmawkie.dz\/fr\/wp-content\/uploads\/2024\/05\/logo1.png","width":1648,"height":652,"caption":"EL MAWKIE"},"image":{"@id":"https:\/\/elmawkie.dz\/fr\/#\/schema\/logo\/image\/"},"sameAs":["https:\/\/www.facebook.com\/profile.php?id=100088407094989&locale=fr_FR"]},{"@type":"Person","@id":"https:\/\/elmawkie.dz\/fr\/#\/schema\/person\/e7bd59d6467874ba5c4723d8a9f0a63c","name":"R\u00e9daction","image":{"@type":"ImageObject","inLanguage":"fr-FR","@id":"https:\/\/elmawkie.dz\/fr\/#\/schema\/person\/image\/","url":"https:\/\/secure.gravatar.com\/avatar\/f0f773456344da4d2788c054a3d30a0c?s=96&d=mm&r=g","contentUrl":"https:\/\/secure.gravatar.com\/avatar\/f0f773456344da4d2788c054a3d30a0c?s=96&d=mm&r=g","caption":"R\u00e9daction"},"url":"https:\/\/elmawkie.dz\/fr\/author\/redaction\/"}]}},"_links":{"self":[{"href":"https:\/\/elmawkie.dz\/fr\/wp-json\/wp\/v2\/posts\/54488","targetHints":{"allow":["GET"]}}],"collection":[{"href":"https:\/\/elmawkie.dz\/fr\/wp-json\/wp\/v2\/posts"}],"about":[{"href":"https:\/\/elmawkie.dz\/fr\/wp-json\/wp\/v2\/types\/post"}],"author":[{"embeddable":true,"href":"https:\/\/elmawkie.dz\/fr\/wp-json\/wp\/v2\/users\/9"}],"replies":[{"embeddable":true,"href":"https:\/\/elmawkie.dz\/fr\/wp-json\/wp\/v2\/comments?post=54488"}],"version-history":[{"count":1,"href":"https:\/\/elmawkie.dz\/fr\/wp-json\/wp\/v2\/posts\/54488\/revisions"}],"predecessor-version":[{"id":54491,"href":"https:\/\/elmawkie.dz\/fr\/wp-json\/wp\/v2\/posts\/54488\/revisions\/54491"}],"wp:featuredmedia":[{"embeddable":true,"href":"https:\/\/elmawkie.dz\/fr\/wp-json\/wp\/v2\/media\/54490"}],"wp:attachment":[{"href":"https:\/\/elmawkie.dz\/fr\/wp-json\/wp\/v2\/media?parent=54488"}],"wp:term":[{"taxonomy":"category","embeddable":true,"href":"https:\/\/elmawkie.dz\/fr\/wp-json\/wp\/v2\/categories?post=54488"},{"taxonomy":"post_tag","embeddable":true,"href":"https:\/\/elmawkie.dz\/fr\/wp-json\/wp\/v2\/tags?post=54488"}],"curies":[{"name":"wp","href":"https:\/\/api.w.org\/{rel}","templated":true}]}}