{"id":54479,"date":"2025-07-30T17:56:59","date_gmt":"2025-07-30T16:56:59","guid":{"rendered":"https:\/\/elmawkie.dz\/fr\/?p=54479"},"modified":"2025-07-30T17:57:00","modified_gmt":"2025-07-30T16:57:00","slug":"valorisation-des-dechets-organiques-des-actions-de-sensibilisation-lancees-a-sidi-bel-abbes","status":"publish","type":"post","link":"https:\/\/elmawkie.dz\/fr\/valorisation-des-dechets-organiques-des-actions-de-sensibilisation-lancees-a-sidi-bel-abbes\/","title":{"rendered":"Valorisation des d\u00e9chets organiques : des actions de sensibilisation lanc\u00e9es \u00e0 Sidi Bel Abb\u00e8s"},"content":{"rendered":"\n<p>La direction de l\u2019environnement de la wilaya de Sidi Bel Abbes organise des sorties de sensibilisation sur l\u2019importance du tri des d\u00e9chets et de leur transformation en compost destin\u00e9 \u00e0 l\u2019agriculture durable, a indiqu\u00e9, mercredi, la directrice du secteur, Safia Djaber. Ses sorties, organis\u00e9es dans le cadre des efforts nationaux visant \u00e0 promouvoir un comportement environnemental durable et \u00e0 valoriser les d\u00e9chets organiques, concernent plusieurs communes. L\u2019initiative vise \u00e0 impliquer les diff\u00e9rentes franges de la soci\u00e9t\u00e9 dans les efforts de protection de l\u2019environnement et \u00e0 renforcer la culture du tri s\u00e9lectif des d\u00e9chets m\u00e9nagers, notamment organiques, comme premi\u00e8re \u00e9tape vers leur exploitation pour la production de compost naturel de haute qualit\u00e9. Au cours de ces sorties de sensibilisation, des explications sont fournies sur les m\u00e9thodes de collecte des d\u00e9chets compostables et leur traitement, tout en incitant les acteurs locaux \u2013 tels que les communes, les restaurants et les march\u00e9s \u2013 \u00e0 s\u2019engager dans ce nouveau syst\u00e8me de gestion environnementale propre.<\/p>\n","protected":false},"excerpt":{"rendered":"<p>La direction de l\u2019environnement de la wilaya de Sidi Bel Abbes organise des sorties de sensibilisation sur l\u2019importance du tri des d\u00e9chets et de leur transformation en compost destin\u00e9 \u00e0 l\u2019agriculture durable, a indiqu\u00e9, mercredi, la directrice du secteur, Safia Djaber. Ses sorties, organis\u00e9es dans le cadre des efforts nationaux visant \u00e0 promouvoir un comportement &hellip;<\/p>\n","protected":false},"author":9,"featured_media":54481,"comment_status":"open","ping_status":"open","sticky":false,"template":"","format":"standard","meta":{"footnotes":""},"categories":[50],"tags":[2752,4651,390,4104],"class_list":["post-54479","post","type-post","status-publish","format-standard","has-post-thumbnail","hentry","category-region","tag-compagne-de-sensibilisation","tag-dechets-organiques","tag-direction-de-lenvironnement","tag-sidi-bel-abbes-4"],"yoast_head":"<!-- This site is optimized with the Yoast SEO Premium plugin v22.6 (Yoast SEO v22.6) - https:\/\/yoast.com\/wordpress\/plugins\/seo\/ -->\n<title>Valorisation des d\u00e9chets organiques : des actions de sensibilisation lanc\u00e9es \u00e0 Sidi Bel Abb\u00e8s - El Mawkie<\/title>\n<meta name=\"robots\" content=\"index, follow, max-snippet:-1, max-image-preview:large, max-video-preview:-1\" \/>\n<link rel=\"canonical\" href=\"https:\/\/elmawkie.dz\/fr\/valorisation-des-dechets-organiques-des-actions-de-sensibilisation-lancees-a-sidi-bel-abbes\/\" \/>\n<meta property=\"og:locale\" content=\"fr_FR\" \/>\n<meta property=\"og:type\" content=\"article\" \/>\n<meta property=\"og:title\" content=\"Valorisation des d\u00e9chets organiques : des actions de sensibilisation lanc\u00e9es \u00e0 Sidi Bel Abb\u00e8s\" \/>\n<meta property=\"og:description\" content=\"La direction de l\u2019environnement de la wilaya de Sidi Bel Abbes organise des sorties de sensibilisation sur l\u2019importance du tri des d\u00e9chets et de leur transformation en compost destin\u00e9 \u00e0 l\u2019agriculture durable, a indiqu\u00e9, mercredi, la directrice du secteur, Safia Djaber. Ses sorties, organis\u00e9es dans le cadre des efforts nationaux visant \u00e0 promouvoir un comportement &hellip;\" \/>\n<meta property=\"og:url\" content=\"https:\/\/elmawkie.dz\/fr\/valorisation-des-dechets-organiques-des-actions-de-sensibilisation-lancees-a-sidi-bel-abbes\/\" \/>\n<meta property=\"og:site_name\" content=\"El Mawkie\" \/>\n<meta property=\"article:publisher\" content=\"https:\/\/www.facebook.com\/profile.php?id=100088407094989&amp;locale=fr_FR\" \/>\n<meta property=\"article:published_time\" content=\"2025-07-30T16:56:59+00:00\" \/>\n<meta property=\"article:modified_time\" content=\"2025-07-30T16:57:00+00:00\" \/>\n<meta property=\"og:image\" content=\"https:\/\/elmawkie.dz\/fr\/wp-content\/uploads\/2025\/07\/IMG_1476.jpeg\" \/>\n\t<meta property=\"og:image:width\" content=\"1080\" \/>\n\t<meta property=\"og:image:height\" content=\"485\" \/>\n\t<meta property=\"og:image:type\" content=\"image\/jpeg\" \/>\n<meta name=\"author\" content=\"R\u00e9daction\" \/>\n<meta name=\"twitter:card\" content=\"summary_large_image\" \/>\n<meta name=\"twitter:label1\" content=\"Written by\" \/>\n\t<meta name=\"twitter:data1\" content=\"R\u00e9daction\" \/>\n\t<meta name=\"twitter:label2\" content=\"Est. reading time\" \/>\n\t<meta name=\"twitter:data2\" content=\"2 minutes\" \/>\n<script type=\"application\/ld+json\" class=\"yoast-schema-graph\">{\"@context\":\"https:\/\/schema.org\",\"@graph\":[{\"@type\":\"Article\",\"@id\":\"https:\/\/elmawkie.dz\/fr\/valorisation-des-dechets-organiques-des-actions-de-sensibilisation-lancees-a-sidi-bel-abbes\/#article\",\"isPartOf\":{\"@id\":\"https:\/\/elmawkie.dz\/fr\/valorisation-des-dechets-organiques-des-actions-de-sensibilisation-lancees-a-sidi-bel-abbes\/\"},\"author\":{\"name\":\"R\u00e9daction\",\"@id\":\"https:\/\/elmawkie.dz\/fr\/#\/schema\/person\/e7bd59d6467874ba5c4723d8a9f0a63c\"},\"headline\":\"Valorisation des d\u00e9chets organiques : des actions de sensibilisation lanc\u00e9es \u00e0 Sidi Bel Abb\u00e8s\",\"datePublished\":\"2025-07-30T16:56:59+00:00\",\"dateModified\":\"2025-07-30T16:57:00+00:00\",\"mainEntityOfPage\":{\"@id\":\"https:\/\/elmawkie.dz\/fr\/valorisation-des-dechets-organiques-des-actions-de-sensibilisation-lancees-a-sidi-bel-abbes\/\"},\"wordCount\":186,\"commentCount\":0,\"publisher\":{\"@id\":\"https:\/\/elmawkie.dz\/fr\/#organization\"},\"image\":{\"@id\":\"https:\/\/elmawkie.dz\/fr\/valorisation-des-dechets-organiques-des-actions-de-sensibilisation-lancees-a-sidi-bel-abbes\/#primaryimage\"},\"thumbnailUrl\":\"https:\/\/elmawkie.dz\/fr\/wp-content\/uploads\/2025\/07\/IMG_1476.jpeg\",\"keywords\":[\"compagne de sensibilisation\",\"D\u00e9chets organiques\",\"direction de l\u2019environnement\",\"Sidi Bel-Abb\u00e8s\"],\"articleSection\":[\"R\u00e9gion\"],\"inLanguage\":\"fr-FR\",\"potentialAction\":[{\"@type\":\"CommentAction\",\"name\":\"Comment\",\"target\":[\"https:\/\/elmawkie.dz\/fr\/valorisation-des-dechets-organiques-des-actions-de-sensibilisation-lancees-a-sidi-bel-abbes\/#respond\"]}]},{\"@type\":\"WebPage\",\"@id\":\"https:\/\/elmawkie.dz\/fr\/valorisation-des-dechets-organiques-des-actions-de-sensibilisation-lancees-a-sidi-bel-abbes\/\",\"url\":\"https:\/\/elmawkie.dz\/fr\/valorisation-des-dechets-organiques-des-actions-de-sensibilisation-lancees-a-sidi-bel-abbes\/\",\"name\":\"Valorisation des d\u00e9chets organiques : des actions de sensibilisation lanc\u00e9es \u00e0 Sidi Bel Abb\u00e8s - El Mawkie\",\"isPartOf\":{\"@id\":\"https:\/\/elmawkie.dz\/fr\/#website\"},\"primaryImageOfPage\":{\"@id\":\"https:\/\/elmawkie.dz\/fr\/valorisation-des-dechets-organiques-des-actions-de-sensibilisation-lancees-a-sidi-bel-abbes\/#primaryimage\"},\"image\":{\"@id\":\"https:\/\/elmawkie.dz\/fr\/valorisation-des-dechets-organiques-des-actions-de-sensibilisation-lancees-a-sidi-bel-abbes\/#primaryimage\"},\"thumbnailUrl\":\"https:\/\/elmawkie.dz\/fr\/wp-content\/uploads\/2025\/07\/IMG_1476.jpeg\",\"datePublished\":\"2025-07-30T16:56:59+00:00\",\"dateModified\":\"2025-07-30T16:57:00+00:00\",\"breadcrumb\":{\"@id\":\"https:\/\/elmawkie.dz\/fr\/valorisation-des-dechets-organiques-des-actions-de-sensibilisation-lancees-a-sidi-bel-abbes\/#breadcrumb\"},\"inLanguage\":\"fr-FR\",\"potentialAction\":[{\"@type\":\"ReadAction\",\"target\":[\"https:\/\/elmawkie.dz\/fr\/valorisation-des-dechets-organiques-des-actions-de-sensibilisation-lancees-a-sidi-bel-abbes\/\"]}]},{\"@type\":\"ImageObject\",\"inLanguage\":\"fr-FR\",\"@id\":\"https:\/\/elmawkie.dz\/fr\/valorisation-des-dechets-organiques-des-actions-de-sensibilisation-lancees-a-sidi-bel-abbes\/#primaryimage\",\"url\":\"https:\/\/elmawkie.dz\/fr\/wp-content\/uploads\/2025\/07\/IMG_1476.jpeg\",\"contentUrl\":\"https:\/\/elmawkie.dz\/fr\/wp-content\/uploads\/2025\/07\/IMG_1476.jpeg\",\"width\":1080,\"height\":485},{\"@type\":\"BreadcrumbList\",\"@id\":\"https:\/\/elmawkie.dz\/fr\/valorisation-des-dechets-organiques-des-actions-de-sensibilisation-lancees-a-sidi-bel-abbes\/#breadcrumb\",\"itemListElement\":[{\"@type\":\"ListItem\",\"position\":1,\"name\":\"Home\",\"item\":\"https:\/\/elmawkie.dz\/fr\/\"},{\"@type\":\"ListItem\",\"position\":2,\"name\":\"Valorisation des d\u00e9chets organiques : des actions de sensibilisation lanc\u00e9es \u00e0 Sidi Bel Abb\u00e8s\"}]},{\"@type\":\"WebSite\",\"@id\":\"https:\/\/elmawkie.dz\/fr\/#website\",\"url\":\"https:\/\/elmawkie.dz\/fr\/\",\"name\":\"EL MAWKIE\",\"description\":\"Journal \u00c9lectronique Alg\u00e9rien\",\"publisher\":{\"@id\":\"https:\/\/elmawkie.dz\/fr\/#organization\"},\"potentialAction\":[{\"@type\":\"SearchAction\",\"target\":{\"@type\":\"EntryPoint\",\"urlTemplate\":\"https:\/\/elmawkie.dz\/fr\/?s={search_term_string}\"},\"query-input\":\"required name=search_term_string\"}],\"inLanguage\":\"fr-FR\"},{\"@type\":\"Organization\",\"@id\":\"https:\/\/elmawkie.dz\/fr\/#organization\",\"name\":\"EL MAWKIE\",\"url\":\"https:\/\/elmawkie.dz\/fr\/\",\"logo\":{\"@type\":\"ImageObject\",\"inLanguage\":\"fr-FR\",\"@id\":\"https:\/\/elmawkie.dz\/fr\/#\/schema\/logo\/image\/\",\"url\":\"https:\/\/elmawkie.dz\/fr\/wp-content\/uploads\/2024\/05\/logo1.png\",\"contentUrl\":\"https:\/\/elmawkie.dz\/fr\/wp-content\/uploads\/2024\/05\/logo1.png\",\"width\":1648,\"height\":652,\"caption\":\"EL MAWKIE\"},\"image\":{\"@id\":\"https:\/\/elmawkie.dz\/fr\/#\/schema\/logo\/image\/\"},\"sameAs\":[\"https:\/\/www.facebook.com\/profile.php?id=100088407094989&locale=fr_FR\"]},{\"@type\":\"Person\",\"@id\":\"https:\/\/elmawkie.dz\/fr\/#\/schema\/person\/e7bd59d6467874ba5c4723d8a9f0a63c\",\"name\":\"R\u00e9daction\",\"image\":{\"@type\":\"ImageObject\",\"inLanguage\":\"fr-FR\",\"@id\":\"https:\/\/elmawkie.dz\/fr\/#\/schema\/person\/image\/\",\"url\":\"https:\/\/secure.gravatar.com\/avatar\/f0f773456344da4d2788c054a3d30a0c?s=96&d=mm&r=g\",\"contentUrl\":\"https:\/\/secure.gravatar.com\/avatar\/f0f773456344da4d2788c054a3d30a0c?s=96&d=mm&r=g\",\"caption\":\"R\u00e9daction\"},\"url\":\"https:\/\/elmawkie.dz\/fr\/author\/redaction\/\"}]}<\/script>\n<!-- \/ Yoast SEO Premium plugin. -->","yoast_head_json":{"title":"Valorisation des d\u00e9chets organiques : des actions de sensibilisation lanc\u00e9es \u00e0 Sidi Bel Abb\u00e8s - El Mawkie","robots":{"index":"index","follow":"follow","max-snippet":"max-snippet:-1","max-image-preview":"max-image-preview:large","max-video-preview":"max-video-preview:-1"},"canonical":"https:\/\/elmawkie.dz\/fr\/valorisation-des-dechets-organiques-des-actions-de-sensibilisation-lancees-a-sidi-bel-abbes\/","og_locale":"fr_FR","og_type":"article","og_title":"Valorisation des d\u00e9chets organiques : des actions de sensibilisation lanc\u00e9es \u00e0 Sidi Bel Abb\u00e8s","og_description":"La direction de l\u2019environnement de la wilaya de Sidi Bel Abbes organise des sorties de sensibilisation sur l\u2019importance du tri des d\u00e9chets et de leur transformation en compost destin\u00e9 \u00e0 l\u2019agriculture durable, a indiqu\u00e9, mercredi, la directrice du secteur, Safia Djaber. Ses sorties, organis\u00e9es dans le cadre des efforts nationaux visant \u00e0 promouvoir un comportement &hellip;","og_url":"https:\/\/elmawkie.dz\/fr\/valorisation-des-dechets-organiques-des-actions-de-sensibilisation-lancees-a-sidi-bel-abbes\/","og_site_name":"El Mawkie","article_publisher":"https:\/\/www.facebook.com\/profile.php?id=100088407094989&locale=fr_FR","article_published_time":"2025-07-30T16:56:59+00:00","article_modified_time":"2025-07-30T16:57:00+00:00","og_image":[{"width":1080,"height":485,"url":"https:\/\/elmawkie.dz\/fr\/wp-content\/uploads\/2025\/07\/IMG_1476.jpeg","type":"image\/jpeg"}],"author":"R\u00e9daction","twitter_card":"summary_large_image","twitter_misc":{"Written by":"R\u00e9daction","Est. reading time":"2 minutes"},"schema":{"@context":"https:\/\/schema.org","@graph":[{"@type":"Article","@id":"https:\/\/elmawkie.dz\/fr\/valorisation-des-dechets-organiques-des-actions-de-sensibilisation-lancees-a-sidi-bel-abbes\/#article","isPartOf":{"@id":"https:\/\/elmawkie.dz\/fr\/valorisation-des-dechets-organiques-des-actions-de-sensibilisation-lancees-a-sidi-bel-abbes\/"},"author":{"name":"R\u00e9daction","@id":"https:\/\/elmawkie.dz\/fr\/#\/schema\/person\/e7bd59d6467874ba5c4723d8a9f0a63c"},"headline":"Valorisation des d\u00e9chets organiques : des actions de sensibilisation lanc\u00e9es \u00e0 Sidi Bel Abb\u00e8s","datePublished":"2025-07-30T16:56:59+00:00","dateModified":"2025-07-30T16:57:00+00:00","mainEntityOfPage":{"@id":"https:\/\/elmawkie.dz\/fr\/valorisation-des-dechets-organiques-des-actions-de-sensibilisation-lancees-a-sidi-bel-abbes\/"},"wordCount":186,"commentCount":0,"publisher":{"@id":"https:\/\/elmawkie.dz\/fr\/#organization"},"image":{"@id":"https:\/\/elmawkie.dz\/fr\/valorisation-des-dechets-organiques-des-actions-de-sensibilisation-lancees-a-sidi-bel-abbes\/#primaryimage"},"thumbnailUrl":"https:\/\/elmawkie.dz\/fr\/wp-content\/uploads\/2025\/07\/IMG_1476.jpeg","keywords":["compagne de sensibilisation","D\u00e9chets organiques","direction de l\u2019environnement","Sidi Bel-Abb\u00e8s"],"articleSection":["R\u00e9gion"],"inLanguage":"fr-FR","potentialAction":[{"@type":"CommentAction","name":"Comment","target":["https:\/\/elmawkie.dz\/fr\/valorisation-des-dechets-organiques-des-actions-de-sensibilisation-lancees-a-sidi-bel-abbes\/#respond"]}]},{"@type":"WebPage","@id":"https:\/\/elmawkie.dz\/fr\/valorisation-des-dechets-organiques-des-actions-de-sensibilisation-lancees-a-sidi-bel-abbes\/","url":"https:\/\/elmawkie.dz\/fr\/valorisation-des-dechets-organiques-des-actions-de-sensibilisation-lancees-a-sidi-bel-abbes\/","name":"Valorisation des d\u00e9chets organiques : des actions de sensibilisation lanc\u00e9es \u00e0 Sidi Bel Abb\u00e8s - El Mawkie","isPartOf":{"@id":"https:\/\/elmawkie.dz\/fr\/#website"},"primaryImageOfPage":{"@id":"https:\/\/elmawkie.dz\/fr\/valorisation-des-dechets-organiques-des-actions-de-sensibilisation-lancees-a-sidi-bel-abbes\/#primaryimage"},"image":{"@id":"https:\/\/elmawkie.dz\/fr\/valorisation-des-dechets-organiques-des-actions-de-sensibilisation-lancees-a-sidi-bel-abbes\/#primaryimage"},"thumbnailUrl":"https:\/\/elmawkie.dz\/fr\/wp-content\/uploads\/2025\/07\/IMG_1476.jpeg","datePublished":"2025-07-30T16:56:59+00:00","dateModified":"2025-07-30T16:57:00+00:00","breadcrumb":{"@id":"https:\/\/elmawkie.dz\/fr\/valorisation-des-dechets-organiques-des-actions-de-sensibilisation-lancees-a-sidi-bel-abbes\/#breadcrumb"},"inLanguage":"fr-FR","potentialAction":[{"@type":"ReadAction","target":["https:\/\/elmawkie.dz\/fr\/valorisation-des-dechets-organiques-des-actions-de-sensibilisation-lancees-a-sidi-bel-abbes\/"]}]},{"@type":"ImageObject","inLanguage":"fr-FR","@id":"https:\/\/elmawkie.dz\/fr\/valorisation-des-dechets-organiques-des-actions-de-sensibilisation-lancees-a-sidi-bel-abbes\/#primaryimage","url":"https:\/\/elmawkie.dz\/fr\/wp-content\/uploads\/2025\/07\/IMG_1476.jpeg","contentUrl":"https:\/\/elmawkie.dz\/fr\/wp-content\/uploads\/2025\/07\/IMG_1476.jpeg","width":1080,"height":485},{"@type":"BreadcrumbList","@id":"https:\/\/elmawkie.dz\/fr\/valorisation-des-dechets-organiques-des-actions-de-sensibilisation-lancees-a-sidi-bel-abbes\/#breadcrumb","itemListElement":[{"@type":"ListItem","position":1,"name":"Home","item":"https:\/\/elmawkie.dz\/fr\/"},{"@type":"ListItem","position":2,"name":"Valorisation des d\u00e9chets organiques : des actions de sensibilisation lanc\u00e9es \u00e0 Sidi Bel Abb\u00e8s"}]},{"@type":"WebSite","@id":"https:\/\/elmawkie.dz\/fr\/#website","url":"https:\/\/elmawkie.dz\/fr\/","name":"EL MAWKIE","description":"Journal \u00c9lectronique Alg\u00e9rien","publisher":{"@id":"https:\/\/elmawkie.dz\/fr\/#organization"},"potentialAction":[{"@type":"SearchAction","target":{"@type":"EntryPoint","urlTemplate":"https:\/\/elmawkie.dz\/fr\/?s={search_term_string}"},"query-input":"required name=search_term_string"}],"inLanguage":"fr-FR"},{"@type":"Organization","@id":"https:\/\/elmawkie.dz\/fr\/#organization","name":"EL MAWKIE","url":"https:\/\/elmawkie.dz\/fr\/","logo":{"@type":"ImageObject","inLanguage":"fr-FR","@id":"https:\/\/elmawkie.dz\/fr\/#\/schema\/logo\/image\/","url":"https:\/\/elmawkie.dz\/fr\/wp-content\/uploads\/2024\/05\/logo1.png","contentUrl":"https:\/\/elmawkie.dz\/fr\/wp-content\/uploads\/2024\/05\/logo1.png","width":1648,"height":652,"caption":"EL MAWKIE"},"image":{"@id":"https:\/\/elmawkie.dz\/fr\/#\/schema\/logo\/image\/"},"sameAs":["https:\/\/www.facebook.com\/profile.php?id=100088407094989&locale=fr_FR"]},{"@type":"Person","@id":"https:\/\/elmawkie.dz\/fr\/#\/schema\/person\/e7bd59d6467874ba5c4723d8a9f0a63c","name":"R\u00e9daction","image":{"@type":"ImageObject","inLanguage":"fr-FR","@id":"https:\/\/elmawkie.dz\/fr\/#\/schema\/person\/image\/","url":"https:\/\/secure.gravatar.com\/avatar\/f0f773456344da4d2788c054a3d30a0c?s=96&d=mm&r=g","contentUrl":"https:\/\/secure.gravatar.com\/avatar\/f0f773456344da4d2788c054a3d30a0c?s=96&d=mm&r=g","caption":"R\u00e9daction"},"url":"https:\/\/elmawkie.dz\/fr\/author\/redaction\/"}]}},"_links":{"self":[{"href":"https:\/\/elmawkie.dz\/fr\/wp-json\/wp\/v2\/posts\/54479","targetHints":{"allow":["GET"]}}],"collection":[{"href":"https:\/\/elmawkie.dz\/fr\/wp-json\/wp\/v2\/posts"}],"about":[{"href":"https:\/\/elmawkie.dz\/fr\/wp-json\/wp\/v2\/types\/post"}],"author":[{"embeddable":true,"href":"https:\/\/elmawkie.dz\/fr\/wp-json\/wp\/v2\/users\/9"}],"replies":[{"embeddable":true,"href":"https:\/\/elmawkie.dz\/fr\/wp-json\/wp\/v2\/comments?post=54479"}],"version-history":[{"count":1,"href":"https:\/\/elmawkie.dz\/fr\/wp-json\/wp\/v2\/posts\/54479\/revisions"}],"predecessor-version":[{"id":54482,"href":"https:\/\/elmawkie.dz\/fr\/wp-json\/wp\/v2\/posts\/54479\/revisions\/54482"}],"wp:featuredmedia":[{"embeddable":true,"href":"https:\/\/elmawkie.dz\/fr\/wp-json\/wp\/v2\/media\/54481"}],"wp:attachment":[{"href":"https:\/\/elmawkie.dz\/fr\/wp-json\/wp\/v2\/media?parent=54479"}],"wp:term":[{"taxonomy":"category","embeddable":true,"href":"https:\/\/elmawkie.dz\/fr\/wp-json\/wp\/v2\/categories?post=54479"},{"taxonomy":"post_tag","embeddable":true,"href":"https:\/\/elmawkie.dz\/fr\/wp-json\/wp\/v2\/tags?post=54479"}],"curies":[{"name":"wp","href":"https:\/\/api.w.org\/{rel}","templated":true}]}}