{"id":54463,"date":"2025-07-30T17:41:38","date_gmt":"2025-07-30T16:41:38","guid":{"rendered":"https:\/\/elmawkie.dz\/fr\/?p=54463"},"modified":"2025-07-30T17:41:39","modified_gmt":"2025-07-30T16:41:39","slug":"journee-internationale-nelson-mandela-lheritage-et-les-prises-de-position-dune-icone-universelle-de-la-lutte-pour-la-liberte","status":"publish","type":"post","link":"https:\/\/elmawkie.dz\/fr\/journee-internationale-nelson-mandela-lheritage-et-les-prises-de-position-dune-icone-universelle-de-la-lutte-pour-la-liberte\/","title":{"rendered":"Journ\u00e9e internationale Nelson Mandela : l\u2019h\u00e9ritage et les prises de position d\u2019une ic\u00f4ne universelle de la lutte pour la libert\u00e9"},"content":{"rendered":"\n<p>Les participants au Forum de la M\u00e9moire ont affirm\u00e9, mercredi, que la R\u00e9volution alg\u00e9rienne avait inspir\u00e9 l&rsquo;ic\u00f4ne de la lutte et de la lib\u00e9ration, le d\u00e9funt leader Nelson Mandela, rappelant ses positions en faveur du droit du peuple sahraoui \u00e0 l&rsquo;autod\u00e9termination. Lors d&rsquo;une conf\u00e9rence intitul\u00e9e \u00ab\u00a0Le soutien du leader Nelson Mandela aux causes justes: le mod\u00e8le de la cause sahraouie\u00a0\u00bb, abrit\u00e9e par le Forum de la M\u00e9moire du quotidien El Moudjahid, en collaboration avec l&rsquo;Association Macha\u00e2l Echahid, l&rsquo;ancien diplomate et pr\u00e9sident de l&rsquo;Association internationale des amis de la R\u00e9volution alg\u00e9rienne, Noureddine Djoudi, a soulign\u00e9 que Nelson Mandela, ic\u00f4ne de la lutte et de la lib\u00e9ration, \u00ab\u00a0a toujours soutenu les mouvements de lib\u00e9ration et la lutte de leurs peuples pour se lib\u00e9rer du joug du colonialisme et de la s\u00e9gr\u00e9gation raciale, \u00e0 l&rsquo;instar de son soutien aux causes sahraouie et palestinienne. \u00ab\u00a0Malgr\u00e9 les fortes pressions exerc\u00e9es sur lui, il est rest\u00e9 fid\u00e8le et attach\u00e9 \u00e0 ses principes de lutte\u00a0\u00bb, a affirm\u00e9 M. Djoudi. L&rsquo;ancien diplomate a livr\u00e9 un t\u00e9moignage vivant sur l&rsquo;inspiration que Nelson Mandela avait tir\u00e9e de l&rsquo;exp\u00e9rience de lutte des Alg\u00e9riens contre le colonialisme fran\u00e7ais et sur la mani\u00e8re dont il l&rsquo;avait exploit\u00e9e dans son combat contre la politique raciste et le r\u00e9gime de l'\u00a0\u00bbapartheid\u00a0\u00bb en Afrique du sud, pr\u00e9cisant que Mandela \u00e9tait connu pour ses positions en faveur de la cause du Sahara occidental et notamment pour sa reconnaissance officielle de la R\u00e9publique sahraouie. Qualifiant les positions de Mandela vis-\u00e0-vis de la cause sahraouie de \u00ab\u00a0nobles\u00a0\u00bb, le moudjahid a soulign\u00e9 que cet homme \u00e9tait solidaire de la lutte des Sahraouis contre l&rsquo;occupant marocain. De son c\u00f4t\u00e9, le charg\u00e9 de communication et repr\u00e9sentant de l&rsquo;ambassade de la R\u00e9publique sahraouie en Alg\u00e9rie, Mohamed Lamine Aba\u00e2li, a salu\u00e9 l&rsquo;appui de Mandela aux mouvements de lib\u00e9ration dans le monde, en t\u00eate desquels la cause sahraouie juste, estimant que cet anniversaire se veut \u00ab\u00a0une occasion historique importante pour raviver la m\u00e9moire du combat de Mandela contre le r\u00e9gime de s\u00e9gr\u00e9gation raciale, tout en \u00e9tant une opportunit\u00e9 pour r\u00e9affirmer le droit des peuples \u00e0 la lib\u00e9ration\u00a0\u00bb. Il a indiqu\u00e9 que le peuple sahraoui, depuis 50 ans, \u00ab\u00a0demeure r\u00e9silient et capable de poursuivre son parcours et sa lutte pour arracher ses droits l\u00e9gitimes et imposer sa souverainet\u00e9, sa dignit\u00e9 et son ind\u00e9pendance, sur les traces de Mandela\u00a0\u00bb. Proclam\u00e9e par L&rsquo;UNESCO, la Journ\u00e9e internationale Nelson Mandela est c\u00e9l\u00e9br\u00e9e le 18 juillet de chaque ann\u00e9e, correspondant \u00e0 la date de naissance de \u00ab\u00a0Madiba\u00a0\u00bb, en reconnaissance de la contribution de ce leader \u00e0 la lutte pour la d\u00e9mocratie et la promotion de la culture de paix et de libert\u00e9 \u00e0 l&rsquo;\u00e9chelle mondiale. La c\u00e9r\u00e9monie s&rsquo;est d\u00e9roul\u00e9e en pr\u00e9sence de diplomates d&rsquo;ambassades accr\u00e9dit\u00e9es en Alg\u00e9rie, notamment celles d&rsquo;Afrique du Sud, du Nicaragua, de Cuba, de Tanzanie et du Zimbabwe.<\/p>\n","protected":false},"excerpt":{"rendered":"<p>Les participants au Forum de la M\u00e9moire ont affirm\u00e9, mercredi, que la R\u00e9volution alg\u00e9rienne avait inspir\u00e9 l&rsquo;ic\u00f4ne de la lutte et de la lib\u00e9ration, le d\u00e9funt leader Nelson Mandela, rappelant ses positions en faveur du droit du peuple sahraoui \u00e0 l&rsquo;autod\u00e9termination. Lors d&rsquo;une conf\u00e9rence intitul\u00e9e \u00ab\u00a0Le soutien du leader Nelson Mandela aux causes justes: le &hellip;<\/p>\n","protected":false},"author":9,"featured_media":54465,"comment_status":"open","ping_status":"open","sticky":false,"template":"","format":"standard","meta":{"footnotes":""},"categories":[47],"tags":[88,922,4644,4645],"class_list":["post-54463","post","type-post","status-publish","format-standard","has-post-thumbnail","hentry","category-national","tag-algerie","tag-le-peuple-sahraoui","tag-nelson-mandela","tag-quotidien-el-moudjahid"],"yoast_head":"<!-- This site is optimized with the Yoast SEO Premium plugin v22.6 (Yoast SEO v22.6) - https:\/\/yoast.com\/wordpress\/plugins\/seo\/ -->\n<title>Journ\u00e9e internationale Nelson Mandela : l\u2019h\u00e9ritage et les prises de position d\u2019une ic\u00f4ne universelle de la lutte pour la libert\u00e9 - El Mawkie<\/title>\n<meta name=\"robots\" content=\"index, follow, max-snippet:-1, max-image-preview:large, max-video-preview:-1\" \/>\n<link rel=\"canonical\" href=\"https:\/\/elmawkie.dz\/fr\/journee-internationale-nelson-mandela-lheritage-et-les-prises-de-position-dune-icone-universelle-de-la-lutte-pour-la-liberte\/\" \/>\n<meta property=\"og:locale\" content=\"fr_FR\" \/>\n<meta property=\"og:type\" content=\"article\" \/>\n<meta property=\"og:title\" content=\"Journ\u00e9e internationale Nelson Mandela : l\u2019h\u00e9ritage et les prises de position d\u2019une ic\u00f4ne universelle de la lutte pour la libert\u00e9\" \/>\n<meta property=\"og:description\" content=\"Les participants au Forum de la M\u00e9moire ont affirm\u00e9, mercredi, que la R\u00e9volution alg\u00e9rienne avait inspir\u00e9 l&rsquo;ic\u00f4ne de la lutte et de la lib\u00e9ration, le d\u00e9funt leader Nelson Mandela, rappelant ses positions en faveur du droit du peuple sahraoui \u00e0 l&rsquo;autod\u00e9termination. Lors d&rsquo;une conf\u00e9rence intitul\u00e9e \u00ab\u00a0Le soutien du leader Nelson Mandela aux causes justes: le &hellip;\" \/>\n<meta property=\"og:url\" content=\"https:\/\/elmawkie.dz\/fr\/journee-internationale-nelson-mandela-lheritage-et-les-prises-de-position-dune-icone-universelle-de-la-lutte-pour-la-liberte\/\" \/>\n<meta property=\"og:site_name\" content=\"El Mawkie\" \/>\n<meta property=\"article:publisher\" content=\"https:\/\/www.facebook.com\/profile.php?id=100088407094989&amp;locale=fr_FR\" \/>\n<meta property=\"article:published_time\" content=\"2025-07-30T16:41:38+00:00\" \/>\n<meta property=\"article:modified_time\" content=\"2025-07-30T16:41:39+00:00\" \/>\n<meta property=\"og:image\" content=\"https:\/\/elmawkie.dz\/fr\/wp-content\/uploads\/2025\/07\/IMG_1473.jpeg\" \/>\n\t<meta property=\"og:image:width\" content=\"1125\" \/>\n\t<meta property=\"og:image:height\" content=\"966\" \/>\n\t<meta property=\"og:image:type\" content=\"image\/jpeg\" \/>\n<meta name=\"author\" content=\"R\u00e9daction\" \/>\n<meta name=\"twitter:card\" content=\"summary_large_image\" \/>\n<meta name=\"twitter:label1\" content=\"Written by\" \/>\n\t<meta name=\"twitter:data1\" content=\"R\u00e9daction\" \/>\n\t<meta name=\"twitter:label2\" content=\"Est. reading time\" \/>\n\t<meta name=\"twitter:data2\" content=\"3 minutes\" \/>\n<script type=\"application\/ld+json\" class=\"yoast-schema-graph\">{\"@context\":\"https:\/\/schema.org\",\"@graph\":[{\"@type\":\"Article\",\"@id\":\"https:\/\/elmawkie.dz\/fr\/journee-internationale-nelson-mandela-lheritage-et-les-prises-de-position-dune-icone-universelle-de-la-lutte-pour-la-liberte\/#article\",\"isPartOf\":{\"@id\":\"https:\/\/elmawkie.dz\/fr\/journee-internationale-nelson-mandela-lheritage-et-les-prises-de-position-dune-icone-universelle-de-la-lutte-pour-la-liberte\/\"},\"author\":{\"name\":\"R\u00e9daction\",\"@id\":\"https:\/\/elmawkie.dz\/fr\/#\/schema\/person\/e7bd59d6467874ba5c4723d8a9f0a63c\"},\"headline\":\"Journ\u00e9e internationale Nelson Mandela : l\u2019h\u00e9ritage et les prises de position d\u2019une ic\u00f4ne universelle de la lutte pour la libert\u00e9\",\"datePublished\":\"2025-07-30T16:41:38+00:00\",\"dateModified\":\"2025-07-30T16:41:39+00:00\",\"mainEntityOfPage\":{\"@id\":\"https:\/\/elmawkie.dz\/fr\/journee-internationale-nelson-mandela-lheritage-et-les-prises-de-position-dune-icone-universelle-de-la-lutte-pour-la-liberte\/\"},\"wordCount\":561,\"commentCount\":0,\"publisher\":{\"@id\":\"https:\/\/elmawkie.dz\/fr\/#organization\"},\"image\":{\"@id\":\"https:\/\/elmawkie.dz\/fr\/journee-internationale-nelson-mandela-lheritage-et-les-prises-de-position-dune-icone-universelle-de-la-lutte-pour-la-liberte\/#primaryimage\"},\"thumbnailUrl\":\"https:\/\/elmawkie.dz\/fr\/wp-content\/uploads\/2025\/07\/IMG_1473.jpeg\",\"keywords\":[\"Alg\u00e9rie\",\"Le peuple sahraoui\",\"Nelson Mandela\",\"quotidien El Moudjahid\"],\"articleSection\":[\"National\"],\"inLanguage\":\"fr-FR\",\"potentialAction\":[{\"@type\":\"CommentAction\",\"name\":\"Comment\",\"target\":[\"https:\/\/elmawkie.dz\/fr\/journee-internationale-nelson-mandela-lheritage-et-les-prises-de-position-dune-icone-universelle-de-la-lutte-pour-la-liberte\/#respond\"]}]},{\"@type\":\"WebPage\",\"@id\":\"https:\/\/elmawkie.dz\/fr\/journee-internationale-nelson-mandela-lheritage-et-les-prises-de-position-dune-icone-universelle-de-la-lutte-pour-la-liberte\/\",\"url\":\"https:\/\/elmawkie.dz\/fr\/journee-internationale-nelson-mandela-lheritage-et-les-prises-de-position-dune-icone-universelle-de-la-lutte-pour-la-liberte\/\",\"name\":\"Journ\u00e9e internationale Nelson Mandela : l\u2019h\u00e9ritage et les prises de position d\u2019une ic\u00f4ne universelle de la lutte pour la libert\u00e9 - El Mawkie\",\"isPartOf\":{\"@id\":\"https:\/\/elmawkie.dz\/fr\/#website\"},\"primaryImageOfPage\":{\"@id\":\"https:\/\/elmawkie.dz\/fr\/journee-internationale-nelson-mandela-lheritage-et-les-prises-de-position-dune-icone-universelle-de-la-lutte-pour-la-liberte\/#primaryimage\"},\"image\":{\"@id\":\"https:\/\/elmawkie.dz\/fr\/journee-internationale-nelson-mandela-lheritage-et-les-prises-de-position-dune-icone-universelle-de-la-lutte-pour-la-liberte\/#primaryimage\"},\"thumbnailUrl\":\"https:\/\/elmawkie.dz\/fr\/wp-content\/uploads\/2025\/07\/IMG_1473.jpeg\",\"datePublished\":\"2025-07-30T16:41:38+00:00\",\"dateModified\":\"2025-07-30T16:41:39+00:00\",\"breadcrumb\":{\"@id\":\"https:\/\/elmawkie.dz\/fr\/journee-internationale-nelson-mandela-lheritage-et-les-prises-de-position-dune-icone-universelle-de-la-lutte-pour-la-liberte\/#breadcrumb\"},\"inLanguage\":\"fr-FR\",\"potentialAction\":[{\"@type\":\"ReadAction\",\"target\":[\"https:\/\/elmawkie.dz\/fr\/journee-internationale-nelson-mandela-lheritage-et-les-prises-de-position-dune-icone-universelle-de-la-lutte-pour-la-liberte\/\"]}]},{\"@type\":\"ImageObject\",\"inLanguage\":\"fr-FR\",\"@id\":\"https:\/\/elmawkie.dz\/fr\/journee-internationale-nelson-mandela-lheritage-et-les-prises-de-position-dune-icone-universelle-de-la-lutte-pour-la-liberte\/#primaryimage\",\"url\":\"https:\/\/elmawkie.dz\/fr\/wp-content\/uploads\/2025\/07\/IMG_1473.jpeg\",\"contentUrl\":\"https:\/\/elmawkie.dz\/fr\/wp-content\/uploads\/2025\/07\/IMG_1473.jpeg\",\"width\":1125,\"height\":966},{\"@type\":\"BreadcrumbList\",\"@id\":\"https:\/\/elmawkie.dz\/fr\/journee-internationale-nelson-mandela-lheritage-et-les-prises-de-position-dune-icone-universelle-de-la-lutte-pour-la-liberte\/#breadcrumb\",\"itemListElement\":[{\"@type\":\"ListItem\",\"position\":1,\"name\":\"Home\",\"item\":\"https:\/\/elmawkie.dz\/fr\/\"},{\"@type\":\"ListItem\",\"position\":2,\"name\":\"Journ\u00e9e internationale Nelson Mandela : l\u2019h\u00e9ritage et les prises de position d\u2019une ic\u00f4ne universelle de la lutte pour la libert\u00e9\"}]},{\"@type\":\"WebSite\",\"@id\":\"https:\/\/elmawkie.dz\/fr\/#website\",\"url\":\"https:\/\/elmawkie.dz\/fr\/\",\"name\":\"EL MAWKIE\",\"description\":\"Journal \u00c9lectronique Alg\u00e9rien\",\"publisher\":{\"@id\":\"https:\/\/elmawkie.dz\/fr\/#organization\"},\"potentialAction\":[{\"@type\":\"SearchAction\",\"target\":{\"@type\":\"EntryPoint\",\"urlTemplate\":\"https:\/\/elmawkie.dz\/fr\/?s={search_term_string}\"},\"query-input\":\"required name=search_term_string\"}],\"inLanguage\":\"fr-FR\"},{\"@type\":\"Organization\",\"@id\":\"https:\/\/elmawkie.dz\/fr\/#organization\",\"name\":\"EL MAWKIE\",\"url\":\"https:\/\/elmawkie.dz\/fr\/\",\"logo\":{\"@type\":\"ImageObject\",\"inLanguage\":\"fr-FR\",\"@id\":\"https:\/\/elmawkie.dz\/fr\/#\/schema\/logo\/image\/\",\"url\":\"https:\/\/elmawkie.dz\/fr\/wp-content\/uploads\/2024\/05\/logo1.png\",\"contentUrl\":\"https:\/\/elmawkie.dz\/fr\/wp-content\/uploads\/2024\/05\/logo1.png\",\"width\":1648,\"height\":652,\"caption\":\"EL MAWKIE\"},\"image\":{\"@id\":\"https:\/\/elmawkie.dz\/fr\/#\/schema\/logo\/image\/\"},\"sameAs\":[\"https:\/\/www.facebook.com\/profile.php?id=100088407094989&locale=fr_FR\"]},{\"@type\":\"Person\",\"@id\":\"https:\/\/elmawkie.dz\/fr\/#\/schema\/person\/e7bd59d6467874ba5c4723d8a9f0a63c\",\"name\":\"R\u00e9daction\",\"image\":{\"@type\":\"ImageObject\",\"inLanguage\":\"fr-FR\",\"@id\":\"https:\/\/elmawkie.dz\/fr\/#\/schema\/person\/image\/\",\"url\":\"https:\/\/secure.gravatar.com\/avatar\/f0f773456344da4d2788c054a3d30a0c?s=96&d=mm&r=g\",\"contentUrl\":\"https:\/\/secure.gravatar.com\/avatar\/f0f773456344da4d2788c054a3d30a0c?s=96&d=mm&r=g\",\"caption\":\"R\u00e9daction\"},\"url\":\"https:\/\/elmawkie.dz\/fr\/author\/redaction\/\"}]}<\/script>\n<!-- \/ Yoast SEO Premium plugin. -->","yoast_head_json":{"title":"Journ\u00e9e internationale Nelson Mandela : l\u2019h\u00e9ritage et les prises de position d\u2019une ic\u00f4ne universelle de la lutte pour la libert\u00e9 - El Mawkie","robots":{"index":"index","follow":"follow","max-snippet":"max-snippet:-1","max-image-preview":"max-image-preview:large","max-video-preview":"max-video-preview:-1"},"canonical":"https:\/\/elmawkie.dz\/fr\/journee-internationale-nelson-mandela-lheritage-et-les-prises-de-position-dune-icone-universelle-de-la-lutte-pour-la-liberte\/","og_locale":"fr_FR","og_type":"article","og_title":"Journ\u00e9e internationale Nelson Mandela : l\u2019h\u00e9ritage et les prises de position d\u2019une ic\u00f4ne universelle de la lutte pour la libert\u00e9","og_description":"Les participants au Forum de la M\u00e9moire ont affirm\u00e9, mercredi, que la R\u00e9volution alg\u00e9rienne avait inspir\u00e9 l&rsquo;ic\u00f4ne de la lutte et de la lib\u00e9ration, le d\u00e9funt leader Nelson Mandela, rappelant ses positions en faveur du droit du peuple sahraoui \u00e0 l&rsquo;autod\u00e9termination. Lors d&rsquo;une conf\u00e9rence intitul\u00e9e \u00ab\u00a0Le soutien du leader Nelson Mandela aux causes justes: le &hellip;","og_url":"https:\/\/elmawkie.dz\/fr\/journee-internationale-nelson-mandela-lheritage-et-les-prises-de-position-dune-icone-universelle-de-la-lutte-pour-la-liberte\/","og_site_name":"El Mawkie","article_publisher":"https:\/\/www.facebook.com\/profile.php?id=100088407094989&locale=fr_FR","article_published_time":"2025-07-30T16:41:38+00:00","article_modified_time":"2025-07-30T16:41:39+00:00","og_image":[{"width":1125,"height":966,"url":"https:\/\/elmawkie.dz\/fr\/wp-content\/uploads\/2025\/07\/IMG_1473.jpeg","type":"image\/jpeg"}],"author":"R\u00e9daction","twitter_card":"summary_large_image","twitter_misc":{"Written by":"R\u00e9daction","Est. reading time":"3 minutes"},"schema":{"@context":"https:\/\/schema.org","@graph":[{"@type":"Article","@id":"https:\/\/elmawkie.dz\/fr\/journee-internationale-nelson-mandela-lheritage-et-les-prises-de-position-dune-icone-universelle-de-la-lutte-pour-la-liberte\/#article","isPartOf":{"@id":"https:\/\/elmawkie.dz\/fr\/journee-internationale-nelson-mandela-lheritage-et-les-prises-de-position-dune-icone-universelle-de-la-lutte-pour-la-liberte\/"},"author":{"name":"R\u00e9daction","@id":"https:\/\/elmawkie.dz\/fr\/#\/schema\/person\/e7bd59d6467874ba5c4723d8a9f0a63c"},"headline":"Journ\u00e9e internationale Nelson Mandela : l\u2019h\u00e9ritage et les prises de position d\u2019une ic\u00f4ne universelle de la lutte pour la libert\u00e9","datePublished":"2025-07-30T16:41:38+00:00","dateModified":"2025-07-30T16:41:39+00:00","mainEntityOfPage":{"@id":"https:\/\/elmawkie.dz\/fr\/journee-internationale-nelson-mandela-lheritage-et-les-prises-de-position-dune-icone-universelle-de-la-lutte-pour-la-liberte\/"},"wordCount":561,"commentCount":0,"publisher":{"@id":"https:\/\/elmawkie.dz\/fr\/#organization"},"image":{"@id":"https:\/\/elmawkie.dz\/fr\/journee-internationale-nelson-mandela-lheritage-et-les-prises-de-position-dune-icone-universelle-de-la-lutte-pour-la-liberte\/#primaryimage"},"thumbnailUrl":"https:\/\/elmawkie.dz\/fr\/wp-content\/uploads\/2025\/07\/IMG_1473.jpeg","keywords":["Alg\u00e9rie","Le peuple sahraoui","Nelson Mandela","quotidien El Moudjahid"],"articleSection":["National"],"inLanguage":"fr-FR","potentialAction":[{"@type":"CommentAction","name":"Comment","target":["https:\/\/elmawkie.dz\/fr\/journee-internationale-nelson-mandela-lheritage-et-les-prises-de-position-dune-icone-universelle-de-la-lutte-pour-la-liberte\/#respond"]}]},{"@type":"WebPage","@id":"https:\/\/elmawkie.dz\/fr\/journee-internationale-nelson-mandela-lheritage-et-les-prises-de-position-dune-icone-universelle-de-la-lutte-pour-la-liberte\/","url":"https:\/\/elmawkie.dz\/fr\/journee-internationale-nelson-mandela-lheritage-et-les-prises-de-position-dune-icone-universelle-de-la-lutte-pour-la-liberte\/","name":"Journ\u00e9e internationale Nelson Mandela : l\u2019h\u00e9ritage et les prises de position d\u2019une ic\u00f4ne universelle de la lutte pour la libert\u00e9 - El Mawkie","isPartOf":{"@id":"https:\/\/elmawkie.dz\/fr\/#website"},"primaryImageOfPage":{"@id":"https:\/\/elmawkie.dz\/fr\/journee-internationale-nelson-mandela-lheritage-et-les-prises-de-position-dune-icone-universelle-de-la-lutte-pour-la-liberte\/#primaryimage"},"image":{"@id":"https:\/\/elmawkie.dz\/fr\/journee-internationale-nelson-mandela-lheritage-et-les-prises-de-position-dune-icone-universelle-de-la-lutte-pour-la-liberte\/#primaryimage"},"thumbnailUrl":"https:\/\/elmawkie.dz\/fr\/wp-content\/uploads\/2025\/07\/IMG_1473.jpeg","datePublished":"2025-07-30T16:41:38+00:00","dateModified":"2025-07-30T16:41:39+00:00","breadcrumb":{"@id":"https:\/\/elmawkie.dz\/fr\/journee-internationale-nelson-mandela-lheritage-et-les-prises-de-position-dune-icone-universelle-de-la-lutte-pour-la-liberte\/#breadcrumb"},"inLanguage":"fr-FR","potentialAction":[{"@type":"ReadAction","target":["https:\/\/elmawkie.dz\/fr\/journee-internationale-nelson-mandela-lheritage-et-les-prises-de-position-dune-icone-universelle-de-la-lutte-pour-la-liberte\/"]}]},{"@type":"ImageObject","inLanguage":"fr-FR","@id":"https:\/\/elmawkie.dz\/fr\/journee-internationale-nelson-mandela-lheritage-et-les-prises-de-position-dune-icone-universelle-de-la-lutte-pour-la-liberte\/#primaryimage","url":"https:\/\/elmawkie.dz\/fr\/wp-content\/uploads\/2025\/07\/IMG_1473.jpeg","contentUrl":"https:\/\/elmawkie.dz\/fr\/wp-content\/uploads\/2025\/07\/IMG_1473.jpeg","width":1125,"height":966},{"@type":"BreadcrumbList","@id":"https:\/\/elmawkie.dz\/fr\/journee-internationale-nelson-mandela-lheritage-et-les-prises-de-position-dune-icone-universelle-de-la-lutte-pour-la-liberte\/#breadcrumb","itemListElement":[{"@type":"ListItem","position":1,"name":"Home","item":"https:\/\/elmawkie.dz\/fr\/"},{"@type":"ListItem","position":2,"name":"Journ\u00e9e internationale Nelson Mandela : l\u2019h\u00e9ritage et les prises de position d\u2019une ic\u00f4ne universelle de la lutte pour la libert\u00e9"}]},{"@type":"WebSite","@id":"https:\/\/elmawkie.dz\/fr\/#website","url":"https:\/\/elmawkie.dz\/fr\/","name":"EL MAWKIE","description":"Journal \u00c9lectronique Alg\u00e9rien","publisher":{"@id":"https:\/\/elmawkie.dz\/fr\/#organization"},"potentialAction":[{"@type":"SearchAction","target":{"@type":"EntryPoint","urlTemplate":"https:\/\/elmawkie.dz\/fr\/?s={search_term_string}"},"query-input":"required name=search_term_string"}],"inLanguage":"fr-FR"},{"@type":"Organization","@id":"https:\/\/elmawkie.dz\/fr\/#organization","name":"EL MAWKIE","url":"https:\/\/elmawkie.dz\/fr\/","logo":{"@type":"ImageObject","inLanguage":"fr-FR","@id":"https:\/\/elmawkie.dz\/fr\/#\/schema\/logo\/image\/","url":"https:\/\/elmawkie.dz\/fr\/wp-content\/uploads\/2024\/05\/logo1.png","contentUrl":"https:\/\/elmawkie.dz\/fr\/wp-content\/uploads\/2024\/05\/logo1.png","width":1648,"height":652,"caption":"EL MAWKIE"},"image":{"@id":"https:\/\/elmawkie.dz\/fr\/#\/schema\/logo\/image\/"},"sameAs":["https:\/\/www.facebook.com\/profile.php?id=100088407094989&locale=fr_FR"]},{"@type":"Person","@id":"https:\/\/elmawkie.dz\/fr\/#\/schema\/person\/e7bd59d6467874ba5c4723d8a9f0a63c","name":"R\u00e9daction","image":{"@type":"ImageObject","inLanguage":"fr-FR","@id":"https:\/\/elmawkie.dz\/fr\/#\/schema\/person\/image\/","url":"https:\/\/secure.gravatar.com\/avatar\/f0f773456344da4d2788c054a3d30a0c?s=96&d=mm&r=g","contentUrl":"https:\/\/secure.gravatar.com\/avatar\/f0f773456344da4d2788c054a3d30a0c?s=96&d=mm&r=g","caption":"R\u00e9daction"},"url":"https:\/\/elmawkie.dz\/fr\/author\/redaction\/"}]}},"_links":{"self":[{"href":"https:\/\/elmawkie.dz\/fr\/wp-json\/wp\/v2\/posts\/54463","targetHints":{"allow":["GET"]}}],"collection":[{"href":"https:\/\/elmawkie.dz\/fr\/wp-json\/wp\/v2\/posts"}],"about":[{"href":"https:\/\/elmawkie.dz\/fr\/wp-json\/wp\/v2\/types\/post"}],"author":[{"embeddable":true,"href":"https:\/\/elmawkie.dz\/fr\/wp-json\/wp\/v2\/users\/9"}],"replies":[{"embeddable":true,"href":"https:\/\/elmawkie.dz\/fr\/wp-json\/wp\/v2\/comments?post=54463"}],"version-history":[{"count":1,"href":"https:\/\/elmawkie.dz\/fr\/wp-json\/wp\/v2\/posts\/54463\/revisions"}],"predecessor-version":[{"id":54466,"href":"https:\/\/elmawkie.dz\/fr\/wp-json\/wp\/v2\/posts\/54463\/revisions\/54466"}],"wp:featuredmedia":[{"embeddable":true,"href":"https:\/\/elmawkie.dz\/fr\/wp-json\/wp\/v2\/media\/54465"}],"wp:attachment":[{"href":"https:\/\/elmawkie.dz\/fr\/wp-json\/wp\/v2\/media?parent=54463"}],"wp:term":[{"taxonomy":"category","embeddable":true,"href":"https:\/\/elmawkie.dz\/fr\/wp-json\/wp\/v2\/categories?post=54463"},{"taxonomy":"post_tag","embeddable":true,"href":"https:\/\/elmawkie.dz\/fr\/wp-json\/wp\/v2\/tags?post=54463"}],"curies":[{"name":"wp","href":"https:\/\/api.w.org\/{rel}","templated":true}]}}