{"id":5418,"date":"2024-10-04T12:58:03","date_gmt":"2024-10-04T11:58:03","guid":{"rendered":"https:\/\/elmawkie.dz\/fr\/?p=5418"},"modified":"2024-10-04T12:58:03","modified_gmt":"2024-10-04T11:58:03","slug":"le-conseil-de-securite-soutient-pleinement-le-chef-de-lonu","status":"publish","type":"post","link":"https:\/\/elmawkie.dz\/fr\/le-conseil-de-securite-soutient-pleinement-le-chef-de-lonu\/","title":{"rendered":"Le Conseil de s\u00e9curit\u00e9 soutient \u00ab\u00a0pleinement\u00a0\u00bb le chef de l&rsquo;ONU"},"content":{"rendered":"<p><em>Le Conseil de s\u00e9curit\u00e9 de l&rsquo;ONU a apport\u00e9 jeudi soir son \u00ab\u00a0plein\u00a0\u00bb soutien au secr\u00e9taire g\u00e9n\u00e9ral des Nations unies Antonio Guterres que l&rsquo;entit\u00e9 sioniste avait d\u00e9clar\u00e9 la veille \u00ab\u00a0persona non grata\u00a0\u00bb pour ne pas avoir imm\u00e9diatement condamn\u00e9 la riposte de l&rsquo;Iran mardi \u00e0 l&rsquo;agression sioniste contre le Liban. Sans jamais citer l&rsquo;entit\u00e9 sioniste, les cinq membres permanents du Conseil et les dix autres non permanents ont \u00ab\u00a0soulign\u00e9 la n\u00e9cessit\u00e9 pour tous les Etats membres (de l&rsquo;ONU) d&rsquo;avoir une relation productive et qui fonctionne avec le secr\u00e9taire g\u00e9n\u00e9ral et de s&rsquo;abstenir de toute action qui sape son travail et celui de ses services\u00a0\u00bb. Et \u00ab\u00a0toute d\u00e9cision qui n&rsquo;implique pas le secr\u00e9taire g\u00e9n\u00e9ral de l&rsquo;ONU ou les Nations unies est contreproductive, en particulier dans le contexte d&rsquo;une escalade des tensions au Moyen-Orient\u00a0\u00bb, ont mis en garde les 15 pays, dont les Etats-Unis, la Chine, la Russie, le Royaume-Uni et la France, dans une d\u00e9claration \u00e9crite du Conseil pr\u00e9sid\u00e9 en octobre par la Suisse. Le chef de la diplomatie europ\u00e9enne Josep Borrell a, lui aussi, appel\u00e9 \u00e0 \u00ab\u00a0rejeter les attaques\u00a0\u00bb contre M. Guterres.<\/em><\/p>\n","protected":false},"excerpt":{"rendered":"<p>Le Conseil de s\u00e9curit\u00e9 de l&rsquo;ONU a apport\u00e9 jeudi soir son \u00ab\u00a0plein\u00a0\u00bb soutien au secr\u00e9taire g\u00e9n\u00e9ral des Nations unies Antonio Guterres que l&rsquo;entit\u00e9 sioniste avait d\u00e9clar\u00e9 la veille \u00ab\u00a0persona non grata\u00a0\u00bb pour ne pas avoir imm\u00e9diatement condamn\u00e9 la riposte de l&rsquo;Iran mardi \u00e0 l&rsquo;agression sioniste contre le Liban. Sans jamais citer l&rsquo;entit\u00e9 sioniste, les cinq &hellip;<\/p>\n","protected":false},"author":9,"featured_media":5419,"comment_status":"open","ping_status":"open","sticky":false,"template":"","format":"standard","meta":{"footnotes":""},"categories":[44],"tags":[697,817,838],"class_list":["post-5418","post","type-post","status-publish","format-standard","has-post-thumbnail","hentry","category-international","tag-antonio-guterres","tag-le-chef-de-lonu","tag-le-conseil-de-securite"],"yoast_head":"<!-- This site is optimized with the Yoast SEO Premium plugin v22.6 (Yoast SEO v22.6) - https:\/\/yoast.com\/wordpress\/plugins\/seo\/ -->\n<title>Le Conseil de s\u00e9curit\u00e9 soutient &quot;pleinement&quot; le chef de l&#039;ONU - El Mawkie<\/title>\n<meta name=\"robots\" content=\"index, follow, max-snippet:-1, max-image-preview:large, max-video-preview:-1\" \/>\n<link rel=\"canonical\" href=\"https:\/\/elmawkie.dz\/fr\/le-conseil-de-securite-soutient-pleinement-le-chef-de-lonu\/\" \/>\n<meta property=\"og:locale\" content=\"fr_FR\" \/>\n<meta property=\"og:type\" content=\"article\" \/>\n<meta property=\"og:title\" content=\"Le Conseil de s\u00e9curit\u00e9 soutient &quot;pleinement&quot; le chef de l&#039;ONU\" \/>\n<meta property=\"og:description\" content=\"Le Conseil de s\u00e9curit\u00e9 de l&rsquo;ONU a apport\u00e9 jeudi soir son \u00ab\u00a0plein\u00a0\u00bb soutien au secr\u00e9taire g\u00e9n\u00e9ral des Nations unies Antonio Guterres que l&rsquo;entit\u00e9 sioniste avait d\u00e9clar\u00e9 la veille \u00ab\u00a0persona non grata\u00a0\u00bb pour ne pas avoir imm\u00e9diatement condamn\u00e9 la riposte de l&rsquo;Iran mardi \u00e0 l&rsquo;agression sioniste contre le Liban. Sans jamais citer l&rsquo;entit\u00e9 sioniste, les cinq &hellip;\" \/>\n<meta property=\"og:url\" content=\"https:\/\/elmawkie.dz\/fr\/le-conseil-de-securite-soutient-pleinement-le-chef-de-lonu\/\" \/>\n<meta property=\"og:site_name\" content=\"El Mawkie\" \/>\n<meta property=\"article:publisher\" content=\"https:\/\/www.facebook.com\/profile.php?id=100088407094989&amp;locale=fr_FR\" \/>\n<meta property=\"article:published_time\" content=\"2024-10-04T11:58:03+00:00\" \/>\n<meta property=\"og:image\" content=\"https:\/\/elmawkie.dz\/fr\/wp-content\/uploads\/2024\/10\/IMG_2772.jpeg\" \/>\n\t<meta property=\"og:image:width\" content=\"263\" \/>\n\t<meta property=\"og:image:height\" content=\"192\" \/>\n\t<meta property=\"og:image:type\" content=\"image\/jpeg\" \/>\n<meta name=\"author\" content=\"R\u00e9daction\" \/>\n<meta name=\"twitter:card\" content=\"summary_large_image\" \/>\n<meta name=\"twitter:label1\" content=\"Written by\" \/>\n\t<meta name=\"twitter:data1\" content=\"R\u00e9daction\" \/>\n\t<meta name=\"twitter:label2\" content=\"Est. reading time\" \/>\n\t<meta name=\"twitter:data2\" content=\"1 minute\" \/>\n<script type=\"application\/ld+json\" class=\"yoast-schema-graph\">{\"@context\":\"https:\/\/schema.org\",\"@graph\":[{\"@type\":\"Article\",\"@id\":\"https:\/\/elmawkie.dz\/fr\/le-conseil-de-securite-soutient-pleinement-le-chef-de-lonu\/#article\",\"isPartOf\":{\"@id\":\"https:\/\/elmawkie.dz\/fr\/le-conseil-de-securite-soutient-pleinement-le-chef-de-lonu\/\"},\"author\":{\"name\":\"R\u00e9daction\",\"@id\":\"https:\/\/elmawkie.dz\/fr\/#\/schema\/person\/e7bd59d6467874ba5c4723d8a9f0a63c\"},\"headline\":\"Le Conseil de s\u00e9curit\u00e9 soutient \u00ab\u00a0pleinement\u00a0\u00bb le chef de l&rsquo;ONU\",\"datePublished\":\"2024-10-04T11:58:03+00:00\",\"dateModified\":\"2024-10-04T11:58:03+00:00\",\"mainEntityOfPage\":{\"@id\":\"https:\/\/elmawkie.dz\/fr\/le-conseil-de-securite-soutient-pleinement-le-chef-de-lonu\/\"},\"wordCount\":217,\"commentCount\":0,\"publisher\":{\"@id\":\"https:\/\/elmawkie.dz\/fr\/#organization\"},\"image\":{\"@id\":\"https:\/\/elmawkie.dz\/fr\/le-conseil-de-securite-soutient-pleinement-le-chef-de-lonu\/#primaryimage\"},\"thumbnailUrl\":\"https:\/\/elmawkie.dz\/fr\/wp-content\/uploads\/2024\/10\/IMG_2772.jpeg\",\"keywords\":[\"Antonio Guterres\",\"le chef de l\u2019ONU\",\"Le Conseil de s\u00e9curit\u00e9\"],\"articleSection\":[\"International\"],\"inLanguage\":\"fr-FR\",\"potentialAction\":[{\"@type\":\"CommentAction\",\"name\":\"Comment\",\"target\":[\"https:\/\/elmawkie.dz\/fr\/le-conseil-de-securite-soutient-pleinement-le-chef-de-lonu\/#respond\"]}]},{\"@type\":\"WebPage\",\"@id\":\"https:\/\/elmawkie.dz\/fr\/le-conseil-de-securite-soutient-pleinement-le-chef-de-lonu\/\",\"url\":\"https:\/\/elmawkie.dz\/fr\/le-conseil-de-securite-soutient-pleinement-le-chef-de-lonu\/\",\"name\":\"Le Conseil de s\u00e9curit\u00e9 soutient \\\"pleinement\\\" le chef de l'ONU - El Mawkie\",\"isPartOf\":{\"@id\":\"https:\/\/elmawkie.dz\/fr\/#website\"},\"primaryImageOfPage\":{\"@id\":\"https:\/\/elmawkie.dz\/fr\/le-conseil-de-securite-soutient-pleinement-le-chef-de-lonu\/#primaryimage\"},\"image\":{\"@id\":\"https:\/\/elmawkie.dz\/fr\/le-conseil-de-securite-soutient-pleinement-le-chef-de-lonu\/#primaryimage\"},\"thumbnailUrl\":\"https:\/\/elmawkie.dz\/fr\/wp-content\/uploads\/2024\/10\/IMG_2772.jpeg\",\"datePublished\":\"2024-10-04T11:58:03+00:00\",\"dateModified\":\"2024-10-04T11:58:03+00:00\",\"breadcrumb\":{\"@id\":\"https:\/\/elmawkie.dz\/fr\/le-conseil-de-securite-soutient-pleinement-le-chef-de-lonu\/#breadcrumb\"},\"inLanguage\":\"fr-FR\",\"potentialAction\":[{\"@type\":\"ReadAction\",\"target\":[\"https:\/\/elmawkie.dz\/fr\/le-conseil-de-securite-soutient-pleinement-le-chef-de-lonu\/\"]}]},{\"@type\":\"ImageObject\",\"inLanguage\":\"fr-FR\",\"@id\":\"https:\/\/elmawkie.dz\/fr\/le-conseil-de-securite-soutient-pleinement-le-chef-de-lonu\/#primaryimage\",\"url\":\"https:\/\/elmawkie.dz\/fr\/wp-content\/uploads\/2024\/10\/IMG_2772.jpeg\",\"contentUrl\":\"https:\/\/elmawkie.dz\/fr\/wp-content\/uploads\/2024\/10\/IMG_2772.jpeg\",\"width\":263,\"height\":192},{\"@type\":\"BreadcrumbList\",\"@id\":\"https:\/\/elmawkie.dz\/fr\/le-conseil-de-securite-soutient-pleinement-le-chef-de-lonu\/#breadcrumb\",\"itemListElement\":[{\"@type\":\"ListItem\",\"position\":1,\"name\":\"Home\",\"item\":\"https:\/\/elmawkie.dz\/fr\/\"},{\"@type\":\"ListItem\",\"position\":2,\"name\":\"Le Conseil de s\u00e9curit\u00e9 soutient \u00ab\u00a0pleinement\u00a0\u00bb le chef de l&rsquo;ONU\"}]},{\"@type\":\"WebSite\",\"@id\":\"https:\/\/elmawkie.dz\/fr\/#website\",\"url\":\"https:\/\/elmawkie.dz\/fr\/\",\"name\":\"EL MAWKIE\",\"description\":\"Journal \u00c9lectronique Alg\u00e9rien\",\"publisher\":{\"@id\":\"https:\/\/elmawkie.dz\/fr\/#organization\"},\"potentialAction\":[{\"@type\":\"SearchAction\",\"target\":{\"@type\":\"EntryPoint\",\"urlTemplate\":\"https:\/\/elmawkie.dz\/fr\/?s={search_term_string}\"},\"query-input\":\"required name=search_term_string\"}],\"inLanguage\":\"fr-FR\"},{\"@type\":\"Organization\",\"@id\":\"https:\/\/elmawkie.dz\/fr\/#organization\",\"name\":\"EL MAWKIE\",\"url\":\"https:\/\/elmawkie.dz\/fr\/\",\"logo\":{\"@type\":\"ImageObject\",\"inLanguage\":\"fr-FR\",\"@id\":\"https:\/\/elmawkie.dz\/fr\/#\/schema\/logo\/image\/\",\"url\":\"https:\/\/elmawkie.dz\/fr\/wp-content\/uploads\/2024\/05\/logo1.png\",\"contentUrl\":\"https:\/\/elmawkie.dz\/fr\/wp-content\/uploads\/2024\/05\/logo1.png\",\"width\":1648,\"height\":652,\"caption\":\"EL MAWKIE\"},\"image\":{\"@id\":\"https:\/\/elmawkie.dz\/fr\/#\/schema\/logo\/image\/\"},\"sameAs\":[\"https:\/\/www.facebook.com\/profile.php?id=100088407094989&locale=fr_FR\"]},{\"@type\":\"Person\",\"@id\":\"https:\/\/elmawkie.dz\/fr\/#\/schema\/person\/e7bd59d6467874ba5c4723d8a9f0a63c\",\"name\":\"R\u00e9daction\",\"image\":{\"@type\":\"ImageObject\",\"inLanguage\":\"fr-FR\",\"@id\":\"https:\/\/elmawkie.dz\/fr\/#\/schema\/person\/image\/\",\"url\":\"https:\/\/secure.gravatar.com\/avatar\/f0f773456344da4d2788c054a3d30a0c?s=96&d=mm&r=g\",\"contentUrl\":\"https:\/\/secure.gravatar.com\/avatar\/f0f773456344da4d2788c054a3d30a0c?s=96&d=mm&r=g\",\"caption\":\"R\u00e9daction\"},\"url\":\"https:\/\/elmawkie.dz\/fr\/author\/redaction\/\"}]}<\/script>\n<!-- \/ Yoast SEO Premium plugin. -->","yoast_head_json":{"title":"Le Conseil de s\u00e9curit\u00e9 soutient \"pleinement\" le chef de l'ONU - El Mawkie","robots":{"index":"index","follow":"follow","max-snippet":"max-snippet:-1","max-image-preview":"max-image-preview:large","max-video-preview":"max-video-preview:-1"},"canonical":"https:\/\/elmawkie.dz\/fr\/le-conseil-de-securite-soutient-pleinement-le-chef-de-lonu\/","og_locale":"fr_FR","og_type":"article","og_title":"Le Conseil de s\u00e9curit\u00e9 soutient \"pleinement\" le chef de l'ONU","og_description":"Le Conseil de s\u00e9curit\u00e9 de l&rsquo;ONU a apport\u00e9 jeudi soir son \u00ab\u00a0plein\u00a0\u00bb soutien au secr\u00e9taire g\u00e9n\u00e9ral des Nations unies Antonio Guterres que l&rsquo;entit\u00e9 sioniste avait d\u00e9clar\u00e9 la veille \u00ab\u00a0persona non grata\u00a0\u00bb pour ne pas avoir imm\u00e9diatement condamn\u00e9 la riposte de l&rsquo;Iran mardi \u00e0 l&rsquo;agression sioniste contre le Liban. Sans jamais citer l&rsquo;entit\u00e9 sioniste, les cinq &hellip;","og_url":"https:\/\/elmawkie.dz\/fr\/le-conseil-de-securite-soutient-pleinement-le-chef-de-lonu\/","og_site_name":"El Mawkie","article_publisher":"https:\/\/www.facebook.com\/profile.php?id=100088407094989&locale=fr_FR","article_published_time":"2024-10-04T11:58:03+00:00","og_image":[{"width":263,"height":192,"url":"https:\/\/elmawkie.dz\/fr\/wp-content\/uploads\/2024\/10\/IMG_2772.jpeg","type":"image\/jpeg"}],"author":"R\u00e9daction","twitter_card":"summary_large_image","twitter_misc":{"Written by":"R\u00e9daction","Est. reading time":"1 minute"},"schema":{"@context":"https:\/\/schema.org","@graph":[{"@type":"Article","@id":"https:\/\/elmawkie.dz\/fr\/le-conseil-de-securite-soutient-pleinement-le-chef-de-lonu\/#article","isPartOf":{"@id":"https:\/\/elmawkie.dz\/fr\/le-conseil-de-securite-soutient-pleinement-le-chef-de-lonu\/"},"author":{"name":"R\u00e9daction","@id":"https:\/\/elmawkie.dz\/fr\/#\/schema\/person\/e7bd59d6467874ba5c4723d8a9f0a63c"},"headline":"Le Conseil de s\u00e9curit\u00e9 soutient \u00ab\u00a0pleinement\u00a0\u00bb le chef de l&rsquo;ONU","datePublished":"2024-10-04T11:58:03+00:00","dateModified":"2024-10-04T11:58:03+00:00","mainEntityOfPage":{"@id":"https:\/\/elmawkie.dz\/fr\/le-conseil-de-securite-soutient-pleinement-le-chef-de-lonu\/"},"wordCount":217,"commentCount":0,"publisher":{"@id":"https:\/\/elmawkie.dz\/fr\/#organization"},"image":{"@id":"https:\/\/elmawkie.dz\/fr\/le-conseil-de-securite-soutient-pleinement-le-chef-de-lonu\/#primaryimage"},"thumbnailUrl":"https:\/\/elmawkie.dz\/fr\/wp-content\/uploads\/2024\/10\/IMG_2772.jpeg","keywords":["Antonio Guterres","le chef de l\u2019ONU","Le Conseil de s\u00e9curit\u00e9"],"articleSection":["International"],"inLanguage":"fr-FR","potentialAction":[{"@type":"CommentAction","name":"Comment","target":["https:\/\/elmawkie.dz\/fr\/le-conseil-de-securite-soutient-pleinement-le-chef-de-lonu\/#respond"]}]},{"@type":"WebPage","@id":"https:\/\/elmawkie.dz\/fr\/le-conseil-de-securite-soutient-pleinement-le-chef-de-lonu\/","url":"https:\/\/elmawkie.dz\/fr\/le-conseil-de-securite-soutient-pleinement-le-chef-de-lonu\/","name":"Le Conseil de s\u00e9curit\u00e9 soutient \"pleinement\" le chef de l'ONU - El Mawkie","isPartOf":{"@id":"https:\/\/elmawkie.dz\/fr\/#website"},"primaryImageOfPage":{"@id":"https:\/\/elmawkie.dz\/fr\/le-conseil-de-securite-soutient-pleinement-le-chef-de-lonu\/#primaryimage"},"image":{"@id":"https:\/\/elmawkie.dz\/fr\/le-conseil-de-securite-soutient-pleinement-le-chef-de-lonu\/#primaryimage"},"thumbnailUrl":"https:\/\/elmawkie.dz\/fr\/wp-content\/uploads\/2024\/10\/IMG_2772.jpeg","datePublished":"2024-10-04T11:58:03+00:00","dateModified":"2024-10-04T11:58:03+00:00","breadcrumb":{"@id":"https:\/\/elmawkie.dz\/fr\/le-conseil-de-securite-soutient-pleinement-le-chef-de-lonu\/#breadcrumb"},"inLanguage":"fr-FR","potentialAction":[{"@type":"ReadAction","target":["https:\/\/elmawkie.dz\/fr\/le-conseil-de-securite-soutient-pleinement-le-chef-de-lonu\/"]}]},{"@type":"ImageObject","inLanguage":"fr-FR","@id":"https:\/\/elmawkie.dz\/fr\/le-conseil-de-securite-soutient-pleinement-le-chef-de-lonu\/#primaryimage","url":"https:\/\/elmawkie.dz\/fr\/wp-content\/uploads\/2024\/10\/IMG_2772.jpeg","contentUrl":"https:\/\/elmawkie.dz\/fr\/wp-content\/uploads\/2024\/10\/IMG_2772.jpeg","width":263,"height":192},{"@type":"BreadcrumbList","@id":"https:\/\/elmawkie.dz\/fr\/le-conseil-de-securite-soutient-pleinement-le-chef-de-lonu\/#breadcrumb","itemListElement":[{"@type":"ListItem","position":1,"name":"Home","item":"https:\/\/elmawkie.dz\/fr\/"},{"@type":"ListItem","position":2,"name":"Le Conseil de s\u00e9curit\u00e9 soutient \u00ab\u00a0pleinement\u00a0\u00bb le chef de l&rsquo;ONU"}]},{"@type":"WebSite","@id":"https:\/\/elmawkie.dz\/fr\/#website","url":"https:\/\/elmawkie.dz\/fr\/","name":"EL MAWKIE","description":"Journal \u00c9lectronique Alg\u00e9rien","publisher":{"@id":"https:\/\/elmawkie.dz\/fr\/#organization"},"potentialAction":[{"@type":"SearchAction","target":{"@type":"EntryPoint","urlTemplate":"https:\/\/elmawkie.dz\/fr\/?s={search_term_string}"},"query-input":"required name=search_term_string"}],"inLanguage":"fr-FR"},{"@type":"Organization","@id":"https:\/\/elmawkie.dz\/fr\/#organization","name":"EL MAWKIE","url":"https:\/\/elmawkie.dz\/fr\/","logo":{"@type":"ImageObject","inLanguage":"fr-FR","@id":"https:\/\/elmawkie.dz\/fr\/#\/schema\/logo\/image\/","url":"https:\/\/elmawkie.dz\/fr\/wp-content\/uploads\/2024\/05\/logo1.png","contentUrl":"https:\/\/elmawkie.dz\/fr\/wp-content\/uploads\/2024\/05\/logo1.png","width":1648,"height":652,"caption":"EL MAWKIE"},"image":{"@id":"https:\/\/elmawkie.dz\/fr\/#\/schema\/logo\/image\/"},"sameAs":["https:\/\/www.facebook.com\/profile.php?id=100088407094989&locale=fr_FR"]},{"@type":"Person","@id":"https:\/\/elmawkie.dz\/fr\/#\/schema\/person\/e7bd59d6467874ba5c4723d8a9f0a63c","name":"R\u00e9daction","image":{"@type":"ImageObject","inLanguage":"fr-FR","@id":"https:\/\/elmawkie.dz\/fr\/#\/schema\/person\/image\/","url":"https:\/\/secure.gravatar.com\/avatar\/f0f773456344da4d2788c054a3d30a0c?s=96&d=mm&r=g","contentUrl":"https:\/\/secure.gravatar.com\/avatar\/f0f773456344da4d2788c054a3d30a0c?s=96&d=mm&r=g","caption":"R\u00e9daction"},"url":"https:\/\/elmawkie.dz\/fr\/author\/redaction\/"}]}},"_links":{"self":[{"href":"https:\/\/elmawkie.dz\/fr\/wp-json\/wp\/v2\/posts\/5418","targetHints":{"allow":["GET"]}}],"collection":[{"href":"https:\/\/elmawkie.dz\/fr\/wp-json\/wp\/v2\/posts"}],"about":[{"href":"https:\/\/elmawkie.dz\/fr\/wp-json\/wp\/v2\/types\/post"}],"author":[{"embeddable":true,"href":"https:\/\/elmawkie.dz\/fr\/wp-json\/wp\/v2\/users\/9"}],"replies":[{"embeddable":true,"href":"https:\/\/elmawkie.dz\/fr\/wp-json\/wp\/v2\/comments?post=5418"}],"version-history":[{"count":0,"href":"https:\/\/elmawkie.dz\/fr\/wp-json\/wp\/v2\/posts\/5418\/revisions"}],"wp:featuredmedia":[{"embeddable":true,"href":"https:\/\/elmawkie.dz\/fr\/wp-json\/wp\/v2\/media\/5419"}],"wp:attachment":[{"href":"https:\/\/elmawkie.dz\/fr\/wp-json\/wp\/v2\/media?parent=5418"}],"wp:term":[{"taxonomy":"category","embeddable":true,"href":"https:\/\/elmawkie.dz\/fr\/wp-json\/wp\/v2\/categories?post=5418"},{"taxonomy":"post_tag","embeddable":true,"href":"https:\/\/elmawkie.dz\/fr\/wp-json\/wp\/v2\/tags?post=5418"}],"curies":[{"name":"wp","href":"https:\/\/api.w.org\/{rel}","templated":true}]}}