{"id":54064,"date":"2025-07-21T15:25:05","date_gmt":"2025-07-21T14:25:05","guid":{"rendered":"https:\/\/elmawkie.dz\/fr\/?p=54064"},"modified":"2025-07-21T15:25:06","modified_gmt":"2025-07-21T14:25:06","slug":"affaires-religieuses-les-ecoles-coraniques-mobilisees-pour-sensibiliser-les-jeunes-aux-dangers-de-la-drogue","status":"publish","type":"post","link":"https:\/\/elmawkie.dz\/fr\/affaires-religieuses-les-ecoles-coraniques-mobilisees-pour-sensibiliser-les-jeunes-aux-dangers-de-la-drogue\/","title":{"rendered":"Affaires religieuses : les \u00e9coles coraniques mobilis\u00e9es pour sensibiliser les jeunes aux dangers de la drogue"},"content":{"rendered":"\n<p>Le ministre des Affaires religieuses et des Wakfs, M. Youcef Belmehdi, a pr\u00e9sid\u00e9, lundi \u00e0 Alger, l&rsquo;ouverture d&rsquo;une journ\u00e9e d&rsquo;\u00e9tude intitul\u00e9e \u00ab\u00a0Le r\u00f4le des \u00e9coles coraniques dans la sensibilisation des jeunes et la pr\u00e9vention contre la drogue\u00a0\u00bb, en pr\u00e9sence de plusieurs sp\u00e9cialistes et cadres du secteur. S&rsquo;exprimant \u00e0 cette occasion, M. Belmehdi a pr\u00e9cis\u00e9 que cette journ\u00e9e d&rsquo;\u00e9tude s&rsquo;inscrit dans le cadre de \u00ab\u00a0la campagne nationale initi\u00e9e par le minist\u00e8re des Affaires religieuses et des Wakfs sous le th\u00e8me \u00ab\u00a0Pour une jeunesse consciente et une soci\u00e9t\u00e9 prot\u00e9g\u00e9e contre le fl\u00e9au de la drogue\u00a0\u00bb. Apr\u00e8s avoir rappel\u00e9 que le nombre d&rsquo;\u00e9l\u00e8ves inscrits dans les \u00e9coles coraniques \u00e0 travers le territoire national s&rsquo;\u00e9l\u00e8ve actuellement \u00e0 1,2 million inscrits, un chiffre en hausse durant la p\u00e9riode estivale, le ministre a salu\u00e9 le r\u00f4le central et fondamental des enseignants de ces \u00e9tablissements dans la sensibilisation des jeunes, afin de les prot\u00e9ger contre le fl\u00e9au de la drogues sous toutes leurs formes\u00a0\u00bb. M. Belmehdi a soulign\u00e9, dans ce cadre, que les \u00e9coles coraniques \u00ab\u00a0accompagnent les familles alg\u00e9riennes et collaborent avec les parents dans l&rsquo;effort de sensibilisation aux risques li\u00e9s \u00e0 ce fl\u00e9au\u00a0\u00bb, tout en \u0153uvrant \u00e0 \u00ab\u00a0la diffusion d&rsquo;une culture de pr\u00e9vention au sein des familles face aux diff\u00e9rents fl\u00e9aux, affirmant que la campagne nationale de sensibilisation a d\u00e9j\u00e0 port\u00e9 ses fruits sur le terrain. A noter que cette journ\u00e9e d&rsquo;\u00e9tude a \u00e9t\u00e9 \u00e9galement l&rsquo;occasion de pr\u00e9senter les exp\u00e9riences de certaines \u00e9coles coraniques de la wilaya d&rsquo;Alger, \u00e0 titre d&rsquo;exemple, mettant en lumi\u00e8re leur engagement \u00e0 inculquer les valeurs morales, religieuses et patriotiques, pour prot\u00e9ger la jeunesse contre les fl\u00e9aux sociaux.<\/p>\n","protected":false},"excerpt":{"rendered":"<p>Le ministre des Affaires religieuses et des Wakfs, M. Youcef Belmehdi, a pr\u00e9sid\u00e9, lundi \u00e0 Alger, l&rsquo;ouverture d&rsquo;une journ\u00e9e d&rsquo;\u00e9tude intitul\u00e9e \u00ab\u00a0Le r\u00f4le des \u00e9coles coraniques dans la sensibilisation des jeunes et la pr\u00e9vention contre la drogue\u00a0\u00bb, en pr\u00e9sence de plusieurs sp\u00e9cialistes et cadres du secteur. S&rsquo;exprimant \u00e0 cette occasion, M. Belmehdi a pr\u00e9cis\u00e9 que &hellip;<\/p>\n","protected":false},"author":9,"featured_media":54066,"comment_status":"open","ping_status":"open","sticky":false,"template":"","format":"standard","meta":{"footnotes":""},"categories":[47],"tags":[1932,4562],"class_list":["post-54064","post","type-post","status-publish","format-standard","has-post-thumbnail","hentry","category-national","tag-le-ministre-des-affaires-religieuses","tag-les-ecoles-coraniques"],"yoast_head":"<!-- This site is optimized with the Yoast SEO Premium plugin v22.6 (Yoast SEO v22.6) - https:\/\/yoast.com\/wordpress\/plugins\/seo\/ -->\n<title>Affaires religieuses : les \u00e9coles coraniques mobilis\u00e9es pour sensibiliser les jeunes aux dangers de la drogue - El Mawkie<\/title>\n<meta name=\"robots\" content=\"index, follow, max-snippet:-1, max-image-preview:large, max-video-preview:-1\" \/>\n<link rel=\"canonical\" href=\"https:\/\/elmawkie.dz\/fr\/affaires-religieuses-les-ecoles-coraniques-mobilisees-pour-sensibiliser-les-jeunes-aux-dangers-de-la-drogue\/\" \/>\n<meta property=\"og:locale\" content=\"fr_FR\" \/>\n<meta property=\"og:type\" content=\"article\" \/>\n<meta property=\"og:title\" content=\"Affaires religieuses : les \u00e9coles coraniques mobilis\u00e9es pour sensibiliser les jeunes aux dangers de la drogue\" \/>\n<meta property=\"og:description\" content=\"Le ministre des Affaires religieuses et des Wakfs, M. Youcef Belmehdi, a pr\u00e9sid\u00e9, lundi \u00e0 Alger, l&rsquo;ouverture d&rsquo;une journ\u00e9e d&rsquo;\u00e9tude intitul\u00e9e \u00ab\u00a0Le r\u00f4le des \u00e9coles coraniques dans la sensibilisation des jeunes et la pr\u00e9vention contre la drogue\u00a0\u00bb, en pr\u00e9sence de plusieurs sp\u00e9cialistes et cadres du secteur. S&rsquo;exprimant \u00e0 cette occasion, M. Belmehdi a pr\u00e9cis\u00e9 que &hellip;\" \/>\n<meta property=\"og:url\" content=\"https:\/\/elmawkie.dz\/fr\/affaires-religieuses-les-ecoles-coraniques-mobilisees-pour-sensibiliser-les-jeunes-aux-dangers-de-la-drogue\/\" \/>\n<meta property=\"og:site_name\" content=\"El Mawkie\" \/>\n<meta property=\"article:publisher\" content=\"https:\/\/www.facebook.com\/profile.php?id=100088407094989&amp;locale=fr_FR\" \/>\n<meta property=\"article:published_time\" content=\"2025-07-21T14:25:05+00:00\" \/>\n<meta property=\"article:modified_time\" content=\"2025-07-21T14:25:06+00:00\" \/>\n<meta property=\"og:image\" content=\"https:\/\/elmawkie.dz\/fr\/wp-content\/uploads\/2025\/07\/IMG_0331.jpeg\" \/>\n\t<meta property=\"og:image:width\" content=\"960\" \/>\n\t<meta property=\"og:image:height\" content=\"640\" \/>\n\t<meta property=\"og:image:type\" content=\"image\/jpeg\" \/>\n<meta name=\"author\" content=\"R\u00e9daction\" \/>\n<meta name=\"twitter:card\" content=\"summary_large_image\" \/>\n<meta name=\"twitter:label1\" content=\"Written by\" \/>\n\t<meta name=\"twitter:data1\" content=\"R\u00e9daction\" \/>\n\t<meta name=\"twitter:label2\" content=\"Est. reading time\" \/>\n\t<meta name=\"twitter:data2\" content=\"2 minutes\" \/>\n<script type=\"application\/ld+json\" class=\"yoast-schema-graph\">{\"@context\":\"https:\/\/schema.org\",\"@graph\":[{\"@type\":\"Article\",\"@id\":\"https:\/\/elmawkie.dz\/fr\/affaires-religieuses-les-ecoles-coraniques-mobilisees-pour-sensibiliser-les-jeunes-aux-dangers-de-la-drogue\/#article\",\"isPartOf\":{\"@id\":\"https:\/\/elmawkie.dz\/fr\/affaires-religieuses-les-ecoles-coraniques-mobilisees-pour-sensibiliser-les-jeunes-aux-dangers-de-la-drogue\/\"},\"author\":{\"name\":\"R\u00e9daction\",\"@id\":\"https:\/\/elmawkie.dz\/fr\/#\/schema\/person\/e7bd59d6467874ba5c4723d8a9f0a63c\"},\"headline\":\"Affaires religieuses : les \u00e9coles coraniques mobilis\u00e9es pour sensibiliser les jeunes aux dangers de la drogue\",\"datePublished\":\"2025-07-21T14:25:05+00:00\",\"dateModified\":\"2025-07-21T14:25:06+00:00\",\"mainEntityOfPage\":{\"@id\":\"https:\/\/elmawkie.dz\/fr\/affaires-religieuses-les-ecoles-coraniques-mobilisees-pour-sensibiliser-les-jeunes-aux-dangers-de-la-drogue\/\"},\"wordCount\":323,\"commentCount\":0,\"publisher\":{\"@id\":\"https:\/\/elmawkie.dz\/fr\/#organization\"},\"image\":{\"@id\":\"https:\/\/elmawkie.dz\/fr\/affaires-religieuses-les-ecoles-coraniques-mobilisees-pour-sensibiliser-les-jeunes-aux-dangers-de-la-drogue\/#primaryimage\"},\"thumbnailUrl\":\"https:\/\/elmawkie.dz\/fr\/wp-content\/uploads\/2025\/07\/IMG_0331.jpeg\",\"keywords\":[\"Le ministre des Affaires religieuses\",\"Les \u00e9coles coraniques\"],\"articleSection\":[\"National\"],\"inLanguage\":\"fr-FR\",\"potentialAction\":[{\"@type\":\"CommentAction\",\"name\":\"Comment\",\"target\":[\"https:\/\/elmawkie.dz\/fr\/affaires-religieuses-les-ecoles-coraniques-mobilisees-pour-sensibiliser-les-jeunes-aux-dangers-de-la-drogue\/#respond\"]}]},{\"@type\":\"WebPage\",\"@id\":\"https:\/\/elmawkie.dz\/fr\/affaires-religieuses-les-ecoles-coraniques-mobilisees-pour-sensibiliser-les-jeunes-aux-dangers-de-la-drogue\/\",\"url\":\"https:\/\/elmawkie.dz\/fr\/affaires-religieuses-les-ecoles-coraniques-mobilisees-pour-sensibiliser-les-jeunes-aux-dangers-de-la-drogue\/\",\"name\":\"Affaires religieuses : les \u00e9coles coraniques mobilis\u00e9es pour sensibiliser les jeunes aux dangers de la drogue - El Mawkie\",\"isPartOf\":{\"@id\":\"https:\/\/elmawkie.dz\/fr\/#website\"},\"primaryImageOfPage\":{\"@id\":\"https:\/\/elmawkie.dz\/fr\/affaires-religieuses-les-ecoles-coraniques-mobilisees-pour-sensibiliser-les-jeunes-aux-dangers-de-la-drogue\/#primaryimage\"},\"image\":{\"@id\":\"https:\/\/elmawkie.dz\/fr\/affaires-religieuses-les-ecoles-coraniques-mobilisees-pour-sensibiliser-les-jeunes-aux-dangers-de-la-drogue\/#primaryimage\"},\"thumbnailUrl\":\"https:\/\/elmawkie.dz\/fr\/wp-content\/uploads\/2025\/07\/IMG_0331.jpeg\",\"datePublished\":\"2025-07-21T14:25:05+00:00\",\"dateModified\":\"2025-07-21T14:25:06+00:00\",\"breadcrumb\":{\"@id\":\"https:\/\/elmawkie.dz\/fr\/affaires-religieuses-les-ecoles-coraniques-mobilisees-pour-sensibiliser-les-jeunes-aux-dangers-de-la-drogue\/#breadcrumb\"},\"inLanguage\":\"fr-FR\",\"potentialAction\":[{\"@type\":\"ReadAction\",\"target\":[\"https:\/\/elmawkie.dz\/fr\/affaires-religieuses-les-ecoles-coraniques-mobilisees-pour-sensibiliser-les-jeunes-aux-dangers-de-la-drogue\/\"]}]},{\"@type\":\"ImageObject\",\"inLanguage\":\"fr-FR\",\"@id\":\"https:\/\/elmawkie.dz\/fr\/affaires-religieuses-les-ecoles-coraniques-mobilisees-pour-sensibiliser-les-jeunes-aux-dangers-de-la-drogue\/#primaryimage\",\"url\":\"https:\/\/elmawkie.dz\/fr\/wp-content\/uploads\/2025\/07\/IMG_0331.jpeg\",\"contentUrl\":\"https:\/\/elmawkie.dz\/fr\/wp-content\/uploads\/2025\/07\/IMG_0331.jpeg\",\"width\":960,\"height\":640},{\"@type\":\"BreadcrumbList\",\"@id\":\"https:\/\/elmawkie.dz\/fr\/affaires-religieuses-les-ecoles-coraniques-mobilisees-pour-sensibiliser-les-jeunes-aux-dangers-de-la-drogue\/#breadcrumb\",\"itemListElement\":[{\"@type\":\"ListItem\",\"position\":1,\"name\":\"Home\",\"item\":\"https:\/\/elmawkie.dz\/fr\/\"},{\"@type\":\"ListItem\",\"position\":2,\"name\":\"Affaires religieuses : les \u00e9coles coraniques mobilis\u00e9es pour sensibiliser les jeunes aux dangers de la drogue\"}]},{\"@type\":\"WebSite\",\"@id\":\"https:\/\/elmawkie.dz\/fr\/#website\",\"url\":\"https:\/\/elmawkie.dz\/fr\/\",\"name\":\"EL MAWKIE\",\"description\":\"Journal \u00c9lectronique Alg\u00e9rien\",\"publisher\":{\"@id\":\"https:\/\/elmawkie.dz\/fr\/#organization\"},\"potentialAction\":[{\"@type\":\"SearchAction\",\"target\":{\"@type\":\"EntryPoint\",\"urlTemplate\":\"https:\/\/elmawkie.dz\/fr\/?s={search_term_string}\"},\"query-input\":\"required name=search_term_string\"}],\"inLanguage\":\"fr-FR\"},{\"@type\":\"Organization\",\"@id\":\"https:\/\/elmawkie.dz\/fr\/#organization\",\"name\":\"EL MAWKIE\",\"url\":\"https:\/\/elmawkie.dz\/fr\/\",\"logo\":{\"@type\":\"ImageObject\",\"inLanguage\":\"fr-FR\",\"@id\":\"https:\/\/elmawkie.dz\/fr\/#\/schema\/logo\/image\/\",\"url\":\"https:\/\/elmawkie.dz\/fr\/wp-content\/uploads\/2024\/05\/logo1.png\",\"contentUrl\":\"https:\/\/elmawkie.dz\/fr\/wp-content\/uploads\/2024\/05\/logo1.png\",\"width\":1648,\"height\":652,\"caption\":\"EL MAWKIE\"},\"image\":{\"@id\":\"https:\/\/elmawkie.dz\/fr\/#\/schema\/logo\/image\/\"},\"sameAs\":[\"https:\/\/www.facebook.com\/profile.php?id=100088407094989&locale=fr_FR\"]},{\"@type\":\"Person\",\"@id\":\"https:\/\/elmawkie.dz\/fr\/#\/schema\/person\/e7bd59d6467874ba5c4723d8a9f0a63c\",\"name\":\"R\u00e9daction\",\"image\":{\"@type\":\"ImageObject\",\"inLanguage\":\"fr-FR\",\"@id\":\"https:\/\/elmawkie.dz\/fr\/#\/schema\/person\/image\/\",\"url\":\"https:\/\/secure.gravatar.com\/avatar\/f0f773456344da4d2788c054a3d30a0c?s=96&d=mm&r=g\",\"contentUrl\":\"https:\/\/secure.gravatar.com\/avatar\/f0f773456344da4d2788c054a3d30a0c?s=96&d=mm&r=g\",\"caption\":\"R\u00e9daction\"},\"url\":\"https:\/\/elmawkie.dz\/fr\/author\/redaction\/\"}]}<\/script>\n<!-- \/ Yoast SEO Premium plugin. -->","yoast_head_json":{"title":"Affaires religieuses : les \u00e9coles coraniques mobilis\u00e9es pour sensibiliser les jeunes aux dangers de la drogue - El Mawkie","robots":{"index":"index","follow":"follow","max-snippet":"max-snippet:-1","max-image-preview":"max-image-preview:large","max-video-preview":"max-video-preview:-1"},"canonical":"https:\/\/elmawkie.dz\/fr\/affaires-religieuses-les-ecoles-coraniques-mobilisees-pour-sensibiliser-les-jeunes-aux-dangers-de-la-drogue\/","og_locale":"fr_FR","og_type":"article","og_title":"Affaires religieuses : les \u00e9coles coraniques mobilis\u00e9es pour sensibiliser les jeunes aux dangers de la drogue","og_description":"Le ministre des Affaires religieuses et des Wakfs, M. Youcef Belmehdi, a pr\u00e9sid\u00e9, lundi \u00e0 Alger, l&rsquo;ouverture d&rsquo;une journ\u00e9e d&rsquo;\u00e9tude intitul\u00e9e \u00ab\u00a0Le r\u00f4le des \u00e9coles coraniques dans la sensibilisation des jeunes et la pr\u00e9vention contre la drogue\u00a0\u00bb, en pr\u00e9sence de plusieurs sp\u00e9cialistes et cadres du secteur. S&rsquo;exprimant \u00e0 cette occasion, M. Belmehdi a pr\u00e9cis\u00e9 que &hellip;","og_url":"https:\/\/elmawkie.dz\/fr\/affaires-religieuses-les-ecoles-coraniques-mobilisees-pour-sensibiliser-les-jeunes-aux-dangers-de-la-drogue\/","og_site_name":"El Mawkie","article_publisher":"https:\/\/www.facebook.com\/profile.php?id=100088407094989&locale=fr_FR","article_published_time":"2025-07-21T14:25:05+00:00","article_modified_time":"2025-07-21T14:25:06+00:00","og_image":[{"width":960,"height":640,"url":"https:\/\/elmawkie.dz\/fr\/wp-content\/uploads\/2025\/07\/IMG_0331.jpeg","type":"image\/jpeg"}],"author":"R\u00e9daction","twitter_card":"summary_large_image","twitter_misc":{"Written by":"R\u00e9daction","Est. reading time":"2 minutes"},"schema":{"@context":"https:\/\/schema.org","@graph":[{"@type":"Article","@id":"https:\/\/elmawkie.dz\/fr\/affaires-religieuses-les-ecoles-coraniques-mobilisees-pour-sensibiliser-les-jeunes-aux-dangers-de-la-drogue\/#article","isPartOf":{"@id":"https:\/\/elmawkie.dz\/fr\/affaires-religieuses-les-ecoles-coraniques-mobilisees-pour-sensibiliser-les-jeunes-aux-dangers-de-la-drogue\/"},"author":{"name":"R\u00e9daction","@id":"https:\/\/elmawkie.dz\/fr\/#\/schema\/person\/e7bd59d6467874ba5c4723d8a9f0a63c"},"headline":"Affaires religieuses : les \u00e9coles coraniques mobilis\u00e9es pour sensibiliser les jeunes aux dangers de la drogue","datePublished":"2025-07-21T14:25:05+00:00","dateModified":"2025-07-21T14:25:06+00:00","mainEntityOfPage":{"@id":"https:\/\/elmawkie.dz\/fr\/affaires-religieuses-les-ecoles-coraniques-mobilisees-pour-sensibiliser-les-jeunes-aux-dangers-de-la-drogue\/"},"wordCount":323,"commentCount":0,"publisher":{"@id":"https:\/\/elmawkie.dz\/fr\/#organization"},"image":{"@id":"https:\/\/elmawkie.dz\/fr\/affaires-religieuses-les-ecoles-coraniques-mobilisees-pour-sensibiliser-les-jeunes-aux-dangers-de-la-drogue\/#primaryimage"},"thumbnailUrl":"https:\/\/elmawkie.dz\/fr\/wp-content\/uploads\/2025\/07\/IMG_0331.jpeg","keywords":["Le ministre des Affaires religieuses","Les \u00e9coles coraniques"],"articleSection":["National"],"inLanguage":"fr-FR","potentialAction":[{"@type":"CommentAction","name":"Comment","target":["https:\/\/elmawkie.dz\/fr\/affaires-religieuses-les-ecoles-coraniques-mobilisees-pour-sensibiliser-les-jeunes-aux-dangers-de-la-drogue\/#respond"]}]},{"@type":"WebPage","@id":"https:\/\/elmawkie.dz\/fr\/affaires-religieuses-les-ecoles-coraniques-mobilisees-pour-sensibiliser-les-jeunes-aux-dangers-de-la-drogue\/","url":"https:\/\/elmawkie.dz\/fr\/affaires-religieuses-les-ecoles-coraniques-mobilisees-pour-sensibiliser-les-jeunes-aux-dangers-de-la-drogue\/","name":"Affaires religieuses : les \u00e9coles coraniques mobilis\u00e9es pour sensibiliser les jeunes aux dangers de la drogue - El Mawkie","isPartOf":{"@id":"https:\/\/elmawkie.dz\/fr\/#website"},"primaryImageOfPage":{"@id":"https:\/\/elmawkie.dz\/fr\/affaires-religieuses-les-ecoles-coraniques-mobilisees-pour-sensibiliser-les-jeunes-aux-dangers-de-la-drogue\/#primaryimage"},"image":{"@id":"https:\/\/elmawkie.dz\/fr\/affaires-religieuses-les-ecoles-coraniques-mobilisees-pour-sensibiliser-les-jeunes-aux-dangers-de-la-drogue\/#primaryimage"},"thumbnailUrl":"https:\/\/elmawkie.dz\/fr\/wp-content\/uploads\/2025\/07\/IMG_0331.jpeg","datePublished":"2025-07-21T14:25:05+00:00","dateModified":"2025-07-21T14:25:06+00:00","breadcrumb":{"@id":"https:\/\/elmawkie.dz\/fr\/affaires-religieuses-les-ecoles-coraniques-mobilisees-pour-sensibiliser-les-jeunes-aux-dangers-de-la-drogue\/#breadcrumb"},"inLanguage":"fr-FR","potentialAction":[{"@type":"ReadAction","target":["https:\/\/elmawkie.dz\/fr\/affaires-religieuses-les-ecoles-coraniques-mobilisees-pour-sensibiliser-les-jeunes-aux-dangers-de-la-drogue\/"]}]},{"@type":"ImageObject","inLanguage":"fr-FR","@id":"https:\/\/elmawkie.dz\/fr\/affaires-religieuses-les-ecoles-coraniques-mobilisees-pour-sensibiliser-les-jeunes-aux-dangers-de-la-drogue\/#primaryimage","url":"https:\/\/elmawkie.dz\/fr\/wp-content\/uploads\/2025\/07\/IMG_0331.jpeg","contentUrl":"https:\/\/elmawkie.dz\/fr\/wp-content\/uploads\/2025\/07\/IMG_0331.jpeg","width":960,"height":640},{"@type":"BreadcrumbList","@id":"https:\/\/elmawkie.dz\/fr\/affaires-religieuses-les-ecoles-coraniques-mobilisees-pour-sensibiliser-les-jeunes-aux-dangers-de-la-drogue\/#breadcrumb","itemListElement":[{"@type":"ListItem","position":1,"name":"Home","item":"https:\/\/elmawkie.dz\/fr\/"},{"@type":"ListItem","position":2,"name":"Affaires religieuses : les \u00e9coles coraniques mobilis\u00e9es pour sensibiliser les jeunes aux dangers de la drogue"}]},{"@type":"WebSite","@id":"https:\/\/elmawkie.dz\/fr\/#website","url":"https:\/\/elmawkie.dz\/fr\/","name":"EL MAWKIE","description":"Journal \u00c9lectronique Alg\u00e9rien","publisher":{"@id":"https:\/\/elmawkie.dz\/fr\/#organization"},"potentialAction":[{"@type":"SearchAction","target":{"@type":"EntryPoint","urlTemplate":"https:\/\/elmawkie.dz\/fr\/?s={search_term_string}"},"query-input":"required name=search_term_string"}],"inLanguage":"fr-FR"},{"@type":"Organization","@id":"https:\/\/elmawkie.dz\/fr\/#organization","name":"EL MAWKIE","url":"https:\/\/elmawkie.dz\/fr\/","logo":{"@type":"ImageObject","inLanguage":"fr-FR","@id":"https:\/\/elmawkie.dz\/fr\/#\/schema\/logo\/image\/","url":"https:\/\/elmawkie.dz\/fr\/wp-content\/uploads\/2024\/05\/logo1.png","contentUrl":"https:\/\/elmawkie.dz\/fr\/wp-content\/uploads\/2024\/05\/logo1.png","width":1648,"height":652,"caption":"EL MAWKIE"},"image":{"@id":"https:\/\/elmawkie.dz\/fr\/#\/schema\/logo\/image\/"},"sameAs":["https:\/\/www.facebook.com\/profile.php?id=100088407094989&locale=fr_FR"]},{"@type":"Person","@id":"https:\/\/elmawkie.dz\/fr\/#\/schema\/person\/e7bd59d6467874ba5c4723d8a9f0a63c","name":"R\u00e9daction","image":{"@type":"ImageObject","inLanguage":"fr-FR","@id":"https:\/\/elmawkie.dz\/fr\/#\/schema\/person\/image\/","url":"https:\/\/secure.gravatar.com\/avatar\/f0f773456344da4d2788c054a3d30a0c?s=96&d=mm&r=g","contentUrl":"https:\/\/secure.gravatar.com\/avatar\/f0f773456344da4d2788c054a3d30a0c?s=96&d=mm&r=g","caption":"R\u00e9daction"},"url":"https:\/\/elmawkie.dz\/fr\/author\/redaction\/"}]}},"_links":{"self":[{"href":"https:\/\/elmawkie.dz\/fr\/wp-json\/wp\/v2\/posts\/54064","targetHints":{"allow":["GET"]}}],"collection":[{"href":"https:\/\/elmawkie.dz\/fr\/wp-json\/wp\/v2\/posts"}],"about":[{"href":"https:\/\/elmawkie.dz\/fr\/wp-json\/wp\/v2\/types\/post"}],"author":[{"embeddable":true,"href":"https:\/\/elmawkie.dz\/fr\/wp-json\/wp\/v2\/users\/9"}],"replies":[{"embeddable":true,"href":"https:\/\/elmawkie.dz\/fr\/wp-json\/wp\/v2\/comments?post=54064"}],"version-history":[{"count":1,"href":"https:\/\/elmawkie.dz\/fr\/wp-json\/wp\/v2\/posts\/54064\/revisions"}],"predecessor-version":[{"id":54067,"href":"https:\/\/elmawkie.dz\/fr\/wp-json\/wp\/v2\/posts\/54064\/revisions\/54067"}],"wp:featuredmedia":[{"embeddable":true,"href":"https:\/\/elmawkie.dz\/fr\/wp-json\/wp\/v2\/media\/54066"}],"wp:attachment":[{"href":"https:\/\/elmawkie.dz\/fr\/wp-json\/wp\/v2\/media?parent=54064"}],"wp:term":[{"taxonomy":"category","embeddable":true,"href":"https:\/\/elmawkie.dz\/fr\/wp-json\/wp\/v2\/categories?post=54064"},{"taxonomy":"post_tag","embeddable":true,"href":"https:\/\/elmawkie.dz\/fr\/wp-json\/wp\/v2\/tags?post=54064"}],"curies":[{"name":"wp","href":"https:\/\/api.w.org\/{rel}","templated":true}]}}