{"id":54060,"date":"2025-07-21T15:20:40","date_gmt":"2025-07-21T14:20:40","guid":{"rendered":"https:\/\/elmawkie.dz\/fr\/?p=54060"},"modified":"2025-07-21T15:20:41","modified_gmt":"2025-07-21T14:20:41","slug":"universite-ziane-achour-de-djelfa-ouverture-de-nouvelles-filieres","status":"publish","type":"post","link":"https:\/\/elmawkie.dz\/fr\/universite-ziane-achour-de-djelfa-ouverture-de-nouvelles-filieres\/","title":{"rendered":"Universit\u00e9 \u201cZiane Achour\u201d de Djelfa : ouverture de nouvelles fili\u00e8res"},"content":{"rendered":"\n<p>L&rsquo;Universit\u00e9 \u00ab\u00a0Ziane Achour\u00a0\u00bb de Djelfa ouvrira plusieurs nouvelles sp\u00e9cialit\u00e9s en licence, ainsi que dans l&rsquo;annexe de l&rsquo;Ecole normale sup\u00e9rieure (ENS), \u00e0 la prochaine rentr\u00e9e universitaire 2025-2026, a-t-on appris lundi aupr\u00e8s de son rectorat. Le recteur de l&rsquo;universit\u00e9, El Hadj Ailam, a indiqu\u00e9 que la derni\u00e8re circulaire minist\u00e9rielle relative aux sp\u00e9cialit\u00e9s accessibles aux nouveaux bacheliers pr\u00e9voyait l&rsquo;ouverture de deux nouvelles licences : sciences islamiques et g\u00e9ologie. L&rsquo;annexe de l&rsquo;ENS proposera, dans un premier temps, un cursus de formation pour les futurs enseignants des trois paliers de l&rsquo;\u00e9ducation en langue arabe, langues \u00e9trang\u00e8res (anglais et fran\u00e7ais), sciences naturelles, histoire et g\u00e9ographie, ainsi qu&rsquo;en informatique et en \u00e9ducation physique. Le recteur a rappel\u00e9 l&rsquo;ouverture, ces derni\u00e8res ann\u00e9es, de plusieurs sp\u00e9cialit\u00e9s r\u00e9pondant aux besoins de la wilaya et \u00e0 sa sp\u00e9cificit\u00e9, comme la m\u00e9decine, la m\u00e9decine v\u00e9t\u00e9rinaire et l&rsquo;intelligence artificielle. \u00ab\u00a0Cela a contribu\u00e9 de mani\u00e8re significative \u00e0 revaloriser la nomenclature des sp\u00e9cialit\u00e9s et \u00e0 les rendre plus attractives pour les bacheliers\u00a0\u00bb, a indiqu\u00e9 M. Ailam. Pour rappel, l&rsquo;universit\u00e9 \u00ab\u00a0Ziane Achour\u00a0\u00bb compte sept (07) facult\u00e9s et un institut sp\u00e9cialis\u00e9 dans les sports et les activit\u00e9s physiques, encadr\u00e9s par plus de 1300 enseignants, selon le responsable, qui a soulign\u00e9 que 28 enseignants ont r\u00e9cemment \u00e9t\u00e9 promus professeurs de l&rsquo;enseignement sup\u00e9rieur.<\/p>\n","protected":false},"excerpt":{"rendered":"<p>L&rsquo;Universit\u00e9 \u00ab\u00a0Ziane Achour\u00a0\u00bb de Djelfa ouvrira plusieurs nouvelles sp\u00e9cialit\u00e9s en licence, ainsi que dans l&rsquo;annexe de l&rsquo;Ecole normale sup\u00e9rieure (ENS), \u00e0 la prochaine rentr\u00e9e universitaire 2025-2026, a-t-on appris lundi aupr\u00e8s de son rectorat. Le recteur de l&rsquo;universit\u00e9, El Hadj Ailam, a indiqu\u00e9 que la derni\u00e8re circulaire minist\u00e9rielle relative aux sp\u00e9cialit\u00e9s accessibles aux nouveaux bacheliers pr\u00e9voyait &hellip;<\/p>\n","protected":false},"author":9,"featured_media":54062,"comment_status":"open","ping_status":"open","sticky":false,"template":"","format":"standard","meta":{"footnotes":""},"categories":[50],"tags":[395,1722,4561],"class_list":["post-54060","post","type-post","status-publish","format-standard","has-post-thumbnail","hentry","category-region","tag-djelfa","tag-universite","tag-ziane-achour"],"yoast_head":"<!-- This site is optimized with the Yoast SEO Premium plugin v22.6 (Yoast SEO v22.6) - https:\/\/yoast.com\/wordpress\/plugins\/seo\/ -->\n<title>Universit\u00e9 \u201cZiane Achour\u201d de Djelfa : ouverture de nouvelles fili\u00e8res - El Mawkie<\/title>\n<meta name=\"robots\" content=\"index, follow, max-snippet:-1, max-image-preview:large, max-video-preview:-1\" \/>\n<link rel=\"canonical\" href=\"https:\/\/elmawkie.dz\/fr\/universite-ziane-achour-de-djelfa-ouverture-de-nouvelles-filieres\/\" \/>\n<meta property=\"og:locale\" content=\"fr_FR\" \/>\n<meta property=\"og:type\" content=\"article\" \/>\n<meta property=\"og:title\" content=\"Universit\u00e9 \u201cZiane Achour\u201d de Djelfa : ouverture de nouvelles fili\u00e8res\" \/>\n<meta property=\"og:description\" content=\"L&rsquo;Universit\u00e9 \u00ab\u00a0Ziane Achour\u00a0\u00bb de Djelfa ouvrira plusieurs nouvelles sp\u00e9cialit\u00e9s en licence, ainsi que dans l&rsquo;annexe de l&rsquo;Ecole normale sup\u00e9rieure (ENS), \u00e0 la prochaine rentr\u00e9e universitaire 2025-2026, a-t-on appris lundi aupr\u00e8s de son rectorat. Le recteur de l&rsquo;universit\u00e9, El Hadj Ailam, a indiqu\u00e9 que la derni\u00e8re circulaire minist\u00e9rielle relative aux sp\u00e9cialit\u00e9s accessibles aux nouveaux bacheliers pr\u00e9voyait &hellip;\" \/>\n<meta property=\"og:url\" content=\"https:\/\/elmawkie.dz\/fr\/universite-ziane-achour-de-djelfa-ouverture-de-nouvelles-filieres\/\" \/>\n<meta property=\"og:site_name\" content=\"El Mawkie\" \/>\n<meta property=\"article:publisher\" content=\"https:\/\/www.facebook.com\/profile.php?id=100088407094989&amp;locale=fr_FR\" \/>\n<meta property=\"article:published_time\" content=\"2025-07-21T14:20:40+00:00\" \/>\n<meta property=\"article:modified_time\" content=\"2025-07-21T14:20:41+00:00\" \/>\n<meta property=\"og:image\" content=\"https:\/\/elmawkie.dz\/fr\/wp-content\/uploads\/2025\/07\/IMG_0330.jpeg\" \/>\n\t<meta property=\"og:image:width\" content=\"536\" \/>\n\t<meta property=\"og:image:height\" content=\"297\" \/>\n\t<meta property=\"og:image:type\" content=\"image\/jpeg\" \/>\n<meta name=\"author\" content=\"R\u00e9daction\" \/>\n<meta name=\"twitter:card\" content=\"summary_large_image\" \/>\n<meta name=\"twitter:label1\" content=\"Written by\" \/>\n\t<meta name=\"twitter:data1\" content=\"R\u00e9daction\" \/>\n\t<meta name=\"twitter:label2\" content=\"Est. reading time\" \/>\n\t<meta name=\"twitter:data2\" content=\"2 minutes\" \/>\n<script type=\"application\/ld+json\" class=\"yoast-schema-graph\">{\"@context\":\"https:\/\/schema.org\",\"@graph\":[{\"@type\":\"Article\",\"@id\":\"https:\/\/elmawkie.dz\/fr\/universite-ziane-achour-de-djelfa-ouverture-de-nouvelles-filieres\/#article\",\"isPartOf\":{\"@id\":\"https:\/\/elmawkie.dz\/fr\/universite-ziane-achour-de-djelfa-ouverture-de-nouvelles-filieres\/\"},\"author\":{\"name\":\"R\u00e9daction\",\"@id\":\"https:\/\/elmawkie.dz\/fr\/#\/schema\/person\/e7bd59d6467874ba5c4723d8a9f0a63c\"},\"headline\":\"Universit\u00e9 \u201cZiane Achour\u201d de Djelfa : ouverture de nouvelles fili\u00e8res\",\"datePublished\":\"2025-07-21T14:20:40+00:00\",\"dateModified\":\"2025-07-21T14:20:41+00:00\",\"mainEntityOfPage\":{\"@id\":\"https:\/\/elmawkie.dz\/fr\/universite-ziane-achour-de-djelfa-ouverture-de-nouvelles-filieres\/\"},\"wordCount\":252,\"commentCount\":0,\"publisher\":{\"@id\":\"https:\/\/elmawkie.dz\/fr\/#organization\"},\"image\":{\"@id\":\"https:\/\/elmawkie.dz\/fr\/universite-ziane-achour-de-djelfa-ouverture-de-nouvelles-filieres\/#primaryimage\"},\"thumbnailUrl\":\"https:\/\/elmawkie.dz\/fr\/wp-content\/uploads\/2025\/07\/IMG_0330.jpeg\",\"keywords\":[\"Djelfa\",\"Universit\u00e9\",\"Ziane Achour\"],\"articleSection\":[\"R\u00e9gion\"],\"inLanguage\":\"fr-FR\",\"potentialAction\":[{\"@type\":\"CommentAction\",\"name\":\"Comment\",\"target\":[\"https:\/\/elmawkie.dz\/fr\/universite-ziane-achour-de-djelfa-ouverture-de-nouvelles-filieres\/#respond\"]}]},{\"@type\":\"WebPage\",\"@id\":\"https:\/\/elmawkie.dz\/fr\/universite-ziane-achour-de-djelfa-ouverture-de-nouvelles-filieres\/\",\"url\":\"https:\/\/elmawkie.dz\/fr\/universite-ziane-achour-de-djelfa-ouverture-de-nouvelles-filieres\/\",\"name\":\"Universit\u00e9 \u201cZiane Achour\u201d de Djelfa : ouverture de nouvelles fili\u00e8res - El Mawkie\",\"isPartOf\":{\"@id\":\"https:\/\/elmawkie.dz\/fr\/#website\"},\"primaryImageOfPage\":{\"@id\":\"https:\/\/elmawkie.dz\/fr\/universite-ziane-achour-de-djelfa-ouverture-de-nouvelles-filieres\/#primaryimage\"},\"image\":{\"@id\":\"https:\/\/elmawkie.dz\/fr\/universite-ziane-achour-de-djelfa-ouverture-de-nouvelles-filieres\/#primaryimage\"},\"thumbnailUrl\":\"https:\/\/elmawkie.dz\/fr\/wp-content\/uploads\/2025\/07\/IMG_0330.jpeg\",\"datePublished\":\"2025-07-21T14:20:40+00:00\",\"dateModified\":\"2025-07-21T14:20:41+00:00\",\"breadcrumb\":{\"@id\":\"https:\/\/elmawkie.dz\/fr\/universite-ziane-achour-de-djelfa-ouverture-de-nouvelles-filieres\/#breadcrumb\"},\"inLanguage\":\"fr-FR\",\"potentialAction\":[{\"@type\":\"ReadAction\",\"target\":[\"https:\/\/elmawkie.dz\/fr\/universite-ziane-achour-de-djelfa-ouverture-de-nouvelles-filieres\/\"]}]},{\"@type\":\"ImageObject\",\"inLanguage\":\"fr-FR\",\"@id\":\"https:\/\/elmawkie.dz\/fr\/universite-ziane-achour-de-djelfa-ouverture-de-nouvelles-filieres\/#primaryimage\",\"url\":\"https:\/\/elmawkie.dz\/fr\/wp-content\/uploads\/2025\/07\/IMG_0330.jpeg\",\"contentUrl\":\"https:\/\/elmawkie.dz\/fr\/wp-content\/uploads\/2025\/07\/IMG_0330.jpeg\",\"width\":536,\"height\":297},{\"@type\":\"BreadcrumbList\",\"@id\":\"https:\/\/elmawkie.dz\/fr\/universite-ziane-achour-de-djelfa-ouverture-de-nouvelles-filieres\/#breadcrumb\",\"itemListElement\":[{\"@type\":\"ListItem\",\"position\":1,\"name\":\"Home\",\"item\":\"https:\/\/elmawkie.dz\/fr\/\"},{\"@type\":\"ListItem\",\"position\":2,\"name\":\"Universit\u00e9 \u201cZiane Achour\u201d de Djelfa : ouverture de nouvelles fili\u00e8res\"}]},{\"@type\":\"WebSite\",\"@id\":\"https:\/\/elmawkie.dz\/fr\/#website\",\"url\":\"https:\/\/elmawkie.dz\/fr\/\",\"name\":\"EL MAWKIE\",\"description\":\"Journal \u00c9lectronique Alg\u00e9rien\",\"publisher\":{\"@id\":\"https:\/\/elmawkie.dz\/fr\/#organization\"},\"potentialAction\":[{\"@type\":\"SearchAction\",\"target\":{\"@type\":\"EntryPoint\",\"urlTemplate\":\"https:\/\/elmawkie.dz\/fr\/?s={search_term_string}\"},\"query-input\":\"required name=search_term_string\"}],\"inLanguage\":\"fr-FR\"},{\"@type\":\"Organization\",\"@id\":\"https:\/\/elmawkie.dz\/fr\/#organization\",\"name\":\"EL MAWKIE\",\"url\":\"https:\/\/elmawkie.dz\/fr\/\",\"logo\":{\"@type\":\"ImageObject\",\"inLanguage\":\"fr-FR\",\"@id\":\"https:\/\/elmawkie.dz\/fr\/#\/schema\/logo\/image\/\",\"url\":\"https:\/\/elmawkie.dz\/fr\/wp-content\/uploads\/2024\/05\/logo1.png\",\"contentUrl\":\"https:\/\/elmawkie.dz\/fr\/wp-content\/uploads\/2024\/05\/logo1.png\",\"width\":1648,\"height\":652,\"caption\":\"EL MAWKIE\"},\"image\":{\"@id\":\"https:\/\/elmawkie.dz\/fr\/#\/schema\/logo\/image\/\"},\"sameAs\":[\"https:\/\/www.facebook.com\/profile.php?id=100088407094989&locale=fr_FR\"]},{\"@type\":\"Person\",\"@id\":\"https:\/\/elmawkie.dz\/fr\/#\/schema\/person\/e7bd59d6467874ba5c4723d8a9f0a63c\",\"name\":\"R\u00e9daction\",\"image\":{\"@type\":\"ImageObject\",\"inLanguage\":\"fr-FR\",\"@id\":\"https:\/\/elmawkie.dz\/fr\/#\/schema\/person\/image\/\",\"url\":\"https:\/\/secure.gravatar.com\/avatar\/f0f773456344da4d2788c054a3d30a0c?s=96&d=mm&r=g\",\"contentUrl\":\"https:\/\/secure.gravatar.com\/avatar\/f0f773456344da4d2788c054a3d30a0c?s=96&d=mm&r=g\",\"caption\":\"R\u00e9daction\"},\"url\":\"https:\/\/elmawkie.dz\/fr\/author\/redaction\/\"}]}<\/script>\n<!-- \/ Yoast SEO Premium plugin. -->","yoast_head_json":{"title":"Universit\u00e9 \u201cZiane Achour\u201d de Djelfa : ouverture de nouvelles fili\u00e8res - El Mawkie","robots":{"index":"index","follow":"follow","max-snippet":"max-snippet:-1","max-image-preview":"max-image-preview:large","max-video-preview":"max-video-preview:-1"},"canonical":"https:\/\/elmawkie.dz\/fr\/universite-ziane-achour-de-djelfa-ouverture-de-nouvelles-filieres\/","og_locale":"fr_FR","og_type":"article","og_title":"Universit\u00e9 \u201cZiane Achour\u201d de Djelfa : ouverture de nouvelles fili\u00e8res","og_description":"L&rsquo;Universit\u00e9 \u00ab\u00a0Ziane Achour\u00a0\u00bb de Djelfa ouvrira plusieurs nouvelles sp\u00e9cialit\u00e9s en licence, ainsi que dans l&rsquo;annexe de l&rsquo;Ecole normale sup\u00e9rieure (ENS), \u00e0 la prochaine rentr\u00e9e universitaire 2025-2026, a-t-on appris lundi aupr\u00e8s de son rectorat. Le recteur de l&rsquo;universit\u00e9, El Hadj Ailam, a indiqu\u00e9 que la derni\u00e8re circulaire minist\u00e9rielle relative aux sp\u00e9cialit\u00e9s accessibles aux nouveaux bacheliers pr\u00e9voyait &hellip;","og_url":"https:\/\/elmawkie.dz\/fr\/universite-ziane-achour-de-djelfa-ouverture-de-nouvelles-filieres\/","og_site_name":"El Mawkie","article_publisher":"https:\/\/www.facebook.com\/profile.php?id=100088407094989&locale=fr_FR","article_published_time":"2025-07-21T14:20:40+00:00","article_modified_time":"2025-07-21T14:20:41+00:00","og_image":[{"width":536,"height":297,"url":"https:\/\/elmawkie.dz\/fr\/wp-content\/uploads\/2025\/07\/IMG_0330.jpeg","type":"image\/jpeg"}],"author":"R\u00e9daction","twitter_card":"summary_large_image","twitter_misc":{"Written by":"R\u00e9daction","Est. reading time":"2 minutes"},"schema":{"@context":"https:\/\/schema.org","@graph":[{"@type":"Article","@id":"https:\/\/elmawkie.dz\/fr\/universite-ziane-achour-de-djelfa-ouverture-de-nouvelles-filieres\/#article","isPartOf":{"@id":"https:\/\/elmawkie.dz\/fr\/universite-ziane-achour-de-djelfa-ouverture-de-nouvelles-filieres\/"},"author":{"name":"R\u00e9daction","@id":"https:\/\/elmawkie.dz\/fr\/#\/schema\/person\/e7bd59d6467874ba5c4723d8a9f0a63c"},"headline":"Universit\u00e9 \u201cZiane Achour\u201d de Djelfa : ouverture de nouvelles fili\u00e8res","datePublished":"2025-07-21T14:20:40+00:00","dateModified":"2025-07-21T14:20:41+00:00","mainEntityOfPage":{"@id":"https:\/\/elmawkie.dz\/fr\/universite-ziane-achour-de-djelfa-ouverture-de-nouvelles-filieres\/"},"wordCount":252,"commentCount":0,"publisher":{"@id":"https:\/\/elmawkie.dz\/fr\/#organization"},"image":{"@id":"https:\/\/elmawkie.dz\/fr\/universite-ziane-achour-de-djelfa-ouverture-de-nouvelles-filieres\/#primaryimage"},"thumbnailUrl":"https:\/\/elmawkie.dz\/fr\/wp-content\/uploads\/2025\/07\/IMG_0330.jpeg","keywords":["Djelfa","Universit\u00e9","Ziane Achour"],"articleSection":["R\u00e9gion"],"inLanguage":"fr-FR","potentialAction":[{"@type":"CommentAction","name":"Comment","target":["https:\/\/elmawkie.dz\/fr\/universite-ziane-achour-de-djelfa-ouverture-de-nouvelles-filieres\/#respond"]}]},{"@type":"WebPage","@id":"https:\/\/elmawkie.dz\/fr\/universite-ziane-achour-de-djelfa-ouverture-de-nouvelles-filieres\/","url":"https:\/\/elmawkie.dz\/fr\/universite-ziane-achour-de-djelfa-ouverture-de-nouvelles-filieres\/","name":"Universit\u00e9 \u201cZiane Achour\u201d de Djelfa : ouverture de nouvelles fili\u00e8res - El Mawkie","isPartOf":{"@id":"https:\/\/elmawkie.dz\/fr\/#website"},"primaryImageOfPage":{"@id":"https:\/\/elmawkie.dz\/fr\/universite-ziane-achour-de-djelfa-ouverture-de-nouvelles-filieres\/#primaryimage"},"image":{"@id":"https:\/\/elmawkie.dz\/fr\/universite-ziane-achour-de-djelfa-ouverture-de-nouvelles-filieres\/#primaryimage"},"thumbnailUrl":"https:\/\/elmawkie.dz\/fr\/wp-content\/uploads\/2025\/07\/IMG_0330.jpeg","datePublished":"2025-07-21T14:20:40+00:00","dateModified":"2025-07-21T14:20:41+00:00","breadcrumb":{"@id":"https:\/\/elmawkie.dz\/fr\/universite-ziane-achour-de-djelfa-ouverture-de-nouvelles-filieres\/#breadcrumb"},"inLanguage":"fr-FR","potentialAction":[{"@type":"ReadAction","target":["https:\/\/elmawkie.dz\/fr\/universite-ziane-achour-de-djelfa-ouverture-de-nouvelles-filieres\/"]}]},{"@type":"ImageObject","inLanguage":"fr-FR","@id":"https:\/\/elmawkie.dz\/fr\/universite-ziane-achour-de-djelfa-ouverture-de-nouvelles-filieres\/#primaryimage","url":"https:\/\/elmawkie.dz\/fr\/wp-content\/uploads\/2025\/07\/IMG_0330.jpeg","contentUrl":"https:\/\/elmawkie.dz\/fr\/wp-content\/uploads\/2025\/07\/IMG_0330.jpeg","width":536,"height":297},{"@type":"BreadcrumbList","@id":"https:\/\/elmawkie.dz\/fr\/universite-ziane-achour-de-djelfa-ouverture-de-nouvelles-filieres\/#breadcrumb","itemListElement":[{"@type":"ListItem","position":1,"name":"Home","item":"https:\/\/elmawkie.dz\/fr\/"},{"@type":"ListItem","position":2,"name":"Universit\u00e9 \u201cZiane Achour\u201d de Djelfa : ouverture de nouvelles fili\u00e8res"}]},{"@type":"WebSite","@id":"https:\/\/elmawkie.dz\/fr\/#website","url":"https:\/\/elmawkie.dz\/fr\/","name":"EL MAWKIE","description":"Journal \u00c9lectronique Alg\u00e9rien","publisher":{"@id":"https:\/\/elmawkie.dz\/fr\/#organization"},"potentialAction":[{"@type":"SearchAction","target":{"@type":"EntryPoint","urlTemplate":"https:\/\/elmawkie.dz\/fr\/?s={search_term_string}"},"query-input":"required name=search_term_string"}],"inLanguage":"fr-FR"},{"@type":"Organization","@id":"https:\/\/elmawkie.dz\/fr\/#organization","name":"EL MAWKIE","url":"https:\/\/elmawkie.dz\/fr\/","logo":{"@type":"ImageObject","inLanguage":"fr-FR","@id":"https:\/\/elmawkie.dz\/fr\/#\/schema\/logo\/image\/","url":"https:\/\/elmawkie.dz\/fr\/wp-content\/uploads\/2024\/05\/logo1.png","contentUrl":"https:\/\/elmawkie.dz\/fr\/wp-content\/uploads\/2024\/05\/logo1.png","width":1648,"height":652,"caption":"EL MAWKIE"},"image":{"@id":"https:\/\/elmawkie.dz\/fr\/#\/schema\/logo\/image\/"},"sameAs":["https:\/\/www.facebook.com\/profile.php?id=100088407094989&locale=fr_FR"]},{"@type":"Person","@id":"https:\/\/elmawkie.dz\/fr\/#\/schema\/person\/e7bd59d6467874ba5c4723d8a9f0a63c","name":"R\u00e9daction","image":{"@type":"ImageObject","inLanguage":"fr-FR","@id":"https:\/\/elmawkie.dz\/fr\/#\/schema\/person\/image\/","url":"https:\/\/secure.gravatar.com\/avatar\/f0f773456344da4d2788c054a3d30a0c?s=96&d=mm&r=g","contentUrl":"https:\/\/secure.gravatar.com\/avatar\/f0f773456344da4d2788c054a3d30a0c?s=96&d=mm&r=g","caption":"R\u00e9daction"},"url":"https:\/\/elmawkie.dz\/fr\/author\/redaction\/"}]}},"_links":{"self":[{"href":"https:\/\/elmawkie.dz\/fr\/wp-json\/wp\/v2\/posts\/54060","targetHints":{"allow":["GET"]}}],"collection":[{"href":"https:\/\/elmawkie.dz\/fr\/wp-json\/wp\/v2\/posts"}],"about":[{"href":"https:\/\/elmawkie.dz\/fr\/wp-json\/wp\/v2\/types\/post"}],"author":[{"embeddable":true,"href":"https:\/\/elmawkie.dz\/fr\/wp-json\/wp\/v2\/users\/9"}],"replies":[{"embeddable":true,"href":"https:\/\/elmawkie.dz\/fr\/wp-json\/wp\/v2\/comments?post=54060"}],"version-history":[{"count":1,"href":"https:\/\/elmawkie.dz\/fr\/wp-json\/wp\/v2\/posts\/54060\/revisions"}],"predecessor-version":[{"id":54063,"href":"https:\/\/elmawkie.dz\/fr\/wp-json\/wp\/v2\/posts\/54060\/revisions\/54063"}],"wp:featuredmedia":[{"embeddable":true,"href":"https:\/\/elmawkie.dz\/fr\/wp-json\/wp\/v2\/media\/54062"}],"wp:attachment":[{"href":"https:\/\/elmawkie.dz\/fr\/wp-json\/wp\/v2\/media?parent=54060"}],"wp:term":[{"taxonomy":"category","embeddable":true,"href":"https:\/\/elmawkie.dz\/fr\/wp-json\/wp\/v2\/categories?post=54060"},{"taxonomy":"post_tag","embeddable":true,"href":"https:\/\/elmawkie.dz\/fr\/wp-json\/wp\/v2\/tags?post=54060"}],"curies":[{"name":"wp","href":"https:\/\/api.w.org\/{rel}","templated":true}]}}