{"id":53920,"date":"2025-07-17T23:01:04","date_gmt":"2025-07-17T22:01:04","guid":{"rendered":"https:\/\/elmawkie.dz\/fr\/?p=53920"},"modified":"2025-07-17T23:01:05","modified_gmt":"2025-07-17T22:01:05","slug":"68e-anniversaire-de-la-mort-du-chahid-mohamed-cherif-asfour-commemore-a-el-tarf","status":"publish","type":"post","link":"https:\/\/elmawkie.dz\/fr\/68e-anniversaire-de-la-mort-du-chahid-mohamed-cherif-asfour-commemore-a-el-tarf\/","title":{"rendered":"68e anniversaire de la mort du chahid Mohamed Cherif Asfour comm\u00e9mor\u00e9 \u00e0 El Tarf"},"content":{"rendered":"\n<p>La commune d\u2019Asfour (wilaya d\u2019El Tarf) a comm\u00e9mor\u00e9 jeudi apr\u00e8s-midi le 68\u00e8me anniversaire de la mort du chahid Mohamed Cherif Asfour (1928-1957) en pr\u00e9sence des autorit\u00e9s locales civiles et militaires, de moudjahidine et de citoyens. L\u2019occasion a donn\u00e9 lieu au recueillement \u00e0 la m\u00e9moire des chouhada, la lecture de la Fatiha et la lev\u00e9e du drapeau national au cimeti\u00e8re des martyrs de cette commune ainsi qu\u2019\u00e0 l\u2019\u00e9vocation du parcours de ce h\u00e9ros originaire de la r\u00e9gion de Bouchegouf (Guelma), tomb\u00e9 au champ d\u2019honneur le 17 juillet 1957 lors de la bataille du village Bendir, anciennement appel\u00e9 Merdas dans la commune d\u2019Asfour. Dans son allocution, le moudjahid Mohamed Bouhafs, repr\u00e9sentant du bureau de wilaya de l\u2019Organisation nationale des moudjahidine (ONM), a salu\u00e9 les qualit\u00e9s du chahid dont les multiples op\u00e9rations militaires avaient sem\u00e9 la panique au sein des troupes de l\u2019occupation fran\u00e7aise. L\u2019intervenant a relev\u00e9 que Mohamed Cherif Asfour \u00e9tait un patriotique irr\u00e9ductible qui avait rejoint les rangs de l\u2019Arm\u00e9e de lib\u00e9ration nationale (ALN) en 1955 en compagnie de ses deux fr\u00e8res Othmane et Omar. Le chahid a assum\u00e9 plusieurs responsabilit\u00e9s dont celle de chef de groupe puis commandant de brigade et chef de zone \u00e0 B\u00e9ni Salah (wilaya d\u2019El Tarf), a-t-il ajout\u00e9 \u00e9voquant sa participation \u00e0 plusieurs batailles dont celle d\u2019El Djorf El Ahmar (Ain Saboune) en mars 1956 et du Djebel Koudia en 1957. L\u2019occasion vise, a-t-il encore ajout\u00e9, \u00e0 resserrer les liens entre les g\u00e9n\u00e9rations et \u00e0 rappeler aux jeunes les sacrifices de leurs a\u00efeuls pour en tirer des le\u00e7ons.<\/p>\n","protected":false},"excerpt":{"rendered":"<p>La commune d\u2019Asfour (wilaya d\u2019El Tarf) a comm\u00e9mor\u00e9 jeudi apr\u00e8s-midi le 68\u00e8me anniversaire de la mort du chahid Mohamed Cherif Asfour (1928-1957) en pr\u00e9sence des autorit\u00e9s locales civiles et militaires, de moudjahidine et de citoyens. L\u2019occasion a donn\u00e9 lieu au recueillement \u00e0 la m\u00e9moire des chouhada, la lecture de la Fatiha et la lev\u00e9e du &hellip;<\/p>\n","protected":false},"author":9,"featured_media":53922,"comment_status":"open","ping_status":"open","sticky":false,"template":"","format":"standard","meta":{"footnotes":""},"categories":[50],"tags":[4534,2358,4535],"class_list":["post-53920","post","type-post","status-publish","format-standard","has-post-thumbnail","hentry","category-region","tag-68eme-anniversaire","tag-el-tarf-2","tag-mohamed-cherif-asfour"],"yoast_head":"<!-- This site is optimized with the Yoast SEO Premium plugin v22.6 (Yoast SEO v22.6) - https:\/\/yoast.com\/wordpress\/plugins\/seo\/ -->\n<title>68e anniversaire de la mort du chahid Mohamed Cherif Asfour comm\u00e9mor\u00e9 \u00e0 El Tarf - El Mawkie<\/title>\n<meta name=\"robots\" content=\"index, follow, max-snippet:-1, max-image-preview:large, max-video-preview:-1\" \/>\n<link rel=\"canonical\" href=\"https:\/\/elmawkie.dz\/fr\/68e-anniversaire-de-la-mort-du-chahid-mohamed-cherif-asfour-commemore-a-el-tarf\/\" \/>\n<meta property=\"og:locale\" content=\"fr_FR\" \/>\n<meta property=\"og:type\" content=\"article\" \/>\n<meta property=\"og:title\" content=\"68e anniversaire de la mort du chahid Mohamed Cherif Asfour comm\u00e9mor\u00e9 \u00e0 El Tarf\" \/>\n<meta property=\"og:description\" content=\"La commune d\u2019Asfour (wilaya d\u2019El Tarf) a comm\u00e9mor\u00e9 jeudi apr\u00e8s-midi le 68\u00e8me anniversaire de la mort du chahid Mohamed Cherif Asfour (1928-1957) en pr\u00e9sence des autorit\u00e9s locales civiles et militaires, de moudjahidine et de citoyens. L\u2019occasion a donn\u00e9 lieu au recueillement \u00e0 la m\u00e9moire des chouhada, la lecture de la Fatiha et la lev\u00e9e du &hellip;\" \/>\n<meta property=\"og:url\" content=\"https:\/\/elmawkie.dz\/fr\/68e-anniversaire-de-la-mort-du-chahid-mohamed-cherif-asfour-commemore-a-el-tarf\/\" \/>\n<meta property=\"og:site_name\" content=\"El Mawkie\" \/>\n<meta property=\"article:publisher\" content=\"https:\/\/www.facebook.com\/profile.php?id=100088407094989&amp;locale=fr_FR\" \/>\n<meta property=\"article:published_time\" content=\"2025-07-17T22:01:04+00:00\" \/>\n<meta property=\"article:modified_time\" content=\"2025-07-17T22:01:05+00:00\" \/>\n<meta property=\"og:image\" content=\"https:\/\/elmawkie.dz\/fr\/wp-content\/uploads\/2025\/07\/IMG_0067.jpeg\" \/>\n\t<meta property=\"og:image:width\" content=\"1080\" \/>\n\t<meta property=\"og:image:height\" content=\"720\" \/>\n\t<meta property=\"og:image:type\" content=\"image\/jpeg\" \/>\n<meta name=\"author\" content=\"R\u00e9daction\" \/>\n<meta name=\"twitter:card\" content=\"summary_large_image\" \/>\n<meta name=\"twitter:label1\" content=\"Written by\" \/>\n\t<meta name=\"twitter:data1\" content=\"R\u00e9daction\" \/>\n\t<meta name=\"twitter:label2\" content=\"Est. reading time\" \/>\n\t<meta name=\"twitter:data2\" content=\"2 minutes\" \/>\n<script type=\"application\/ld+json\" class=\"yoast-schema-graph\">{\"@context\":\"https:\/\/schema.org\",\"@graph\":[{\"@type\":\"Article\",\"@id\":\"https:\/\/elmawkie.dz\/fr\/68e-anniversaire-de-la-mort-du-chahid-mohamed-cherif-asfour-commemore-a-el-tarf\/#article\",\"isPartOf\":{\"@id\":\"https:\/\/elmawkie.dz\/fr\/68e-anniversaire-de-la-mort-du-chahid-mohamed-cherif-asfour-commemore-a-el-tarf\/\"},\"author\":{\"name\":\"R\u00e9daction\",\"@id\":\"https:\/\/elmawkie.dz\/fr\/#\/schema\/person\/e7bd59d6467874ba5c4723d8a9f0a63c\"},\"headline\":\"68e anniversaire de la mort du chahid Mohamed Cherif Asfour comm\u00e9mor\u00e9 \u00e0 El Tarf\",\"datePublished\":\"2025-07-17T22:01:04+00:00\",\"dateModified\":\"2025-07-17T22:01:05+00:00\",\"mainEntityOfPage\":{\"@id\":\"https:\/\/elmawkie.dz\/fr\/68e-anniversaire-de-la-mort-du-chahid-mohamed-cherif-asfour-commemore-a-el-tarf\/\"},\"wordCount\":292,\"commentCount\":0,\"publisher\":{\"@id\":\"https:\/\/elmawkie.dz\/fr\/#organization\"},\"image\":{\"@id\":\"https:\/\/elmawkie.dz\/fr\/68e-anniversaire-de-la-mort-du-chahid-mohamed-cherif-asfour-commemore-a-el-tarf\/#primaryimage\"},\"thumbnailUrl\":\"https:\/\/elmawkie.dz\/fr\/wp-content\/uploads\/2025\/07\/IMG_0067.jpeg\",\"keywords\":[\"68\u00e8me anniversaire\",\"El Tarf\",\"Mohamed ch\u00e9rif asfour\"],\"articleSection\":[\"R\u00e9gion\"],\"inLanguage\":\"fr-FR\",\"potentialAction\":[{\"@type\":\"CommentAction\",\"name\":\"Comment\",\"target\":[\"https:\/\/elmawkie.dz\/fr\/68e-anniversaire-de-la-mort-du-chahid-mohamed-cherif-asfour-commemore-a-el-tarf\/#respond\"]}]},{\"@type\":\"WebPage\",\"@id\":\"https:\/\/elmawkie.dz\/fr\/68e-anniversaire-de-la-mort-du-chahid-mohamed-cherif-asfour-commemore-a-el-tarf\/\",\"url\":\"https:\/\/elmawkie.dz\/fr\/68e-anniversaire-de-la-mort-du-chahid-mohamed-cherif-asfour-commemore-a-el-tarf\/\",\"name\":\"68e anniversaire de la mort du chahid Mohamed Cherif Asfour comm\u00e9mor\u00e9 \u00e0 El Tarf - El Mawkie\",\"isPartOf\":{\"@id\":\"https:\/\/elmawkie.dz\/fr\/#website\"},\"primaryImageOfPage\":{\"@id\":\"https:\/\/elmawkie.dz\/fr\/68e-anniversaire-de-la-mort-du-chahid-mohamed-cherif-asfour-commemore-a-el-tarf\/#primaryimage\"},\"image\":{\"@id\":\"https:\/\/elmawkie.dz\/fr\/68e-anniversaire-de-la-mort-du-chahid-mohamed-cherif-asfour-commemore-a-el-tarf\/#primaryimage\"},\"thumbnailUrl\":\"https:\/\/elmawkie.dz\/fr\/wp-content\/uploads\/2025\/07\/IMG_0067.jpeg\",\"datePublished\":\"2025-07-17T22:01:04+00:00\",\"dateModified\":\"2025-07-17T22:01:05+00:00\",\"breadcrumb\":{\"@id\":\"https:\/\/elmawkie.dz\/fr\/68e-anniversaire-de-la-mort-du-chahid-mohamed-cherif-asfour-commemore-a-el-tarf\/#breadcrumb\"},\"inLanguage\":\"fr-FR\",\"potentialAction\":[{\"@type\":\"ReadAction\",\"target\":[\"https:\/\/elmawkie.dz\/fr\/68e-anniversaire-de-la-mort-du-chahid-mohamed-cherif-asfour-commemore-a-el-tarf\/\"]}]},{\"@type\":\"ImageObject\",\"inLanguage\":\"fr-FR\",\"@id\":\"https:\/\/elmawkie.dz\/fr\/68e-anniversaire-de-la-mort-du-chahid-mohamed-cherif-asfour-commemore-a-el-tarf\/#primaryimage\",\"url\":\"https:\/\/elmawkie.dz\/fr\/wp-content\/uploads\/2025\/07\/IMG_0067.jpeg\",\"contentUrl\":\"https:\/\/elmawkie.dz\/fr\/wp-content\/uploads\/2025\/07\/IMG_0067.jpeg\",\"width\":1080,\"height\":720},{\"@type\":\"BreadcrumbList\",\"@id\":\"https:\/\/elmawkie.dz\/fr\/68e-anniversaire-de-la-mort-du-chahid-mohamed-cherif-asfour-commemore-a-el-tarf\/#breadcrumb\",\"itemListElement\":[{\"@type\":\"ListItem\",\"position\":1,\"name\":\"Home\",\"item\":\"https:\/\/elmawkie.dz\/fr\/\"},{\"@type\":\"ListItem\",\"position\":2,\"name\":\"68e anniversaire de la mort du chahid Mohamed Cherif Asfour comm\u00e9mor\u00e9 \u00e0 El Tarf\"}]},{\"@type\":\"WebSite\",\"@id\":\"https:\/\/elmawkie.dz\/fr\/#website\",\"url\":\"https:\/\/elmawkie.dz\/fr\/\",\"name\":\"EL MAWKIE\",\"description\":\"Journal \u00c9lectronique Alg\u00e9rien\",\"publisher\":{\"@id\":\"https:\/\/elmawkie.dz\/fr\/#organization\"},\"potentialAction\":[{\"@type\":\"SearchAction\",\"target\":{\"@type\":\"EntryPoint\",\"urlTemplate\":\"https:\/\/elmawkie.dz\/fr\/?s={search_term_string}\"},\"query-input\":\"required name=search_term_string\"}],\"inLanguage\":\"fr-FR\"},{\"@type\":\"Organization\",\"@id\":\"https:\/\/elmawkie.dz\/fr\/#organization\",\"name\":\"EL MAWKIE\",\"url\":\"https:\/\/elmawkie.dz\/fr\/\",\"logo\":{\"@type\":\"ImageObject\",\"inLanguage\":\"fr-FR\",\"@id\":\"https:\/\/elmawkie.dz\/fr\/#\/schema\/logo\/image\/\",\"url\":\"https:\/\/elmawkie.dz\/fr\/wp-content\/uploads\/2024\/05\/logo1.png\",\"contentUrl\":\"https:\/\/elmawkie.dz\/fr\/wp-content\/uploads\/2024\/05\/logo1.png\",\"width\":1648,\"height\":652,\"caption\":\"EL MAWKIE\"},\"image\":{\"@id\":\"https:\/\/elmawkie.dz\/fr\/#\/schema\/logo\/image\/\"},\"sameAs\":[\"https:\/\/www.facebook.com\/profile.php?id=100088407094989&locale=fr_FR\"]},{\"@type\":\"Person\",\"@id\":\"https:\/\/elmawkie.dz\/fr\/#\/schema\/person\/e7bd59d6467874ba5c4723d8a9f0a63c\",\"name\":\"R\u00e9daction\",\"image\":{\"@type\":\"ImageObject\",\"inLanguage\":\"fr-FR\",\"@id\":\"https:\/\/elmawkie.dz\/fr\/#\/schema\/person\/image\/\",\"url\":\"https:\/\/secure.gravatar.com\/avatar\/f0f773456344da4d2788c054a3d30a0c?s=96&d=mm&r=g\",\"contentUrl\":\"https:\/\/secure.gravatar.com\/avatar\/f0f773456344da4d2788c054a3d30a0c?s=96&d=mm&r=g\",\"caption\":\"R\u00e9daction\"},\"url\":\"https:\/\/elmawkie.dz\/fr\/author\/redaction\/\"}]}<\/script>\n<!-- \/ Yoast SEO Premium plugin. -->","yoast_head_json":{"title":"68e anniversaire de la mort du chahid Mohamed Cherif Asfour comm\u00e9mor\u00e9 \u00e0 El Tarf - El Mawkie","robots":{"index":"index","follow":"follow","max-snippet":"max-snippet:-1","max-image-preview":"max-image-preview:large","max-video-preview":"max-video-preview:-1"},"canonical":"https:\/\/elmawkie.dz\/fr\/68e-anniversaire-de-la-mort-du-chahid-mohamed-cherif-asfour-commemore-a-el-tarf\/","og_locale":"fr_FR","og_type":"article","og_title":"68e anniversaire de la mort du chahid Mohamed Cherif Asfour comm\u00e9mor\u00e9 \u00e0 El Tarf","og_description":"La commune d\u2019Asfour (wilaya d\u2019El Tarf) a comm\u00e9mor\u00e9 jeudi apr\u00e8s-midi le 68\u00e8me anniversaire de la mort du chahid Mohamed Cherif Asfour (1928-1957) en pr\u00e9sence des autorit\u00e9s locales civiles et militaires, de moudjahidine et de citoyens. L\u2019occasion a donn\u00e9 lieu au recueillement \u00e0 la m\u00e9moire des chouhada, la lecture de la Fatiha et la lev\u00e9e du &hellip;","og_url":"https:\/\/elmawkie.dz\/fr\/68e-anniversaire-de-la-mort-du-chahid-mohamed-cherif-asfour-commemore-a-el-tarf\/","og_site_name":"El Mawkie","article_publisher":"https:\/\/www.facebook.com\/profile.php?id=100088407094989&locale=fr_FR","article_published_time":"2025-07-17T22:01:04+00:00","article_modified_time":"2025-07-17T22:01:05+00:00","og_image":[{"width":1080,"height":720,"url":"https:\/\/elmawkie.dz\/fr\/wp-content\/uploads\/2025\/07\/IMG_0067.jpeg","type":"image\/jpeg"}],"author":"R\u00e9daction","twitter_card":"summary_large_image","twitter_misc":{"Written by":"R\u00e9daction","Est. reading time":"2 minutes"},"schema":{"@context":"https:\/\/schema.org","@graph":[{"@type":"Article","@id":"https:\/\/elmawkie.dz\/fr\/68e-anniversaire-de-la-mort-du-chahid-mohamed-cherif-asfour-commemore-a-el-tarf\/#article","isPartOf":{"@id":"https:\/\/elmawkie.dz\/fr\/68e-anniversaire-de-la-mort-du-chahid-mohamed-cherif-asfour-commemore-a-el-tarf\/"},"author":{"name":"R\u00e9daction","@id":"https:\/\/elmawkie.dz\/fr\/#\/schema\/person\/e7bd59d6467874ba5c4723d8a9f0a63c"},"headline":"68e anniversaire de la mort du chahid Mohamed Cherif Asfour comm\u00e9mor\u00e9 \u00e0 El Tarf","datePublished":"2025-07-17T22:01:04+00:00","dateModified":"2025-07-17T22:01:05+00:00","mainEntityOfPage":{"@id":"https:\/\/elmawkie.dz\/fr\/68e-anniversaire-de-la-mort-du-chahid-mohamed-cherif-asfour-commemore-a-el-tarf\/"},"wordCount":292,"commentCount":0,"publisher":{"@id":"https:\/\/elmawkie.dz\/fr\/#organization"},"image":{"@id":"https:\/\/elmawkie.dz\/fr\/68e-anniversaire-de-la-mort-du-chahid-mohamed-cherif-asfour-commemore-a-el-tarf\/#primaryimage"},"thumbnailUrl":"https:\/\/elmawkie.dz\/fr\/wp-content\/uploads\/2025\/07\/IMG_0067.jpeg","keywords":["68\u00e8me anniversaire","El Tarf","Mohamed ch\u00e9rif asfour"],"articleSection":["R\u00e9gion"],"inLanguage":"fr-FR","potentialAction":[{"@type":"CommentAction","name":"Comment","target":["https:\/\/elmawkie.dz\/fr\/68e-anniversaire-de-la-mort-du-chahid-mohamed-cherif-asfour-commemore-a-el-tarf\/#respond"]}]},{"@type":"WebPage","@id":"https:\/\/elmawkie.dz\/fr\/68e-anniversaire-de-la-mort-du-chahid-mohamed-cherif-asfour-commemore-a-el-tarf\/","url":"https:\/\/elmawkie.dz\/fr\/68e-anniversaire-de-la-mort-du-chahid-mohamed-cherif-asfour-commemore-a-el-tarf\/","name":"68e anniversaire de la mort du chahid Mohamed Cherif Asfour comm\u00e9mor\u00e9 \u00e0 El Tarf - El Mawkie","isPartOf":{"@id":"https:\/\/elmawkie.dz\/fr\/#website"},"primaryImageOfPage":{"@id":"https:\/\/elmawkie.dz\/fr\/68e-anniversaire-de-la-mort-du-chahid-mohamed-cherif-asfour-commemore-a-el-tarf\/#primaryimage"},"image":{"@id":"https:\/\/elmawkie.dz\/fr\/68e-anniversaire-de-la-mort-du-chahid-mohamed-cherif-asfour-commemore-a-el-tarf\/#primaryimage"},"thumbnailUrl":"https:\/\/elmawkie.dz\/fr\/wp-content\/uploads\/2025\/07\/IMG_0067.jpeg","datePublished":"2025-07-17T22:01:04+00:00","dateModified":"2025-07-17T22:01:05+00:00","breadcrumb":{"@id":"https:\/\/elmawkie.dz\/fr\/68e-anniversaire-de-la-mort-du-chahid-mohamed-cherif-asfour-commemore-a-el-tarf\/#breadcrumb"},"inLanguage":"fr-FR","potentialAction":[{"@type":"ReadAction","target":["https:\/\/elmawkie.dz\/fr\/68e-anniversaire-de-la-mort-du-chahid-mohamed-cherif-asfour-commemore-a-el-tarf\/"]}]},{"@type":"ImageObject","inLanguage":"fr-FR","@id":"https:\/\/elmawkie.dz\/fr\/68e-anniversaire-de-la-mort-du-chahid-mohamed-cherif-asfour-commemore-a-el-tarf\/#primaryimage","url":"https:\/\/elmawkie.dz\/fr\/wp-content\/uploads\/2025\/07\/IMG_0067.jpeg","contentUrl":"https:\/\/elmawkie.dz\/fr\/wp-content\/uploads\/2025\/07\/IMG_0067.jpeg","width":1080,"height":720},{"@type":"BreadcrumbList","@id":"https:\/\/elmawkie.dz\/fr\/68e-anniversaire-de-la-mort-du-chahid-mohamed-cherif-asfour-commemore-a-el-tarf\/#breadcrumb","itemListElement":[{"@type":"ListItem","position":1,"name":"Home","item":"https:\/\/elmawkie.dz\/fr\/"},{"@type":"ListItem","position":2,"name":"68e anniversaire de la mort du chahid Mohamed Cherif Asfour comm\u00e9mor\u00e9 \u00e0 El Tarf"}]},{"@type":"WebSite","@id":"https:\/\/elmawkie.dz\/fr\/#website","url":"https:\/\/elmawkie.dz\/fr\/","name":"EL MAWKIE","description":"Journal \u00c9lectronique Alg\u00e9rien","publisher":{"@id":"https:\/\/elmawkie.dz\/fr\/#organization"},"potentialAction":[{"@type":"SearchAction","target":{"@type":"EntryPoint","urlTemplate":"https:\/\/elmawkie.dz\/fr\/?s={search_term_string}"},"query-input":"required name=search_term_string"}],"inLanguage":"fr-FR"},{"@type":"Organization","@id":"https:\/\/elmawkie.dz\/fr\/#organization","name":"EL MAWKIE","url":"https:\/\/elmawkie.dz\/fr\/","logo":{"@type":"ImageObject","inLanguage":"fr-FR","@id":"https:\/\/elmawkie.dz\/fr\/#\/schema\/logo\/image\/","url":"https:\/\/elmawkie.dz\/fr\/wp-content\/uploads\/2024\/05\/logo1.png","contentUrl":"https:\/\/elmawkie.dz\/fr\/wp-content\/uploads\/2024\/05\/logo1.png","width":1648,"height":652,"caption":"EL MAWKIE"},"image":{"@id":"https:\/\/elmawkie.dz\/fr\/#\/schema\/logo\/image\/"},"sameAs":["https:\/\/www.facebook.com\/profile.php?id=100088407094989&locale=fr_FR"]},{"@type":"Person","@id":"https:\/\/elmawkie.dz\/fr\/#\/schema\/person\/e7bd59d6467874ba5c4723d8a9f0a63c","name":"R\u00e9daction","image":{"@type":"ImageObject","inLanguage":"fr-FR","@id":"https:\/\/elmawkie.dz\/fr\/#\/schema\/person\/image\/","url":"https:\/\/secure.gravatar.com\/avatar\/f0f773456344da4d2788c054a3d30a0c?s=96&d=mm&r=g","contentUrl":"https:\/\/secure.gravatar.com\/avatar\/f0f773456344da4d2788c054a3d30a0c?s=96&d=mm&r=g","caption":"R\u00e9daction"},"url":"https:\/\/elmawkie.dz\/fr\/author\/redaction\/"}]}},"_links":{"self":[{"href":"https:\/\/elmawkie.dz\/fr\/wp-json\/wp\/v2\/posts\/53920","targetHints":{"allow":["GET"]}}],"collection":[{"href":"https:\/\/elmawkie.dz\/fr\/wp-json\/wp\/v2\/posts"}],"about":[{"href":"https:\/\/elmawkie.dz\/fr\/wp-json\/wp\/v2\/types\/post"}],"author":[{"embeddable":true,"href":"https:\/\/elmawkie.dz\/fr\/wp-json\/wp\/v2\/users\/9"}],"replies":[{"embeddable":true,"href":"https:\/\/elmawkie.dz\/fr\/wp-json\/wp\/v2\/comments?post=53920"}],"version-history":[{"count":1,"href":"https:\/\/elmawkie.dz\/fr\/wp-json\/wp\/v2\/posts\/53920\/revisions"}],"predecessor-version":[{"id":53923,"href":"https:\/\/elmawkie.dz\/fr\/wp-json\/wp\/v2\/posts\/53920\/revisions\/53923"}],"wp:featuredmedia":[{"embeddable":true,"href":"https:\/\/elmawkie.dz\/fr\/wp-json\/wp\/v2\/media\/53922"}],"wp:attachment":[{"href":"https:\/\/elmawkie.dz\/fr\/wp-json\/wp\/v2\/media?parent=53920"}],"wp:term":[{"taxonomy":"category","embeddable":true,"href":"https:\/\/elmawkie.dz\/fr\/wp-json\/wp\/v2\/categories?post=53920"},{"taxonomy":"post_tag","embeddable":true,"href":"https:\/\/elmawkie.dz\/fr\/wp-json\/wp\/v2\/tags?post=53920"}],"curies":[{"name":"wp","href":"https:\/\/api.w.org\/{rel}","templated":true}]}}