{"id":5378,"date":"2024-10-03T08:18:40","date_gmt":"2024-10-03T07:18:40","guid":{"rendered":"https:\/\/elmawkie.dz\/fr\/?p=5378"},"modified":"2024-10-03T08:18:40","modified_gmt":"2024-10-03T07:18:40","slug":"proche-orient-le-chef-de-lonu-fustige-une-escalade-ecoeurante","status":"publish","type":"post","link":"https:\/\/elmawkie.dz\/fr\/proche-orient-le-chef-de-lonu-fustige-une-escalade-ecoeurante\/","title":{"rendered":"Proche-Orient: le chef de l\u2019ONU fustige une escalade \u00ab\u00e9c\u0153urante\u00bb"},"content":{"rendered":"<p><em>Le secr\u00e9taire g\u00e9n\u00e9ral de l&rsquo;ONU, Antonio Guterres a fustig\u00e9 mercredi devant le Conseil de s\u00e9curit\u00e9 \u00ab\u00a0le cycle \u00e9coeurant\u00a0\u00bb de violences dans un Proche-Orient au bord du \u00ab\u00a0pr\u00e9cipice\u00a0\u00bb. Devant les 15 Etats membres du Conseil r\u00e9unis en urgence, M. Guterres qui n&rsquo;a eu de cesse, lors de l&rsquo;Assembl\u00e9e g\u00e9n\u00e9rale la semaine derni\u00e8re, de tirer la sonnette d&rsquo;alarme sur le risque de \u00ab\u00a0guerre totale\u00a0\u00bb au Proche-Orient, a exig\u00e9 de \u00ab\u00a0mettre fin au cycle \u00e9coeurant d&rsquo;escalade apr\u00e8s escalade qui conduit les peuples du Moyen-Orient directement au bord du pr\u00e9cipice\u00a0\u00bb. \u00ab\u00a0Chaque escalade sert de pr\u00e9texte \u00e0 la suivante\u00a0\u00bb et \u00ab\u00a0nous ne devons jamais perdre de vue l&rsquo;\u00e9norme bilan du conflit sur les civils\u00a0\u00bb, a-t-il d\u00e9plor\u00e9, apr\u00e8s des dizaines de milliers de morts et bless\u00e9s depuis un an. Antonio Guterres a encore r\u00e9clam\u00e9 la fin du \u00ab\u00a0cycle meurtrier de la violence +oeil pour oeil, dent pour dent+\u00a0\u00bb, s&rsquo;attirant le soutien de la plupart des membres du Conseil de s\u00e9curit\u00e9, l&rsquo;organe-phare de l&rsquo;ONU mais divis\u00e9 depuis une d\u00e9cennie entre les cinq grandes puissances: Etats-Unis, France et Royaume-Uni d&rsquo;un c\u00f4t\u00e9, Russie et Chine de l&rsquo;autre.<\/em><\/p>\n","protected":false},"excerpt":{"rendered":"<p>Le secr\u00e9taire g\u00e9n\u00e9ral de l&rsquo;ONU, Antonio Guterres a fustig\u00e9 mercredi devant le Conseil de s\u00e9curit\u00e9 \u00ab\u00a0le cycle \u00e9coeurant\u00a0\u00bb de violences dans un Proche-Orient au bord du \u00ab\u00a0pr\u00e9cipice\u00a0\u00bb. Devant les 15 Etats membres du Conseil r\u00e9unis en urgence, M. Guterres qui n&rsquo;a eu de cesse, lors de l&rsquo;Assembl\u00e9e g\u00e9n\u00e9rale la semaine derni\u00e8re, de tirer la sonnette &hellip;<\/p>\n","protected":false},"author":9,"featured_media":5379,"comment_status":"open","ping_status":"open","sticky":false,"template":"","format":"standard","meta":{"footnotes":""},"categories":[44],"tags":[697,817,816],"class_list":["post-5378","post","type-post","status-publish","format-standard","has-post-thumbnail","hentry","category-international","tag-antonio-guterres","tag-le-chef-de-lonu","tag-proche-orient"],"yoast_head":"<!-- This site is optimized with the Yoast SEO Premium plugin v22.6 (Yoast SEO v22.6) - https:\/\/yoast.com\/wordpress\/plugins\/seo\/ -->\n<title>Proche-Orient: le chef de l\u2019ONU fustige une escalade \u00ab\u00e9c\u0153urante\u00bb - El Mawkie<\/title>\n<meta name=\"robots\" content=\"index, follow, max-snippet:-1, max-image-preview:large, max-video-preview:-1\" \/>\n<link rel=\"canonical\" href=\"https:\/\/elmawkie.dz\/fr\/proche-orient-le-chef-de-lonu-fustige-une-escalade-ecoeurante\/\" \/>\n<meta property=\"og:locale\" content=\"fr_FR\" \/>\n<meta property=\"og:type\" content=\"article\" \/>\n<meta property=\"og:title\" content=\"Proche-Orient: le chef de l\u2019ONU fustige une escalade \u00ab\u00e9c\u0153urante\u00bb\" \/>\n<meta property=\"og:description\" content=\"Le secr\u00e9taire g\u00e9n\u00e9ral de l&rsquo;ONU, Antonio Guterres a fustig\u00e9 mercredi devant le Conseil de s\u00e9curit\u00e9 \u00ab\u00a0le cycle \u00e9coeurant\u00a0\u00bb de violences dans un Proche-Orient au bord du \u00ab\u00a0pr\u00e9cipice\u00a0\u00bb. Devant les 15 Etats membres du Conseil r\u00e9unis en urgence, M. Guterres qui n&rsquo;a eu de cesse, lors de l&rsquo;Assembl\u00e9e g\u00e9n\u00e9rale la semaine derni\u00e8re, de tirer la sonnette &hellip;\" \/>\n<meta property=\"og:url\" content=\"https:\/\/elmawkie.dz\/fr\/proche-orient-le-chef-de-lonu-fustige-une-escalade-ecoeurante\/\" \/>\n<meta property=\"og:site_name\" content=\"El Mawkie\" \/>\n<meta property=\"article:publisher\" content=\"https:\/\/www.facebook.com\/profile.php?id=100088407094989&amp;locale=fr_FR\" \/>\n<meta property=\"article:published_time\" content=\"2024-10-03T07:18:40+00:00\" \/>\n<meta property=\"og:image\" content=\"https:\/\/elmawkie.dz\/fr\/wp-content\/uploads\/2024\/10\/IMG_2734.jpeg\" \/>\n\t<meta property=\"og:image:width\" content=\"480\" \/>\n\t<meta property=\"og:image:height\" content=\"270\" \/>\n\t<meta property=\"og:image:type\" content=\"image\/jpeg\" \/>\n<meta name=\"author\" content=\"R\u00e9daction\" \/>\n<meta name=\"twitter:card\" content=\"summary_large_image\" \/>\n<meta name=\"twitter:label1\" content=\"Written by\" \/>\n\t<meta name=\"twitter:data1\" content=\"R\u00e9daction\" \/>\n\t<meta name=\"twitter:label2\" content=\"Est. reading time\" \/>\n\t<meta name=\"twitter:data2\" content=\"1 minute\" \/>\n<script type=\"application\/ld+json\" class=\"yoast-schema-graph\">{\"@context\":\"https:\/\/schema.org\",\"@graph\":[{\"@type\":\"Article\",\"@id\":\"https:\/\/elmawkie.dz\/fr\/proche-orient-le-chef-de-lonu-fustige-une-escalade-ecoeurante\/#article\",\"isPartOf\":{\"@id\":\"https:\/\/elmawkie.dz\/fr\/proche-orient-le-chef-de-lonu-fustige-une-escalade-ecoeurante\/\"},\"author\":{\"name\":\"R\u00e9daction\",\"@id\":\"https:\/\/elmawkie.dz\/fr\/#\/schema\/person\/e7bd59d6467874ba5c4723d8a9f0a63c\"},\"headline\":\"Proche-Orient: le chef de l\u2019ONU fustige une escalade \u00ab\u00e9c\u0153urante\u00bb\",\"datePublished\":\"2024-10-03T07:18:40+00:00\",\"dateModified\":\"2024-10-03T07:18:40+00:00\",\"mainEntityOfPage\":{\"@id\":\"https:\/\/elmawkie.dz\/fr\/proche-orient-le-chef-de-lonu-fustige-une-escalade-ecoeurante\/\"},\"wordCount\":218,\"commentCount\":0,\"publisher\":{\"@id\":\"https:\/\/elmawkie.dz\/fr\/#organization\"},\"image\":{\"@id\":\"https:\/\/elmawkie.dz\/fr\/proche-orient-le-chef-de-lonu-fustige-une-escalade-ecoeurante\/#primaryimage\"},\"thumbnailUrl\":\"https:\/\/elmawkie.dz\/fr\/wp-content\/uploads\/2024\/10\/IMG_2734.jpeg\",\"keywords\":[\"Antonio Guterres\",\"le chef de l\u2019ONU\",\"Proche-Orient\"],\"articleSection\":[\"International\"],\"inLanguage\":\"fr-FR\",\"potentialAction\":[{\"@type\":\"CommentAction\",\"name\":\"Comment\",\"target\":[\"https:\/\/elmawkie.dz\/fr\/proche-orient-le-chef-de-lonu-fustige-une-escalade-ecoeurante\/#respond\"]}]},{\"@type\":\"WebPage\",\"@id\":\"https:\/\/elmawkie.dz\/fr\/proche-orient-le-chef-de-lonu-fustige-une-escalade-ecoeurante\/\",\"url\":\"https:\/\/elmawkie.dz\/fr\/proche-orient-le-chef-de-lonu-fustige-une-escalade-ecoeurante\/\",\"name\":\"Proche-Orient: le chef de l\u2019ONU fustige une escalade \u00ab\u00e9c\u0153urante\u00bb - El Mawkie\",\"isPartOf\":{\"@id\":\"https:\/\/elmawkie.dz\/fr\/#website\"},\"primaryImageOfPage\":{\"@id\":\"https:\/\/elmawkie.dz\/fr\/proche-orient-le-chef-de-lonu-fustige-une-escalade-ecoeurante\/#primaryimage\"},\"image\":{\"@id\":\"https:\/\/elmawkie.dz\/fr\/proche-orient-le-chef-de-lonu-fustige-une-escalade-ecoeurante\/#primaryimage\"},\"thumbnailUrl\":\"https:\/\/elmawkie.dz\/fr\/wp-content\/uploads\/2024\/10\/IMG_2734.jpeg\",\"datePublished\":\"2024-10-03T07:18:40+00:00\",\"dateModified\":\"2024-10-03T07:18:40+00:00\",\"breadcrumb\":{\"@id\":\"https:\/\/elmawkie.dz\/fr\/proche-orient-le-chef-de-lonu-fustige-une-escalade-ecoeurante\/#breadcrumb\"},\"inLanguage\":\"fr-FR\",\"potentialAction\":[{\"@type\":\"ReadAction\",\"target\":[\"https:\/\/elmawkie.dz\/fr\/proche-orient-le-chef-de-lonu-fustige-une-escalade-ecoeurante\/\"]}]},{\"@type\":\"ImageObject\",\"inLanguage\":\"fr-FR\",\"@id\":\"https:\/\/elmawkie.dz\/fr\/proche-orient-le-chef-de-lonu-fustige-une-escalade-ecoeurante\/#primaryimage\",\"url\":\"https:\/\/elmawkie.dz\/fr\/wp-content\/uploads\/2024\/10\/IMG_2734.jpeg\",\"contentUrl\":\"https:\/\/elmawkie.dz\/fr\/wp-content\/uploads\/2024\/10\/IMG_2734.jpeg\",\"width\":480,\"height\":270},{\"@type\":\"BreadcrumbList\",\"@id\":\"https:\/\/elmawkie.dz\/fr\/proche-orient-le-chef-de-lonu-fustige-une-escalade-ecoeurante\/#breadcrumb\",\"itemListElement\":[{\"@type\":\"ListItem\",\"position\":1,\"name\":\"Home\",\"item\":\"https:\/\/elmawkie.dz\/fr\/\"},{\"@type\":\"ListItem\",\"position\":2,\"name\":\"Proche-Orient: le chef de l\u2019ONU fustige une escalade \u00ab\u00e9c\u0153urante\u00bb\"}]},{\"@type\":\"WebSite\",\"@id\":\"https:\/\/elmawkie.dz\/fr\/#website\",\"url\":\"https:\/\/elmawkie.dz\/fr\/\",\"name\":\"EL MAWKIE\",\"description\":\"Journal \u00c9lectronique Alg\u00e9rien\",\"publisher\":{\"@id\":\"https:\/\/elmawkie.dz\/fr\/#organization\"},\"potentialAction\":[{\"@type\":\"SearchAction\",\"target\":{\"@type\":\"EntryPoint\",\"urlTemplate\":\"https:\/\/elmawkie.dz\/fr\/?s={search_term_string}\"},\"query-input\":\"required name=search_term_string\"}],\"inLanguage\":\"fr-FR\"},{\"@type\":\"Organization\",\"@id\":\"https:\/\/elmawkie.dz\/fr\/#organization\",\"name\":\"EL MAWKIE\",\"url\":\"https:\/\/elmawkie.dz\/fr\/\",\"logo\":{\"@type\":\"ImageObject\",\"inLanguage\":\"fr-FR\",\"@id\":\"https:\/\/elmawkie.dz\/fr\/#\/schema\/logo\/image\/\",\"url\":\"https:\/\/elmawkie.dz\/fr\/wp-content\/uploads\/2024\/05\/logo1.png\",\"contentUrl\":\"https:\/\/elmawkie.dz\/fr\/wp-content\/uploads\/2024\/05\/logo1.png\",\"width\":1648,\"height\":652,\"caption\":\"EL MAWKIE\"},\"image\":{\"@id\":\"https:\/\/elmawkie.dz\/fr\/#\/schema\/logo\/image\/\"},\"sameAs\":[\"https:\/\/www.facebook.com\/profile.php?id=100088407094989&locale=fr_FR\"]},{\"@type\":\"Person\",\"@id\":\"https:\/\/elmawkie.dz\/fr\/#\/schema\/person\/e7bd59d6467874ba5c4723d8a9f0a63c\",\"name\":\"R\u00e9daction\",\"image\":{\"@type\":\"ImageObject\",\"inLanguage\":\"fr-FR\",\"@id\":\"https:\/\/elmawkie.dz\/fr\/#\/schema\/person\/image\/\",\"url\":\"https:\/\/secure.gravatar.com\/avatar\/f0f773456344da4d2788c054a3d30a0c?s=96&d=mm&r=g\",\"contentUrl\":\"https:\/\/secure.gravatar.com\/avatar\/f0f773456344da4d2788c054a3d30a0c?s=96&d=mm&r=g\",\"caption\":\"R\u00e9daction\"},\"url\":\"https:\/\/elmawkie.dz\/fr\/author\/redaction\/\"}]}<\/script>\n<!-- \/ Yoast SEO Premium plugin. -->","yoast_head_json":{"title":"Proche-Orient: le chef de l\u2019ONU fustige une escalade \u00ab\u00e9c\u0153urante\u00bb - El Mawkie","robots":{"index":"index","follow":"follow","max-snippet":"max-snippet:-1","max-image-preview":"max-image-preview:large","max-video-preview":"max-video-preview:-1"},"canonical":"https:\/\/elmawkie.dz\/fr\/proche-orient-le-chef-de-lonu-fustige-une-escalade-ecoeurante\/","og_locale":"fr_FR","og_type":"article","og_title":"Proche-Orient: le chef de l\u2019ONU fustige une escalade \u00ab\u00e9c\u0153urante\u00bb","og_description":"Le secr\u00e9taire g\u00e9n\u00e9ral de l&rsquo;ONU, Antonio Guterres a fustig\u00e9 mercredi devant le Conseil de s\u00e9curit\u00e9 \u00ab\u00a0le cycle \u00e9coeurant\u00a0\u00bb de violences dans un Proche-Orient au bord du \u00ab\u00a0pr\u00e9cipice\u00a0\u00bb. Devant les 15 Etats membres du Conseil r\u00e9unis en urgence, M. Guterres qui n&rsquo;a eu de cesse, lors de l&rsquo;Assembl\u00e9e g\u00e9n\u00e9rale la semaine derni\u00e8re, de tirer la sonnette &hellip;","og_url":"https:\/\/elmawkie.dz\/fr\/proche-orient-le-chef-de-lonu-fustige-une-escalade-ecoeurante\/","og_site_name":"El Mawkie","article_publisher":"https:\/\/www.facebook.com\/profile.php?id=100088407094989&locale=fr_FR","article_published_time":"2024-10-03T07:18:40+00:00","og_image":[{"width":480,"height":270,"url":"https:\/\/elmawkie.dz\/fr\/wp-content\/uploads\/2024\/10\/IMG_2734.jpeg","type":"image\/jpeg"}],"author":"R\u00e9daction","twitter_card":"summary_large_image","twitter_misc":{"Written by":"R\u00e9daction","Est. reading time":"1 minute"},"schema":{"@context":"https:\/\/schema.org","@graph":[{"@type":"Article","@id":"https:\/\/elmawkie.dz\/fr\/proche-orient-le-chef-de-lonu-fustige-une-escalade-ecoeurante\/#article","isPartOf":{"@id":"https:\/\/elmawkie.dz\/fr\/proche-orient-le-chef-de-lonu-fustige-une-escalade-ecoeurante\/"},"author":{"name":"R\u00e9daction","@id":"https:\/\/elmawkie.dz\/fr\/#\/schema\/person\/e7bd59d6467874ba5c4723d8a9f0a63c"},"headline":"Proche-Orient: le chef de l\u2019ONU fustige une escalade \u00ab\u00e9c\u0153urante\u00bb","datePublished":"2024-10-03T07:18:40+00:00","dateModified":"2024-10-03T07:18:40+00:00","mainEntityOfPage":{"@id":"https:\/\/elmawkie.dz\/fr\/proche-orient-le-chef-de-lonu-fustige-une-escalade-ecoeurante\/"},"wordCount":218,"commentCount":0,"publisher":{"@id":"https:\/\/elmawkie.dz\/fr\/#organization"},"image":{"@id":"https:\/\/elmawkie.dz\/fr\/proche-orient-le-chef-de-lonu-fustige-une-escalade-ecoeurante\/#primaryimage"},"thumbnailUrl":"https:\/\/elmawkie.dz\/fr\/wp-content\/uploads\/2024\/10\/IMG_2734.jpeg","keywords":["Antonio Guterres","le chef de l\u2019ONU","Proche-Orient"],"articleSection":["International"],"inLanguage":"fr-FR","potentialAction":[{"@type":"CommentAction","name":"Comment","target":["https:\/\/elmawkie.dz\/fr\/proche-orient-le-chef-de-lonu-fustige-une-escalade-ecoeurante\/#respond"]}]},{"@type":"WebPage","@id":"https:\/\/elmawkie.dz\/fr\/proche-orient-le-chef-de-lonu-fustige-une-escalade-ecoeurante\/","url":"https:\/\/elmawkie.dz\/fr\/proche-orient-le-chef-de-lonu-fustige-une-escalade-ecoeurante\/","name":"Proche-Orient: le chef de l\u2019ONU fustige une escalade \u00ab\u00e9c\u0153urante\u00bb - El Mawkie","isPartOf":{"@id":"https:\/\/elmawkie.dz\/fr\/#website"},"primaryImageOfPage":{"@id":"https:\/\/elmawkie.dz\/fr\/proche-orient-le-chef-de-lonu-fustige-une-escalade-ecoeurante\/#primaryimage"},"image":{"@id":"https:\/\/elmawkie.dz\/fr\/proche-orient-le-chef-de-lonu-fustige-une-escalade-ecoeurante\/#primaryimage"},"thumbnailUrl":"https:\/\/elmawkie.dz\/fr\/wp-content\/uploads\/2024\/10\/IMG_2734.jpeg","datePublished":"2024-10-03T07:18:40+00:00","dateModified":"2024-10-03T07:18:40+00:00","breadcrumb":{"@id":"https:\/\/elmawkie.dz\/fr\/proche-orient-le-chef-de-lonu-fustige-une-escalade-ecoeurante\/#breadcrumb"},"inLanguage":"fr-FR","potentialAction":[{"@type":"ReadAction","target":["https:\/\/elmawkie.dz\/fr\/proche-orient-le-chef-de-lonu-fustige-une-escalade-ecoeurante\/"]}]},{"@type":"ImageObject","inLanguage":"fr-FR","@id":"https:\/\/elmawkie.dz\/fr\/proche-orient-le-chef-de-lonu-fustige-une-escalade-ecoeurante\/#primaryimage","url":"https:\/\/elmawkie.dz\/fr\/wp-content\/uploads\/2024\/10\/IMG_2734.jpeg","contentUrl":"https:\/\/elmawkie.dz\/fr\/wp-content\/uploads\/2024\/10\/IMG_2734.jpeg","width":480,"height":270},{"@type":"BreadcrumbList","@id":"https:\/\/elmawkie.dz\/fr\/proche-orient-le-chef-de-lonu-fustige-une-escalade-ecoeurante\/#breadcrumb","itemListElement":[{"@type":"ListItem","position":1,"name":"Home","item":"https:\/\/elmawkie.dz\/fr\/"},{"@type":"ListItem","position":2,"name":"Proche-Orient: le chef de l\u2019ONU fustige une escalade \u00ab\u00e9c\u0153urante\u00bb"}]},{"@type":"WebSite","@id":"https:\/\/elmawkie.dz\/fr\/#website","url":"https:\/\/elmawkie.dz\/fr\/","name":"EL MAWKIE","description":"Journal \u00c9lectronique Alg\u00e9rien","publisher":{"@id":"https:\/\/elmawkie.dz\/fr\/#organization"},"potentialAction":[{"@type":"SearchAction","target":{"@type":"EntryPoint","urlTemplate":"https:\/\/elmawkie.dz\/fr\/?s={search_term_string}"},"query-input":"required name=search_term_string"}],"inLanguage":"fr-FR"},{"@type":"Organization","@id":"https:\/\/elmawkie.dz\/fr\/#organization","name":"EL MAWKIE","url":"https:\/\/elmawkie.dz\/fr\/","logo":{"@type":"ImageObject","inLanguage":"fr-FR","@id":"https:\/\/elmawkie.dz\/fr\/#\/schema\/logo\/image\/","url":"https:\/\/elmawkie.dz\/fr\/wp-content\/uploads\/2024\/05\/logo1.png","contentUrl":"https:\/\/elmawkie.dz\/fr\/wp-content\/uploads\/2024\/05\/logo1.png","width":1648,"height":652,"caption":"EL MAWKIE"},"image":{"@id":"https:\/\/elmawkie.dz\/fr\/#\/schema\/logo\/image\/"},"sameAs":["https:\/\/www.facebook.com\/profile.php?id=100088407094989&locale=fr_FR"]},{"@type":"Person","@id":"https:\/\/elmawkie.dz\/fr\/#\/schema\/person\/e7bd59d6467874ba5c4723d8a9f0a63c","name":"R\u00e9daction","image":{"@type":"ImageObject","inLanguage":"fr-FR","@id":"https:\/\/elmawkie.dz\/fr\/#\/schema\/person\/image\/","url":"https:\/\/secure.gravatar.com\/avatar\/f0f773456344da4d2788c054a3d30a0c?s=96&d=mm&r=g","contentUrl":"https:\/\/secure.gravatar.com\/avatar\/f0f773456344da4d2788c054a3d30a0c?s=96&d=mm&r=g","caption":"R\u00e9daction"},"url":"https:\/\/elmawkie.dz\/fr\/author\/redaction\/"}]}},"_links":{"self":[{"href":"https:\/\/elmawkie.dz\/fr\/wp-json\/wp\/v2\/posts\/5378","targetHints":{"allow":["GET"]}}],"collection":[{"href":"https:\/\/elmawkie.dz\/fr\/wp-json\/wp\/v2\/posts"}],"about":[{"href":"https:\/\/elmawkie.dz\/fr\/wp-json\/wp\/v2\/types\/post"}],"author":[{"embeddable":true,"href":"https:\/\/elmawkie.dz\/fr\/wp-json\/wp\/v2\/users\/9"}],"replies":[{"embeddable":true,"href":"https:\/\/elmawkie.dz\/fr\/wp-json\/wp\/v2\/comments?post=5378"}],"version-history":[{"count":0,"href":"https:\/\/elmawkie.dz\/fr\/wp-json\/wp\/v2\/posts\/5378\/revisions"}],"wp:featuredmedia":[{"embeddable":true,"href":"https:\/\/elmawkie.dz\/fr\/wp-json\/wp\/v2\/media\/5379"}],"wp:attachment":[{"href":"https:\/\/elmawkie.dz\/fr\/wp-json\/wp\/v2\/media?parent=5378"}],"wp:term":[{"taxonomy":"category","embeddable":true,"href":"https:\/\/elmawkie.dz\/fr\/wp-json\/wp\/v2\/categories?post=5378"},{"taxonomy":"post_tag","embeddable":true,"href":"https:\/\/elmawkie.dz\/fr\/wp-json\/wp\/v2\/tags?post=5378"}],"curies":[{"name":"wp","href":"https:\/\/api.w.org\/{rel}","templated":true}]}}