{"id":53692,"date":"2025-07-12T19:14:06","date_gmt":"2025-07-12T18:14:06","guid":{"rendered":"https:\/\/elmawkie.dz\/fr\/?p=53692"},"modified":"2025-07-12T19:14:07","modified_gmt":"2025-07-12T18:14:07","slug":"oran-accueille-le-premier-groupe-denfants-de-la-diaspora-pour-les-colonies-dete-2025","status":"publish","type":"post","link":"https:\/\/elmawkie.dz\/fr\/oran-accueille-le-premier-groupe-denfants-de-la-diaspora-pour-les-colonies-dete-2025\/","title":{"rendered":"Oran accueille le premier groupe d\u2019enfants de la diaspora pour les colonies d\u2019\u00e9t\u00e9 2025\u202f"},"content":{"rendered":"\n<p><strong><em>Le wali d\u2019Oran, M. Samir Chaibani, a supervis\u00e9 ce samedi \u00e0 l\u2019a\u00e9roport international Ahmed Ben Bella l\u2019accueil du premier groupe d\u2019enfants de la communaut\u00e9 alg\u00e9rienne \u00e9tablie \u00e0 l\u2019\u00e9tranger, dans le cadre du programme national des colonies de vacances pour l\u2019\u00e9t\u00e9 2025.<\/em><\/strong><\/p>\n\n\n\n<p><strong><em>Ce groupe, compos\u00e9 de 61 enfants, s\u00e9journera \u00e0 la maison de jeunes de Cap Falcon. Cette initiative s\u2019inscrit dans la mise en \u0153uvre des instructions du pr\u00e9sident de la R\u00e9publique, M. Abdelmadjid Tebboune, visant \u00e0 renforcer les liens entre les jeunes g\u00e9n\u00e9rations issues de l\u2019\u00e9migration et leur pays d\u2019origine.<\/em><\/strong><\/p>\n\n\n\n<p><strong><em>Organis\u00e9e par le minist\u00e8re de la Jeunesse et des Sports, en coordination avec la Grande Mosqu\u00e9e de Paris et les autorit\u00e9s locales, cette op\u00e9ration traduit l\u2019engagement de l\u2019\u00c9tat \u00e0 offrir aux enfants de la diaspora un cadre \u00e9ducatif, culturel et r\u00e9cr\u00e9atif, afin de renforcer leur attachement \u00e0 l\u2019identit\u00e9 nationale, tout en leur permettant de d\u00e9couvrir les richesses patrimoniales et touristiques de la wilaya d\u2019Oran.<br><\/em><\/strong><br><em><strong>Il convient de noter que 2\u202f000 enfants de la diaspora seront accueillis pendant 24 jours dans des colonies de vacances, et r\u00e9partis entre les wilayas de Jijel, B\u00e9ja\u00efa, Boumerd\u00e8s et Mostaganem.<\/strong><\/em><br><\/p>\n\n\n\n<figure class=\"wp-block-video\"><video controls src=\"https:\/\/elmawkie.dz\/fr\/wp-content\/uploads\/2025\/07\/406f944b-00ac-4670-9d23-7c7a3caf70d9.mov\"><\/video><\/figure>\n","protected":false},"excerpt":{"rendered":"<p>Le wali d\u2019Oran, M. Samir Chaibani, a supervis\u00e9 ce samedi \u00e0 l\u2019a\u00e9roport international Ahmed Ben Bella l\u2019accueil du premier groupe d\u2019enfants de la communaut\u00e9 alg\u00e9rienne \u00e9tablie \u00e0 l\u2019\u00e9tranger, dans le cadre du programme national des colonies de vacances pour l\u2019\u00e9t\u00e9 2025. Ce groupe, compos\u00e9 de 61 enfants, s\u00e9journera \u00e0 la maison de jeunes de Cap &hellip;<\/p>\n","protected":false},"author":3,"featured_media":53696,"comment_status":"open","ping_status":"open","sticky":false,"template":"","format":"standard","meta":{"footnotes":""},"categories":[50],"tags":[88,3520,75],"class_list":["post-53692","post","type-post","status-publish","format-standard","has-post-thumbnail","hentry","category-region","tag-algerie","tag-la-diaspora-algerienne","tag-oran"],"yoast_head":"<!-- This site is optimized with the Yoast SEO Premium plugin v22.6 (Yoast SEO v22.6) - https:\/\/yoast.com\/wordpress\/plugins\/seo\/ -->\n<title>Oran accueille le premier groupe d\u2019enfants de la diaspora pour les colonies d\u2019\u00e9t\u00e9 2025\u202f - El Mawkie<\/title>\n<meta name=\"robots\" content=\"index, follow, max-snippet:-1, max-image-preview:large, max-video-preview:-1\" \/>\n<link rel=\"canonical\" href=\"https:\/\/elmawkie.dz\/fr\/oran-accueille-le-premier-groupe-denfants-de-la-diaspora-pour-les-colonies-dete-2025\/\" \/>\n<meta property=\"og:locale\" content=\"fr_FR\" \/>\n<meta property=\"og:type\" content=\"article\" \/>\n<meta property=\"og:title\" content=\"Oran accueille le premier groupe d\u2019enfants de la diaspora pour les colonies d\u2019\u00e9t\u00e9 2025\u202f\" \/>\n<meta property=\"og:description\" content=\"Le wali d\u2019Oran, M. Samir Chaibani, a supervis\u00e9 ce samedi \u00e0 l\u2019a\u00e9roport international Ahmed Ben Bella l\u2019accueil du premier groupe d\u2019enfants de la communaut\u00e9 alg\u00e9rienne \u00e9tablie \u00e0 l\u2019\u00e9tranger, dans le cadre du programme national des colonies de vacances pour l\u2019\u00e9t\u00e9 2025. Ce groupe, compos\u00e9 de 61 enfants, s\u00e9journera \u00e0 la maison de jeunes de Cap &hellip;\" \/>\n<meta property=\"og:url\" content=\"https:\/\/elmawkie.dz\/fr\/oran-accueille-le-premier-groupe-denfants-de-la-diaspora-pour-les-colonies-dete-2025\/\" \/>\n<meta property=\"og:site_name\" content=\"El Mawkie\" \/>\n<meta property=\"article:publisher\" content=\"https:\/\/www.facebook.com\/profile.php?id=100088407094989&amp;locale=fr_FR\" \/>\n<meta property=\"article:published_time\" content=\"2025-07-12T18:14:06+00:00\" \/>\n<meta property=\"article:modified_time\" content=\"2025-07-12T18:14:07+00:00\" \/>\n<meta property=\"og:image\" content=\"https:\/\/elmawkie.dz\/fr\/wp-content\/uploads\/2025\/07\/IMG_9685.jpeg\" \/>\n\t<meta property=\"og:image:width\" content=\"1080\" \/>\n\t<meta property=\"og:image:height\" content=\"720\" \/>\n\t<meta property=\"og:image:type\" content=\"image\/jpeg\" \/>\n<meta name=\"author\" content=\"Hamra Fouzia\" \/>\n<meta name=\"twitter:card\" content=\"summary_large_image\" \/>\n<meta name=\"twitter:label1\" content=\"Written by\" \/>\n\t<meta name=\"twitter:data1\" content=\"Hamra Fouzia\" \/>\n\t<meta name=\"twitter:label2\" content=\"Est. reading time\" \/>\n\t<meta name=\"twitter:data2\" content=\"2 minutes\" \/>\n<script type=\"application\/ld+json\" class=\"yoast-schema-graph\">{\"@context\":\"https:\/\/schema.org\",\"@graph\":[{\"@type\":\"Article\",\"@id\":\"https:\/\/elmawkie.dz\/fr\/oran-accueille-le-premier-groupe-denfants-de-la-diaspora-pour-les-colonies-dete-2025\/#article\",\"isPartOf\":{\"@id\":\"https:\/\/elmawkie.dz\/fr\/oran-accueille-le-premier-groupe-denfants-de-la-diaspora-pour-les-colonies-dete-2025\/\"},\"author\":{\"name\":\"Hamra Fouzia\",\"@id\":\"https:\/\/elmawkie.dz\/fr\/#\/schema\/person\/4ed8433201bc23634185d8dd37097c64\"},\"headline\":\"Oran accueille le premier groupe d\u2019enfants de la diaspora pour les colonies d\u2019\u00e9t\u00e9 2025\u202f\",\"datePublished\":\"2025-07-12T18:14:06+00:00\",\"dateModified\":\"2025-07-12T18:14:07+00:00\",\"mainEntityOfPage\":{\"@id\":\"https:\/\/elmawkie.dz\/fr\/oran-accueille-le-premier-groupe-denfants-de-la-diaspora-pour-les-colonies-dete-2025\/\"},\"wordCount\":222,\"commentCount\":0,\"publisher\":{\"@id\":\"https:\/\/elmawkie.dz\/fr\/#organization\"},\"image\":{\"@id\":\"https:\/\/elmawkie.dz\/fr\/oran-accueille-le-premier-groupe-denfants-de-la-diaspora-pour-les-colonies-dete-2025\/#primaryimage\"},\"thumbnailUrl\":\"https:\/\/elmawkie.dz\/fr\/wp-content\/uploads\/2025\/07\/IMG_9685.jpeg\",\"keywords\":[\"Alg\u00e9rie\",\"La diaspora alg\u00e9rienne\",\"Oran\"],\"articleSection\":[\"R\u00e9gion\"],\"inLanguage\":\"fr-FR\",\"potentialAction\":[{\"@type\":\"CommentAction\",\"name\":\"Comment\",\"target\":[\"https:\/\/elmawkie.dz\/fr\/oran-accueille-le-premier-groupe-denfants-de-la-diaspora-pour-les-colonies-dete-2025\/#respond\"]}]},{\"@type\":\"WebPage\",\"@id\":\"https:\/\/elmawkie.dz\/fr\/oran-accueille-le-premier-groupe-denfants-de-la-diaspora-pour-les-colonies-dete-2025\/\",\"url\":\"https:\/\/elmawkie.dz\/fr\/oran-accueille-le-premier-groupe-denfants-de-la-diaspora-pour-les-colonies-dete-2025\/\",\"name\":\"Oran accueille le premier groupe d\u2019enfants de la diaspora pour les colonies d\u2019\u00e9t\u00e9 2025\u202f - El Mawkie\",\"isPartOf\":{\"@id\":\"https:\/\/elmawkie.dz\/fr\/#website\"},\"primaryImageOfPage\":{\"@id\":\"https:\/\/elmawkie.dz\/fr\/oran-accueille-le-premier-groupe-denfants-de-la-diaspora-pour-les-colonies-dete-2025\/#primaryimage\"},\"image\":{\"@id\":\"https:\/\/elmawkie.dz\/fr\/oran-accueille-le-premier-groupe-denfants-de-la-diaspora-pour-les-colonies-dete-2025\/#primaryimage\"},\"thumbnailUrl\":\"https:\/\/elmawkie.dz\/fr\/wp-content\/uploads\/2025\/07\/IMG_9685.jpeg\",\"datePublished\":\"2025-07-12T18:14:06+00:00\",\"dateModified\":\"2025-07-12T18:14:07+00:00\",\"breadcrumb\":{\"@id\":\"https:\/\/elmawkie.dz\/fr\/oran-accueille-le-premier-groupe-denfants-de-la-diaspora-pour-les-colonies-dete-2025\/#breadcrumb\"},\"inLanguage\":\"fr-FR\",\"potentialAction\":[{\"@type\":\"ReadAction\",\"target\":[\"https:\/\/elmawkie.dz\/fr\/oran-accueille-le-premier-groupe-denfants-de-la-diaspora-pour-les-colonies-dete-2025\/\"]}]},{\"@type\":\"ImageObject\",\"inLanguage\":\"fr-FR\",\"@id\":\"https:\/\/elmawkie.dz\/fr\/oran-accueille-le-premier-groupe-denfants-de-la-diaspora-pour-les-colonies-dete-2025\/#primaryimage\",\"url\":\"https:\/\/elmawkie.dz\/fr\/wp-content\/uploads\/2025\/07\/IMG_9685.jpeg\",\"contentUrl\":\"https:\/\/elmawkie.dz\/fr\/wp-content\/uploads\/2025\/07\/IMG_9685.jpeg\",\"width\":1080,\"height\":720},{\"@type\":\"BreadcrumbList\",\"@id\":\"https:\/\/elmawkie.dz\/fr\/oran-accueille-le-premier-groupe-denfants-de-la-diaspora-pour-les-colonies-dete-2025\/#breadcrumb\",\"itemListElement\":[{\"@type\":\"ListItem\",\"position\":1,\"name\":\"Home\",\"item\":\"https:\/\/elmawkie.dz\/fr\/\"},{\"@type\":\"ListItem\",\"position\":2,\"name\":\"Oran accueille le premier groupe d\u2019enfants de la diaspora pour les colonies d\u2019\u00e9t\u00e9 2025\u202f\"}]},{\"@type\":\"WebSite\",\"@id\":\"https:\/\/elmawkie.dz\/fr\/#website\",\"url\":\"https:\/\/elmawkie.dz\/fr\/\",\"name\":\"EL MAWKIE\",\"description\":\"Journal \u00c9lectronique Alg\u00e9rien\",\"publisher\":{\"@id\":\"https:\/\/elmawkie.dz\/fr\/#organization\"},\"potentialAction\":[{\"@type\":\"SearchAction\",\"target\":{\"@type\":\"EntryPoint\",\"urlTemplate\":\"https:\/\/elmawkie.dz\/fr\/?s={search_term_string}\"},\"query-input\":\"required name=search_term_string\"}],\"inLanguage\":\"fr-FR\"},{\"@type\":\"Organization\",\"@id\":\"https:\/\/elmawkie.dz\/fr\/#organization\",\"name\":\"EL MAWKIE\",\"url\":\"https:\/\/elmawkie.dz\/fr\/\",\"logo\":{\"@type\":\"ImageObject\",\"inLanguage\":\"fr-FR\",\"@id\":\"https:\/\/elmawkie.dz\/fr\/#\/schema\/logo\/image\/\",\"url\":\"https:\/\/elmawkie.dz\/fr\/wp-content\/uploads\/2024\/05\/logo1.png\",\"contentUrl\":\"https:\/\/elmawkie.dz\/fr\/wp-content\/uploads\/2024\/05\/logo1.png\",\"width\":1648,\"height\":652,\"caption\":\"EL MAWKIE\"},\"image\":{\"@id\":\"https:\/\/elmawkie.dz\/fr\/#\/schema\/logo\/image\/\"},\"sameAs\":[\"https:\/\/www.facebook.com\/profile.php?id=100088407094989&locale=fr_FR\"]},{\"@type\":\"Person\",\"@id\":\"https:\/\/elmawkie.dz\/fr\/#\/schema\/person\/4ed8433201bc23634185d8dd37097c64\",\"name\":\"Hamra Fouzia\",\"image\":{\"@type\":\"ImageObject\",\"inLanguage\":\"fr-FR\",\"@id\":\"https:\/\/elmawkie.dz\/fr\/#\/schema\/person\/image\/\",\"url\":\"https:\/\/secure.gravatar.com\/avatar\/ea215268aad51f3219f9a59227db6fa1?s=96&d=mm&r=g\",\"contentUrl\":\"https:\/\/secure.gravatar.com\/avatar\/ea215268aad51f3219f9a59227db6fa1?s=96&d=mm&r=g\",\"caption\":\"Hamra Fouzia\"},\"sameAs\":[\"https:\/\/elmawkie.dz\/fr\"],\"url\":\"https:\/\/elmawkie.dz\/fr\/author\/elmawkie\/\"}]}<\/script>\n<!-- \/ Yoast SEO Premium plugin. -->","yoast_head_json":{"title":"Oran accueille le premier groupe d\u2019enfants de la diaspora pour les colonies d\u2019\u00e9t\u00e9 2025\u202f - El Mawkie","robots":{"index":"index","follow":"follow","max-snippet":"max-snippet:-1","max-image-preview":"max-image-preview:large","max-video-preview":"max-video-preview:-1"},"canonical":"https:\/\/elmawkie.dz\/fr\/oran-accueille-le-premier-groupe-denfants-de-la-diaspora-pour-les-colonies-dete-2025\/","og_locale":"fr_FR","og_type":"article","og_title":"Oran accueille le premier groupe d\u2019enfants de la diaspora pour les colonies d\u2019\u00e9t\u00e9 2025\u202f","og_description":"Le wali d\u2019Oran, M. Samir Chaibani, a supervis\u00e9 ce samedi \u00e0 l\u2019a\u00e9roport international Ahmed Ben Bella l\u2019accueil du premier groupe d\u2019enfants de la communaut\u00e9 alg\u00e9rienne \u00e9tablie \u00e0 l\u2019\u00e9tranger, dans le cadre du programme national des colonies de vacances pour l\u2019\u00e9t\u00e9 2025. Ce groupe, compos\u00e9 de 61 enfants, s\u00e9journera \u00e0 la maison de jeunes de Cap &hellip;","og_url":"https:\/\/elmawkie.dz\/fr\/oran-accueille-le-premier-groupe-denfants-de-la-diaspora-pour-les-colonies-dete-2025\/","og_site_name":"El Mawkie","article_publisher":"https:\/\/www.facebook.com\/profile.php?id=100088407094989&locale=fr_FR","article_published_time":"2025-07-12T18:14:06+00:00","article_modified_time":"2025-07-12T18:14:07+00:00","og_image":[{"width":1080,"height":720,"url":"https:\/\/elmawkie.dz\/fr\/wp-content\/uploads\/2025\/07\/IMG_9685.jpeg","type":"image\/jpeg"}],"author":"Hamra Fouzia","twitter_card":"summary_large_image","twitter_misc":{"Written by":"Hamra Fouzia","Est. reading time":"2 minutes"},"schema":{"@context":"https:\/\/schema.org","@graph":[{"@type":"Article","@id":"https:\/\/elmawkie.dz\/fr\/oran-accueille-le-premier-groupe-denfants-de-la-diaspora-pour-les-colonies-dete-2025\/#article","isPartOf":{"@id":"https:\/\/elmawkie.dz\/fr\/oran-accueille-le-premier-groupe-denfants-de-la-diaspora-pour-les-colonies-dete-2025\/"},"author":{"name":"Hamra Fouzia","@id":"https:\/\/elmawkie.dz\/fr\/#\/schema\/person\/4ed8433201bc23634185d8dd37097c64"},"headline":"Oran accueille le premier groupe d\u2019enfants de la diaspora pour les colonies d\u2019\u00e9t\u00e9 2025\u202f","datePublished":"2025-07-12T18:14:06+00:00","dateModified":"2025-07-12T18:14:07+00:00","mainEntityOfPage":{"@id":"https:\/\/elmawkie.dz\/fr\/oran-accueille-le-premier-groupe-denfants-de-la-diaspora-pour-les-colonies-dete-2025\/"},"wordCount":222,"commentCount":0,"publisher":{"@id":"https:\/\/elmawkie.dz\/fr\/#organization"},"image":{"@id":"https:\/\/elmawkie.dz\/fr\/oran-accueille-le-premier-groupe-denfants-de-la-diaspora-pour-les-colonies-dete-2025\/#primaryimage"},"thumbnailUrl":"https:\/\/elmawkie.dz\/fr\/wp-content\/uploads\/2025\/07\/IMG_9685.jpeg","keywords":["Alg\u00e9rie","La diaspora alg\u00e9rienne","Oran"],"articleSection":["R\u00e9gion"],"inLanguage":"fr-FR","potentialAction":[{"@type":"CommentAction","name":"Comment","target":["https:\/\/elmawkie.dz\/fr\/oran-accueille-le-premier-groupe-denfants-de-la-diaspora-pour-les-colonies-dete-2025\/#respond"]}]},{"@type":"WebPage","@id":"https:\/\/elmawkie.dz\/fr\/oran-accueille-le-premier-groupe-denfants-de-la-diaspora-pour-les-colonies-dete-2025\/","url":"https:\/\/elmawkie.dz\/fr\/oran-accueille-le-premier-groupe-denfants-de-la-diaspora-pour-les-colonies-dete-2025\/","name":"Oran accueille le premier groupe d\u2019enfants de la diaspora pour les colonies d\u2019\u00e9t\u00e9 2025\u202f - El Mawkie","isPartOf":{"@id":"https:\/\/elmawkie.dz\/fr\/#website"},"primaryImageOfPage":{"@id":"https:\/\/elmawkie.dz\/fr\/oran-accueille-le-premier-groupe-denfants-de-la-diaspora-pour-les-colonies-dete-2025\/#primaryimage"},"image":{"@id":"https:\/\/elmawkie.dz\/fr\/oran-accueille-le-premier-groupe-denfants-de-la-diaspora-pour-les-colonies-dete-2025\/#primaryimage"},"thumbnailUrl":"https:\/\/elmawkie.dz\/fr\/wp-content\/uploads\/2025\/07\/IMG_9685.jpeg","datePublished":"2025-07-12T18:14:06+00:00","dateModified":"2025-07-12T18:14:07+00:00","breadcrumb":{"@id":"https:\/\/elmawkie.dz\/fr\/oran-accueille-le-premier-groupe-denfants-de-la-diaspora-pour-les-colonies-dete-2025\/#breadcrumb"},"inLanguage":"fr-FR","potentialAction":[{"@type":"ReadAction","target":["https:\/\/elmawkie.dz\/fr\/oran-accueille-le-premier-groupe-denfants-de-la-diaspora-pour-les-colonies-dete-2025\/"]}]},{"@type":"ImageObject","inLanguage":"fr-FR","@id":"https:\/\/elmawkie.dz\/fr\/oran-accueille-le-premier-groupe-denfants-de-la-diaspora-pour-les-colonies-dete-2025\/#primaryimage","url":"https:\/\/elmawkie.dz\/fr\/wp-content\/uploads\/2025\/07\/IMG_9685.jpeg","contentUrl":"https:\/\/elmawkie.dz\/fr\/wp-content\/uploads\/2025\/07\/IMG_9685.jpeg","width":1080,"height":720},{"@type":"BreadcrumbList","@id":"https:\/\/elmawkie.dz\/fr\/oran-accueille-le-premier-groupe-denfants-de-la-diaspora-pour-les-colonies-dete-2025\/#breadcrumb","itemListElement":[{"@type":"ListItem","position":1,"name":"Home","item":"https:\/\/elmawkie.dz\/fr\/"},{"@type":"ListItem","position":2,"name":"Oran accueille le premier groupe d\u2019enfants de la diaspora pour les colonies d\u2019\u00e9t\u00e9 2025\u202f"}]},{"@type":"WebSite","@id":"https:\/\/elmawkie.dz\/fr\/#website","url":"https:\/\/elmawkie.dz\/fr\/","name":"EL MAWKIE","description":"Journal \u00c9lectronique Alg\u00e9rien","publisher":{"@id":"https:\/\/elmawkie.dz\/fr\/#organization"},"potentialAction":[{"@type":"SearchAction","target":{"@type":"EntryPoint","urlTemplate":"https:\/\/elmawkie.dz\/fr\/?s={search_term_string}"},"query-input":"required name=search_term_string"}],"inLanguage":"fr-FR"},{"@type":"Organization","@id":"https:\/\/elmawkie.dz\/fr\/#organization","name":"EL MAWKIE","url":"https:\/\/elmawkie.dz\/fr\/","logo":{"@type":"ImageObject","inLanguage":"fr-FR","@id":"https:\/\/elmawkie.dz\/fr\/#\/schema\/logo\/image\/","url":"https:\/\/elmawkie.dz\/fr\/wp-content\/uploads\/2024\/05\/logo1.png","contentUrl":"https:\/\/elmawkie.dz\/fr\/wp-content\/uploads\/2024\/05\/logo1.png","width":1648,"height":652,"caption":"EL MAWKIE"},"image":{"@id":"https:\/\/elmawkie.dz\/fr\/#\/schema\/logo\/image\/"},"sameAs":["https:\/\/www.facebook.com\/profile.php?id=100088407094989&locale=fr_FR"]},{"@type":"Person","@id":"https:\/\/elmawkie.dz\/fr\/#\/schema\/person\/4ed8433201bc23634185d8dd37097c64","name":"Hamra Fouzia","image":{"@type":"ImageObject","inLanguage":"fr-FR","@id":"https:\/\/elmawkie.dz\/fr\/#\/schema\/person\/image\/","url":"https:\/\/secure.gravatar.com\/avatar\/ea215268aad51f3219f9a59227db6fa1?s=96&d=mm&r=g","contentUrl":"https:\/\/secure.gravatar.com\/avatar\/ea215268aad51f3219f9a59227db6fa1?s=96&d=mm&r=g","caption":"Hamra Fouzia"},"sameAs":["https:\/\/elmawkie.dz\/fr"],"url":"https:\/\/elmawkie.dz\/fr\/author\/elmawkie\/"}]}},"_links":{"self":[{"href":"https:\/\/elmawkie.dz\/fr\/wp-json\/wp\/v2\/posts\/53692","targetHints":{"allow":["GET"]}}],"collection":[{"href":"https:\/\/elmawkie.dz\/fr\/wp-json\/wp\/v2\/posts"}],"about":[{"href":"https:\/\/elmawkie.dz\/fr\/wp-json\/wp\/v2\/types\/post"}],"author":[{"embeddable":true,"href":"https:\/\/elmawkie.dz\/fr\/wp-json\/wp\/v2\/users\/3"}],"replies":[{"embeddable":true,"href":"https:\/\/elmawkie.dz\/fr\/wp-json\/wp\/v2\/comments?post=53692"}],"version-history":[{"count":1,"href":"https:\/\/elmawkie.dz\/fr\/wp-json\/wp\/v2\/posts\/53692\/revisions"}],"predecessor-version":[{"id":53697,"href":"https:\/\/elmawkie.dz\/fr\/wp-json\/wp\/v2\/posts\/53692\/revisions\/53697"}],"wp:featuredmedia":[{"embeddable":true,"href":"https:\/\/elmawkie.dz\/fr\/wp-json\/wp\/v2\/media\/53696"}],"wp:attachment":[{"href":"https:\/\/elmawkie.dz\/fr\/wp-json\/wp\/v2\/media?parent=53692"}],"wp:term":[{"taxonomy":"category","embeddable":true,"href":"https:\/\/elmawkie.dz\/fr\/wp-json\/wp\/v2\/categories?post=53692"},{"taxonomy":"post_tag","embeddable":true,"href":"https:\/\/elmawkie.dz\/fr\/wp-json\/wp\/v2\/tags?post=53692"}],"curies":[{"name":"wp","href":"https:\/\/api.w.org\/{rel}","templated":true}]}}