{"id":53686,"date":"2025-07-12T17:56:20","date_gmt":"2025-07-12T16:56:20","guid":{"rendered":"https:\/\/elmawkie.dz\/fr\/?p=53686"},"modified":"2025-07-12T17:58:55","modified_gmt":"2025-07-12T16:58:55","slug":"le-dgsn-donne-le-coup-denvoi-du-centre-de-repos-familial-de-la-surete-nationale-a-taghit","status":"publish","type":"post","link":"https:\/\/elmawkie.dz\/fr\/le-dgsn-donne-le-coup-denvoi-du-centre-de-repos-familial-de-la-surete-nationale-a-taghit\/","title":{"rendered":"Le DGSN donne le coup d\u2019envoi des travaux de r\u00e9alisation du Centre de repos familial de la S\u00fbret\u00e9 nationale \u00e0 Taghit"},"content":{"rendered":"\n<p>Le Directeur g\u00e9n\u00e9ral de la S\u00fbret\u00e9 nationale (DGSN), Ali Badaoui, a inspect\u00e9, samedi \u00e0 Bechar, le chantier de r\u00e9alisation du laboratoire scientifique r\u00e9gional de la S\u00fbret\u00e9 nationale implant\u00e9 au quartier \u00ab\u00a0Debdeba\u00a0\u00bb, au Nord de la commune de Bechar, lors de sa visite de travail et d\u2019inspection dans la wilaya. Sur place, le DGSN a re\u00e7u des explications techniques sur l\u2019avancement des travaux de cette structure op\u00e9rationnelle, dont la r\u00e9ception est pr\u00e9vue fin 2026, selon des responsables de l\u2019entreprise r\u00e9alisatrice. Cette structure, qui sera dot\u00e9e de plusieurs laboratoires, renforcera \u00e0 l\u2019avenir le r\u00e9seau national de la cha\u00eene criminalistique de la police scientifique dans le pays, a-t- on soulign\u00e9. Ce projet est destin\u00e9 \u00e0 la prise en charge de l\u2019ensemble des analyses et autres expertises l\u00e9gales des S\u00fbret\u00e9s des wilayas du Sud-ouest, signale-t-on. D\u2019autre part, M. Badaoui a donn\u00e9 le coup d\u2019envoi du projet de r\u00e9alisation d\u2019un Centre de repos familial de la S\u00fbret\u00e9 nationale dans la commune de Taghit (97 km au sud de Bechar). Ce Centre de repos des personnels de la DGSN et ayants-droits aura une capacit\u00e9 d\u2019accueil de 175 lits, en plus de plusieurs autres structures n\u00e9cessaires \u00e0 son fonctionnement, notamment des terrains de sports, un restaurant et des piscines, entre autres, selon la fiche technique du projet. Pilot\u00e9 par la Mutualit\u00e9 g\u00e9n\u00e9rale de la S\u00fbret\u00e9 nationale, ce projet a n\u00e9cessit\u00e9 une enveloppe financi\u00e8re pour sa concr\u00e9tisation et son \u00e9quipement de plus d\u2019un milliard de DA, ont indiqu\u00e9 des responsables locaux de cette mutualit\u00e9. D&rsquo;autre part, au chef-lieu de la wilaya, le DGSN a proc\u00e9d\u00e9 \u00e0 l\u2019inauguration officielle d\u2019un c\u00e9libatorium de 28 chambres pour les officiers-cadres de l\u2019Inspection r\u00e9gionale du Sud-ouest de la police, et ce, au titre des actions d\u2019am\u00e9lioration des conditions de travail des cadres de cette m\u00eame inspection r\u00e9gionale de police, indique-t-on. Cette structure sociale a \u00e9t\u00e9 baptis\u00e9e par le DGSN, en compagnie des autorit\u00e9s locales de la wilaya, au nom du moudjahid et ancien policier \u00e0 la S\u00fbret\u00e9 de wilaya de Bechar \u00ab\u00a0Tourki Bachir\u00a0\u00bb.<\/p>\n\n\n\n<figure class=\"wp-block-image size-large\"><img decoding=\"async\" width=\"1024\" height=\"683\" src=\"https:\/\/elmawkie.dz\/fr\/wp-content\/uploads\/2025\/07\/IMG_9672-1024x683.jpeg\" alt=\"\" class=\"wp-image-53688\" srcset=\"https:\/\/elmawkie.dz\/fr\/wp-content\/uploads\/2025\/07\/IMG_9672-1024x683.jpeg 1024w, https:\/\/elmawkie.dz\/fr\/wp-content\/uploads\/2025\/07\/IMG_9672-300x200.jpeg 300w, https:\/\/elmawkie.dz\/fr\/wp-content\/uploads\/2025\/07\/IMG_9672-768x512.jpeg 768w, https:\/\/elmawkie.dz\/fr\/wp-content\/uploads\/2025\/07\/IMG_9672.jpeg 1080w\" sizes=\"(max-width: 1024px) 100vw, 1024px\" \/><\/figure>\n","protected":false},"excerpt":{"rendered":"<p>Le Directeur g\u00e9n\u00e9ral de la S\u00fbret\u00e9 nationale (DGSN), Ali Badaoui, a inspect\u00e9, samedi \u00e0 Bechar, le chantier de r\u00e9alisation du laboratoire scientifique r\u00e9gional de la S\u00fbret\u00e9 nationale implant\u00e9 au quartier \u00ab\u00a0Debdeba\u00a0\u00bb, au Nord de la commune de Bechar, lors de sa visite de travail et d\u2019inspection dans la wilaya. Sur place, le DGSN a re\u00e7u &hellip;<\/p>\n","protected":false},"author":9,"featured_media":53689,"comment_status":"open","ping_status":"open","sticky":false,"template":"","format":"standard","meta":{"footnotes":""},"categories":[47],"tags":[561,4466,4340,1781],"class_list":["post-53686","post","type-post","status-publish","format-standard","has-post-thumbnail","hentry","category-national","tag-bechar","tag-centre-de-repos","tag-le-dgsn","tag-taghit"],"yoast_head":"<!-- This site is optimized with the Yoast SEO Premium plugin v22.6 (Yoast SEO v22.6) - https:\/\/yoast.com\/wordpress\/plugins\/seo\/ -->\n<title>Le DGSN donne le coup d\u2019envoi des travaux de r\u00e9alisation du Centre de repos familial de la S\u00fbret\u00e9 nationale \u00e0 Taghit - El Mawkie<\/title>\n<meta name=\"robots\" content=\"index, follow, max-snippet:-1, max-image-preview:large, max-video-preview:-1\" \/>\n<link rel=\"canonical\" href=\"https:\/\/elmawkie.dz\/fr\/le-dgsn-donne-le-coup-denvoi-du-centre-de-repos-familial-de-la-surete-nationale-a-taghit\/\" \/>\n<meta property=\"og:locale\" content=\"fr_FR\" \/>\n<meta property=\"og:type\" content=\"article\" \/>\n<meta property=\"og:title\" content=\"Le DGSN donne le coup d\u2019envoi des travaux de r\u00e9alisation du Centre de repos familial de la S\u00fbret\u00e9 nationale \u00e0 Taghit\" \/>\n<meta property=\"og:description\" content=\"Le Directeur g\u00e9n\u00e9ral de la S\u00fbret\u00e9 nationale (DGSN), Ali Badaoui, a inspect\u00e9, samedi \u00e0 Bechar, le chantier de r\u00e9alisation du laboratoire scientifique r\u00e9gional de la S\u00fbret\u00e9 nationale implant\u00e9 au quartier \u00ab\u00a0Debdeba\u00a0\u00bb, au Nord de la commune de Bechar, lors de sa visite de travail et d\u2019inspection dans la wilaya. Sur place, le DGSN a re\u00e7u &hellip;\" \/>\n<meta property=\"og:url\" content=\"https:\/\/elmawkie.dz\/fr\/le-dgsn-donne-le-coup-denvoi-du-centre-de-repos-familial-de-la-surete-nationale-a-taghit\/\" \/>\n<meta property=\"og:site_name\" content=\"El Mawkie\" \/>\n<meta property=\"article:publisher\" content=\"https:\/\/www.facebook.com\/profile.php?id=100088407094989&amp;locale=fr_FR\" \/>\n<meta property=\"article:published_time\" content=\"2025-07-12T16:56:20+00:00\" \/>\n<meta property=\"article:modified_time\" content=\"2025-07-12T16:58:55+00:00\" \/>\n<meta property=\"og:image\" content=\"https:\/\/elmawkie.dz\/fr\/wp-content\/uploads\/2025\/07\/IMG_9671.jpeg\" \/>\n\t<meta property=\"og:image:width\" content=\"1080\" \/>\n\t<meta property=\"og:image:height\" content=\"720\" \/>\n\t<meta property=\"og:image:type\" content=\"image\/jpeg\" \/>\n<meta name=\"author\" content=\"R\u00e9daction\" \/>\n<meta name=\"twitter:card\" content=\"summary_large_image\" \/>\n<meta name=\"twitter:label1\" content=\"Written by\" \/>\n\t<meta name=\"twitter:data1\" content=\"R\u00e9daction\" \/>\n\t<meta name=\"twitter:label2\" content=\"Est. reading time\" \/>\n\t<meta name=\"twitter:data2\" content=\"3 minutes\" \/>\n<script type=\"application\/ld+json\" class=\"yoast-schema-graph\">{\"@context\":\"https:\/\/schema.org\",\"@graph\":[{\"@type\":\"Article\",\"@id\":\"https:\/\/elmawkie.dz\/fr\/le-dgsn-donne-le-coup-denvoi-du-centre-de-repos-familial-de-la-surete-nationale-a-taghit\/#article\",\"isPartOf\":{\"@id\":\"https:\/\/elmawkie.dz\/fr\/le-dgsn-donne-le-coup-denvoi-du-centre-de-repos-familial-de-la-surete-nationale-a-taghit\/\"},\"author\":{\"name\":\"R\u00e9daction\",\"@id\":\"https:\/\/elmawkie.dz\/fr\/#\/schema\/person\/e7bd59d6467874ba5c4723d8a9f0a63c\"},\"headline\":\"Le DGSN donne le coup d\u2019envoi des travaux de r\u00e9alisation du Centre de repos familial de la S\u00fbret\u00e9 nationale \u00e0 Taghit\",\"datePublished\":\"2025-07-12T16:56:20+00:00\",\"dateModified\":\"2025-07-12T16:58:55+00:00\",\"mainEntityOfPage\":{\"@id\":\"https:\/\/elmawkie.dz\/fr\/le-dgsn-donne-le-coup-denvoi-du-centre-de-repos-familial-de-la-surete-nationale-a-taghit\/\"},\"wordCount\":393,\"commentCount\":0,\"publisher\":{\"@id\":\"https:\/\/elmawkie.dz\/fr\/#organization\"},\"image\":{\"@id\":\"https:\/\/elmawkie.dz\/fr\/le-dgsn-donne-le-coup-denvoi-du-centre-de-repos-familial-de-la-surete-nationale-a-taghit\/#primaryimage\"},\"thumbnailUrl\":\"https:\/\/elmawkie.dz\/fr\/wp-content\/uploads\/2025\/07\/IMG_9671.jpeg\",\"keywords\":[\"B\u00e9char\",\"Centre de repos\",\"Le DGSN\",\"Taghit\"],\"articleSection\":[\"National\"],\"inLanguage\":\"fr-FR\",\"potentialAction\":[{\"@type\":\"CommentAction\",\"name\":\"Comment\",\"target\":[\"https:\/\/elmawkie.dz\/fr\/le-dgsn-donne-le-coup-denvoi-du-centre-de-repos-familial-de-la-surete-nationale-a-taghit\/#respond\"]}]},{\"@type\":\"WebPage\",\"@id\":\"https:\/\/elmawkie.dz\/fr\/le-dgsn-donne-le-coup-denvoi-du-centre-de-repos-familial-de-la-surete-nationale-a-taghit\/\",\"url\":\"https:\/\/elmawkie.dz\/fr\/le-dgsn-donne-le-coup-denvoi-du-centre-de-repos-familial-de-la-surete-nationale-a-taghit\/\",\"name\":\"Le DGSN donne le coup d\u2019envoi des travaux de r\u00e9alisation du Centre de repos familial de la S\u00fbret\u00e9 nationale \u00e0 Taghit - El Mawkie\",\"isPartOf\":{\"@id\":\"https:\/\/elmawkie.dz\/fr\/#website\"},\"primaryImageOfPage\":{\"@id\":\"https:\/\/elmawkie.dz\/fr\/le-dgsn-donne-le-coup-denvoi-du-centre-de-repos-familial-de-la-surete-nationale-a-taghit\/#primaryimage\"},\"image\":{\"@id\":\"https:\/\/elmawkie.dz\/fr\/le-dgsn-donne-le-coup-denvoi-du-centre-de-repos-familial-de-la-surete-nationale-a-taghit\/#primaryimage\"},\"thumbnailUrl\":\"https:\/\/elmawkie.dz\/fr\/wp-content\/uploads\/2025\/07\/IMG_9671.jpeg\",\"datePublished\":\"2025-07-12T16:56:20+00:00\",\"dateModified\":\"2025-07-12T16:58:55+00:00\",\"breadcrumb\":{\"@id\":\"https:\/\/elmawkie.dz\/fr\/le-dgsn-donne-le-coup-denvoi-du-centre-de-repos-familial-de-la-surete-nationale-a-taghit\/#breadcrumb\"},\"inLanguage\":\"fr-FR\",\"potentialAction\":[{\"@type\":\"ReadAction\",\"target\":[\"https:\/\/elmawkie.dz\/fr\/le-dgsn-donne-le-coup-denvoi-du-centre-de-repos-familial-de-la-surete-nationale-a-taghit\/\"]}]},{\"@type\":\"ImageObject\",\"inLanguage\":\"fr-FR\",\"@id\":\"https:\/\/elmawkie.dz\/fr\/le-dgsn-donne-le-coup-denvoi-du-centre-de-repos-familial-de-la-surete-nationale-a-taghit\/#primaryimage\",\"url\":\"https:\/\/elmawkie.dz\/fr\/wp-content\/uploads\/2025\/07\/IMG_9671.jpeg\",\"contentUrl\":\"https:\/\/elmawkie.dz\/fr\/wp-content\/uploads\/2025\/07\/IMG_9671.jpeg\",\"width\":1080,\"height\":720},{\"@type\":\"BreadcrumbList\",\"@id\":\"https:\/\/elmawkie.dz\/fr\/le-dgsn-donne-le-coup-denvoi-du-centre-de-repos-familial-de-la-surete-nationale-a-taghit\/#breadcrumb\",\"itemListElement\":[{\"@type\":\"ListItem\",\"position\":1,\"name\":\"Home\",\"item\":\"https:\/\/elmawkie.dz\/fr\/\"},{\"@type\":\"ListItem\",\"position\":2,\"name\":\"Le DGSN donne le coup d\u2019envoi des travaux de r\u00e9alisation du Centre de repos familial de la S\u00fbret\u00e9 nationale \u00e0 Taghit\"}]},{\"@type\":\"WebSite\",\"@id\":\"https:\/\/elmawkie.dz\/fr\/#website\",\"url\":\"https:\/\/elmawkie.dz\/fr\/\",\"name\":\"EL MAWKIE\",\"description\":\"Journal \u00c9lectronique Alg\u00e9rien\",\"publisher\":{\"@id\":\"https:\/\/elmawkie.dz\/fr\/#organization\"},\"potentialAction\":[{\"@type\":\"SearchAction\",\"target\":{\"@type\":\"EntryPoint\",\"urlTemplate\":\"https:\/\/elmawkie.dz\/fr\/?s={search_term_string}\"},\"query-input\":\"required name=search_term_string\"}],\"inLanguage\":\"fr-FR\"},{\"@type\":\"Organization\",\"@id\":\"https:\/\/elmawkie.dz\/fr\/#organization\",\"name\":\"EL MAWKIE\",\"url\":\"https:\/\/elmawkie.dz\/fr\/\",\"logo\":{\"@type\":\"ImageObject\",\"inLanguage\":\"fr-FR\",\"@id\":\"https:\/\/elmawkie.dz\/fr\/#\/schema\/logo\/image\/\",\"url\":\"https:\/\/elmawkie.dz\/fr\/wp-content\/uploads\/2024\/05\/logo1.png\",\"contentUrl\":\"https:\/\/elmawkie.dz\/fr\/wp-content\/uploads\/2024\/05\/logo1.png\",\"width\":1648,\"height\":652,\"caption\":\"EL MAWKIE\"},\"image\":{\"@id\":\"https:\/\/elmawkie.dz\/fr\/#\/schema\/logo\/image\/\"},\"sameAs\":[\"https:\/\/www.facebook.com\/profile.php?id=100088407094989&locale=fr_FR\"]},{\"@type\":\"Person\",\"@id\":\"https:\/\/elmawkie.dz\/fr\/#\/schema\/person\/e7bd59d6467874ba5c4723d8a9f0a63c\",\"name\":\"R\u00e9daction\",\"image\":{\"@type\":\"ImageObject\",\"inLanguage\":\"fr-FR\",\"@id\":\"https:\/\/elmawkie.dz\/fr\/#\/schema\/person\/image\/\",\"url\":\"https:\/\/secure.gravatar.com\/avatar\/f0f773456344da4d2788c054a3d30a0c?s=96&d=mm&r=g\",\"contentUrl\":\"https:\/\/secure.gravatar.com\/avatar\/f0f773456344da4d2788c054a3d30a0c?s=96&d=mm&r=g\",\"caption\":\"R\u00e9daction\"},\"url\":\"https:\/\/elmawkie.dz\/fr\/author\/redaction\/\"}]}<\/script>\n<!-- \/ Yoast SEO Premium plugin. -->","yoast_head_json":{"title":"Le DGSN donne le coup d\u2019envoi des travaux de r\u00e9alisation du Centre de repos familial de la S\u00fbret\u00e9 nationale \u00e0 Taghit - El Mawkie","robots":{"index":"index","follow":"follow","max-snippet":"max-snippet:-1","max-image-preview":"max-image-preview:large","max-video-preview":"max-video-preview:-1"},"canonical":"https:\/\/elmawkie.dz\/fr\/le-dgsn-donne-le-coup-denvoi-du-centre-de-repos-familial-de-la-surete-nationale-a-taghit\/","og_locale":"fr_FR","og_type":"article","og_title":"Le DGSN donne le coup d\u2019envoi des travaux de r\u00e9alisation du Centre de repos familial de la S\u00fbret\u00e9 nationale \u00e0 Taghit","og_description":"Le Directeur g\u00e9n\u00e9ral de la S\u00fbret\u00e9 nationale (DGSN), Ali Badaoui, a inspect\u00e9, samedi \u00e0 Bechar, le chantier de r\u00e9alisation du laboratoire scientifique r\u00e9gional de la S\u00fbret\u00e9 nationale implant\u00e9 au quartier \u00ab\u00a0Debdeba\u00a0\u00bb, au Nord de la commune de Bechar, lors de sa visite de travail et d\u2019inspection dans la wilaya. Sur place, le DGSN a re\u00e7u &hellip;","og_url":"https:\/\/elmawkie.dz\/fr\/le-dgsn-donne-le-coup-denvoi-du-centre-de-repos-familial-de-la-surete-nationale-a-taghit\/","og_site_name":"El Mawkie","article_publisher":"https:\/\/www.facebook.com\/profile.php?id=100088407094989&locale=fr_FR","article_published_time":"2025-07-12T16:56:20+00:00","article_modified_time":"2025-07-12T16:58:55+00:00","og_image":[{"width":1080,"height":720,"url":"https:\/\/elmawkie.dz\/fr\/wp-content\/uploads\/2025\/07\/IMG_9671.jpeg","type":"image\/jpeg"}],"author":"R\u00e9daction","twitter_card":"summary_large_image","twitter_misc":{"Written by":"R\u00e9daction","Est. reading time":"3 minutes"},"schema":{"@context":"https:\/\/schema.org","@graph":[{"@type":"Article","@id":"https:\/\/elmawkie.dz\/fr\/le-dgsn-donne-le-coup-denvoi-du-centre-de-repos-familial-de-la-surete-nationale-a-taghit\/#article","isPartOf":{"@id":"https:\/\/elmawkie.dz\/fr\/le-dgsn-donne-le-coup-denvoi-du-centre-de-repos-familial-de-la-surete-nationale-a-taghit\/"},"author":{"name":"R\u00e9daction","@id":"https:\/\/elmawkie.dz\/fr\/#\/schema\/person\/e7bd59d6467874ba5c4723d8a9f0a63c"},"headline":"Le DGSN donne le coup d\u2019envoi des travaux de r\u00e9alisation du Centre de repos familial de la S\u00fbret\u00e9 nationale \u00e0 Taghit","datePublished":"2025-07-12T16:56:20+00:00","dateModified":"2025-07-12T16:58:55+00:00","mainEntityOfPage":{"@id":"https:\/\/elmawkie.dz\/fr\/le-dgsn-donne-le-coup-denvoi-du-centre-de-repos-familial-de-la-surete-nationale-a-taghit\/"},"wordCount":393,"commentCount":0,"publisher":{"@id":"https:\/\/elmawkie.dz\/fr\/#organization"},"image":{"@id":"https:\/\/elmawkie.dz\/fr\/le-dgsn-donne-le-coup-denvoi-du-centre-de-repos-familial-de-la-surete-nationale-a-taghit\/#primaryimage"},"thumbnailUrl":"https:\/\/elmawkie.dz\/fr\/wp-content\/uploads\/2025\/07\/IMG_9671.jpeg","keywords":["B\u00e9char","Centre de repos","Le DGSN","Taghit"],"articleSection":["National"],"inLanguage":"fr-FR","potentialAction":[{"@type":"CommentAction","name":"Comment","target":["https:\/\/elmawkie.dz\/fr\/le-dgsn-donne-le-coup-denvoi-du-centre-de-repos-familial-de-la-surete-nationale-a-taghit\/#respond"]}]},{"@type":"WebPage","@id":"https:\/\/elmawkie.dz\/fr\/le-dgsn-donne-le-coup-denvoi-du-centre-de-repos-familial-de-la-surete-nationale-a-taghit\/","url":"https:\/\/elmawkie.dz\/fr\/le-dgsn-donne-le-coup-denvoi-du-centre-de-repos-familial-de-la-surete-nationale-a-taghit\/","name":"Le DGSN donne le coup d\u2019envoi des travaux de r\u00e9alisation du Centre de repos familial de la S\u00fbret\u00e9 nationale \u00e0 Taghit - El Mawkie","isPartOf":{"@id":"https:\/\/elmawkie.dz\/fr\/#website"},"primaryImageOfPage":{"@id":"https:\/\/elmawkie.dz\/fr\/le-dgsn-donne-le-coup-denvoi-du-centre-de-repos-familial-de-la-surete-nationale-a-taghit\/#primaryimage"},"image":{"@id":"https:\/\/elmawkie.dz\/fr\/le-dgsn-donne-le-coup-denvoi-du-centre-de-repos-familial-de-la-surete-nationale-a-taghit\/#primaryimage"},"thumbnailUrl":"https:\/\/elmawkie.dz\/fr\/wp-content\/uploads\/2025\/07\/IMG_9671.jpeg","datePublished":"2025-07-12T16:56:20+00:00","dateModified":"2025-07-12T16:58:55+00:00","breadcrumb":{"@id":"https:\/\/elmawkie.dz\/fr\/le-dgsn-donne-le-coup-denvoi-du-centre-de-repos-familial-de-la-surete-nationale-a-taghit\/#breadcrumb"},"inLanguage":"fr-FR","potentialAction":[{"@type":"ReadAction","target":["https:\/\/elmawkie.dz\/fr\/le-dgsn-donne-le-coup-denvoi-du-centre-de-repos-familial-de-la-surete-nationale-a-taghit\/"]}]},{"@type":"ImageObject","inLanguage":"fr-FR","@id":"https:\/\/elmawkie.dz\/fr\/le-dgsn-donne-le-coup-denvoi-du-centre-de-repos-familial-de-la-surete-nationale-a-taghit\/#primaryimage","url":"https:\/\/elmawkie.dz\/fr\/wp-content\/uploads\/2025\/07\/IMG_9671.jpeg","contentUrl":"https:\/\/elmawkie.dz\/fr\/wp-content\/uploads\/2025\/07\/IMG_9671.jpeg","width":1080,"height":720},{"@type":"BreadcrumbList","@id":"https:\/\/elmawkie.dz\/fr\/le-dgsn-donne-le-coup-denvoi-du-centre-de-repos-familial-de-la-surete-nationale-a-taghit\/#breadcrumb","itemListElement":[{"@type":"ListItem","position":1,"name":"Home","item":"https:\/\/elmawkie.dz\/fr\/"},{"@type":"ListItem","position":2,"name":"Le DGSN donne le coup d\u2019envoi des travaux de r\u00e9alisation du Centre de repos familial de la S\u00fbret\u00e9 nationale \u00e0 Taghit"}]},{"@type":"WebSite","@id":"https:\/\/elmawkie.dz\/fr\/#website","url":"https:\/\/elmawkie.dz\/fr\/","name":"EL MAWKIE","description":"Journal \u00c9lectronique Alg\u00e9rien","publisher":{"@id":"https:\/\/elmawkie.dz\/fr\/#organization"},"potentialAction":[{"@type":"SearchAction","target":{"@type":"EntryPoint","urlTemplate":"https:\/\/elmawkie.dz\/fr\/?s={search_term_string}"},"query-input":"required name=search_term_string"}],"inLanguage":"fr-FR"},{"@type":"Organization","@id":"https:\/\/elmawkie.dz\/fr\/#organization","name":"EL MAWKIE","url":"https:\/\/elmawkie.dz\/fr\/","logo":{"@type":"ImageObject","inLanguage":"fr-FR","@id":"https:\/\/elmawkie.dz\/fr\/#\/schema\/logo\/image\/","url":"https:\/\/elmawkie.dz\/fr\/wp-content\/uploads\/2024\/05\/logo1.png","contentUrl":"https:\/\/elmawkie.dz\/fr\/wp-content\/uploads\/2024\/05\/logo1.png","width":1648,"height":652,"caption":"EL MAWKIE"},"image":{"@id":"https:\/\/elmawkie.dz\/fr\/#\/schema\/logo\/image\/"},"sameAs":["https:\/\/www.facebook.com\/profile.php?id=100088407094989&locale=fr_FR"]},{"@type":"Person","@id":"https:\/\/elmawkie.dz\/fr\/#\/schema\/person\/e7bd59d6467874ba5c4723d8a9f0a63c","name":"R\u00e9daction","image":{"@type":"ImageObject","inLanguage":"fr-FR","@id":"https:\/\/elmawkie.dz\/fr\/#\/schema\/person\/image\/","url":"https:\/\/secure.gravatar.com\/avatar\/f0f773456344da4d2788c054a3d30a0c?s=96&d=mm&r=g","contentUrl":"https:\/\/secure.gravatar.com\/avatar\/f0f773456344da4d2788c054a3d30a0c?s=96&d=mm&r=g","caption":"R\u00e9daction"},"url":"https:\/\/elmawkie.dz\/fr\/author\/redaction\/"}]}},"_links":{"self":[{"href":"https:\/\/elmawkie.dz\/fr\/wp-json\/wp\/v2\/posts\/53686","targetHints":{"allow":["GET"]}}],"collection":[{"href":"https:\/\/elmawkie.dz\/fr\/wp-json\/wp\/v2\/posts"}],"about":[{"href":"https:\/\/elmawkie.dz\/fr\/wp-json\/wp\/v2\/types\/post"}],"author":[{"embeddable":true,"href":"https:\/\/elmawkie.dz\/fr\/wp-json\/wp\/v2\/users\/9"}],"replies":[{"embeddable":true,"href":"https:\/\/elmawkie.dz\/fr\/wp-json\/wp\/v2\/comments?post=53686"}],"version-history":[{"count":2,"href":"https:\/\/elmawkie.dz\/fr\/wp-json\/wp\/v2\/posts\/53686\/revisions"}],"predecessor-version":[{"id":53691,"href":"https:\/\/elmawkie.dz\/fr\/wp-json\/wp\/v2\/posts\/53686\/revisions\/53691"}],"wp:featuredmedia":[{"embeddable":true,"href":"https:\/\/elmawkie.dz\/fr\/wp-json\/wp\/v2\/media\/53689"}],"wp:attachment":[{"href":"https:\/\/elmawkie.dz\/fr\/wp-json\/wp\/v2\/media?parent=53686"}],"wp:term":[{"taxonomy":"category","embeddable":true,"href":"https:\/\/elmawkie.dz\/fr\/wp-json\/wp\/v2\/categories?post=53686"},{"taxonomy":"post_tag","embeddable":true,"href":"https:\/\/elmawkie.dz\/fr\/wp-json\/wp\/v2\/tags?post=53686"}],"curies":[{"name":"wp","href":"https:\/\/api.w.org\/{rel}","templated":true}]}}