{"id":5344,"date":"2024-10-01T23:07:49","date_gmt":"2024-10-01T22:07:49","guid":{"rendered":"https:\/\/elmawkie.dz\/fr\/?p=5344"},"modified":"2024-10-01T23:07:49","modified_gmt":"2024-10-01T22:07:49","slug":"merabi-les-specialites-ouvertes-doivent-repondre-aux-besoins-du-marche-de-lemploi","status":"publish","type":"post","link":"https:\/\/elmawkie.dz\/fr\/merabi-les-specialites-ouvertes-doivent-repondre-aux-besoins-du-marche-de-lemploi\/","title":{"rendered":"Merabi : les sp\u00e9cialit\u00e9s ouvertes doivent r\u00e9pondre aux besoins du march\u00e9 de l\u2019emploi"},"content":{"rendered":"<p><em>Le ministre de la Formation et de l\u2019Enseignement professionnels, Yacine Merabi, a affirm\u00e9 mardi depuis Bordj Bou Arreridj la n\u00e9cessaire ad\u00e9quation des sp\u00e9cialit\u00e9s de formations ouvertes avec les besoins du march\u00e9 de l\u2019emploi et l\u2019exploitation optimale des \u00e9quipements et grands moyens dont dispose le secteur. Dans une d\u00e9claration \u00e0 la presse en marge de sa visite de travail dans la wilaya, le ministre a mis l\u2019accent sur la n\u00e9cessit\u00e9 de r\u00e9viser la carte de formation de sorte \u00e0 l\u2019adapter \u00e0 la sp\u00e9cificit\u00e9 \u00e9conomique de chaque r\u00e9gion du pays et de poursuivre les campagnes de sensibilisation pour attirer le plus grand nombre de stagiaires tout en incitant les jeunes \u00e0 effectuer des formations pratiques \u00e0 l\u2019instar de celles propos\u00e9es par l\u2019Institut sp\u00e9cialis\u00e9 de formation professionnelle d\u2019Essania (Oran) en \u00e9lectricit\u00e9 automobile en vertu de partenariats \u00e9conomiques pass\u00e9s par le secteur dans le domaine de l\u2019industrie automobile. Il s\u2019est enquis \u00e0 l\u2019occasion des pr\u00e9paratifs de la prochaine rentr\u00e9e de formation (session d\u2019octobre 2024) et de l\u2019\u00e9tat des \u00e9quipements p\u00e9dagogiques des ateliers dans plusieurs \u00e9tablissements de son secteur, dans les communes de Djaafra, Bordj Zemoura, Hasnaoua, Ras El Oued et au chef-lieu de wilaya, exprimant son \u00ab\u00a0m\u00e9contentement\u00a0\u00bb de l\u2019\u00e9tat de certains \u00e9quipements et de \u00ab\u00a0l\u2019absence de l\u2019esprit d\u2019initiative et de responsabilit\u00e9 des gestionnaires\u00a0\u00bb. Le ministre a exhort\u00e9 les cadres du secteur \u00e0 apporter un nouveau souffle en attirant les jeunes par tous les moyens offerts, en encourageant les formations r\u00e9sidentielles et en acc\u00e9l\u00e9rant le transfert des \u00e9quipements stock\u00e9s et inexploit\u00e9s dans le pays vers les centres de formation qui en ont besoin \u00e0 Bordj Bou Arreridj en recourant \u00e0 la plateforme num\u00e9rique \u00ab\u00a0Tasyir\u00a0\u00bb sp\u00e9cialis\u00e9e dans la gestion financi\u00e8re et p\u00e9dagogique des \u00e9tablissements de formation du pays outre le renforcement de la coordination avec les pr\u00e9sidents des Assembl\u00e9es populaires communales (APC). M. Merabi a pr\u00e9sid\u00e9 au terme de sa visite en compagnie du wali de Bordj Bou Arreridj, Kamel Nouicer la signature de conventions de partenariat entre la direction du secteur et plusieurs op\u00e9rateurs \u00e9conomiques pour attirer les dipl\u00f4m\u00e9s du secteur et renforcer le march\u00e9 de l\u2019emploi.aps<\/em><\/p>\n","protected":false},"excerpt":{"rendered":"<p>Le ministre de la Formation et de l\u2019Enseignement professionnels, Yacine Merabi, a affirm\u00e9 mardi depuis Bordj Bou Arreridj la n\u00e9cessaire ad\u00e9quation des sp\u00e9cialit\u00e9s de formations ouvertes avec les besoins du march\u00e9 de l\u2019emploi et l\u2019exploitation optimale des \u00e9quipements et grands moyens dont dispose le secteur. Dans une d\u00e9claration \u00e0 la presse en marge de sa &hellip;<\/p>\n","protected":false},"author":9,"featured_media":5345,"comment_status":"open","ping_status":"open","sticky":false,"template":"","format":"standard","meta":{"footnotes":""},"categories":[47],"tags":[803,802,801],"class_list":["post-5344","post","type-post","status-publish","format-standard","has-post-thumbnail","hentry","category-national","tag-formation-et-de-lenseignement-professionnels","tag-marche-de-lemploi","tag-merabi"],"yoast_head":"<!-- This site is optimized with the Yoast SEO Premium plugin v22.6 (Yoast SEO v22.6) - https:\/\/yoast.com\/wordpress\/plugins\/seo\/ -->\n<title>Merabi : les sp\u00e9cialit\u00e9s ouvertes doivent r\u00e9pondre aux besoins du march\u00e9 de l\u2019emploi - El Mawkie<\/title>\n<meta name=\"robots\" content=\"index, follow, max-snippet:-1, max-image-preview:large, max-video-preview:-1\" \/>\n<link rel=\"canonical\" href=\"https:\/\/elmawkie.dz\/fr\/merabi-les-specialites-ouvertes-doivent-repondre-aux-besoins-du-marche-de-lemploi\/\" \/>\n<meta property=\"og:locale\" content=\"fr_FR\" \/>\n<meta property=\"og:type\" content=\"article\" \/>\n<meta property=\"og:title\" content=\"Merabi : les sp\u00e9cialit\u00e9s ouvertes doivent r\u00e9pondre aux besoins du march\u00e9 de l\u2019emploi\" \/>\n<meta property=\"og:description\" content=\"Le ministre de la Formation et de l\u2019Enseignement professionnels, Yacine Merabi, a affirm\u00e9 mardi depuis Bordj Bou Arreridj la n\u00e9cessaire ad\u00e9quation des sp\u00e9cialit\u00e9s de formations ouvertes avec les besoins du march\u00e9 de l\u2019emploi et l\u2019exploitation optimale des \u00e9quipements et grands moyens dont dispose le secteur. Dans une d\u00e9claration \u00e0 la presse en marge de sa &hellip;\" \/>\n<meta property=\"og:url\" content=\"https:\/\/elmawkie.dz\/fr\/merabi-les-specialites-ouvertes-doivent-repondre-aux-besoins-du-marche-de-lemploi\/\" \/>\n<meta property=\"og:site_name\" content=\"El Mawkie\" \/>\n<meta property=\"article:publisher\" content=\"https:\/\/www.facebook.com\/profile.php?id=100088407094989&amp;locale=fr_FR\" \/>\n<meta property=\"article:published_time\" content=\"2024-10-01T22:07:49+00:00\" \/>\n<meta property=\"og:image\" content=\"https:\/\/elmawkie.dz\/fr\/wp-content\/uploads\/2024\/10\/IMG_2692.jpeg\" \/>\n\t<meta property=\"og:image:width\" content=\"1440\" \/>\n\t<meta property=\"og:image:height\" content=\"810\" \/>\n\t<meta property=\"og:image:type\" content=\"image\/jpeg\" \/>\n<meta name=\"author\" content=\"R\u00e9daction\" \/>\n<meta name=\"twitter:card\" content=\"summary_large_image\" \/>\n<meta name=\"twitter:label1\" content=\"Written by\" \/>\n\t<meta name=\"twitter:data1\" content=\"R\u00e9daction\" \/>\n\t<meta name=\"twitter:label2\" content=\"Est. reading time\" \/>\n\t<meta name=\"twitter:data2\" content=\"2 minutes\" \/>\n<script type=\"application\/ld+json\" class=\"yoast-schema-graph\">{\"@context\":\"https:\/\/schema.org\",\"@graph\":[{\"@type\":\"Article\",\"@id\":\"https:\/\/elmawkie.dz\/fr\/merabi-les-specialites-ouvertes-doivent-repondre-aux-besoins-du-marche-de-lemploi\/#article\",\"isPartOf\":{\"@id\":\"https:\/\/elmawkie.dz\/fr\/merabi-les-specialites-ouvertes-doivent-repondre-aux-besoins-du-marche-de-lemploi\/\"},\"author\":{\"name\":\"R\u00e9daction\",\"@id\":\"https:\/\/elmawkie.dz\/fr\/#\/schema\/person\/e7bd59d6467874ba5c4723d8a9f0a63c\"},\"headline\":\"Merabi : les sp\u00e9cialit\u00e9s ouvertes doivent r\u00e9pondre aux besoins du march\u00e9 de l\u2019emploi\",\"datePublished\":\"2024-10-01T22:07:49+00:00\",\"dateModified\":\"2024-10-01T22:07:49+00:00\",\"mainEntityOfPage\":{\"@id\":\"https:\/\/elmawkie.dz\/fr\/merabi-les-specialites-ouvertes-doivent-repondre-aux-besoins-du-marche-de-lemploi\/\"},\"wordCount\":399,\"commentCount\":0,\"publisher\":{\"@id\":\"https:\/\/elmawkie.dz\/fr\/#organization\"},\"image\":{\"@id\":\"https:\/\/elmawkie.dz\/fr\/merabi-les-specialites-ouvertes-doivent-repondre-aux-besoins-du-marche-de-lemploi\/#primaryimage\"},\"thumbnailUrl\":\"https:\/\/elmawkie.dz\/fr\/wp-content\/uploads\/2024\/10\/IMG_2692.jpeg\",\"keywords\":[\"Formation et de l\u2019Enseignement professionnels\",\"march\u00e9 de l\u2019emploi\",\"Merabi\"],\"articleSection\":[\"National\"],\"inLanguage\":\"fr-FR\",\"potentialAction\":[{\"@type\":\"CommentAction\",\"name\":\"Comment\",\"target\":[\"https:\/\/elmawkie.dz\/fr\/merabi-les-specialites-ouvertes-doivent-repondre-aux-besoins-du-marche-de-lemploi\/#respond\"]}]},{\"@type\":\"WebPage\",\"@id\":\"https:\/\/elmawkie.dz\/fr\/merabi-les-specialites-ouvertes-doivent-repondre-aux-besoins-du-marche-de-lemploi\/\",\"url\":\"https:\/\/elmawkie.dz\/fr\/merabi-les-specialites-ouvertes-doivent-repondre-aux-besoins-du-marche-de-lemploi\/\",\"name\":\"Merabi : les sp\u00e9cialit\u00e9s ouvertes doivent r\u00e9pondre aux besoins du march\u00e9 de l\u2019emploi - El Mawkie\",\"isPartOf\":{\"@id\":\"https:\/\/elmawkie.dz\/fr\/#website\"},\"primaryImageOfPage\":{\"@id\":\"https:\/\/elmawkie.dz\/fr\/merabi-les-specialites-ouvertes-doivent-repondre-aux-besoins-du-marche-de-lemploi\/#primaryimage\"},\"image\":{\"@id\":\"https:\/\/elmawkie.dz\/fr\/merabi-les-specialites-ouvertes-doivent-repondre-aux-besoins-du-marche-de-lemploi\/#primaryimage\"},\"thumbnailUrl\":\"https:\/\/elmawkie.dz\/fr\/wp-content\/uploads\/2024\/10\/IMG_2692.jpeg\",\"datePublished\":\"2024-10-01T22:07:49+00:00\",\"dateModified\":\"2024-10-01T22:07:49+00:00\",\"breadcrumb\":{\"@id\":\"https:\/\/elmawkie.dz\/fr\/merabi-les-specialites-ouvertes-doivent-repondre-aux-besoins-du-marche-de-lemploi\/#breadcrumb\"},\"inLanguage\":\"fr-FR\",\"potentialAction\":[{\"@type\":\"ReadAction\",\"target\":[\"https:\/\/elmawkie.dz\/fr\/merabi-les-specialites-ouvertes-doivent-repondre-aux-besoins-du-marche-de-lemploi\/\"]}]},{\"@type\":\"ImageObject\",\"inLanguage\":\"fr-FR\",\"@id\":\"https:\/\/elmawkie.dz\/fr\/merabi-les-specialites-ouvertes-doivent-repondre-aux-besoins-du-marche-de-lemploi\/#primaryimage\",\"url\":\"https:\/\/elmawkie.dz\/fr\/wp-content\/uploads\/2024\/10\/IMG_2692.jpeg\",\"contentUrl\":\"https:\/\/elmawkie.dz\/fr\/wp-content\/uploads\/2024\/10\/IMG_2692.jpeg\",\"width\":1440,\"height\":810},{\"@type\":\"BreadcrumbList\",\"@id\":\"https:\/\/elmawkie.dz\/fr\/merabi-les-specialites-ouvertes-doivent-repondre-aux-besoins-du-marche-de-lemploi\/#breadcrumb\",\"itemListElement\":[{\"@type\":\"ListItem\",\"position\":1,\"name\":\"Home\",\"item\":\"https:\/\/elmawkie.dz\/fr\/\"},{\"@type\":\"ListItem\",\"position\":2,\"name\":\"Merabi : les sp\u00e9cialit\u00e9s ouvertes doivent r\u00e9pondre aux besoins du march\u00e9 de l\u2019emploi\"}]},{\"@type\":\"WebSite\",\"@id\":\"https:\/\/elmawkie.dz\/fr\/#website\",\"url\":\"https:\/\/elmawkie.dz\/fr\/\",\"name\":\"EL MAWKIE\",\"description\":\"Journal \u00c9lectronique Alg\u00e9rien\",\"publisher\":{\"@id\":\"https:\/\/elmawkie.dz\/fr\/#organization\"},\"potentialAction\":[{\"@type\":\"SearchAction\",\"target\":{\"@type\":\"EntryPoint\",\"urlTemplate\":\"https:\/\/elmawkie.dz\/fr\/?s={search_term_string}\"},\"query-input\":\"required name=search_term_string\"}],\"inLanguage\":\"fr-FR\"},{\"@type\":\"Organization\",\"@id\":\"https:\/\/elmawkie.dz\/fr\/#organization\",\"name\":\"EL MAWKIE\",\"url\":\"https:\/\/elmawkie.dz\/fr\/\",\"logo\":{\"@type\":\"ImageObject\",\"inLanguage\":\"fr-FR\",\"@id\":\"https:\/\/elmawkie.dz\/fr\/#\/schema\/logo\/image\/\",\"url\":\"https:\/\/elmawkie.dz\/fr\/wp-content\/uploads\/2024\/05\/logo1.png\",\"contentUrl\":\"https:\/\/elmawkie.dz\/fr\/wp-content\/uploads\/2024\/05\/logo1.png\",\"width\":1648,\"height\":652,\"caption\":\"EL MAWKIE\"},\"image\":{\"@id\":\"https:\/\/elmawkie.dz\/fr\/#\/schema\/logo\/image\/\"},\"sameAs\":[\"https:\/\/www.facebook.com\/profile.php?id=100088407094989&locale=fr_FR\"]},{\"@type\":\"Person\",\"@id\":\"https:\/\/elmawkie.dz\/fr\/#\/schema\/person\/e7bd59d6467874ba5c4723d8a9f0a63c\",\"name\":\"R\u00e9daction\",\"image\":{\"@type\":\"ImageObject\",\"inLanguage\":\"fr-FR\",\"@id\":\"https:\/\/elmawkie.dz\/fr\/#\/schema\/person\/image\/\",\"url\":\"https:\/\/secure.gravatar.com\/avatar\/f0f773456344da4d2788c054a3d30a0c?s=96&d=mm&r=g\",\"contentUrl\":\"https:\/\/secure.gravatar.com\/avatar\/f0f773456344da4d2788c054a3d30a0c?s=96&d=mm&r=g\",\"caption\":\"R\u00e9daction\"},\"url\":\"https:\/\/elmawkie.dz\/fr\/author\/redaction\/\"}]}<\/script>\n<!-- \/ Yoast SEO Premium plugin. -->","yoast_head_json":{"title":"Merabi : les sp\u00e9cialit\u00e9s ouvertes doivent r\u00e9pondre aux besoins du march\u00e9 de l\u2019emploi - El Mawkie","robots":{"index":"index","follow":"follow","max-snippet":"max-snippet:-1","max-image-preview":"max-image-preview:large","max-video-preview":"max-video-preview:-1"},"canonical":"https:\/\/elmawkie.dz\/fr\/merabi-les-specialites-ouvertes-doivent-repondre-aux-besoins-du-marche-de-lemploi\/","og_locale":"fr_FR","og_type":"article","og_title":"Merabi : les sp\u00e9cialit\u00e9s ouvertes doivent r\u00e9pondre aux besoins du march\u00e9 de l\u2019emploi","og_description":"Le ministre de la Formation et de l\u2019Enseignement professionnels, Yacine Merabi, a affirm\u00e9 mardi depuis Bordj Bou Arreridj la n\u00e9cessaire ad\u00e9quation des sp\u00e9cialit\u00e9s de formations ouvertes avec les besoins du march\u00e9 de l\u2019emploi et l\u2019exploitation optimale des \u00e9quipements et grands moyens dont dispose le secteur. Dans une d\u00e9claration \u00e0 la presse en marge de sa &hellip;","og_url":"https:\/\/elmawkie.dz\/fr\/merabi-les-specialites-ouvertes-doivent-repondre-aux-besoins-du-marche-de-lemploi\/","og_site_name":"El Mawkie","article_publisher":"https:\/\/www.facebook.com\/profile.php?id=100088407094989&locale=fr_FR","article_published_time":"2024-10-01T22:07:49+00:00","og_image":[{"width":1440,"height":810,"url":"https:\/\/elmawkie.dz\/fr\/wp-content\/uploads\/2024\/10\/IMG_2692.jpeg","type":"image\/jpeg"}],"author":"R\u00e9daction","twitter_card":"summary_large_image","twitter_misc":{"Written by":"R\u00e9daction","Est. reading time":"2 minutes"},"schema":{"@context":"https:\/\/schema.org","@graph":[{"@type":"Article","@id":"https:\/\/elmawkie.dz\/fr\/merabi-les-specialites-ouvertes-doivent-repondre-aux-besoins-du-marche-de-lemploi\/#article","isPartOf":{"@id":"https:\/\/elmawkie.dz\/fr\/merabi-les-specialites-ouvertes-doivent-repondre-aux-besoins-du-marche-de-lemploi\/"},"author":{"name":"R\u00e9daction","@id":"https:\/\/elmawkie.dz\/fr\/#\/schema\/person\/e7bd59d6467874ba5c4723d8a9f0a63c"},"headline":"Merabi : les sp\u00e9cialit\u00e9s ouvertes doivent r\u00e9pondre aux besoins du march\u00e9 de l\u2019emploi","datePublished":"2024-10-01T22:07:49+00:00","dateModified":"2024-10-01T22:07:49+00:00","mainEntityOfPage":{"@id":"https:\/\/elmawkie.dz\/fr\/merabi-les-specialites-ouvertes-doivent-repondre-aux-besoins-du-marche-de-lemploi\/"},"wordCount":399,"commentCount":0,"publisher":{"@id":"https:\/\/elmawkie.dz\/fr\/#organization"},"image":{"@id":"https:\/\/elmawkie.dz\/fr\/merabi-les-specialites-ouvertes-doivent-repondre-aux-besoins-du-marche-de-lemploi\/#primaryimage"},"thumbnailUrl":"https:\/\/elmawkie.dz\/fr\/wp-content\/uploads\/2024\/10\/IMG_2692.jpeg","keywords":["Formation et de l\u2019Enseignement professionnels","march\u00e9 de l\u2019emploi","Merabi"],"articleSection":["National"],"inLanguage":"fr-FR","potentialAction":[{"@type":"CommentAction","name":"Comment","target":["https:\/\/elmawkie.dz\/fr\/merabi-les-specialites-ouvertes-doivent-repondre-aux-besoins-du-marche-de-lemploi\/#respond"]}]},{"@type":"WebPage","@id":"https:\/\/elmawkie.dz\/fr\/merabi-les-specialites-ouvertes-doivent-repondre-aux-besoins-du-marche-de-lemploi\/","url":"https:\/\/elmawkie.dz\/fr\/merabi-les-specialites-ouvertes-doivent-repondre-aux-besoins-du-marche-de-lemploi\/","name":"Merabi : les sp\u00e9cialit\u00e9s ouvertes doivent r\u00e9pondre aux besoins du march\u00e9 de l\u2019emploi - El Mawkie","isPartOf":{"@id":"https:\/\/elmawkie.dz\/fr\/#website"},"primaryImageOfPage":{"@id":"https:\/\/elmawkie.dz\/fr\/merabi-les-specialites-ouvertes-doivent-repondre-aux-besoins-du-marche-de-lemploi\/#primaryimage"},"image":{"@id":"https:\/\/elmawkie.dz\/fr\/merabi-les-specialites-ouvertes-doivent-repondre-aux-besoins-du-marche-de-lemploi\/#primaryimage"},"thumbnailUrl":"https:\/\/elmawkie.dz\/fr\/wp-content\/uploads\/2024\/10\/IMG_2692.jpeg","datePublished":"2024-10-01T22:07:49+00:00","dateModified":"2024-10-01T22:07:49+00:00","breadcrumb":{"@id":"https:\/\/elmawkie.dz\/fr\/merabi-les-specialites-ouvertes-doivent-repondre-aux-besoins-du-marche-de-lemploi\/#breadcrumb"},"inLanguage":"fr-FR","potentialAction":[{"@type":"ReadAction","target":["https:\/\/elmawkie.dz\/fr\/merabi-les-specialites-ouvertes-doivent-repondre-aux-besoins-du-marche-de-lemploi\/"]}]},{"@type":"ImageObject","inLanguage":"fr-FR","@id":"https:\/\/elmawkie.dz\/fr\/merabi-les-specialites-ouvertes-doivent-repondre-aux-besoins-du-marche-de-lemploi\/#primaryimage","url":"https:\/\/elmawkie.dz\/fr\/wp-content\/uploads\/2024\/10\/IMG_2692.jpeg","contentUrl":"https:\/\/elmawkie.dz\/fr\/wp-content\/uploads\/2024\/10\/IMG_2692.jpeg","width":1440,"height":810},{"@type":"BreadcrumbList","@id":"https:\/\/elmawkie.dz\/fr\/merabi-les-specialites-ouvertes-doivent-repondre-aux-besoins-du-marche-de-lemploi\/#breadcrumb","itemListElement":[{"@type":"ListItem","position":1,"name":"Home","item":"https:\/\/elmawkie.dz\/fr\/"},{"@type":"ListItem","position":2,"name":"Merabi : les sp\u00e9cialit\u00e9s ouvertes doivent r\u00e9pondre aux besoins du march\u00e9 de l\u2019emploi"}]},{"@type":"WebSite","@id":"https:\/\/elmawkie.dz\/fr\/#website","url":"https:\/\/elmawkie.dz\/fr\/","name":"EL MAWKIE","description":"Journal \u00c9lectronique Alg\u00e9rien","publisher":{"@id":"https:\/\/elmawkie.dz\/fr\/#organization"},"potentialAction":[{"@type":"SearchAction","target":{"@type":"EntryPoint","urlTemplate":"https:\/\/elmawkie.dz\/fr\/?s={search_term_string}"},"query-input":"required name=search_term_string"}],"inLanguage":"fr-FR"},{"@type":"Organization","@id":"https:\/\/elmawkie.dz\/fr\/#organization","name":"EL MAWKIE","url":"https:\/\/elmawkie.dz\/fr\/","logo":{"@type":"ImageObject","inLanguage":"fr-FR","@id":"https:\/\/elmawkie.dz\/fr\/#\/schema\/logo\/image\/","url":"https:\/\/elmawkie.dz\/fr\/wp-content\/uploads\/2024\/05\/logo1.png","contentUrl":"https:\/\/elmawkie.dz\/fr\/wp-content\/uploads\/2024\/05\/logo1.png","width":1648,"height":652,"caption":"EL MAWKIE"},"image":{"@id":"https:\/\/elmawkie.dz\/fr\/#\/schema\/logo\/image\/"},"sameAs":["https:\/\/www.facebook.com\/profile.php?id=100088407094989&locale=fr_FR"]},{"@type":"Person","@id":"https:\/\/elmawkie.dz\/fr\/#\/schema\/person\/e7bd59d6467874ba5c4723d8a9f0a63c","name":"R\u00e9daction","image":{"@type":"ImageObject","inLanguage":"fr-FR","@id":"https:\/\/elmawkie.dz\/fr\/#\/schema\/person\/image\/","url":"https:\/\/secure.gravatar.com\/avatar\/f0f773456344da4d2788c054a3d30a0c?s=96&d=mm&r=g","contentUrl":"https:\/\/secure.gravatar.com\/avatar\/f0f773456344da4d2788c054a3d30a0c?s=96&d=mm&r=g","caption":"R\u00e9daction"},"url":"https:\/\/elmawkie.dz\/fr\/author\/redaction\/"}]}},"_links":{"self":[{"href":"https:\/\/elmawkie.dz\/fr\/wp-json\/wp\/v2\/posts\/5344","targetHints":{"allow":["GET"]}}],"collection":[{"href":"https:\/\/elmawkie.dz\/fr\/wp-json\/wp\/v2\/posts"}],"about":[{"href":"https:\/\/elmawkie.dz\/fr\/wp-json\/wp\/v2\/types\/post"}],"author":[{"embeddable":true,"href":"https:\/\/elmawkie.dz\/fr\/wp-json\/wp\/v2\/users\/9"}],"replies":[{"embeddable":true,"href":"https:\/\/elmawkie.dz\/fr\/wp-json\/wp\/v2\/comments?post=5344"}],"version-history":[{"count":0,"href":"https:\/\/elmawkie.dz\/fr\/wp-json\/wp\/v2\/posts\/5344\/revisions"}],"wp:featuredmedia":[{"embeddable":true,"href":"https:\/\/elmawkie.dz\/fr\/wp-json\/wp\/v2\/media\/5345"}],"wp:attachment":[{"href":"https:\/\/elmawkie.dz\/fr\/wp-json\/wp\/v2\/media?parent=5344"}],"wp:term":[{"taxonomy":"category","embeddable":true,"href":"https:\/\/elmawkie.dz\/fr\/wp-json\/wp\/v2\/categories?post=5344"},{"taxonomy":"post_tag","embeddable":true,"href":"https:\/\/elmawkie.dz\/fr\/wp-json\/wp\/v2\/tags?post=5344"}],"curies":[{"name":"wp","href":"https:\/\/api.w.org\/{rel}","templated":true}]}}