{"id":53385,"date":"2025-07-06T11:27:27","date_gmt":"2025-07-06T10:27:27","guid":{"rendered":"https:\/\/elmawkie.dz\/fr\/?p=53385"},"modified":"2025-07-06T11:27:28","modified_gmt":"2025-07-06T10:27:28","slug":"bayern-munich-musiala-victime-dune-fracture-au-perone","status":"publish","type":"post","link":"https:\/\/elmawkie.dz\/fr\/bayern-munich-musiala-victime-dune-fracture-au-perone\/","title":{"rendered":"Bayern Munich : Musiala victime d&rsquo;une fracture au p\u00e9ron\u00e9"},"content":{"rendered":"\n<p>L&rsquo;attaquant Jamal Musiala serait finalement victime d&rsquo;une fracture au p\u00e9ron\u00e9, et plusieurs ligaments ont \u00e9t\u00e9 touch\u00e9s apr\u00e8s avoir \u00e9t\u00e9 percut\u00e9 par le gardien Gianluigi Donnarumma, lors du quart de finale du Mondial des clubs entre le PSG et le Bayern, samedi \u00e0 Atlanta. Le joueur allemand de 20 ans s&rsquo;est \u00e9croul\u00e9 dans la surface apr\u00e8s avoir violemment percut\u00e9 Gianluigi Donnarumma, sorti pour attraper le ballon. Sa jambe a alors \u00e9t\u00e9 en porte-\u00e0-faux et a pli\u00e9 au niveau de la cheville sous le poids du gardien. Selon le journal allemand Bild, l&rsquo;attaquant risque jusqu&rsquo;\u00e0 quatre \u00e0 six mois d&rsquo;absence. \u00ab\u00a0La situation pour Jamal \u00e9tait \u00e9mouvante, on a tous vu ce qu&rsquo;il s&rsquo;est pass\u00e9, \u00e7a n&rsquo;avait pas l&rsquo;air joli, on esp\u00e8re que ce ne sera pas trop grave, qu&rsquo;il se remette le mieux possible\u00a0\u00bb, a dit son entra\u00eeneur Vincent Kompany apr\u00e8s la rencontre. L&rsquo;entra\u00eeneur adverse Luis Enrique a commenc\u00e9 sa conf\u00e9rence de presse \u00e0 ce sujet : \u00ab\u00a0Permettez-moi de souhaiter \u00e0 Jamal Musiala une bonne r\u00e9cup\u00e9ration. Ca a \u00e9t\u00e9 un match difficile et il a jou\u00e9 de malchance\u00a0\u00bb.<\/p>\n","protected":false},"excerpt":{"rendered":"<p>L&rsquo;attaquant Jamal Musiala serait finalement victime d&rsquo;une fracture au p\u00e9ron\u00e9, et plusieurs ligaments ont \u00e9t\u00e9 touch\u00e9s apr\u00e8s avoir \u00e9t\u00e9 percut\u00e9 par le gardien Gianluigi Donnarumma, lors du quart de finale du Mondial des clubs entre le PSG et le Bayern, samedi \u00e0 Atlanta. Le joueur allemand de 20 ans s&rsquo;est \u00e9croul\u00e9 dans la surface apr\u00e8s &hellip;<\/p>\n","protected":false},"author":9,"featured_media":53387,"comment_status":"open","ping_status":"open","sticky":false,"template":"","format":"standard","meta":{"footnotes":""},"categories":[57],"tags":[4364,4365],"class_list":["post-53385","post","type-post","status-publish","format-standard","has-post-thumbnail","hentry","category-sport","tag-bayern-munich","tag-musiala"],"yoast_head":"<!-- This site is optimized with the Yoast SEO Premium plugin v22.6 (Yoast SEO v22.6) - https:\/\/yoast.com\/wordpress\/plugins\/seo\/ -->\n<title>Bayern Munich : Musiala victime d&#039;une fracture au p\u00e9ron\u00e9 - El Mawkie<\/title>\n<meta name=\"robots\" content=\"index, follow, max-snippet:-1, max-image-preview:large, max-video-preview:-1\" \/>\n<link rel=\"canonical\" href=\"https:\/\/elmawkie.dz\/fr\/bayern-munich-musiala-victime-dune-fracture-au-perone\/\" \/>\n<meta property=\"og:locale\" content=\"fr_FR\" \/>\n<meta property=\"og:type\" content=\"article\" \/>\n<meta property=\"og:title\" content=\"Bayern Munich : Musiala victime d&#039;une fracture au p\u00e9ron\u00e9\" \/>\n<meta property=\"og:description\" content=\"L&rsquo;attaquant Jamal Musiala serait finalement victime d&rsquo;une fracture au p\u00e9ron\u00e9, et plusieurs ligaments ont \u00e9t\u00e9 touch\u00e9s apr\u00e8s avoir \u00e9t\u00e9 percut\u00e9 par le gardien Gianluigi Donnarumma, lors du quart de finale du Mondial des clubs entre le PSG et le Bayern, samedi \u00e0 Atlanta. Le joueur allemand de 20 ans s&rsquo;est \u00e9croul\u00e9 dans la surface apr\u00e8s &hellip;\" \/>\n<meta property=\"og:url\" content=\"https:\/\/elmawkie.dz\/fr\/bayern-munich-musiala-victime-dune-fracture-au-perone\/\" \/>\n<meta property=\"og:site_name\" content=\"El Mawkie\" \/>\n<meta property=\"article:publisher\" content=\"https:\/\/www.facebook.com\/profile.php?id=100088407094989&amp;locale=fr_FR\" \/>\n<meta property=\"article:published_time\" content=\"2025-07-06T10:27:27+00:00\" \/>\n<meta property=\"article:modified_time\" content=\"2025-07-06T10:27:28+00:00\" \/>\n<meta property=\"og:image\" content=\"https:\/\/elmawkie.dz\/fr\/wp-content\/uploads\/2025\/07\/IMG_9117.jpeg\" \/>\n\t<meta property=\"og:image:width\" content=\"275\" \/>\n\t<meta property=\"og:image:height\" content=\"183\" \/>\n\t<meta property=\"og:image:type\" content=\"image\/jpeg\" \/>\n<meta name=\"author\" content=\"R\u00e9daction\" \/>\n<meta name=\"twitter:card\" content=\"summary_large_image\" \/>\n<meta name=\"twitter:label1\" content=\"Written by\" \/>\n\t<meta name=\"twitter:data1\" content=\"R\u00e9daction\" \/>\n\t<meta name=\"twitter:label2\" content=\"Est. reading time\" \/>\n\t<meta name=\"twitter:data2\" content=\"2 minutes\" \/>\n<script type=\"application\/ld+json\" class=\"yoast-schema-graph\">{\"@context\":\"https:\/\/schema.org\",\"@graph\":[{\"@type\":\"Article\",\"@id\":\"https:\/\/elmawkie.dz\/fr\/bayern-munich-musiala-victime-dune-fracture-au-perone\/#article\",\"isPartOf\":{\"@id\":\"https:\/\/elmawkie.dz\/fr\/bayern-munich-musiala-victime-dune-fracture-au-perone\/\"},\"author\":{\"name\":\"R\u00e9daction\",\"@id\":\"https:\/\/elmawkie.dz\/fr\/#\/schema\/person\/e7bd59d6467874ba5c4723d8a9f0a63c\"},\"headline\":\"Bayern Munich : Musiala victime d&rsquo;une fracture au p\u00e9ron\u00e9\",\"datePublished\":\"2025-07-06T10:27:27+00:00\",\"dateModified\":\"2025-07-06T10:27:28+00:00\",\"mainEntityOfPage\":{\"@id\":\"https:\/\/elmawkie.dz\/fr\/bayern-munich-musiala-victime-dune-fracture-au-perone\/\"},\"wordCount\":203,\"commentCount\":0,\"publisher\":{\"@id\":\"https:\/\/elmawkie.dz\/fr\/#organization\"},\"image\":{\"@id\":\"https:\/\/elmawkie.dz\/fr\/bayern-munich-musiala-victime-dune-fracture-au-perone\/#primaryimage\"},\"thumbnailUrl\":\"https:\/\/elmawkie.dz\/fr\/wp-content\/uploads\/2025\/07\/IMG_9117.jpeg\",\"keywords\":[\"Bayern Munich\",\"Musiala\"],\"articleSection\":[\"Sport\"],\"inLanguage\":\"fr-FR\",\"potentialAction\":[{\"@type\":\"CommentAction\",\"name\":\"Comment\",\"target\":[\"https:\/\/elmawkie.dz\/fr\/bayern-munich-musiala-victime-dune-fracture-au-perone\/#respond\"]}]},{\"@type\":\"WebPage\",\"@id\":\"https:\/\/elmawkie.dz\/fr\/bayern-munich-musiala-victime-dune-fracture-au-perone\/\",\"url\":\"https:\/\/elmawkie.dz\/fr\/bayern-munich-musiala-victime-dune-fracture-au-perone\/\",\"name\":\"Bayern Munich : Musiala victime d'une fracture au p\u00e9ron\u00e9 - El Mawkie\",\"isPartOf\":{\"@id\":\"https:\/\/elmawkie.dz\/fr\/#website\"},\"primaryImageOfPage\":{\"@id\":\"https:\/\/elmawkie.dz\/fr\/bayern-munich-musiala-victime-dune-fracture-au-perone\/#primaryimage\"},\"image\":{\"@id\":\"https:\/\/elmawkie.dz\/fr\/bayern-munich-musiala-victime-dune-fracture-au-perone\/#primaryimage\"},\"thumbnailUrl\":\"https:\/\/elmawkie.dz\/fr\/wp-content\/uploads\/2025\/07\/IMG_9117.jpeg\",\"datePublished\":\"2025-07-06T10:27:27+00:00\",\"dateModified\":\"2025-07-06T10:27:28+00:00\",\"breadcrumb\":{\"@id\":\"https:\/\/elmawkie.dz\/fr\/bayern-munich-musiala-victime-dune-fracture-au-perone\/#breadcrumb\"},\"inLanguage\":\"fr-FR\",\"potentialAction\":[{\"@type\":\"ReadAction\",\"target\":[\"https:\/\/elmawkie.dz\/fr\/bayern-munich-musiala-victime-dune-fracture-au-perone\/\"]}]},{\"@type\":\"ImageObject\",\"inLanguage\":\"fr-FR\",\"@id\":\"https:\/\/elmawkie.dz\/fr\/bayern-munich-musiala-victime-dune-fracture-au-perone\/#primaryimage\",\"url\":\"https:\/\/elmawkie.dz\/fr\/wp-content\/uploads\/2025\/07\/IMG_9117.jpeg\",\"contentUrl\":\"https:\/\/elmawkie.dz\/fr\/wp-content\/uploads\/2025\/07\/IMG_9117.jpeg\",\"width\":275,\"height\":183},{\"@type\":\"BreadcrumbList\",\"@id\":\"https:\/\/elmawkie.dz\/fr\/bayern-munich-musiala-victime-dune-fracture-au-perone\/#breadcrumb\",\"itemListElement\":[{\"@type\":\"ListItem\",\"position\":1,\"name\":\"Home\",\"item\":\"https:\/\/elmawkie.dz\/fr\/\"},{\"@type\":\"ListItem\",\"position\":2,\"name\":\"Bayern Munich : Musiala victime d&rsquo;une fracture au p\u00e9ron\u00e9\"}]},{\"@type\":\"WebSite\",\"@id\":\"https:\/\/elmawkie.dz\/fr\/#website\",\"url\":\"https:\/\/elmawkie.dz\/fr\/\",\"name\":\"EL MAWKIE\",\"description\":\"Journal \u00c9lectronique Alg\u00e9rien\",\"publisher\":{\"@id\":\"https:\/\/elmawkie.dz\/fr\/#organization\"},\"potentialAction\":[{\"@type\":\"SearchAction\",\"target\":{\"@type\":\"EntryPoint\",\"urlTemplate\":\"https:\/\/elmawkie.dz\/fr\/?s={search_term_string}\"},\"query-input\":\"required name=search_term_string\"}],\"inLanguage\":\"fr-FR\"},{\"@type\":\"Organization\",\"@id\":\"https:\/\/elmawkie.dz\/fr\/#organization\",\"name\":\"EL MAWKIE\",\"url\":\"https:\/\/elmawkie.dz\/fr\/\",\"logo\":{\"@type\":\"ImageObject\",\"inLanguage\":\"fr-FR\",\"@id\":\"https:\/\/elmawkie.dz\/fr\/#\/schema\/logo\/image\/\",\"url\":\"https:\/\/elmawkie.dz\/fr\/wp-content\/uploads\/2024\/05\/logo1.png\",\"contentUrl\":\"https:\/\/elmawkie.dz\/fr\/wp-content\/uploads\/2024\/05\/logo1.png\",\"width\":1648,\"height\":652,\"caption\":\"EL MAWKIE\"},\"image\":{\"@id\":\"https:\/\/elmawkie.dz\/fr\/#\/schema\/logo\/image\/\"},\"sameAs\":[\"https:\/\/www.facebook.com\/profile.php?id=100088407094989&locale=fr_FR\"]},{\"@type\":\"Person\",\"@id\":\"https:\/\/elmawkie.dz\/fr\/#\/schema\/person\/e7bd59d6467874ba5c4723d8a9f0a63c\",\"name\":\"R\u00e9daction\",\"image\":{\"@type\":\"ImageObject\",\"inLanguage\":\"fr-FR\",\"@id\":\"https:\/\/elmawkie.dz\/fr\/#\/schema\/person\/image\/\",\"url\":\"https:\/\/secure.gravatar.com\/avatar\/f0f773456344da4d2788c054a3d30a0c?s=96&d=mm&r=g\",\"contentUrl\":\"https:\/\/secure.gravatar.com\/avatar\/f0f773456344da4d2788c054a3d30a0c?s=96&d=mm&r=g\",\"caption\":\"R\u00e9daction\"},\"url\":\"https:\/\/elmawkie.dz\/fr\/author\/redaction\/\"}]}<\/script>\n<!-- \/ Yoast SEO Premium plugin. -->","yoast_head_json":{"title":"Bayern Munich : Musiala victime d'une fracture au p\u00e9ron\u00e9 - El Mawkie","robots":{"index":"index","follow":"follow","max-snippet":"max-snippet:-1","max-image-preview":"max-image-preview:large","max-video-preview":"max-video-preview:-1"},"canonical":"https:\/\/elmawkie.dz\/fr\/bayern-munich-musiala-victime-dune-fracture-au-perone\/","og_locale":"fr_FR","og_type":"article","og_title":"Bayern Munich : Musiala victime d'une fracture au p\u00e9ron\u00e9","og_description":"L&rsquo;attaquant Jamal Musiala serait finalement victime d&rsquo;une fracture au p\u00e9ron\u00e9, et plusieurs ligaments ont \u00e9t\u00e9 touch\u00e9s apr\u00e8s avoir \u00e9t\u00e9 percut\u00e9 par le gardien Gianluigi Donnarumma, lors du quart de finale du Mondial des clubs entre le PSG et le Bayern, samedi \u00e0 Atlanta. Le joueur allemand de 20 ans s&rsquo;est \u00e9croul\u00e9 dans la surface apr\u00e8s &hellip;","og_url":"https:\/\/elmawkie.dz\/fr\/bayern-munich-musiala-victime-dune-fracture-au-perone\/","og_site_name":"El Mawkie","article_publisher":"https:\/\/www.facebook.com\/profile.php?id=100088407094989&locale=fr_FR","article_published_time":"2025-07-06T10:27:27+00:00","article_modified_time":"2025-07-06T10:27:28+00:00","og_image":[{"width":275,"height":183,"url":"https:\/\/elmawkie.dz\/fr\/wp-content\/uploads\/2025\/07\/IMG_9117.jpeg","type":"image\/jpeg"}],"author":"R\u00e9daction","twitter_card":"summary_large_image","twitter_misc":{"Written by":"R\u00e9daction","Est. reading time":"2 minutes"},"schema":{"@context":"https:\/\/schema.org","@graph":[{"@type":"Article","@id":"https:\/\/elmawkie.dz\/fr\/bayern-munich-musiala-victime-dune-fracture-au-perone\/#article","isPartOf":{"@id":"https:\/\/elmawkie.dz\/fr\/bayern-munich-musiala-victime-dune-fracture-au-perone\/"},"author":{"name":"R\u00e9daction","@id":"https:\/\/elmawkie.dz\/fr\/#\/schema\/person\/e7bd59d6467874ba5c4723d8a9f0a63c"},"headline":"Bayern Munich : Musiala victime d&rsquo;une fracture au p\u00e9ron\u00e9","datePublished":"2025-07-06T10:27:27+00:00","dateModified":"2025-07-06T10:27:28+00:00","mainEntityOfPage":{"@id":"https:\/\/elmawkie.dz\/fr\/bayern-munich-musiala-victime-dune-fracture-au-perone\/"},"wordCount":203,"commentCount":0,"publisher":{"@id":"https:\/\/elmawkie.dz\/fr\/#organization"},"image":{"@id":"https:\/\/elmawkie.dz\/fr\/bayern-munich-musiala-victime-dune-fracture-au-perone\/#primaryimage"},"thumbnailUrl":"https:\/\/elmawkie.dz\/fr\/wp-content\/uploads\/2025\/07\/IMG_9117.jpeg","keywords":["Bayern Munich","Musiala"],"articleSection":["Sport"],"inLanguage":"fr-FR","potentialAction":[{"@type":"CommentAction","name":"Comment","target":["https:\/\/elmawkie.dz\/fr\/bayern-munich-musiala-victime-dune-fracture-au-perone\/#respond"]}]},{"@type":"WebPage","@id":"https:\/\/elmawkie.dz\/fr\/bayern-munich-musiala-victime-dune-fracture-au-perone\/","url":"https:\/\/elmawkie.dz\/fr\/bayern-munich-musiala-victime-dune-fracture-au-perone\/","name":"Bayern Munich : Musiala victime d'une fracture au p\u00e9ron\u00e9 - El Mawkie","isPartOf":{"@id":"https:\/\/elmawkie.dz\/fr\/#website"},"primaryImageOfPage":{"@id":"https:\/\/elmawkie.dz\/fr\/bayern-munich-musiala-victime-dune-fracture-au-perone\/#primaryimage"},"image":{"@id":"https:\/\/elmawkie.dz\/fr\/bayern-munich-musiala-victime-dune-fracture-au-perone\/#primaryimage"},"thumbnailUrl":"https:\/\/elmawkie.dz\/fr\/wp-content\/uploads\/2025\/07\/IMG_9117.jpeg","datePublished":"2025-07-06T10:27:27+00:00","dateModified":"2025-07-06T10:27:28+00:00","breadcrumb":{"@id":"https:\/\/elmawkie.dz\/fr\/bayern-munich-musiala-victime-dune-fracture-au-perone\/#breadcrumb"},"inLanguage":"fr-FR","potentialAction":[{"@type":"ReadAction","target":["https:\/\/elmawkie.dz\/fr\/bayern-munich-musiala-victime-dune-fracture-au-perone\/"]}]},{"@type":"ImageObject","inLanguage":"fr-FR","@id":"https:\/\/elmawkie.dz\/fr\/bayern-munich-musiala-victime-dune-fracture-au-perone\/#primaryimage","url":"https:\/\/elmawkie.dz\/fr\/wp-content\/uploads\/2025\/07\/IMG_9117.jpeg","contentUrl":"https:\/\/elmawkie.dz\/fr\/wp-content\/uploads\/2025\/07\/IMG_9117.jpeg","width":275,"height":183},{"@type":"BreadcrumbList","@id":"https:\/\/elmawkie.dz\/fr\/bayern-munich-musiala-victime-dune-fracture-au-perone\/#breadcrumb","itemListElement":[{"@type":"ListItem","position":1,"name":"Home","item":"https:\/\/elmawkie.dz\/fr\/"},{"@type":"ListItem","position":2,"name":"Bayern Munich : Musiala victime d&rsquo;une fracture au p\u00e9ron\u00e9"}]},{"@type":"WebSite","@id":"https:\/\/elmawkie.dz\/fr\/#website","url":"https:\/\/elmawkie.dz\/fr\/","name":"EL MAWKIE","description":"Journal \u00c9lectronique Alg\u00e9rien","publisher":{"@id":"https:\/\/elmawkie.dz\/fr\/#organization"},"potentialAction":[{"@type":"SearchAction","target":{"@type":"EntryPoint","urlTemplate":"https:\/\/elmawkie.dz\/fr\/?s={search_term_string}"},"query-input":"required name=search_term_string"}],"inLanguage":"fr-FR"},{"@type":"Organization","@id":"https:\/\/elmawkie.dz\/fr\/#organization","name":"EL MAWKIE","url":"https:\/\/elmawkie.dz\/fr\/","logo":{"@type":"ImageObject","inLanguage":"fr-FR","@id":"https:\/\/elmawkie.dz\/fr\/#\/schema\/logo\/image\/","url":"https:\/\/elmawkie.dz\/fr\/wp-content\/uploads\/2024\/05\/logo1.png","contentUrl":"https:\/\/elmawkie.dz\/fr\/wp-content\/uploads\/2024\/05\/logo1.png","width":1648,"height":652,"caption":"EL MAWKIE"},"image":{"@id":"https:\/\/elmawkie.dz\/fr\/#\/schema\/logo\/image\/"},"sameAs":["https:\/\/www.facebook.com\/profile.php?id=100088407094989&locale=fr_FR"]},{"@type":"Person","@id":"https:\/\/elmawkie.dz\/fr\/#\/schema\/person\/e7bd59d6467874ba5c4723d8a9f0a63c","name":"R\u00e9daction","image":{"@type":"ImageObject","inLanguage":"fr-FR","@id":"https:\/\/elmawkie.dz\/fr\/#\/schema\/person\/image\/","url":"https:\/\/secure.gravatar.com\/avatar\/f0f773456344da4d2788c054a3d30a0c?s=96&d=mm&r=g","contentUrl":"https:\/\/secure.gravatar.com\/avatar\/f0f773456344da4d2788c054a3d30a0c?s=96&d=mm&r=g","caption":"R\u00e9daction"},"url":"https:\/\/elmawkie.dz\/fr\/author\/redaction\/"}]}},"_links":{"self":[{"href":"https:\/\/elmawkie.dz\/fr\/wp-json\/wp\/v2\/posts\/53385","targetHints":{"allow":["GET"]}}],"collection":[{"href":"https:\/\/elmawkie.dz\/fr\/wp-json\/wp\/v2\/posts"}],"about":[{"href":"https:\/\/elmawkie.dz\/fr\/wp-json\/wp\/v2\/types\/post"}],"author":[{"embeddable":true,"href":"https:\/\/elmawkie.dz\/fr\/wp-json\/wp\/v2\/users\/9"}],"replies":[{"embeddable":true,"href":"https:\/\/elmawkie.dz\/fr\/wp-json\/wp\/v2\/comments?post=53385"}],"version-history":[{"count":1,"href":"https:\/\/elmawkie.dz\/fr\/wp-json\/wp\/v2\/posts\/53385\/revisions"}],"predecessor-version":[{"id":53388,"href":"https:\/\/elmawkie.dz\/fr\/wp-json\/wp\/v2\/posts\/53385\/revisions\/53388"}],"wp:featuredmedia":[{"embeddable":true,"href":"https:\/\/elmawkie.dz\/fr\/wp-json\/wp\/v2\/media\/53387"}],"wp:attachment":[{"href":"https:\/\/elmawkie.dz\/fr\/wp-json\/wp\/v2\/media?parent=53385"}],"wp:term":[{"taxonomy":"category","embeddable":true,"href":"https:\/\/elmawkie.dz\/fr\/wp-json\/wp\/v2\/categories?post=53385"},{"taxonomy":"post_tag","embeddable":true,"href":"https:\/\/elmawkie.dz\/fr\/wp-json\/wp\/v2\/tags?post=53385"}],"curies":[{"name":"wp","href":"https:\/\/api.w.org\/{rel}","templated":true}]}}