{"id":53182,"date":"2025-07-01T19:13:05","date_gmt":"2025-07-01T18:13:05","guid":{"rendered":"https:\/\/elmawkie.dz\/fr\/?p=53182"},"modified":"2025-07-01T19:13:06","modified_gmt":"2025-07-01T18:13:06","slug":"le-ministre-de-la-culture-salue-les-avancees-dune-etude-sur-la-relance-de-lindustrie-cinematographique-en-algerie","status":"publish","type":"post","link":"https:\/\/elmawkie.dz\/fr\/le-ministre-de-la-culture-salue-les-avancees-dune-etude-sur-la-relance-de-lindustrie-cinematographique-en-algerie\/","title":{"rendered":"Le ministre de la Culture salue les avanc\u00e9es d\u2019une \u00e9tude sur la relance de l&rsquo;industrie cin\u00e9matographique en Alg\u00e9rie"},"content":{"rendered":"\n<p>Le ministre de la Culture et des Arts, M. Zouhir Ballalou, a affirm\u00e9, mardi \u00e0 Alger, que les r\u00e9sultats d&rsquo;une \u00e9tude cibl\u00e9e pour la relance de l&rsquo;industrie cin\u00e9matographique alg\u00e9rienne constituent une v\u00e9ritable \u00ab\u00a0feuille de route qui sera adopt\u00e9e prochainement, compte tenu de son r\u00e9alisme et de sa m\u00e9thodologie\u00a0\u00bb. S&rsquo;exprimant \u00e0 l&rsquo;occasion de la pr\u00e9sentation, au Palais de la Culture \u00ab\u00a0Moufdi Zakaria\u00a0\u00bb, des r\u00e9sultats de cette \u00e9tude par un groupe d&rsquo;experts, en pr\u00e9sence de repr\u00e9sentants d&rsquo;institutions minist\u00e9rielles, le ministre a soulign\u00e9 que cette \u00e9tude se distingue \u00ab\u00a0par un haut niveau d&rsquo;efficacit\u00e9, dans la mesure o\u00f9 elle analyse et d\u00e9crypte avec clart\u00e9 la situation globale du secteur cin\u00e9matographique en Alg\u00e9rie, permettant ainsi de relever les d\u00e9fis et de jeter les bases concr\u00e8tes d&rsquo;une industrie cin\u00e9matographique alg\u00e9rienne\u00a0\u00bb. A ce titre, M. Ballalou a pr\u00e9cis\u00e9 que cette \u00e9tude, \u00e9labor\u00e9e sur la base des recommandations issues des Assises nationales du cin\u00e9ma, organis\u00e9es en janvier dernier sous le haut patronage du pr\u00e9sident de la R\u00e9publique, M. Abdelmadjid Tebboune, propose \u00ab\u00a020 proc\u00e9dures concr\u00e8tes pouvant \u00eatre consid\u00e9r\u00e9es comme une feuille de route, du fait qu&rsquo;elles reposent sur des plans pratiques et r\u00e9alistes et sont le fruit de consultations larges et approfondies men\u00e9es en collaboration avec des acteurs et cadres du secteur cin\u00e9matographique\u00a0\u00bb. Le ministre a mis l&rsquo;accent sur la mise en \u0153uvre de ces propositions dans les plus brefs d\u00e9lais, soulignant, par ailleurs, \u00ab\u00a0l&rsquo;imp\u00e9ratif de fonder une industrie cin\u00e9matographique qui soit b\u00e9n\u00e9fique \u00e0 l&rsquo;Alg\u00e9rie sur tous les plans\u00a0\u00bb. Le comit\u00e9 ayant \u00e9labor\u00e9 l&rsquo;\u00e9tude durant la p\u00e9riode d&rsquo;avril \u00e0 juin dernier, est compos\u00e9 de quatre experts, en l&rsquo;occurrence Mohamed Tayeb Laggoune et Farid Merabet (Alg\u00e9rie), Olivier Zegna Rata (France) et Giacomo Mazzone (Italie). Lors de cette rencontre, les experts ont pr\u00e9sent\u00e9 un r\u00e9sum\u00e9 des propositions contenues dans cette \u00e9tude, visant \u00e0 permettre au cin\u00e9ma alg\u00e9rien de rattraper son retard dans plusieurs domaines, notamment \u00e0 travers l&rsquo;ouverture de complexes cin\u00e9matographiques au sein des centres commerciaux, la formation pluridisciplinaire, l&rsquo;activation et la r\u00e9partition des fonds de soutien au niveau local, ainsi que la facilitation de l&rsquo;acc\u00e8s aux aides pour les porteurs de projets cin\u00e9matographiques. L&rsquo;\u00e9tude propose \u00e9galement la cr\u00e9ation de commissions sp\u00e9cialis\u00e9es selon les genres cin\u00e9matographiques pour accompagner les projets, l&rsquo;implication des professionnels dans les plans li\u00e9s au secteur, la diversification des sources de financement, la dynamisation des relations entre la t\u00e9l\u00e9vision et le cin\u00e9ma, l&rsquo;instauration d&rsquo;incitations fiscales au profit du secteur priv\u00e9 pour encourager le financement des projets, la mise en place de cellules d&rsquo;appui au cin\u00e9ma au sein du minist\u00e8re du Tourisme, ainsi que le soutien aux start-up d\u00e9veloppant des technologies d\u00e9di\u00e9es au cin\u00e9ma et la promotion de projets cin\u00e9matographiques \u00e9trangers.<\/p>\n","protected":false},"excerpt":{"rendered":"<p>Le ministre de la Culture et des Arts, M. Zouhir Ballalou, a affirm\u00e9, mardi \u00e0 Alger, que les r\u00e9sultats d&rsquo;une \u00e9tude cibl\u00e9e pour la relance de l&rsquo;industrie cin\u00e9matographique alg\u00e9rienne constituent une v\u00e9ritable \u00ab\u00a0feuille de route qui sera adopt\u00e9e prochainement, compte tenu de son r\u00e9alisme et de sa m\u00e9thodologie\u00a0\u00bb. S&rsquo;exprimant \u00e0 l&rsquo;occasion de la pr\u00e9sentation, au &hellip;<\/p>\n","protected":false},"author":9,"featured_media":53184,"comment_status":"open","ping_status":"open","sticky":false,"template":"","format":"standard","meta":{"footnotes":""},"categories":[3],"tags":[88,4308,3241,4214],"class_list":["post-53182","post","type-post","status-publish","format-standard","has-post-thumbnail","hentry","category-bs-culture","tag-algerie","tag-lindustrie-cinematographique","tag-le-ministre-de-la-culture","tag-zohir-bellalou"],"yoast_head":"<!-- This site is optimized with the Yoast SEO Premium plugin v22.6 (Yoast SEO v22.6) - https:\/\/yoast.com\/wordpress\/plugins\/seo\/ -->\n<title>Le ministre de la Culture salue les avanc\u00e9es d\u2019une \u00e9tude sur la relance de l&#039;industrie cin\u00e9matographique en Alg\u00e9rie - El Mawkie<\/title>\n<meta name=\"robots\" content=\"index, follow, max-snippet:-1, max-image-preview:large, max-video-preview:-1\" \/>\n<link rel=\"canonical\" href=\"https:\/\/elmawkie.dz\/fr\/le-ministre-de-la-culture-salue-les-avancees-dune-etude-sur-la-relance-de-lindustrie-cinematographique-en-algerie\/\" \/>\n<meta property=\"og:locale\" content=\"fr_FR\" \/>\n<meta property=\"og:type\" content=\"article\" \/>\n<meta property=\"og:title\" content=\"Le ministre de la Culture salue les avanc\u00e9es d\u2019une \u00e9tude sur la relance de l&#039;industrie cin\u00e9matographique en Alg\u00e9rie\" \/>\n<meta property=\"og:description\" content=\"Le ministre de la Culture et des Arts, M. Zouhir Ballalou, a affirm\u00e9, mardi \u00e0 Alger, que les r\u00e9sultats d&rsquo;une \u00e9tude cibl\u00e9e pour la relance de l&rsquo;industrie cin\u00e9matographique alg\u00e9rienne constituent une v\u00e9ritable \u00ab\u00a0feuille de route qui sera adopt\u00e9e prochainement, compte tenu de son r\u00e9alisme et de sa m\u00e9thodologie\u00a0\u00bb. S&rsquo;exprimant \u00e0 l&rsquo;occasion de la pr\u00e9sentation, au &hellip;\" \/>\n<meta property=\"og:url\" content=\"https:\/\/elmawkie.dz\/fr\/le-ministre-de-la-culture-salue-les-avancees-dune-etude-sur-la-relance-de-lindustrie-cinematographique-en-algerie\/\" \/>\n<meta property=\"og:site_name\" content=\"El Mawkie\" \/>\n<meta property=\"article:publisher\" content=\"https:\/\/www.facebook.com\/profile.php?id=100088407094989&amp;locale=fr_FR\" \/>\n<meta property=\"article:published_time\" content=\"2025-07-01T18:13:05+00:00\" \/>\n<meta property=\"article:modified_time\" content=\"2025-07-01T18:13:06+00:00\" \/>\n<meta property=\"og:image\" content=\"https:\/\/elmawkie.dz\/fr\/wp-content\/uploads\/2025\/07\/IMG_8752.jpeg\" \/>\n\t<meta property=\"og:image:width\" content=\"714\" \/>\n\t<meta property=\"og:image:height\" content=\"430\" \/>\n\t<meta property=\"og:image:type\" content=\"image\/jpeg\" \/>\n<meta name=\"author\" content=\"R\u00e9daction\" \/>\n<meta name=\"twitter:card\" content=\"summary_large_image\" \/>\n<meta name=\"twitter:label1\" content=\"Written by\" \/>\n\t<meta name=\"twitter:data1\" content=\"R\u00e9daction\" \/>\n\t<meta name=\"twitter:label2\" content=\"Est. reading time\" \/>\n\t<meta name=\"twitter:data2\" content=\"3 minutes\" \/>\n<script type=\"application\/ld+json\" class=\"yoast-schema-graph\">{\"@context\":\"https:\/\/schema.org\",\"@graph\":[{\"@type\":\"Article\",\"@id\":\"https:\/\/elmawkie.dz\/fr\/le-ministre-de-la-culture-salue-les-avancees-dune-etude-sur-la-relance-de-lindustrie-cinematographique-en-algerie\/#article\",\"isPartOf\":{\"@id\":\"https:\/\/elmawkie.dz\/fr\/le-ministre-de-la-culture-salue-les-avancees-dune-etude-sur-la-relance-de-lindustrie-cinematographique-en-algerie\/\"},\"author\":{\"name\":\"R\u00e9daction\",\"@id\":\"https:\/\/elmawkie.dz\/fr\/#\/schema\/person\/e7bd59d6467874ba5c4723d8a9f0a63c\"},\"headline\":\"Le ministre de la Culture salue les avanc\u00e9es d\u2019une \u00e9tude sur la relance de l&rsquo;industrie cin\u00e9matographique en Alg\u00e9rie\",\"datePublished\":\"2025-07-01T18:13:05+00:00\",\"dateModified\":\"2025-07-01T18:13:06+00:00\",\"mainEntityOfPage\":{\"@id\":\"https:\/\/elmawkie.dz\/fr\/le-ministre-de-la-culture-salue-les-avancees-dune-etude-sur-la-relance-de-lindustrie-cinematographique-en-algerie\/\"},\"wordCount\":535,\"commentCount\":0,\"publisher\":{\"@id\":\"https:\/\/elmawkie.dz\/fr\/#organization\"},\"image\":{\"@id\":\"https:\/\/elmawkie.dz\/fr\/le-ministre-de-la-culture-salue-les-avancees-dune-etude-sur-la-relance-de-lindustrie-cinematographique-en-algerie\/#primaryimage\"},\"thumbnailUrl\":\"https:\/\/elmawkie.dz\/fr\/wp-content\/uploads\/2025\/07\/IMG_8752.jpeg\",\"keywords\":[\"Alg\u00e9rie\",\"L\u2019industrie cin\u00e9matographique\",\"Le ministre de la culture\",\"Zohir bellalou\"],\"articleSection\":[\"Culture\"],\"inLanguage\":\"fr-FR\",\"potentialAction\":[{\"@type\":\"CommentAction\",\"name\":\"Comment\",\"target\":[\"https:\/\/elmawkie.dz\/fr\/le-ministre-de-la-culture-salue-les-avancees-dune-etude-sur-la-relance-de-lindustrie-cinematographique-en-algerie\/#respond\"]}]},{\"@type\":\"WebPage\",\"@id\":\"https:\/\/elmawkie.dz\/fr\/le-ministre-de-la-culture-salue-les-avancees-dune-etude-sur-la-relance-de-lindustrie-cinematographique-en-algerie\/\",\"url\":\"https:\/\/elmawkie.dz\/fr\/le-ministre-de-la-culture-salue-les-avancees-dune-etude-sur-la-relance-de-lindustrie-cinematographique-en-algerie\/\",\"name\":\"Le ministre de la Culture salue les avanc\u00e9es d\u2019une \u00e9tude sur la relance de l'industrie cin\u00e9matographique en Alg\u00e9rie - El Mawkie\",\"isPartOf\":{\"@id\":\"https:\/\/elmawkie.dz\/fr\/#website\"},\"primaryImageOfPage\":{\"@id\":\"https:\/\/elmawkie.dz\/fr\/le-ministre-de-la-culture-salue-les-avancees-dune-etude-sur-la-relance-de-lindustrie-cinematographique-en-algerie\/#primaryimage\"},\"image\":{\"@id\":\"https:\/\/elmawkie.dz\/fr\/le-ministre-de-la-culture-salue-les-avancees-dune-etude-sur-la-relance-de-lindustrie-cinematographique-en-algerie\/#primaryimage\"},\"thumbnailUrl\":\"https:\/\/elmawkie.dz\/fr\/wp-content\/uploads\/2025\/07\/IMG_8752.jpeg\",\"datePublished\":\"2025-07-01T18:13:05+00:00\",\"dateModified\":\"2025-07-01T18:13:06+00:00\",\"breadcrumb\":{\"@id\":\"https:\/\/elmawkie.dz\/fr\/le-ministre-de-la-culture-salue-les-avancees-dune-etude-sur-la-relance-de-lindustrie-cinematographique-en-algerie\/#breadcrumb\"},\"inLanguage\":\"fr-FR\",\"potentialAction\":[{\"@type\":\"ReadAction\",\"target\":[\"https:\/\/elmawkie.dz\/fr\/le-ministre-de-la-culture-salue-les-avancees-dune-etude-sur-la-relance-de-lindustrie-cinematographique-en-algerie\/\"]}]},{\"@type\":\"ImageObject\",\"inLanguage\":\"fr-FR\",\"@id\":\"https:\/\/elmawkie.dz\/fr\/le-ministre-de-la-culture-salue-les-avancees-dune-etude-sur-la-relance-de-lindustrie-cinematographique-en-algerie\/#primaryimage\",\"url\":\"https:\/\/elmawkie.dz\/fr\/wp-content\/uploads\/2025\/07\/IMG_8752.jpeg\",\"contentUrl\":\"https:\/\/elmawkie.dz\/fr\/wp-content\/uploads\/2025\/07\/IMG_8752.jpeg\",\"width\":714,\"height\":430},{\"@type\":\"BreadcrumbList\",\"@id\":\"https:\/\/elmawkie.dz\/fr\/le-ministre-de-la-culture-salue-les-avancees-dune-etude-sur-la-relance-de-lindustrie-cinematographique-en-algerie\/#breadcrumb\",\"itemListElement\":[{\"@type\":\"ListItem\",\"position\":1,\"name\":\"Home\",\"item\":\"https:\/\/elmawkie.dz\/fr\/\"},{\"@type\":\"ListItem\",\"position\":2,\"name\":\"Le ministre de la Culture salue les avanc\u00e9es d\u2019une \u00e9tude sur la relance de l&rsquo;industrie cin\u00e9matographique en Alg\u00e9rie\"}]},{\"@type\":\"WebSite\",\"@id\":\"https:\/\/elmawkie.dz\/fr\/#website\",\"url\":\"https:\/\/elmawkie.dz\/fr\/\",\"name\":\"EL MAWKIE\",\"description\":\"Journal \u00c9lectronique Alg\u00e9rien\",\"publisher\":{\"@id\":\"https:\/\/elmawkie.dz\/fr\/#organization\"},\"potentialAction\":[{\"@type\":\"SearchAction\",\"target\":{\"@type\":\"EntryPoint\",\"urlTemplate\":\"https:\/\/elmawkie.dz\/fr\/?s={search_term_string}\"},\"query-input\":\"required name=search_term_string\"}],\"inLanguage\":\"fr-FR\"},{\"@type\":\"Organization\",\"@id\":\"https:\/\/elmawkie.dz\/fr\/#organization\",\"name\":\"EL MAWKIE\",\"url\":\"https:\/\/elmawkie.dz\/fr\/\",\"logo\":{\"@type\":\"ImageObject\",\"inLanguage\":\"fr-FR\",\"@id\":\"https:\/\/elmawkie.dz\/fr\/#\/schema\/logo\/image\/\",\"url\":\"https:\/\/elmawkie.dz\/fr\/wp-content\/uploads\/2024\/05\/logo1.png\",\"contentUrl\":\"https:\/\/elmawkie.dz\/fr\/wp-content\/uploads\/2024\/05\/logo1.png\",\"width\":1648,\"height\":652,\"caption\":\"EL MAWKIE\"},\"image\":{\"@id\":\"https:\/\/elmawkie.dz\/fr\/#\/schema\/logo\/image\/\"},\"sameAs\":[\"https:\/\/www.facebook.com\/profile.php?id=100088407094989&locale=fr_FR\"]},{\"@type\":\"Person\",\"@id\":\"https:\/\/elmawkie.dz\/fr\/#\/schema\/person\/e7bd59d6467874ba5c4723d8a9f0a63c\",\"name\":\"R\u00e9daction\",\"image\":{\"@type\":\"ImageObject\",\"inLanguage\":\"fr-FR\",\"@id\":\"https:\/\/elmawkie.dz\/fr\/#\/schema\/person\/image\/\",\"url\":\"https:\/\/secure.gravatar.com\/avatar\/f0f773456344da4d2788c054a3d30a0c?s=96&d=mm&r=g\",\"contentUrl\":\"https:\/\/secure.gravatar.com\/avatar\/f0f773456344da4d2788c054a3d30a0c?s=96&d=mm&r=g\",\"caption\":\"R\u00e9daction\"},\"url\":\"https:\/\/elmawkie.dz\/fr\/author\/redaction\/\"}]}<\/script>\n<!-- \/ Yoast SEO Premium plugin. -->","yoast_head_json":{"title":"Le ministre de la Culture salue les avanc\u00e9es d\u2019une \u00e9tude sur la relance de l'industrie cin\u00e9matographique en Alg\u00e9rie - El Mawkie","robots":{"index":"index","follow":"follow","max-snippet":"max-snippet:-1","max-image-preview":"max-image-preview:large","max-video-preview":"max-video-preview:-1"},"canonical":"https:\/\/elmawkie.dz\/fr\/le-ministre-de-la-culture-salue-les-avancees-dune-etude-sur-la-relance-de-lindustrie-cinematographique-en-algerie\/","og_locale":"fr_FR","og_type":"article","og_title":"Le ministre de la Culture salue les avanc\u00e9es d\u2019une \u00e9tude sur la relance de l'industrie cin\u00e9matographique en Alg\u00e9rie","og_description":"Le ministre de la Culture et des Arts, M. Zouhir Ballalou, a affirm\u00e9, mardi \u00e0 Alger, que les r\u00e9sultats d&rsquo;une \u00e9tude cibl\u00e9e pour la relance de l&rsquo;industrie cin\u00e9matographique alg\u00e9rienne constituent une v\u00e9ritable \u00ab\u00a0feuille de route qui sera adopt\u00e9e prochainement, compte tenu de son r\u00e9alisme et de sa m\u00e9thodologie\u00a0\u00bb. S&rsquo;exprimant \u00e0 l&rsquo;occasion de la pr\u00e9sentation, au &hellip;","og_url":"https:\/\/elmawkie.dz\/fr\/le-ministre-de-la-culture-salue-les-avancees-dune-etude-sur-la-relance-de-lindustrie-cinematographique-en-algerie\/","og_site_name":"El Mawkie","article_publisher":"https:\/\/www.facebook.com\/profile.php?id=100088407094989&locale=fr_FR","article_published_time":"2025-07-01T18:13:05+00:00","article_modified_time":"2025-07-01T18:13:06+00:00","og_image":[{"width":714,"height":430,"url":"https:\/\/elmawkie.dz\/fr\/wp-content\/uploads\/2025\/07\/IMG_8752.jpeg","type":"image\/jpeg"}],"author":"R\u00e9daction","twitter_card":"summary_large_image","twitter_misc":{"Written by":"R\u00e9daction","Est. reading time":"3 minutes"},"schema":{"@context":"https:\/\/schema.org","@graph":[{"@type":"Article","@id":"https:\/\/elmawkie.dz\/fr\/le-ministre-de-la-culture-salue-les-avancees-dune-etude-sur-la-relance-de-lindustrie-cinematographique-en-algerie\/#article","isPartOf":{"@id":"https:\/\/elmawkie.dz\/fr\/le-ministre-de-la-culture-salue-les-avancees-dune-etude-sur-la-relance-de-lindustrie-cinematographique-en-algerie\/"},"author":{"name":"R\u00e9daction","@id":"https:\/\/elmawkie.dz\/fr\/#\/schema\/person\/e7bd59d6467874ba5c4723d8a9f0a63c"},"headline":"Le ministre de la Culture salue les avanc\u00e9es d\u2019une \u00e9tude sur la relance de l&rsquo;industrie cin\u00e9matographique en Alg\u00e9rie","datePublished":"2025-07-01T18:13:05+00:00","dateModified":"2025-07-01T18:13:06+00:00","mainEntityOfPage":{"@id":"https:\/\/elmawkie.dz\/fr\/le-ministre-de-la-culture-salue-les-avancees-dune-etude-sur-la-relance-de-lindustrie-cinematographique-en-algerie\/"},"wordCount":535,"commentCount":0,"publisher":{"@id":"https:\/\/elmawkie.dz\/fr\/#organization"},"image":{"@id":"https:\/\/elmawkie.dz\/fr\/le-ministre-de-la-culture-salue-les-avancees-dune-etude-sur-la-relance-de-lindustrie-cinematographique-en-algerie\/#primaryimage"},"thumbnailUrl":"https:\/\/elmawkie.dz\/fr\/wp-content\/uploads\/2025\/07\/IMG_8752.jpeg","keywords":["Alg\u00e9rie","L\u2019industrie cin\u00e9matographique","Le ministre de la culture","Zohir bellalou"],"articleSection":["Culture"],"inLanguage":"fr-FR","potentialAction":[{"@type":"CommentAction","name":"Comment","target":["https:\/\/elmawkie.dz\/fr\/le-ministre-de-la-culture-salue-les-avancees-dune-etude-sur-la-relance-de-lindustrie-cinematographique-en-algerie\/#respond"]}]},{"@type":"WebPage","@id":"https:\/\/elmawkie.dz\/fr\/le-ministre-de-la-culture-salue-les-avancees-dune-etude-sur-la-relance-de-lindustrie-cinematographique-en-algerie\/","url":"https:\/\/elmawkie.dz\/fr\/le-ministre-de-la-culture-salue-les-avancees-dune-etude-sur-la-relance-de-lindustrie-cinematographique-en-algerie\/","name":"Le ministre de la Culture salue les avanc\u00e9es d\u2019une \u00e9tude sur la relance de l'industrie cin\u00e9matographique en Alg\u00e9rie - El Mawkie","isPartOf":{"@id":"https:\/\/elmawkie.dz\/fr\/#website"},"primaryImageOfPage":{"@id":"https:\/\/elmawkie.dz\/fr\/le-ministre-de-la-culture-salue-les-avancees-dune-etude-sur-la-relance-de-lindustrie-cinematographique-en-algerie\/#primaryimage"},"image":{"@id":"https:\/\/elmawkie.dz\/fr\/le-ministre-de-la-culture-salue-les-avancees-dune-etude-sur-la-relance-de-lindustrie-cinematographique-en-algerie\/#primaryimage"},"thumbnailUrl":"https:\/\/elmawkie.dz\/fr\/wp-content\/uploads\/2025\/07\/IMG_8752.jpeg","datePublished":"2025-07-01T18:13:05+00:00","dateModified":"2025-07-01T18:13:06+00:00","breadcrumb":{"@id":"https:\/\/elmawkie.dz\/fr\/le-ministre-de-la-culture-salue-les-avancees-dune-etude-sur-la-relance-de-lindustrie-cinematographique-en-algerie\/#breadcrumb"},"inLanguage":"fr-FR","potentialAction":[{"@type":"ReadAction","target":["https:\/\/elmawkie.dz\/fr\/le-ministre-de-la-culture-salue-les-avancees-dune-etude-sur-la-relance-de-lindustrie-cinematographique-en-algerie\/"]}]},{"@type":"ImageObject","inLanguage":"fr-FR","@id":"https:\/\/elmawkie.dz\/fr\/le-ministre-de-la-culture-salue-les-avancees-dune-etude-sur-la-relance-de-lindustrie-cinematographique-en-algerie\/#primaryimage","url":"https:\/\/elmawkie.dz\/fr\/wp-content\/uploads\/2025\/07\/IMG_8752.jpeg","contentUrl":"https:\/\/elmawkie.dz\/fr\/wp-content\/uploads\/2025\/07\/IMG_8752.jpeg","width":714,"height":430},{"@type":"BreadcrumbList","@id":"https:\/\/elmawkie.dz\/fr\/le-ministre-de-la-culture-salue-les-avancees-dune-etude-sur-la-relance-de-lindustrie-cinematographique-en-algerie\/#breadcrumb","itemListElement":[{"@type":"ListItem","position":1,"name":"Home","item":"https:\/\/elmawkie.dz\/fr\/"},{"@type":"ListItem","position":2,"name":"Le ministre de la Culture salue les avanc\u00e9es d\u2019une \u00e9tude sur la relance de l&rsquo;industrie cin\u00e9matographique en Alg\u00e9rie"}]},{"@type":"WebSite","@id":"https:\/\/elmawkie.dz\/fr\/#website","url":"https:\/\/elmawkie.dz\/fr\/","name":"EL MAWKIE","description":"Journal \u00c9lectronique Alg\u00e9rien","publisher":{"@id":"https:\/\/elmawkie.dz\/fr\/#organization"},"potentialAction":[{"@type":"SearchAction","target":{"@type":"EntryPoint","urlTemplate":"https:\/\/elmawkie.dz\/fr\/?s={search_term_string}"},"query-input":"required name=search_term_string"}],"inLanguage":"fr-FR"},{"@type":"Organization","@id":"https:\/\/elmawkie.dz\/fr\/#organization","name":"EL MAWKIE","url":"https:\/\/elmawkie.dz\/fr\/","logo":{"@type":"ImageObject","inLanguage":"fr-FR","@id":"https:\/\/elmawkie.dz\/fr\/#\/schema\/logo\/image\/","url":"https:\/\/elmawkie.dz\/fr\/wp-content\/uploads\/2024\/05\/logo1.png","contentUrl":"https:\/\/elmawkie.dz\/fr\/wp-content\/uploads\/2024\/05\/logo1.png","width":1648,"height":652,"caption":"EL MAWKIE"},"image":{"@id":"https:\/\/elmawkie.dz\/fr\/#\/schema\/logo\/image\/"},"sameAs":["https:\/\/www.facebook.com\/profile.php?id=100088407094989&locale=fr_FR"]},{"@type":"Person","@id":"https:\/\/elmawkie.dz\/fr\/#\/schema\/person\/e7bd59d6467874ba5c4723d8a9f0a63c","name":"R\u00e9daction","image":{"@type":"ImageObject","inLanguage":"fr-FR","@id":"https:\/\/elmawkie.dz\/fr\/#\/schema\/person\/image\/","url":"https:\/\/secure.gravatar.com\/avatar\/f0f773456344da4d2788c054a3d30a0c?s=96&d=mm&r=g","contentUrl":"https:\/\/secure.gravatar.com\/avatar\/f0f773456344da4d2788c054a3d30a0c?s=96&d=mm&r=g","caption":"R\u00e9daction"},"url":"https:\/\/elmawkie.dz\/fr\/author\/redaction\/"}]}},"_links":{"self":[{"href":"https:\/\/elmawkie.dz\/fr\/wp-json\/wp\/v2\/posts\/53182","targetHints":{"allow":["GET"]}}],"collection":[{"href":"https:\/\/elmawkie.dz\/fr\/wp-json\/wp\/v2\/posts"}],"about":[{"href":"https:\/\/elmawkie.dz\/fr\/wp-json\/wp\/v2\/types\/post"}],"author":[{"embeddable":true,"href":"https:\/\/elmawkie.dz\/fr\/wp-json\/wp\/v2\/users\/9"}],"replies":[{"embeddable":true,"href":"https:\/\/elmawkie.dz\/fr\/wp-json\/wp\/v2\/comments?post=53182"}],"version-history":[{"count":1,"href":"https:\/\/elmawkie.dz\/fr\/wp-json\/wp\/v2\/posts\/53182\/revisions"}],"predecessor-version":[{"id":53185,"href":"https:\/\/elmawkie.dz\/fr\/wp-json\/wp\/v2\/posts\/53182\/revisions\/53185"}],"wp:featuredmedia":[{"embeddable":true,"href":"https:\/\/elmawkie.dz\/fr\/wp-json\/wp\/v2\/media\/53184"}],"wp:attachment":[{"href":"https:\/\/elmawkie.dz\/fr\/wp-json\/wp\/v2\/media?parent=53182"}],"wp:term":[{"taxonomy":"category","embeddable":true,"href":"https:\/\/elmawkie.dz\/fr\/wp-json\/wp\/v2\/categories?post=53182"},{"taxonomy":"post_tag","embeddable":true,"href":"https:\/\/elmawkie.dz\/fr\/wp-json\/wp\/v2\/tags?post=53182"}],"curies":[{"name":"wp","href":"https:\/\/api.w.org\/{rel}","templated":true}]}}