{"id":53140,"date":"2025-06-29T22:50:30","date_gmt":"2025-06-29T21:50:30","guid":{"rendered":"https:\/\/elmawkie.dz\/fr\/?p=53140"},"modified":"2025-06-29T22:50:31","modified_gmt":"2025-06-29T21:50:31","slug":"projets-industriels-confisques-le-ministere-de-lindustrie-accelere-le-retour-a-lactivite","status":"publish","type":"post","link":"https:\/\/elmawkie.dz\/fr\/projets-industriels-confisques-le-ministere-de-lindustrie-accelere-le-retour-a-lactivite\/","title":{"rendered":"Projets industriels confisqu\u00e9s : le minist\u00e8re de l\u2019Industrie acc\u00e9l\u00e8re le retour \u00e0 l\u2019activit\u00e9"},"content":{"rendered":"\n<p>Le ministre de l\u2019Industrie, Sifi Ghrieb, a soulign\u00e9, dimanche soir dans la wilaya de Relizane, que son d\u00e9partement \u0153uvre \u00e0 relancer, dans les plus brefs d\u00e9lais, tous les projets industriels confisqu\u00e9s. Dans une d\u00e9claration \u00e0 la presse, lors de sa visite d\u2019inspection dans la wilaya, le ministre a affirm\u00e9 que \u00ab\u00a0sur instruction du pr\u00e9sident de la R\u00e9publique, M. Abdelmadjid Tebboune, le minist\u00e8re de l\u2019Industrie travaille \u00e0 la relance de tous les projets industriels confisqu\u00e9s, au service de l\u2019\u00e9conomie nationale\u00a0\u00bb. M. Ghrieb a pr\u00e9cis\u00e9 que ses visites dans les diff\u00e9rentes wilayas s\u2019inscrivent dans le cadre des \u00ab\u00a0efforts et engagements du minist\u00e8re de l\u2019Industrie visant \u00e0 relancer l\u2019activit\u00e9 industrielle et \u00e0 valoriser les actifs industriels confisqu\u00e9s et r\u00e9cup\u00e9r\u00e9s, conform\u00e9ment aux orientations du pr\u00e9sident de la R\u00e9publique, qui visent \u00e0 d\u00e9velopper une base industrielle efficace et durable, notamment dans les Hauts Plateaux et les r\u00e9gions de l\u2019int\u00e9rieur du pays\u00a0\u00bb. Au cours de cette visite, le ministre a inspect\u00e9 le projet d\u2019une cimenterie dans la commune d\u2019El Kal\u00e2a, ainsi qu\u2019un complexe de l\u2019industrie agroalimentaire actuellement rattach\u00e9 au groupe public Agrodiv, deux structures figurant parmi les biens confisqu\u00e9s dans le cadre de la lutte contre la corruption. La visite de M. Ghrieb s\u2019est poursuivie avec l\u2019inspection du complexe textile \u00ab\u00a0Tayal\u00a0\u00bb, situ\u00e9 dans la zone industrielle de Sidi Khettab.<\/p>\n\n\n\n<figure class=\"wp-block-image size-large\"><img decoding=\"async\" width=\"1024\" height=\"683\" src=\"https:\/\/elmawkie.dz\/fr\/wp-content\/uploads\/2025\/06\/IMG_8585-1024x683.jpeg\" alt=\"\" class=\"wp-image-53144\" srcset=\"https:\/\/elmawkie.dz\/fr\/wp-content\/uploads\/2025\/06\/IMG_8585-1024x683.jpeg 1024w, https:\/\/elmawkie.dz\/fr\/wp-content\/uploads\/2025\/06\/IMG_8585-300x200.jpeg 300w, https:\/\/elmawkie.dz\/fr\/wp-content\/uploads\/2025\/06\/IMG_8585-768x512.jpeg 768w, https:\/\/elmawkie.dz\/fr\/wp-content\/uploads\/2025\/06\/IMG_8585.jpeg 1113w\" sizes=\"(max-width: 1024px) 100vw, 1024px\" \/><\/figure>\n","protected":false},"excerpt":{"rendered":"<p>Le ministre de l\u2019Industrie, Sifi Ghrieb, a soulign\u00e9, dimanche soir dans la wilaya de Relizane, que son d\u00e9partement \u0153uvre \u00e0 relancer, dans les plus brefs d\u00e9lais, tous les projets industriels confisqu\u00e9s. Dans une d\u00e9claration \u00e0 la presse, lors de sa visite d\u2019inspection dans la wilaya, le ministre a affirm\u00e9 que \u00ab\u00a0sur instruction du pr\u00e9sident de &hellip;<\/p>\n","protected":false},"author":9,"featured_media":53143,"comment_status":"open","ping_status":"open","sticky":false,"template":"","format":"standard","meta":{"footnotes":""},"categories":[47],"tags":[88,4301,4300],"class_list":["post-53140","post","type-post","status-publish","format-standard","has-post-thumbnail","hentry","category-national","tag-algerie","tag-le-ministere-de-lindustrie","tag-projets-industriels-confisques"],"yoast_head":"<!-- This site is optimized with the Yoast SEO Premium plugin v22.6 (Yoast SEO v22.6) - https:\/\/yoast.com\/wordpress\/plugins\/seo\/ -->\n<title>Projets industriels confisqu\u00e9s : le minist\u00e8re de l\u2019Industrie acc\u00e9l\u00e8re le retour \u00e0 l\u2019activit\u00e9 - El Mawkie<\/title>\n<meta name=\"robots\" content=\"index, follow, max-snippet:-1, max-image-preview:large, max-video-preview:-1\" \/>\n<link rel=\"canonical\" href=\"https:\/\/elmawkie.dz\/fr\/projets-industriels-confisques-le-ministere-de-lindustrie-accelere-le-retour-a-lactivite\/\" \/>\n<meta property=\"og:locale\" content=\"fr_FR\" \/>\n<meta property=\"og:type\" content=\"article\" \/>\n<meta property=\"og:title\" content=\"Projets industriels confisqu\u00e9s : le minist\u00e8re de l\u2019Industrie acc\u00e9l\u00e8re le retour \u00e0 l\u2019activit\u00e9\" \/>\n<meta property=\"og:description\" content=\"Le ministre de l\u2019Industrie, Sifi Ghrieb, a soulign\u00e9, dimanche soir dans la wilaya de Relizane, que son d\u00e9partement \u0153uvre \u00e0 relancer, dans les plus brefs d\u00e9lais, tous les projets industriels confisqu\u00e9s. Dans une d\u00e9claration \u00e0 la presse, lors de sa visite d\u2019inspection dans la wilaya, le ministre a affirm\u00e9 que \u00ab\u00a0sur instruction du pr\u00e9sident de &hellip;\" \/>\n<meta property=\"og:url\" content=\"https:\/\/elmawkie.dz\/fr\/projets-industriels-confisques-le-ministere-de-lindustrie-accelere-le-retour-a-lactivite\/\" \/>\n<meta property=\"og:site_name\" content=\"El Mawkie\" \/>\n<meta property=\"article:publisher\" content=\"https:\/\/www.facebook.com\/profile.php?id=100088407094989&amp;locale=fr_FR\" \/>\n<meta property=\"article:published_time\" content=\"2025-06-29T21:50:30+00:00\" \/>\n<meta property=\"article:modified_time\" content=\"2025-06-29T21:50:31+00:00\" \/>\n<meta property=\"og:image\" content=\"https:\/\/elmawkie.dz\/fr\/wp-content\/uploads\/2025\/06\/IMG_8584.jpeg\" \/>\n\t<meta property=\"og:image:width\" content=\"1113\" \/>\n\t<meta property=\"og:image:height\" content=\"742\" \/>\n\t<meta property=\"og:image:type\" content=\"image\/jpeg\" \/>\n<meta name=\"author\" content=\"R\u00e9daction\" \/>\n<meta name=\"twitter:card\" content=\"summary_large_image\" \/>\n<meta name=\"twitter:label1\" content=\"Written by\" \/>\n\t<meta name=\"twitter:data1\" content=\"R\u00e9daction\" \/>\n\t<meta name=\"twitter:label2\" content=\"Est. reading time\" \/>\n\t<meta name=\"twitter:data2\" content=\"2 minutes\" \/>\n<script type=\"application\/ld+json\" class=\"yoast-schema-graph\">{\"@context\":\"https:\/\/schema.org\",\"@graph\":[{\"@type\":\"Article\",\"@id\":\"https:\/\/elmawkie.dz\/fr\/projets-industriels-confisques-le-ministere-de-lindustrie-accelere-le-retour-a-lactivite\/#article\",\"isPartOf\":{\"@id\":\"https:\/\/elmawkie.dz\/fr\/projets-industriels-confisques-le-ministere-de-lindustrie-accelere-le-retour-a-lactivite\/\"},\"author\":{\"name\":\"R\u00e9daction\",\"@id\":\"https:\/\/elmawkie.dz\/fr\/#\/schema\/person\/e7bd59d6467874ba5c4723d8a9f0a63c\"},\"headline\":\"Projets industriels confisqu\u00e9s : le minist\u00e8re de l\u2019Industrie acc\u00e9l\u00e8re le retour \u00e0 l\u2019activit\u00e9\",\"datePublished\":\"2025-06-29T21:50:30+00:00\",\"dateModified\":\"2025-06-29T21:50:31+00:00\",\"mainEntityOfPage\":{\"@id\":\"https:\/\/elmawkie.dz\/fr\/projets-industriels-confisques-le-ministere-de-lindustrie-accelere-le-retour-a-lactivite\/\"},\"wordCount\":261,\"commentCount\":0,\"publisher\":{\"@id\":\"https:\/\/elmawkie.dz\/fr\/#organization\"},\"image\":{\"@id\":\"https:\/\/elmawkie.dz\/fr\/projets-industriels-confisques-le-ministere-de-lindustrie-accelere-le-retour-a-lactivite\/#primaryimage\"},\"thumbnailUrl\":\"https:\/\/elmawkie.dz\/fr\/wp-content\/uploads\/2025\/06\/IMG_8584.jpeg\",\"keywords\":[\"Alg\u00e9rie\",\"Le minist\u00e8re de l\u2019industrie\",\"Projets industriels confisqu\u00e9s\"],\"articleSection\":[\"National\"],\"inLanguage\":\"fr-FR\",\"potentialAction\":[{\"@type\":\"CommentAction\",\"name\":\"Comment\",\"target\":[\"https:\/\/elmawkie.dz\/fr\/projets-industriels-confisques-le-ministere-de-lindustrie-accelere-le-retour-a-lactivite\/#respond\"]}]},{\"@type\":\"WebPage\",\"@id\":\"https:\/\/elmawkie.dz\/fr\/projets-industriels-confisques-le-ministere-de-lindustrie-accelere-le-retour-a-lactivite\/\",\"url\":\"https:\/\/elmawkie.dz\/fr\/projets-industriels-confisques-le-ministere-de-lindustrie-accelere-le-retour-a-lactivite\/\",\"name\":\"Projets industriels confisqu\u00e9s : le minist\u00e8re de l\u2019Industrie acc\u00e9l\u00e8re le retour \u00e0 l\u2019activit\u00e9 - El Mawkie\",\"isPartOf\":{\"@id\":\"https:\/\/elmawkie.dz\/fr\/#website\"},\"primaryImageOfPage\":{\"@id\":\"https:\/\/elmawkie.dz\/fr\/projets-industriels-confisques-le-ministere-de-lindustrie-accelere-le-retour-a-lactivite\/#primaryimage\"},\"image\":{\"@id\":\"https:\/\/elmawkie.dz\/fr\/projets-industriels-confisques-le-ministere-de-lindustrie-accelere-le-retour-a-lactivite\/#primaryimage\"},\"thumbnailUrl\":\"https:\/\/elmawkie.dz\/fr\/wp-content\/uploads\/2025\/06\/IMG_8584.jpeg\",\"datePublished\":\"2025-06-29T21:50:30+00:00\",\"dateModified\":\"2025-06-29T21:50:31+00:00\",\"breadcrumb\":{\"@id\":\"https:\/\/elmawkie.dz\/fr\/projets-industriels-confisques-le-ministere-de-lindustrie-accelere-le-retour-a-lactivite\/#breadcrumb\"},\"inLanguage\":\"fr-FR\",\"potentialAction\":[{\"@type\":\"ReadAction\",\"target\":[\"https:\/\/elmawkie.dz\/fr\/projets-industriels-confisques-le-ministere-de-lindustrie-accelere-le-retour-a-lactivite\/\"]}]},{\"@type\":\"ImageObject\",\"inLanguage\":\"fr-FR\",\"@id\":\"https:\/\/elmawkie.dz\/fr\/projets-industriels-confisques-le-ministere-de-lindustrie-accelere-le-retour-a-lactivite\/#primaryimage\",\"url\":\"https:\/\/elmawkie.dz\/fr\/wp-content\/uploads\/2025\/06\/IMG_8584.jpeg\",\"contentUrl\":\"https:\/\/elmawkie.dz\/fr\/wp-content\/uploads\/2025\/06\/IMG_8584.jpeg\",\"width\":1113,\"height\":742},{\"@type\":\"BreadcrumbList\",\"@id\":\"https:\/\/elmawkie.dz\/fr\/projets-industriels-confisques-le-ministere-de-lindustrie-accelere-le-retour-a-lactivite\/#breadcrumb\",\"itemListElement\":[{\"@type\":\"ListItem\",\"position\":1,\"name\":\"Home\",\"item\":\"https:\/\/elmawkie.dz\/fr\/\"},{\"@type\":\"ListItem\",\"position\":2,\"name\":\"Projets industriels confisqu\u00e9s : le minist\u00e8re de l\u2019Industrie acc\u00e9l\u00e8re le retour \u00e0 l\u2019activit\u00e9\"}]},{\"@type\":\"WebSite\",\"@id\":\"https:\/\/elmawkie.dz\/fr\/#website\",\"url\":\"https:\/\/elmawkie.dz\/fr\/\",\"name\":\"EL MAWKIE\",\"description\":\"Journal \u00c9lectronique Alg\u00e9rien\",\"publisher\":{\"@id\":\"https:\/\/elmawkie.dz\/fr\/#organization\"},\"potentialAction\":[{\"@type\":\"SearchAction\",\"target\":{\"@type\":\"EntryPoint\",\"urlTemplate\":\"https:\/\/elmawkie.dz\/fr\/?s={search_term_string}\"},\"query-input\":\"required name=search_term_string\"}],\"inLanguage\":\"fr-FR\"},{\"@type\":\"Organization\",\"@id\":\"https:\/\/elmawkie.dz\/fr\/#organization\",\"name\":\"EL MAWKIE\",\"url\":\"https:\/\/elmawkie.dz\/fr\/\",\"logo\":{\"@type\":\"ImageObject\",\"inLanguage\":\"fr-FR\",\"@id\":\"https:\/\/elmawkie.dz\/fr\/#\/schema\/logo\/image\/\",\"url\":\"https:\/\/elmawkie.dz\/fr\/wp-content\/uploads\/2024\/05\/logo1.png\",\"contentUrl\":\"https:\/\/elmawkie.dz\/fr\/wp-content\/uploads\/2024\/05\/logo1.png\",\"width\":1648,\"height\":652,\"caption\":\"EL MAWKIE\"},\"image\":{\"@id\":\"https:\/\/elmawkie.dz\/fr\/#\/schema\/logo\/image\/\"},\"sameAs\":[\"https:\/\/www.facebook.com\/profile.php?id=100088407094989&locale=fr_FR\"]},{\"@type\":\"Person\",\"@id\":\"https:\/\/elmawkie.dz\/fr\/#\/schema\/person\/e7bd59d6467874ba5c4723d8a9f0a63c\",\"name\":\"R\u00e9daction\",\"image\":{\"@type\":\"ImageObject\",\"inLanguage\":\"fr-FR\",\"@id\":\"https:\/\/elmawkie.dz\/fr\/#\/schema\/person\/image\/\",\"url\":\"https:\/\/secure.gravatar.com\/avatar\/f0f773456344da4d2788c054a3d30a0c?s=96&d=mm&r=g\",\"contentUrl\":\"https:\/\/secure.gravatar.com\/avatar\/f0f773456344da4d2788c054a3d30a0c?s=96&d=mm&r=g\",\"caption\":\"R\u00e9daction\"},\"url\":\"https:\/\/elmawkie.dz\/fr\/author\/redaction\/\"}]}<\/script>\n<!-- \/ Yoast SEO Premium plugin. -->","yoast_head_json":{"title":"Projets industriels confisqu\u00e9s : le minist\u00e8re de l\u2019Industrie acc\u00e9l\u00e8re le retour \u00e0 l\u2019activit\u00e9 - El Mawkie","robots":{"index":"index","follow":"follow","max-snippet":"max-snippet:-1","max-image-preview":"max-image-preview:large","max-video-preview":"max-video-preview:-1"},"canonical":"https:\/\/elmawkie.dz\/fr\/projets-industriels-confisques-le-ministere-de-lindustrie-accelere-le-retour-a-lactivite\/","og_locale":"fr_FR","og_type":"article","og_title":"Projets industriels confisqu\u00e9s : le minist\u00e8re de l\u2019Industrie acc\u00e9l\u00e8re le retour \u00e0 l\u2019activit\u00e9","og_description":"Le ministre de l\u2019Industrie, Sifi Ghrieb, a soulign\u00e9, dimanche soir dans la wilaya de Relizane, que son d\u00e9partement \u0153uvre \u00e0 relancer, dans les plus brefs d\u00e9lais, tous les projets industriels confisqu\u00e9s. Dans une d\u00e9claration \u00e0 la presse, lors de sa visite d\u2019inspection dans la wilaya, le ministre a affirm\u00e9 que \u00ab\u00a0sur instruction du pr\u00e9sident de &hellip;","og_url":"https:\/\/elmawkie.dz\/fr\/projets-industriels-confisques-le-ministere-de-lindustrie-accelere-le-retour-a-lactivite\/","og_site_name":"El Mawkie","article_publisher":"https:\/\/www.facebook.com\/profile.php?id=100088407094989&locale=fr_FR","article_published_time":"2025-06-29T21:50:30+00:00","article_modified_time":"2025-06-29T21:50:31+00:00","og_image":[{"width":1113,"height":742,"url":"https:\/\/elmawkie.dz\/fr\/wp-content\/uploads\/2025\/06\/IMG_8584.jpeg","type":"image\/jpeg"}],"author":"R\u00e9daction","twitter_card":"summary_large_image","twitter_misc":{"Written by":"R\u00e9daction","Est. reading time":"2 minutes"},"schema":{"@context":"https:\/\/schema.org","@graph":[{"@type":"Article","@id":"https:\/\/elmawkie.dz\/fr\/projets-industriels-confisques-le-ministere-de-lindustrie-accelere-le-retour-a-lactivite\/#article","isPartOf":{"@id":"https:\/\/elmawkie.dz\/fr\/projets-industriels-confisques-le-ministere-de-lindustrie-accelere-le-retour-a-lactivite\/"},"author":{"name":"R\u00e9daction","@id":"https:\/\/elmawkie.dz\/fr\/#\/schema\/person\/e7bd59d6467874ba5c4723d8a9f0a63c"},"headline":"Projets industriels confisqu\u00e9s : le minist\u00e8re de l\u2019Industrie acc\u00e9l\u00e8re le retour \u00e0 l\u2019activit\u00e9","datePublished":"2025-06-29T21:50:30+00:00","dateModified":"2025-06-29T21:50:31+00:00","mainEntityOfPage":{"@id":"https:\/\/elmawkie.dz\/fr\/projets-industriels-confisques-le-ministere-de-lindustrie-accelere-le-retour-a-lactivite\/"},"wordCount":261,"commentCount":0,"publisher":{"@id":"https:\/\/elmawkie.dz\/fr\/#organization"},"image":{"@id":"https:\/\/elmawkie.dz\/fr\/projets-industriels-confisques-le-ministere-de-lindustrie-accelere-le-retour-a-lactivite\/#primaryimage"},"thumbnailUrl":"https:\/\/elmawkie.dz\/fr\/wp-content\/uploads\/2025\/06\/IMG_8584.jpeg","keywords":["Alg\u00e9rie","Le minist\u00e8re de l\u2019industrie","Projets industriels confisqu\u00e9s"],"articleSection":["National"],"inLanguage":"fr-FR","potentialAction":[{"@type":"CommentAction","name":"Comment","target":["https:\/\/elmawkie.dz\/fr\/projets-industriels-confisques-le-ministere-de-lindustrie-accelere-le-retour-a-lactivite\/#respond"]}]},{"@type":"WebPage","@id":"https:\/\/elmawkie.dz\/fr\/projets-industriels-confisques-le-ministere-de-lindustrie-accelere-le-retour-a-lactivite\/","url":"https:\/\/elmawkie.dz\/fr\/projets-industriels-confisques-le-ministere-de-lindustrie-accelere-le-retour-a-lactivite\/","name":"Projets industriels confisqu\u00e9s : le minist\u00e8re de l\u2019Industrie acc\u00e9l\u00e8re le retour \u00e0 l\u2019activit\u00e9 - El Mawkie","isPartOf":{"@id":"https:\/\/elmawkie.dz\/fr\/#website"},"primaryImageOfPage":{"@id":"https:\/\/elmawkie.dz\/fr\/projets-industriels-confisques-le-ministere-de-lindustrie-accelere-le-retour-a-lactivite\/#primaryimage"},"image":{"@id":"https:\/\/elmawkie.dz\/fr\/projets-industriels-confisques-le-ministere-de-lindustrie-accelere-le-retour-a-lactivite\/#primaryimage"},"thumbnailUrl":"https:\/\/elmawkie.dz\/fr\/wp-content\/uploads\/2025\/06\/IMG_8584.jpeg","datePublished":"2025-06-29T21:50:30+00:00","dateModified":"2025-06-29T21:50:31+00:00","breadcrumb":{"@id":"https:\/\/elmawkie.dz\/fr\/projets-industriels-confisques-le-ministere-de-lindustrie-accelere-le-retour-a-lactivite\/#breadcrumb"},"inLanguage":"fr-FR","potentialAction":[{"@type":"ReadAction","target":["https:\/\/elmawkie.dz\/fr\/projets-industriels-confisques-le-ministere-de-lindustrie-accelere-le-retour-a-lactivite\/"]}]},{"@type":"ImageObject","inLanguage":"fr-FR","@id":"https:\/\/elmawkie.dz\/fr\/projets-industriels-confisques-le-ministere-de-lindustrie-accelere-le-retour-a-lactivite\/#primaryimage","url":"https:\/\/elmawkie.dz\/fr\/wp-content\/uploads\/2025\/06\/IMG_8584.jpeg","contentUrl":"https:\/\/elmawkie.dz\/fr\/wp-content\/uploads\/2025\/06\/IMG_8584.jpeg","width":1113,"height":742},{"@type":"BreadcrumbList","@id":"https:\/\/elmawkie.dz\/fr\/projets-industriels-confisques-le-ministere-de-lindustrie-accelere-le-retour-a-lactivite\/#breadcrumb","itemListElement":[{"@type":"ListItem","position":1,"name":"Home","item":"https:\/\/elmawkie.dz\/fr\/"},{"@type":"ListItem","position":2,"name":"Projets industriels confisqu\u00e9s : le minist\u00e8re de l\u2019Industrie acc\u00e9l\u00e8re le retour \u00e0 l\u2019activit\u00e9"}]},{"@type":"WebSite","@id":"https:\/\/elmawkie.dz\/fr\/#website","url":"https:\/\/elmawkie.dz\/fr\/","name":"EL MAWKIE","description":"Journal \u00c9lectronique Alg\u00e9rien","publisher":{"@id":"https:\/\/elmawkie.dz\/fr\/#organization"},"potentialAction":[{"@type":"SearchAction","target":{"@type":"EntryPoint","urlTemplate":"https:\/\/elmawkie.dz\/fr\/?s={search_term_string}"},"query-input":"required name=search_term_string"}],"inLanguage":"fr-FR"},{"@type":"Organization","@id":"https:\/\/elmawkie.dz\/fr\/#organization","name":"EL MAWKIE","url":"https:\/\/elmawkie.dz\/fr\/","logo":{"@type":"ImageObject","inLanguage":"fr-FR","@id":"https:\/\/elmawkie.dz\/fr\/#\/schema\/logo\/image\/","url":"https:\/\/elmawkie.dz\/fr\/wp-content\/uploads\/2024\/05\/logo1.png","contentUrl":"https:\/\/elmawkie.dz\/fr\/wp-content\/uploads\/2024\/05\/logo1.png","width":1648,"height":652,"caption":"EL MAWKIE"},"image":{"@id":"https:\/\/elmawkie.dz\/fr\/#\/schema\/logo\/image\/"},"sameAs":["https:\/\/www.facebook.com\/profile.php?id=100088407094989&locale=fr_FR"]},{"@type":"Person","@id":"https:\/\/elmawkie.dz\/fr\/#\/schema\/person\/e7bd59d6467874ba5c4723d8a9f0a63c","name":"R\u00e9daction","image":{"@type":"ImageObject","inLanguage":"fr-FR","@id":"https:\/\/elmawkie.dz\/fr\/#\/schema\/person\/image\/","url":"https:\/\/secure.gravatar.com\/avatar\/f0f773456344da4d2788c054a3d30a0c?s=96&d=mm&r=g","contentUrl":"https:\/\/secure.gravatar.com\/avatar\/f0f773456344da4d2788c054a3d30a0c?s=96&d=mm&r=g","caption":"R\u00e9daction"},"url":"https:\/\/elmawkie.dz\/fr\/author\/redaction\/"}]}},"_links":{"self":[{"href":"https:\/\/elmawkie.dz\/fr\/wp-json\/wp\/v2\/posts\/53140","targetHints":{"allow":["GET"]}}],"collection":[{"href":"https:\/\/elmawkie.dz\/fr\/wp-json\/wp\/v2\/posts"}],"about":[{"href":"https:\/\/elmawkie.dz\/fr\/wp-json\/wp\/v2\/types\/post"}],"author":[{"embeddable":true,"href":"https:\/\/elmawkie.dz\/fr\/wp-json\/wp\/v2\/users\/9"}],"replies":[{"embeddable":true,"href":"https:\/\/elmawkie.dz\/fr\/wp-json\/wp\/v2\/comments?post=53140"}],"version-history":[{"count":1,"href":"https:\/\/elmawkie.dz\/fr\/wp-json\/wp\/v2\/posts\/53140\/revisions"}],"predecessor-version":[{"id":53145,"href":"https:\/\/elmawkie.dz\/fr\/wp-json\/wp\/v2\/posts\/53140\/revisions\/53145"}],"wp:featuredmedia":[{"embeddable":true,"href":"https:\/\/elmawkie.dz\/fr\/wp-json\/wp\/v2\/media\/53143"}],"wp:attachment":[{"href":"https:\/\/elmawkie.dz\/fr\/wp-json\/wp\/v2\/media?parent=53140"}],"wp:term":[{"taxonomy":"category","embeddable":true,"href":"https:\/\/elmawkie.dz\/fr\/wp-json\/wp\/v2\/categories?post=53140"},{"taxonomy":"post_tag","embeddable":true,"href":"https:\/\/elmawkie.dz\/fr\/wp-json\/wp\/v2\/tags?post=53140"}],"curies":[{"name":"wp","href":"https:\/\/api.w.org\/{rel}","templated":true}]}}