{"id":52953,"date":"2025-06-23T18:35:02","date_gmt":"2025-06-23T17:35:02","guid":{"rendered":"https:\/\/elmawkie.dz\/fr\/?p=52953"},"modified":"2025-06-23T18:35:03","modified_gmt":"2025-06-23T17:35:03","slug":"conference-a-alger-la-fonction-publique-face-aux-mutations-actuelles","status":"publish","type":"post","link":"https:\/\/elmawkie.dz\/fr\/conference-a-alger-la-fonction-publique-face-aux-mutations-actuelles\/","title":{"rendered":"Conf\u00e9rence \u00e0 Alger\u00a0: \u00ab\u00a0La fonction publique face aux mutations actuelles\u00a0\u00bb"},"content":{"rendered":"\n<p>L&rsquo;instance du m\u00e9diateur de la R\u00e9publique a organis\u00e9, lundi, en collaboration avec le minist\u00e8re de l&rsquo;Enseignement sup\u00e9rieur et de la Recherche scientifique, une conf\u00e9rence sous le th\u00e8me: \u00ab\u00a0la fonction publique face aux mutations actuelles: promouvoir la performance et l&rsquo;innovation pour la satisfaction du citoyen\u00a0\u00bb, et ce \u00e0 l&rsquo;occasion de la c\u00e9l\u00e9bration de la journ\u00e9e des Nations Unies pour la fonction publique. L&rsquo;ouverture de cette conf\u00e9rence, tenue \u00e0 l&rsquo;Ecole nationale sup\u00e9rieure des sciences politiques (ENSSP), a \u00e9t\u00e9 pr\u00e9sid\u00e9e par le m\u00e9diateur de la R\u00e9publique,M. Madjid Ammour, et le ministre de l&rsquo;Enseignement sup\u00e9rieur et de la Recherche scientifique, M. Kamel Baddari, en pr\u00e9sence des cadres de plusieurs secteurs. A cette occasion, M. Ammour a affirm\u00e9 que l&rsquo;Alg\u00e9rie aujourd&rsquo;hui, sous la direction du pr\u00e9sident de la R\u00e9publique, M. Abdelmadjid Tebboune, \u00ab\u00a0est porteuse d&rsquo;une vision claire pour la r\u00e9habilitation de la fonction publique, et la garantie de sa proximit\u00e9 du citoyen afin de permettre \u00e0 celui-ci de ressentir le v\u00e9ritable changement, o\u00f9 qu&rsquo;il se trouve, et de se familiariser avec l&rsquo;administration et le service public \u00e0 travers l&rsquo;ensemble du territoire national\u00a0\u00bb, ainsi que \u00ab\u00a0de mettre fin \u00e0 la bureaucratie et d&rsquo;adopter la transparence dans la gestion de la chose publique\u00a0\u00bb. Il a soulign\u00e9, dans ce sens, l&rsquo;engagement de l&rsquo;instance du m\u00e9diateur de la R\u00e9publique \u00e0 \u00ab\u00a0contribuer \u00e0 la promotion de la relation administration-citoyen, \u00e0 travers l&rsquo;\u00e9coute active de ses pr\u00e9occupations\u00a0\u00bb, partant de \u00ab\u00a0sa conviction profonde que la fonction publique moderne et transparente est la pierre angulaire de toute r\u00e9forme institutionnelle\u00a0\u00bb. De son c\u00f4t\u00e9, M. Baddari a exprim\u00e9 \u00ab\u00a0la disposition de l&rsquo;universit\u00e9 \u00e0 fournir les solutions num\u00e9riques et les id\u00e9es innovantes pour l&rsquo;am\u00e9lioration du niveau de la fonction publique\u00a0\u00bb, pr\u00e9cisant, dans ce contexte, que l&rsquo;universit\u00e9 alg\u00e9rienne est d\u00e9sormais \u00ab\u00a0la locomotive qui m\u00e8nera la soci\u00e9t\u00e9 vers la prosp\u00e9rit\u00e9 et le bien-\u00eatre, apr\u00e8s son ouverture sur son environnement socio-\u00e9conomique, \u00e0 travers la transformation des id\u00e9es innovantes en solutions pratiques\u00a0\u00bb. Cette conf\u00e9rence a \u00e9t\u00e9 ponctu\u00e9e par plusieurs interventions ayant port\u00e9 sur la n\u00e9cessit\u00e9 de r\u00e9aliser la transformation num\u00e9rique pour l&rsquo;am\u00e9lioration continue de la fonction publique, et le r\u00f4le de l&rsquo;universit\u00e9 dans la fourniture de solutions num\u00e9riques.<\/p>\n","protected":false},"excerpt":{"rendered":"<p>L&rsquo;instance du m\u00e9diateur de la R\u00e9publique a organis\u00e9, lundi, en collaboration avec le minist\u00e8re de l&rsquo;Enseignement sup\u00e9rieur et de la Recherche scientifique, une conf\u00e9rence sous le th\u00e8me: \u00ab\u00a0la fonction publique face aux mutations actuelles: promouvoir la performance et l&rsquo;innovation pour la satisfaction du citoyen\u00a0\u00bb, et ce \u00e0 l&rsquo;occasion de la c\u00e9l\u00e9bration de la journ\u00e9e des &hellip;<\/p>\n","protected":false},"author":9,"featured_media":52955,"comment_status":"open","ping_status":"open","sticky":false,"template":"","format":"standard","meta":{"footnotes":""},"categories":[47],"tags":[1061,4247,4246],"class_list":["post-52953","post","type-post","status-publish","format-standard","has-post-thumbnail","hentry","category-national","tag-conference","tag-kamel-badari","tag-la-fonction-publique"],"yoast_head":"<!-- This site is optimized with the Yoast SEO Premium plugin v22.6 (Yoast SEO v22.6) - https:\/\/yoast.com\/wordpress\/plugins\/seo\/ -->\n<title>Conf\u00e9rence \u00e0 Alger\u00a0: &quot;La fonction publique face aux mutations actuelles&quot; - El Mawkie<\/title>\n<meta name=\"robots\" content=\"index, follow, max-snippet:-1, max-image-preview:large, max-video-preview:-1\" \/>\n<link rel=\"canonical\" href=\"https:\/\/elmawkie.dz\/fr\/conference-a-alger-la-fonction-publique-face-aux-mutations-actuelles\/\" \/>\n<meta property=\"og:locale\" content=\"fr_FR\" \/>\n<meta property=\"og:type\" content=\"article\" \/>\n<meta property=\"og:title\" content=\"Conf\u00e9rence \u00e0 Alger\u00a0: &quot;La fonction publique face aux mutations actuelles&quot;\" \/>\n<meta property=\"og:description\" content=\"L&rsquo;instance du m\u00e9diateur de la R\u00e9publique a organis\u00e9, lundi, en collaboration avec le minist\u00e8re de l&rsquo;Enseignement sup\u00e9rieur et de la Recherche scientifique, une conf\u00e9rence sous le th\u00e8me: \u00ab\u00a0la fonction publique face aux mutations actuelles: promouvoir la performance et l&rsquo;innovation pour la satisfaction du citoyen\u00a0\u00bb, et ce \u00e0 l&rsquo;occasion de la c\u00e9l\u00e9bration de la journ\u00e9e des &hellip;\" \/>\n<meta property=\"og:url\" content=\"https:\/\/elmawkie.dz\/fr\/conference-a-alger-la-fonction-publique-face-aux-mutations-actuelles\/\" \/>\n<meta property=\"og:site_name\" content=\"El Mawkie\" \/>\n<meta property=\"article:publisher\" content=\"https:\/\/www.facebook.com\/profile.php?id=100088407094989&amp;locale=fr_FR\" \/>\n<meta property=\"article:published_time\" content=\"2025-06-23T17:35:02+00:00\" \/>\n<meta property=\"article:modified_time\" content=\"2025-06-23T17:35:03+00:00\" \/>\n<meta property=\"og:image\" content=\"https:\/\/elmawkie.dz\/fr\/wp-content\/uploads\/2025\/06\/IMG_8101.jpeg\" \/>\n\t<meta property=\"og:image:width\" content=\"1707\" \/>\n\t<meta property=\"og:image:height\" content=\"1364\" \/>\n\t<meta property=\"og:image:type\" content=\"image\/jpeg\" \/>\n<meta name=\"author\" content=\"R\u00e9daction\" \/>\n<meta name=\"twitter:card\" content=\"summary_large_image\" \/>\n<meta name=\"twitter:label1\" content=\"Written by\" \/>\n\t<meta name=\"twitter:data1\" content=\"R\u00e9daction\" \/>\n\t<meta name=\"twitter:label2\" content=\"Est. reading time\" \/>\n\t<meta name=\"twitter:data2\" content=\"2 minutes\" \/>\n<script type=\"application\/ld+json\" class=\"yoast-schema-graph\">{\"@context\":\"https:\/\/schema.org\",\"@graph\":[{\"@type\":\"Article\",\"@id\":\"https:\/\/elmawkie.dz\/fr\/conference-a-alger-la-fonction-publique-face-aux-mutations-actuelles\/#article\",\"isPartOf\":{\"@id\":\"https:\/\/elmawkie.dz\/fr\/conference-a-alger-la-fonction-publique-face-aux-mutations-actuelles\/\"},\"author\":{\"name\":\"R\u00e9daction\",\"@id\":\"https:\/\/elmawkie.dz\/fr\/#\/schema\/person\/e7bd59d6467874ba5c4723d8a9f0a63c\"},\"headline\":\"Conf\u00e9rence \u00e0 Alger\u00a0: \u00ab\u00a0La fonction publique face aux mutations actuelles\u00a0\u00bb\",\"datePublished\":\"2025-06-23T17:35:02+00:00\",\"dateModified\":\"2025-06-23T17:35:03+00:00\",\"mainEntityOfPage\":{\"@id\":\"https:\/\/elmawkie.dz\/fr\/conference-a-alger-la-fonction-publique-face-aux-mutations-actuelles\/\"},\"wordCount\":419,\"commentCount\":0,\"publisher\":{\"@id\":\"https:\/\/elmawkie.dz\/fr\/#organization\"},\"image\":{\"@id\":\"https:\/\/elmawkie.dz\/fr\/conference-a-alger-la-fonction-publique-face-aux-mutations-actuelles\/#primaryimage\"},\"thumbnailUrl\":\"https:\/\/elmawkie.dz\/fr\/wp-content\/uploads\/2025\/06\/IMG_8101.jpeg\",\"keywords\":[\"conf\u00e9rence\",\"kamel Badari\",\"La fonction publique\"],\"articleSection\":[\"National\"],\"inLanguage\":\"fr-FR\",\"potentialAction\":[{\"@type\":\"CommentAction\",\"name\":\"Comment\",\"target\":[\"https:\/\/elmawkie.dz\/fr\/conference-a-alger-la-fonction-publique-face-aux-mutations-actuelles\/#respond\"]}]},{\"@type\":\"WebPage\",\"@id\":\"https:\/\/elmawkie.dz\/fr\/conference-a-alger-la-fonction-publique-face-aux-mutations-actuelles\/\",\"url\":\"https:\/\/elmawkie.dz\/fr\/conference-a-alger-la-fonction-publique-face-aux-mutations-actuelles\/\",\"name\":\"Conf\u00e9rence \u00e0 Alger\u00a0: \\\"La fonction publique face aux mutations actuelles\\\" - El Mawkie\",\"isPartOf\":{\"@id\":\"https:\/\/elmawkie.dz\/fr\/#website\"},\"primaryImageOfPage\":{\"@id\":\"https:\/\/elmawkie.dz\/fr\/conference-a-alger-la-fonction-publique-face-aux-mutations-actuelles\/#primaryimage\"},\"image\":{\"@id\":\"https:\/\/elmawkie.dz\/fr\/conference-a-alger-la-fonction-publique-face-aux-mutations-actuelles\/#primaryimage\"},\"thumbnailUrl\":\"https:\/\/elmawkie.dz\/fr\/wp-content\/uploads\/2025\/06\/IMG_8101.jpeg\",\"datePublished\":\"2025-06-23T17:35:02+00:00\",\"dateModified\":\"2025-06-23T17:35:03+00:00\",\"breadcrumb\":{\"@id\":\"https:\/\/elmawkie.dz\/fr\/conference-a-alger-la-fonction-publique-face-aux-mutations-actuelles\/#breadcrumb\"},\"inLanguage\":\"fr-FR\",\"potentialAction\":[{\"@type\":\"ReadAction\",\"target\":[\"https:\/\/elmawkie.dz\/fr\/conference-a-alger-la-fonction-publique-face-aux-mutations-actuelles\/\"]}]},{\"@type\":\"ImageObject\",\"inLanguage\":\"fr-FR\",\"@id\":\"https:\/\/elmawkie.dz\/fr\/conference-a-alger-la-fonction-publique-face-aux-mutations-actuelles\/#primaryimage\",\"url\":\"https:\/\/elmawkie.dz\/fr\/wp-content\/uploads\/2025\/06\/IMG_8101.jpeg\",\"contentUrl\":\"https:\/\/elmawkie.dz\/fr\/wp-content\/uploads\/2025\/06\/IMG_8101.jpeg\",\"width\":1707,\"height\":1364},{\"@type\":\"BreadcrumbList\",\"@id\":\"https:\/\/elmawkie.dz\/fr\/conference-a-alger-la-fonction-publique-face-aux-mutations-actuelles\/#breadcrumb\",\"itemListElement\":[{\"@type\":\"ListItem\",\"position\":1,\"name\":\"Home\",\"item\":\"https:\/\/elmawkie.dz\/fr\/\"},{\"@type\":\"ListItem\",\"position\":2,\"name\":\"Conf\u00e9rence \u00e0 Alger\u00a0: \u00ab\u00a0La fonction publique face aux mutations actuelles\u00a0\u00bb\"}]},{\"@type\":\"WebSite\",\"@id\":\"https:\/\/elmawkie.dz\/fr\/#website\",\"url\":\"https:\/\/elmawkie.dz\/fr\/\",\"name\":\"EL MAWKIE\",\"description\":\"Journal \u00c9lectronique Alg\u00e9rien\",\"publisher\":{\"@id\":\"https:\/\/elmawkie.dz\/fr\/#organization\"},\"potentialAction\":[{\"@type\":\"SearchAction\",\"target\":{\"@type\":\"EntryPoint\",\"urlTemplate\":\"https:\/\/elmawkie.dz\/fr\/?s={search_term_string}\"},\"query-input\":\"required name=search_term_string\"}],\"inLanguage\":\"fr-FR\"},{\"@type\":\"Organization\",\"@id\":\"https:\/\/elmawkie.dz\/fr\/#organization\",\"name\":\"EL MAWKIE\",\"url\":\"https:\/\/elmawkie.dz\/fr\/\",\"logo\":{\"@type\":\"ImageObject\",\"inLanguage\":\"fr-FR\",\"@id\":\"https:\/\/elmawkie.dz\/fr\/#\/schema\/logo\/image\/\",\"url\":\"https:\/\/elmawkie.dz\/fr\/wp-content\/uploads\/2024\/05\/logo1.png\",\"contentUrl\":\"https:\/\/elmawkie.dz\/fr\/wp-content\/uploads\/2024\/05\/logo1.png\",\"width\":1648,\"height\":652,\"caption\":\"EL MAWKIE\"},\"image\":{\"@id\":\"https:\/\/elmawkie.dz\/fr\/#\/schema\/logo\/image\/\"},\"sameAs\":[\"https:\/\/www.facebook.com\/profile.php?id=100088407094989&locale=fr_FR\"]},{\"@type\":\"Person\",\"@id\":\"https:\/\/elmawkie.dz\/fr\/#\/schema\/person\/e7bd59d6467874ba5c4723d8a9f0a63c\",\"name\":\"R\u00e9daction\",\"image\":{\"@type\":\"ImageObject\",\"inLanguage\":\"fr-FR\",\"@id\":\"https:\/\/elmawkie.dz\/fr\/#\/schema\/person\/image\/\",\"url\":\"https:\/\/secure.gravatar.com\/avatar\/f0f773456344da4d2788c054a3d30a0c?s=96&d=mm&r=g\",\"contentUrl\":\"https:\/\/secure.gravatar.com\/avatar\/f0f773456344da4d2788c054a3d30a0c?s=96&d=mm&r=g\",\"caption\":\"R\u00e9daction\"},\"url\":\"https:\/\/elmawkie.dz\/fr\/author\/redaction\/\"}]}<\/script>\n<!-- \/ Yoast SEO Premium plugin. -->","yoast_head_json":{"title":"Conf\u00e9rence \u00e0 Alger\u00a0: \"La fonction publique face aux mutations actuelles\" - El Mawkie","robots":{"index":"index","follow":"follow","max-snippet":"max-snippet:-1","max-image-preview":"max-image-preview:large","max-video-preview":"max-video-preview:-1"},"canonical":"https:\/\/elmawkie.dz\/fr\/conference-a-alger-la-fonction-publique-face-aux-mutations-actuelles\/","og_locale":"fr_FR","og_type":"article","og_title":"Conf\u00e9rence \u00e0 Alger\u00a0: \"La fonction publique face aux mutations actuelles\"","og_description":"L&rsquo;instance du m\u00e9diateur de la R\u00e9publique a organis\u00e9, lundi, en collaboration avec le minist\u00e8re de l&rsquo;Enseignement sup\u00e9rieur et de la Recherche scientifique, une conf\u00e9rence sous le th\u00e8me: \u00ab\u00a0la fonction publique face aux mutations actuelles: promouvoir la performance et l&rsquo;innovation pour la satisfaction du citoyen\u00a0\u00bb, et ce \u00e0 l&rsquo;occasion de la c\u00e9l\u00e9bration de la journ\u00e9e des &hellip;","og_url":"https:\/\/elmawkie.dz\/fr\/conference-a-alger-la-fonction-publique-face-aux-mutations-actuelles\/","og_site_name":"El Mawkie","article_publisher":"https:\/\/www.facebook.com\/profile.php?id=100088407094989&locale=fr_FR","article_published_time":"2025-06-23T17:35:02+00:00","article_modified_time":"2025-06-23T17:35:03+00:00","og_image":[{"width":1707,"height":1364,"url":"https:\/\/elmawkie.dz\/fr\/wp-content\/uploads\/2025\/06\/IMG_8101.jpeg","type":"image\/jpeg"}],"author":"R\u00e9daction","twitter_card":"summary_large_image","twitter_misc":{"Written by":"R\u00e9daction","Est. reading time":"2 minutes"},"schema":{"@context":"https:\/\/schema.org","@graph":[{"@type":"Article","@id":"https:\/\/elmawkie.dz\/fr\/conference-a-alger-la-fonction-publique-face-aux-mutations-actuelles\/#article","isPartOf":{"@id":"https:\/\/elmawkie.dz\/fr\/conference-a-alger-la-fonction-publique-face-aux-mutations-actuelles\/"},"author":{"name":"R\u00e9daction","@id":"https:\/\/elmawkie.dz\/fr\/#\/schema\/person\/e7bd59d6467874ba5c4723d8a9f0a63c"},"headline":"Conf\u00e9rence \u00e0 Alger\u00a0: \u00ab\u00a0La fonction publique face aux mutations actuelles\u00a0\u00bb","datePublished":"2025-06-23T17:35:02+00:00","dateModified":"2025-06-23T17:35:03+00:00","mainEntityOfPage":{"@id":"https:\/\/elmawkie.dz\/fr\/conference-a-alger-la-fonction-publique-face-aux-mutations-actuelles\/"},"wordCount":419,"commentCount":0,"publisher":{"@id":"https:\/\/elmawkie.dz\/fr\/#organization"},"image":{"@id":"https:\/\/elmawkie.dz\/fr\/conference-a-alger-la-fonction-publique-face-aux-mutations-actuelles\/#primaryimage"},"thumbnailUrl":"https:\/\/elmawkie.dz\/fr\/wp-content\/uploads\/2025\/06\/IMG_8101.jpeg","keywords":["conf\u00e9rence","kamel Badari","La fonction publique"],"articleSection":["National"],"inLanguage":"fr-FR","potentialAction":[{"@type":"CommentAction","name":"Comment","target":["https:\/\/elmawkie.dz\/fr\/conference-a-alger-la-fonction-publique-face-aux-mutations-actuelles\/#respond"]}]},{"@type":"WebPage","@id":"https:\/\/elmawkie.dz\/fr\/conference-a-alger-la-fonction-publique-face-aux-mutations-actuelles\/","url":"https:\/\/elmawkie.dz\/fr\/conference-a-alger-la-fonction-publique-face-aux-mutations-actuelles\/","name":"Conf\u00e9rence \u00e0 Alger\u00a0: \"La fonction publique face aux mutations actuelles\" - El Mawkie","isPartOf":{"@id":"https:\/\/elmawkie.dz\/fr\/#website"},"primaryImageOfPage":{"@id":"https:\/\/elmawkie.dz\/fr\/conference-a-alger-la-fonction-publique-face-aux-mutations-actuelles\/#primaryimage"},"image":{"@id":"https:\/\/elmawkie.dz\/fr\/conference-a-alger-la-fonction-publique-face-aux-mutations-actuelles\/#primaryimage"},"thumbnailUrl":"https:\/\/elmawkie.dz\/fr\/wp-content\/uploads\/2025\/06\/IMG_8101.jpeg","datePublished":"2025-06-23T17:35:02+00:00","dateModified":"2025-06-23T17:35:03+00:00","breadcrumb":{"@id":"https:\/\/elmawkie.dz\/fr\/conference-a-alger-la-fonction-publique-face-aux-mutations-actuelles\/#breadcrumb"},"inLanguage":"fr-FR","potentialAction":[{"@type":"ReadAction","target":["https:\/\/elmawkie.dz\/fr\/conference-a-alger-la-fonction-publique-face-aux-mutations-actuelles\/"]}]},{"@type":"ImageObject","inLanguage":"fr-FR","@id":"https:\/\/elmawkie.dz\/fr\/conference-a-alger-la-fonction-publique-face-aux-mutations-actuelles\/#primaryimage","url":"https:\/\/elmawkie.dz\/fr\/wp-content\/uploads\/2025\/06\/IMG_8101.jpeg","contentUrl":"https:\/\/elmawkie.dz\/fr\/wp-content\/uploads\/2025\/06\/IMG_8101.jpeg","width":1707,"height":1364},{"@type":"BreadcrumbList","@id":"https:\/\/elmawkie.dz\/fr\/conference-a-alger-la-fonction-publique-face-aux-mutations-actuelles\/#breadcrumb","itemListElement":[{"@type":"ListItem","position":1,"name":"Home","item":"https:\/\/elmawkie.dz\/fr\/"},{"@type":"ListItem","position":2,"name":"Conf\u00e9rence \u00e0 Alger\u00a0: \u00ab\u00a0La fonction publique face aux mutations actuelles\u00a0\u00bb"}]},{"@type":"WebSite","@id":"https:\/\/elmawkie.dz\/fr\/#website","url":"https:\/\/elmawkie.dz\/fr\/","name":"EL MAWKIE","description":"Journal \u00c9lectronique Alg\u00e9rien","publisher":{"@id":"https:\/\/elmawkie.dz\/fr\/#organization"},"potentialAction":[{"@type":"SearchAction","target":{"@type":"EntryPoint","urlTemplate":"https:\/\/elmawkie.dz\/fr\/?s={search_term_string}"},"query-input":"required name=search_term_string"}],"inLanguage":"fr-FR"},{"@type":"Organization","@id":"https:\/\/elmawkie.dz\/fr\/#organization","name":"EL MAWKIE","url":"https:\/\/elmawkie.dz\/fr\/","logo":{"@type":"ImageObject","inLanguage":"fr-FR","@id":"https:\/\/elmawkie.dz\/fr\/#\/schema\/logo\/image\/","url":"https:\/\/elmawkie.dz\/fr\/wp-content\/uploads\/2024\/05\/logo1.png","contentUrl":"https:\/\/elmawkie.dz\/fr\/wp-content\/uploads\/2024\/05\/logo1.png","width":1648,"height":652,"caption":"EL MAWKIE"},"image":{"@id":"https:\/\/elmawkie.dz\/fr\/#\/schema\/logo\/image\/"},"sameAs":["https:\/\/www.facebook.com\/profile.php?id=100088407094989&locale=fr_FR"]},{"@type":"Person","@id":"https:\/\/elmawkie.dz\/fr\/#\/schema\/person\/e7bd59d6467874ba5c4723d8a9f0a63c","name":"R\u00e9daction","image":{"@type":"ImageObject","inLanguage":"fr-FR","@id":"https:\/\/elmawkie.dz\/fr\/#\/schema\/person\/image\/","url":"https:\/\/secure.gravatar.com\/avatar\/f0f773456344da4d2788c054a3d30a0c?s=96&d=mm&r=g","contentUrl":"https:\/\/secure.gravatar.com\/avatar\/f0f773456344da4d2788c054a3d30a0c?s=96&d=mm&r=g","caption":"R\u00e9daction"},"url":"https:\/\/elmawkie.dz\/fr\/author\/redaction\/"}]}},"_links":{"self":[{"href":"https:\/\/elmawkie.dz\/fr\/wp-json\/wp\/v2\/posts\/52953","targetHints":{"allow":["GET"]}}],"collection":[{"href":"https:\/\/elmawkie.dz\/fr\/wp-json\/wp\/v2\/posts"}],"about":[{"href":"https:\/\/elmawkie.dz\/fr\/wp-json\/wp\/v2\/types\/post"}],"author":[{"embeddable":true,"href":"https:\/\/elmawkie.dz\/fr\/wp-json\/wp\/v2\/users\/9"}],"replies":[{"embeddable":true,"href":"https:\/\/elmawkie.dz\/fr\/wp-json\/wp\/v2\/comments?post=52953"}],"version-history":[{"count":1,"href":"https:\/\/elmawkie.dz\/fr\/wp-json\/wp\/v2\/posts\/52953\/revisions"}],"predecessor-version":[{"id":52956,"href":"https:\/\/elmawkie.dz\/fr\/wp-json\/wp\/v2\/posts\/52953\/revisions\/52956"}],"wp:featuredmedia":[{"embeddable":true,"href":"https:\/\/elmawkie.dz\/fr\/wp-json\/wp\/v2\/media\/52955"}],"wp:attachment":[{"href":"https:\/\/elmawkie.dz\/fr\/wp-json\/wp\/v2\/media?parent=52953"}],"wp:term":[{"taxonomy":"category","embeddable":true,"href":"https:\/\/elmawkie.dz\/fr\/wp-json\/wp\/v2\/categories?post=52953"},{"taxonomy":"post_tag","embeddable":true,"href":"https:\/\/elmawkie.dz\/fr\/wp-json\/wp\/v2\/tags?post=52953"}],"curies":[{"name":"wp","href":"https:\/\/api.w.org\/{rel}","templated":true}]}}