{"id":5295,"date":"2024-09-30T19:08:10","date_gmt":"2024-09-30T18:08:10","guid":{"rendered":"https:\/\/elmawkie.dz\/fr\/?p=5295"},"modified":"2024-09-30T19:09:42","modified_gmt":"2024-09-30T18:09:42","slug":"le-president-beninois-felicite-le-president-de-la-republique-pour-sa-reelection","status":"publish","type":"post","link":"https:\/\/elmawkie.dz\/fr\/le-president-beninois-felicite-le-president-de-la-republique-pour-sa-reelection\/","title":{"rendered":"Le pr\u00e9sident b\u00e9ninois f\u00e9licite le pr\u00e9sident de la R\u00e9publique pour sa r\u00e9\u00e9lection"},"content":{"rendered":"<p><strong><em>Le pr\u00e9sident b\u00e9ninois, M. Patrice Talon, a adress\u00e9 ses f\u00e9licitations au pr\u00e9sident de la R\u00e9publique, M. Abdelmadjid Tebboune, pour sa r\u00e9\u00e9lection pour un second mandat pr\u00e9sidentiel , lui exprimant sa disposition \u00e0 \u0153uvrer de concert au renforcement des relations de coop\u00e9ration et d&rsquo;amiti\u00e9 historiques entre les deux peuples, indique un communiqu\u00e9 de la Pr\u00e9sidence de la R\u00e9publique.<\/em><\/strong><\/p>\n<p><em> \u00ab\u00a0Le pr\u00e9sident de la R\u00e9publique, M. Abdelmadjid Tebboune a re\u00e7u un message de f\u00e9licitations du pr\u00e9sident de la R\u00e9publique du B\u00e9nin, Patrice Talon pour sa r\u00e9\u00e9lection pour un second mandat, lui souhaitant au nom du peuple et du gouvernement b\u00e9ninois ainsi qu&rsquo;en son nom personnel sant\u00e9 et r\u00e9ussite\u00a0\u00bb, selon le \u00a0communiqu\u00e9. le pr\u00e9sident b\u00e9ninois a exprim\u00e9 au pr\u00e9sident de la R\u00e9publique \u00ab\u00a0sa disposition \u00e0 \u0153uvrer de concert au renforcement des relations de coop\u00e9ration et d&rsquo;amiti\u00e9 historiques entre les deux peuples\u00a0\u00bb, conclut le communiqu\u00e9.<\/em><\/p>\n","protected":false},"excerpt":{"rendered":"<p>Le pr\u00e9sident b\u00e9ninois, M. Patrice Talon, a adress\u00e9 ses f\u00e9licitations au pr\u00e9sident de la R\u00e9publique, M. Abdelmadjid Tebboune, pour sa r\u00e9\u00e9lection pour un second mandat pr\u00e9sidentiel , lui exprimant sa disposition \u00e0 \u0153uvrer de concert au renforcement des relations de coop\u00e9ration et d&rsquo;amiti\u00e9 historiques entre les deux peuples, indique un communiqu\u00e9 de la Pr\u00e9sidence de &hellip;<\/p>\n","protected":false},"author":3,"featured_media":5296,"comment_status":"open","ping_status":"open","sticky":false,"template":"","format":"standard","meta":{"footnotes":""},"categories":[47],"tags":[783,596],"class_list":["post-5295","post","type-post","status-publish","format-standard","has-post-thumbnail","hentry","category-national","tag-le-president-beninois","tag-le-president-de-la-republique"],"yoast_head":"<!-- This site is optimized with the Yoast SEO Premium plugin v22.6 (Yoast SEO v22.6) - https:\/\/yoast.com\/wordpress\/plugins\/seo\/ -->\n<title>Le pr\u00e9sident b\u00e9ninois f\u00e9licite le pr\u00e9sident de la R\u00e9publique pour sa r\u00e9\u00e9lection - El Mawkie<\/title>\n<meta name=\"robots\" content=\"index, follow, max-snippet:-1, max-image-preview:large, max-video-preview:-1\" \/>\n<link rel=\"canonical\" href=\"https:\/\/elmawkie.dz\/fr\/le-president-beninois-felicite-le-president-de-la-republique-pour-sa-reelection\/\" \/>\n<meta property=\"og:locale\" content=\"fr_FR\" \/>\n<meta property=\"og:type\" content=\"article\" \/>\n<meta property=\"og:title\" content=\"Le pr\u00e9sident b\u00e9ninois f\u00e9licite le pr\u00e9sident de la R\u00e9publique pour sa r\u00e9\u00e9lection\" \/>\n<meta property=\"og:description\" content=\"Le pr\u00e9sident b\u00e9ninois, M. Patrice Talon, a adress\u00e9 ses f\u00e9licitations au pr\u00e9sident de la R\u00e9publique, M. Abdelmadjid Tebboune, pour sa r\u00e9\u00e9lection pour un second mandat pr\u00e9sidentiel , lui exprimant sa disposition \u00e0 \u0153uvrer de concert au renforcement des relations de coop\u00e9ration et d&rsquo;amiti\u00e9 historiques entre les deux peuples, indique un communiqu\u00e9 de la Pr\u00e9sidence de &hellip;\" \/>\n<meta property=\"og:url\" content=\"https:\/\/elmawkie.dz\/fr\/le-president-beninois-felicite-le-president-de-la-republique-pour-sa-reelection\/\" \/>\n<meta property=\"og:site_name\" content=\"El Mawkie\" \/>\n<meta property=\"article:publisher\" content=\"https:\/\/www.facebook.com\/profile.php?id=100088407094989&amp;locale=fr_FR\" \/>\n<meta property=\"article:published_time\" content=\"2024-09-30T18:08:10+00:00\" \/>\n<meta property=\"article:modified_time\" content=\"2024-09-30T18:09:42+00:00\" \/>\n<meta property=\"og:image\" content=\"https:\/\/elmawkie.dz\/fr\/wp-content\/uploads\/2024\/09\/IMG_2636.jpeg\" \/>\n\t<meta property=\"og:image:width\" content=\"1920\" \/>\n\t<meta property=\"og:image:height\" content=\"1080\" \/>\n\t<meta property=\"og:image:type\" content=\"image\/jpeg\" \/>\n<meta name=\"author\" content=\"Hamra Fouzia\" \/>\n<meta name=\"twitter:card\" content=\"summary_large_image\" \/>\n<meta name=\"twitter:label1\" content=\"Written by\" \/>\n\t<meta name=\"twitter:data1\" content=\"Hamra Fouzia\" \/>\n\t<meta name=\"twitter:label2\" content=\"Est. reading time\" \/>\n\t<meta name=\"twitter:data2\" content=\"1 minute\" \/>\n<script type=\"application\/ld+json\" class=\"yoast-schema-graph\">{\"@context\":\"https:\/\/schema.org\",\"@graph\":[{\"@type\":\"Article\",\"@id\":\"https:\/\/elmawkie.dz\/fr\/le-president-beninois-felicite-le-president-de-la-republique-pour-sa-reelection\/#article\",\"isPartOf\":{\"@id\":\"https:\/\/elmawkie.dz\/fr\/le-president-beninois-felicite-le-president-de-la-republique-pour-sa-reelection\/\"},\"author\":{\"name\":\"Hamra Fouzia\",\"@id\":\"https:\/\/elmawkie.dz\/fr\/#\/schema\/person\/4ed8433201bc23634185d8dd37097c64\"},\"headline\":\"Le pr\u00e9sident b\u00e9ninois f\u00e9licite le pr\u00e9sident de la R\u00e9publique pour sa r\u00e9\u00e9lection\",\"datePublished\":\"2024-09-30T18:08:10+00:00\",\"dateModified\":\"2024-09-30T18:09:42+00:00\",\"mainEntityOfPage\":{\"@id\":\"https:\/\/elmawkie.dz\/fr\/le-president-beninois-felicite-le-president-de-la-republique-pour-sa-reelection\/\"},\"wordCount\":183,\"commentCount\":0,\"publisher\":{\"@id\":\"https:\/\/elmawkie.dz\/fr\/#organization\"},\"image\":{\"@id\":\"https:\/\/elmawkie.dz\/fr\/le-president-beninois-felicite-le-president-de-la-republique-pour-sa-reelection\/#primaryimage\"},\"thumbnailUrl\":\"https:\/\/elmawkie.dz\/fr\/wp-content\/uploads\/2024\/09\/IMG_2636.jpeg\",\"keywords\":[\"Le pr\u00e9sident b\u00e9ninois\",\"le pr\u00e9sident de la R\u00e9publique\"],\"articleSection\":[\"National\"],\"inLanguage\":\"fr-FR\",\"potentialAction\":[{\"@type\":\"CommentAction\",\"name\":\"Comment\",\"target\":[\"https:\/\/elmawkie.dz\/fr\/le-president-beninois-felicite-le-president-de-la-republique-pour-sa-reelection\/#respond\"]}]},{\"@type\":\"WebPage\",\"@id\":\"https:\/\/elmawkie.dz\/fr\/le-president-beninois-felicite-le-president-de-la-republique-pour-sa-reelection\/\",\"url\":\"https:\/\/elmawkie.dz\/fr\/le-president-beninois-felicite-le-president-de-la-republique-pour-sa-reelection\/\",\"name\":\"Le pr\u00e9sident b\u00e9ninois f\u00e9licite le pr\u00e9sident de la R\u00e9publique pour sa r\u00e9\u00e9lection - El Mawkie\",\"isPartOf\":{\"@id\":\"https:\/\/elmawkie.dz\/fr\/#website\"},\"primaryImageOfPage\":{\"@id\":\"https:\/\/elmawkie.dz\/fr\/le-president-beninois-felicite-le-president-de-la-republique-pour-sa-reelection\/#primaryimage\"},\"image\":{\"@id\":\"https:\/\/elmawkie.dz\/fr\/le-president-beninois-felicite-le-president-de-la-republique-pour-sa-reelection\/#primaryimage\"},\"thumbnailUrl\":\"https:\/\/elmawkie.dz\/fr\/wp-content\/uploads\/2024\/09\/IMG_2636.jpeg\",\"datePublished\":\"2024-09-30T18:08:10+00:00\",\"dateModified\":\"2024-09-30T18:09:42+00:00\",\"breadcrumb\":{\"@id\":\"https:\/\/elmawkie.dz\/fr\/le-president-beninois-felicite-le-president-de-la-republique-pour-sa-reelection\/#breadcrumb\"},\"inLanguage\":\"fr-FR\",\"potentialAction\":[{\"@type\":\"ReadAction\",\"target\":[\"https:\/\/elmawkie.dz\/fr\/le-president-beninois-felicite-le-president-de-la-republique-pour-sa-reelection\/\"]}]},{\"@type\":\"ImageObject\",\"inLanguage\":\"fr-FR\",\"@id\":\"https:\/\/elmawkie.dz\/fr\/le-president-beninois-felicite-le-president-de-la-republique-pour-sa-reelection\/#primaryimage\",\"url\":\"https:\/\/elmawkie.dz\/fr\/wp-content\/uploads\/2024\/09\/IMG_2636.jpeg\",\"contentUrl\":\"https:\/\/elmawkie.dz\/fr\/wp-content\/uploads\/2024\/09\/IMG_2636.jpeg\",\"width\":1920,\"height\":1080},{\"@type\":\"BreadcrumbList\",\"@id\":\"https:\/\/elmawkie.dz\/fr\/le-president-beninois-felicite-le-president-de-la-republique-pour-sa-reelection\/#breadcrumb\",\"itemListElement\":[{\"@type\":\"ListItem\",\"position\":1,\"name\":\"Home\",\"item\":\"https:\/\/elmawkie.dz\/fr\/\"},{\"@type\":\"ListItem\",\"position\":2,\"name\":\"Le pr\u00e9sident b\u00e9ninois f\u00e9licite le pr\u00e9sident de la R\u00e9publique pour sa r\u00e9\u00e9lection\"}]},{\"@type\":\"WebSite\",\"@id\":\"https:\/\/elmawkie.dz\/fr\/#website\",\"url\":\"https:\/\/elmawkie.dz\/fr\/\",\"name\":\"EL MAWKIE\",\"description\":\"Journal \u00c9lectronique Alg\u00e9rien\",\"publisher\":{\"@id\":\"https:\/\/elmawkie.dz\/fr\/#organization\"},\"potentialAction\":[{\"@type\":\"SearchAction\",\"target\":{\"@type\":\"EntryPoint\",\"urlTemplate\":\"https:\/\/elmawkie.dz\/fr\/?s={search_term_string}\"},\"query-input\":\"required name=search_term_string\"}],\"inLanguage\":\"fr-FR\"},{\"@type\":\"Organization\",\"@id\":\"https:\/\/elmawkie.dz\/fr\/#organization\",\"name\":\"EL MAWKIE\",\"url\":\"https:\/\/elmawkie.dz\/fr\/\",\"logo\":{\"@type\":\"ImageObject\",\"inLanguage\":\"fr-FR\",\"@id\":\"https:\/\/elmawkie.dz\/fr\/#\/schema\/logo\/image\/\",\"url\":\"https:\/\/elmawkie.dz\/fr\/wp-content\/uploads\/2024\/05\/logo1.png\",\"contentUrl\":\"https:\/\/elmawkie.dz\/fr\/wp-content\/uploads\/2024\/05\/logo1.png\",\"width\":1648,\"height\":652,\"caption\":\"EL MAWKIE\"},\"image\":{\"@id\":\"https:\/\/elmawkie.dz\/fr\/#\/schema\/logo\/image\/\"},\"sameAs\":[\"https:\/\/www.facebook.com\/profile.php?id=100088407094989&locale=fr_FR\"]},{\"@type\":\"Person\",\"@id\":\"https:\/\/elmawkie.dz\/fr\/#\/schema\/person\/4ed8433201bc23634185d8dd37097c64\",\"name\":\"Hamra Fouzia\",\"image\":{\"@type\":\"ImageObject\",\"inLanguage\":\"fr-FR\",\"@id\":\"https:\/\/elmawkie.dz\/fr\/#\/schema\/person\/image\/\",\"url\":\"https:\/\/secure.gravatar.com\/avatar\/ea215268aad51f3219f9a59227db6fa1?s=96&d=mm&r=g\",\"contentUrl\":\"https:\/\/secure.gravatar.com\/avatar\/ea215268aad51f3219f9a59227db6fa1?s=96&d=mm&r=g\",\"caption\":\"Hamra Fouzia\"},\"sameAs\":[\"https:\/\/elmawkie.dz\/fr\"],\"url\":\"https:\/\/elmawkie.dz\/fr\/author\/elmawkie\/\"}]}<\/script>\n<!-- \/ Yoast SEO Premium plugin. -->","yoast_head_json":{"title":"Le pr\u00e9sident b\u00e9ninois f\u00e9licite le pr\u00e9sident de la R\u00e9publique pour sa r\u00e9\u00e9lection - El Mawkie","robots":{"index":"index","follow":"follow","max-snippet":"max-snippet:-1","max-image-preview":"max-image-preview:large","max-video-preview":"max-video-preview:-1"},"canonical":"https:\/\/elmawkie.dz\/fr\/le-president-beninois-felicite-le-president-de-la-republique-pour-sa-reelection\/","og_locale":"fr_FR","og_type":"article","og_title":"Le pr\u00e9sident b\u00e9ninois f\u00e9licite le pr\u00e9sident de la R\u00e9publique pour sa r\u00e9\u00e9lection","og_description":"Le pr\u00e9sident b\u00e9ninois, M. Patrice Talon, a adress\u00e9 ses f\u00e9licitations au pr\u00e9sident de la R\u00e9publique, M. Abdelmadjid Tebboune, pour sa r\u00e9\u00e9lection pour un second mandat pr\u00e9sidentiel , lui exprimant sa disposition \u00e0 \u0153uvrer de concert au renforcement des relations de coop\u00e9ration et d&rsquo;amiti\u00e9 historiques entre les deux peuples, indique un communiqu\u00e9 de la Pr\u00e9sidence de &hellip;","og_url":"https:\/\/elmawkie.dz\/fr\/le-president-beninois-felicite-le-president-de-la-republique-pour-sa-reelection\/","og_site_name":"El Mawkie","article_publisher":"https:\/\/www.facebook.com\/profile.php?id=100088407094989&locale=fr_FR","article_published_time":"2024-09-30T18:08:10+00:00","article_modified_time":"2024-09-30T18:09:42+00:00","og_image":[{"width":1920,"height":1080,"url":"https:\/\/elmawkie.dz\/fr\/wp-content\/uploads\/2024\/09\/IMG_2636.jpeg","type":"image\/jpeg"}],"author":"Hamra Fouzia","twitter_card":"summary_large_image","twitter_misc":{"Written by":"Hamra Fouzia","Est. reading time":"1 minute"},"schema":{"@context":"https:\/\/schema.org","@graph":[{"@type":"Article","@id":"https:\/\/elmawkie.dz\/fr\/le-president-beninois-felicite-le-president-de-la-republique-pour-sa-reelection\/#article","isPartOf":{"@id":"https:\/\/elmawkie.dz\/fr\/le-president-beninois-felicite-le-president-de-la-republique-pour-sa-reelection\/"},"author":{"name":"Hamra Fouzia","@id":"https:\/\/elmawkie.dz\/fr\/#\/schema\/person\/4ed8433201bc23634185d8dd37097c64"},"headline":"Le pr\u00e9sident b\u00e9ninois f\u00e9licite le pr\u00e9sident de la R\u00e9publique pour sa r\u00e9\u00e9lection","datePublished":"2024-09-30T18:08:10+00:00","dateModified":"2024-09-30T18:09:42+00:00","mainEntityOfPage":{"@id":"https:\/\/elmawkie.dz\/fr\/le-president-beninois-felicite-le-president-de-la-republique-pour-sa-reelection\/"},"wordCount":183,"commentCount":0,"publisher":{"@id":"https:\/\/elmawkie.dz\/fr\/#organization"},"image":{"@id":"https:\/\/elmawkie.dz\/fr\/le-president-beninois-felicite-le-president-de-la-republique-pour-sa-reelection\/#primaryimage"},"thumbnailUrl":"https:\/\/elmawkie.dz\/fr\/wp-content\/uploads\/2024\/09\/IMG_2636.jpeg","keywords":["Le pr\u00e9sident b\u00e9ninois","le pr\u00e9sident de la R\u00e9publique"],"articleSection":["National"],"inLanguage":"fr-FR","potentialAction":[{"@type":"CommentAction","name":"Comment","target":["https:\/\/elmawkie.dz\/fr\/le-president-beninois-felicite-le-president-de-la-republique-pour-sa-reelection\/#respond"]}]},{"@type":"WebPage","@id":"https:\/\/elmawkie.dz\/fr\/le-president-beninois-felicite-le-president-de-la-republique-pour-sa-reelection\/","url":"https:\/\/elmawkie.dz\/fr\/le-president-beninois-felicite-le-president-de-la-republique-pour-sa-reelection\/","name":"Le pr\u00e9sident b\u00e9ninois f\u00e9licite le pr\u00e9sident de la R\u00e9publique pour sa r\u00e9\u00e9lection - El Mawkie","isPartOf":{"@id":"https:\/\/elmawkie.dz\/fr\/#website"},"primaryImageOfPage":{"@id":"https:\/\/elmawkie.dz\/fr\/le-president-beninois-felicite-le-president-de-la-republique-pour-sa-reelection\/#primaryimage"},"image":{"@id":"https:\/\/elmawkie.dz\/fr\/le-president-beninois-felicite-le-president-de-la-republique-pour-sa-reelection\/#primaryimage"},"thumbnailUrl":"https:\/\/elmawkie.dz\/fr\/wp-content\/uploads\/2024\/09\/IMG_2636.jpeg","datePublished":"2024-09-30T18:08:10+00:00","dateModified":"2024-09-30T18:09:42+00:00","breadcrumb":{"@id":"https:\/\/elmawkie.dz\/fr\/le-president-beninois-felicite-le-president-de-la-republique-pour-sa-reelection\/#breadcrumb"},"inLanguage":"fr-FR","potentialAction":[{"@type":"ReadAction","target":["https:\/\/elmawkie.dz\/fr\/le-president-beninois-felicite-le-president-de-la-republique-pour-sa-reelection\/"]}]},{"@type":"ImageObject","inLanguage":"fr-FR","@id":"https:\/\/elmawkie.dz\/fr\/le-president-beninois-felicite-le-president-de-la-republique-pour-sa-reelection\/#primaryimage","url":"https:\/\/elmawkie.dz\/fr\/wp-content\/uploads\/2024\/09\/IMG_2636.jpeg","contentUrl":"https:\/\/elmawkie.dz\/fr\/wp-content\/uploads\/2024\/09\/IMG_2636.jpeg","width":1920,"height":1080},{"@type":"BreadcrumbList","@id":"https:\/\/elmawkie.dz\/fr\/le-president-beninois-felicite-le-president-de-la-republique-pour-sa-reelection\/#breadcrumb","itemListElement":[{"@type":"ListItem","position":1,"name":"Home","item":"https:\/\/elmawkie.dz\/fr\/"},{"@type":"ListItem","position":2,"name":"Le pr\u00e9sident b\u00e9ninois f\u00e9licite le pr\u00e9sident de la R\u00e9publique pour sa r\u00e9\u00e9lection"}]},{"@type":"WebSite","@id":"https:\/\/elmawkie.dz\/fr\/#website","url":"https:\/\/elmawkie.dz\/fr\/","name":"EL MAWKIE","description":"Journal \u00c9lectronique Alg\u00e9rien","publisher":{"@id":"https:\/\/elmawkie.dz\/fr\/#organization"},"potentialAction":[{"@type":"SearchAction","target":{"@type":"EntryPoint","urlTemplate":"https:\/\/elmawkie.dz\/fr\/?s={search_term_string}"},"query-input":"required name=search_term_string"}],"inLanguage":"fr-FR"},{"@type":"Organization","@id":"https:\/\/elmawkie.dz\/fr\/#organization","name":"EL MAWKIE","url":"https:\/\/elmawkie.dz\/fr\/","logo":{"@type":"ImageObject","inLanguage":"fr-FR","@id":"https:\/\/elmawkie.dz\/fr\/#\/schema\/logo\/image\/","url":"https:\/\/elmawkie.dz\/fr\/wp-content\/uploads\/2024\/05\/logo1.png","contentUrl":"https:\/\/elmawkie.dz\/fr\/wp-content\/uploads\/2024\/05\/logo1.png","width":1648,"height":652,"caption":"EL MAWKIE"},"image":{"@id":"https:\/\/elmawkie.dz\/fr\/#\/schema\/logo\/image\/"},"sameAs":["https:\/\/www.facebook.com\/profile.php?id=100088407094989&locale=fr_FR"]},{"@type":"Person","@id":"https:\/\/elmawkie.dz\/fr\/#\/schema\/person\/4ed8433201bc23634185d8dd37097c64","name":"Hamra Fouzia","image":{"@type":"ImageObject","inLanguage":"fr-FR","@id":"https:\/\/elmawkie.dz\/fr\/#\/schema\/person\/image\/","url":"https:\/\/secure.gravatar.com\/avatar\/ea215268aad51f3219f9a59227db6fa1?s=96&d=mm&r=g","contentUrl":"https:\/\/secure.gravatar.com\/avatar\/ea215268aad51f3219f9a59227db6fa1?s=96&d=mm&r=g","caption":"Hamra Fouzia"},"sameAs":["https:\/\/elmawkie.dz\/fr"],"url":"https:\/\/elmawkie.dz\/fr\/author\/elmawkie\/"}]}},"_links":{"self":[{"href":"https:\/\/elmawkie.dz\/fr\/wp-json\/wp\/v2\/posts\/5295","targetHints":{"allow":["GET"]}}],"collection":[{"href":"https:\/\/elmawkie.dz\/fr\/wp-json\/wp\/v2\/posts"}],"about":[{"href":"https:\/\/elmawkie.dz\/fr\/wp-json\/wp\/v2\/types\/post"}],"author":[{"embeddable":true,"href":"https:\/\/elmawkie.dz\/fr\/wp-json\/wp\/v2\/users\/3"}],"replies":[{"embeddable":true,"href":"https:\/\/elmawkie.dz\/fr\/wp-json\/wp\/v2\/comments?post=5295"}],"version-history":[{"count":0,"href":"https:\/\/elmawkie.dz\/fr\/wp-json\/wp\/v2\/posts\/5295\/revisions"}],"wp:featuredmedia":[{"embeddable":true,"href":"https:\/\/elmawkie.dz\/fr\/wp-json\/wp\/v2\/media\/5296"}],"wp:attachment":[{"href":"https:\/\/elmawkie.dz\/fr\/wp-json\/wp\/v2\/media?parent=5295"}],"wp:term":[{"taxonomy":"category","embeddable":true,"href":"https:\/\/elmawkie.dz\/fr\/wp-json\/wp\/v2\/categories?post=5295"},{"taxonomy":"post_tag","embeddable":true,"href":"https:\/\/elmawkie.dz\/fr\/wp-json\/wp\/v2\/tags?post=5295"}],"curies":[{"name":"wp","href":"https:\/\/api.w.org\/{rel}","templated":true}]}}