{"id":5292,"date":"2024-09-30T18:58:49","date_gmt":"2024-09-30T17:58:49","guid":{"rendered":"https:\/\/elmawkie.dz\/fr\/?p=5292"},"modified":"2024-09-30T18:58:49","modified_gmt":"2024-09-30T17:58:49","slug":"le-conseil-de-la-nation-participe-a-la-4e-partie-de-la-session-ordinaire-de-lassemblee-parlementaire-apce","status":"publish","type":"post","link":"https:\/\/elmawkie.dz\/fr\/le-conseil-de-la-nation-participe-a-la-4e-partie-de-la-session-ordinaire-de-lassemblee-parlementaire-apce\/","title":{"rendered":"Le Conseil de la nation participe \u00e0 la 4e partie de la session ordinaire de l&rsquo;Assembl\u00e9e parlementaire  APCE"},"content":{"rendered":"<p><strong><em>Une d\u00e9l\u00e9gation du Conseil de la nation participera, \u00e0 partir de lundi, aux travaux de la 4e partie de la session ordinaire 2024 de l&rsquo;Assembl\u00e9e parlementaire du Conseil de l&rsquo;Europe (APCE), qui se tient \u00e0 Strasbourg (France) pr\u00e9vu du 30 au 4 octobre, indique un communiqu\u00e9 du Conseil.\u00a0<\/em><\/strong><br \/>\n<em><br \/>\nD\u2019apr\u00e8s la m\u00eame source, les participants aux travaux de cette r\u00e9union discuteront de nombre de th\u00e8mes inscrits \u00e0 l&rsquo;ordre du jour de la session, notamment \u00ab\u00a0la situation sanitaire et humanitaire critique des femmes et des enfants \u00e0 Ghaza, la situation des migrants, des r\u00e9fugi\u00e9s et des demandeurs d&rsquo;asile disparus, ainsi que la garantie du droit de l&rsquo;Homme \u00e0 l&rsquo;alimentation\u00a0\u00bb.<\/p>\n<p><\/em><\/p>\n","protected":false},"excerpt":{"rendered":"<p>Une d\u00e9l\u00e9gation du Conseil de la nation participera, \u00e0 partir de lundi, aux travaux de la 4e partie de la session ordinaire 2024 de l&rsquo;Assembl\u00e9e parlementaire du Conseil de l&rsquo;Europe (APCE), qui se tient \u00e0 Strasbourg (France) pr\u00e9vu du 30 au 4 octobre, indique un communiqu\u00e9 du Conseil.\u00a0 D\u2019apr\u00e8s la m\u00eame source, les participants aux &hellip;<\/p>\n","protected":false},"author":3,"featured_media":5293,"comment_status":"open","ping_status":"open","sticky":false,"template":"","format":"standard","meta":{"footnotes":""},"categories":[47],"tags":[709,782],"class_list":["post-5292","post","type-post","status-publish","format-standard","has-post-thumbnail","hentry","category-national","tag-conseil-de-la-nation","tag-lassemblee-parlementaire-du-conseil-de-leurope-apce"],"yoast_head":"<!-- This site is optimized with the Yoast SEO Premium plugin v22.6 (Yoast SEO v22.6) - https:\/\/yoast.com\/wordpress\/plugins\/seo\/ -->\n<title>Le Conseil de la nation participe \u00e0 la 4e partie de la session ordinaire de l&#039;Assembl\u00e9e parlementaire APCE - El Mawkie<\/title>\n<meta name=\"robots\" content=\"index, follow, max-snippet:-1, max-image-preview:large, max-video-preview:-1\" \/>\n<link rel=\"canonical\" href=\"https:\/\/elmawkie.dz\/fr\/le-conseil-de-la-nation-participe-a-la-4e-partie-de-la-session-ordinaire-de-lassemblee-parlementaire-apce\/\" \/>\n<meta property=\"og:locale\" content=\"fr_FR\" \/>\n<meta property=\"og:type\" content=\"article\" \/>\n<meta property=\"og:title\" content=\"Le Conseil de la nation participe \u00e0 la 4e partie de la session ordinaire de l&#039;Assembl\u00e9e parlementaire APCE\" \/>\n<meta property=\"og:description\" content=\"Une d\u00e9l\u00e9gation du Conseil de la nation participera, \u00e0 partir de lundi, aux travaux de la 4e partie de la session ordinaire 2024 de l&rsquo;Assembl\u00e9e parlementaire du Conseil de l&rsquo;Europe (APCE), qui se tient \u00e0 Strasbourg (France) pr\u00e9vu du 30 au 4 octobre, indique un communiqu\u00e9 du Conseil.\u00a0 D\u2019apr\u00e8s la m\u00eame source, les participants aux &hellip;\" \/>\n<meta property=\"og:url\" content=\"https:\/\/elmawkie.dz\/fr\/le-conseil-de-la-nation-participe-a-la-4e-partie-de-la-session-ordinaire-de-lassemblee-parlementaire-apce\/\" \/>\n<meta property=\"og:site_name\" content=\"El Mawkie\" \/>\n<meta property=\"article:publisher\" content=\"https:\/\/www.facebook.com\/profile.php?id=100088407094989&amp;locale=fr_FR\" \/>\n<meta property=\"article:published_time\" content=\"2024-09-30T17:58:49+00:00\" \/>\n<meta property=\"og:image\" content=\"https:\/\/elmawkie.dz\/fr\/wp-content\/uploads\/2024\/09\/IMG_2635.jpeg\" \/>\n\t<meta property=\"og:image:width\" content=\"1080\" \/>\n\t<meta property=\"og:image:height\" content=\"720\" \/>\n\t<meta property=\"og:image:type\" content=\"image\/jpeg\" \/>\n<meta name=\"author\" content=\"Hamra Fouzia\" \/>\n<meta name=\"twitter:card\" content=\"summary_large_image\" \/>\n<meta name=\"twitter:label1\" content=\"Written by\" \/>\n\t<meta name=\"twitter:data1\" content=\"Hamra Fouzia\" \/>\n\t<meta name=\"twitter:label2\" content=\"Est. reading time\" \/>\n\t<meta name=\"twitter:data2\" content=\"1 minute\" \/>\n<script type=\"application\/ld+json\" class=\"yoast-schema-graph\">{\"@context\":\"https:\/\/schema.org\",\"@graph\":[{\"@type\":\"Article\",\"@id\":\"https:\/\/elmawkie.dz\/fr\/le-conseil-de-la-nation-participe-a-la-4e-partie-de-la-session-ordinaire-de-lassemblee-parlementaire-apce\/#article\",\"isPartOf\":{\"@id\":\"https:\/\/elmawkie.dz\/fr\/le-conseil-de-la-nation-participe-a-la-4e-partie-de-la-session-ordinaire-de-lassemblee-parlementaire-apce\/\"},\"author\":{\"name\":\"Hamra Fouzia\",\"@id\":\"https:\/\/elmawkie.dz\/fr\/#\/schema\/person\/4ed8433201bc23634185d8dd37097c64\"},\"headline\":\"Le Conseil de la nation participe \u00e0 la 4e partie de la session ordinaire de l&rsquo;Assembl\u00e9e parlementaire APCE\",\"datePublished\":\"2024-09-30T17:58:49+00:00\",\"dateModified\":\"2024-09-30T17:58:49+00:00\",\"mainEntityOfPage\":{\"@id\":\"https:\/\/elmawkie.dz\/fr\/le-conseil-de-la-nation-participe-a-la-4e-partie-de-la-session-ordinaire-de-lassemblee-parlementaire-apce\/\"},\"wordCount\":135,\"commentCount\":0,\"publisher\":{\"@id\":\"https:\/\/elmawkie.dz\/fr\/#organization\"},\"image\":{\"@id\":\"https:\/\/elmawkie.dz\/fr\/le-conseil-de-la-nation-participe-a-la-4e-partie-de-la-session-ordinaire-de-lassemblee-parlementaire-apce\/#primaryimage\"},\"thumbnailUrl\":\"https:\/\/elmawkie.dz\/fr\/wp-content\/uploads\/2024\/09\/IMG_2635.jpeg\",\"keywords\":[\"Conseil de la Nation\",\"l'Assembl\u00e9e parlementaire du Conseil de l'Europe (APCE)\"],\"articleSection\":[\"National\"],\"inLanguage\":\"fr-FR\",\"potentialAction\":[{\"@type\":\"CommentAction\",\"name\":\"Comment\",\"target\":[\"https:\/\/elmawkie.dz\/fr\/le-conseil-de-la-nation-participe-a-la-4e-partie-de-la-session-ordinaire-de-lassemblee-parlementaire-apce\/#respond\"]}]},{\"@type\":\"WebPage\",\"@id\":\"https:\/\/elmawkie.dz\/fr\/le-conseil-de-la-nation-participe-a-la-4e-partie-de-la-session-ordinaire-de-lassemblee-parlementaire-apce\/\",\"url\":\"https:\/\/elmawkie.dz\/fr\/le-conseil-de-la-nation-participe-a-la-4e-partie-de-la-session-ordinaire-de-lassemblee-parlementaire-apce\/\",\"name\":\"Le Conseil de la nation participe \u00e0 la 4e partie de la session ordinaire de l'Assembl\u00e9e parlementaire APCE - El Mawkie\",\"isPartOf\":{\"@id\":\"https:\/\/elmawkie.dz\/fr\/#website\"},\"primaryImageOfPage\":{\"@id\":\"https:\/\/elmawkie.dz\/fr\/le-conseil-de-la-nation-participe-a-la-4e-partie-de-la-session-ordinaire-de-lassemblee-parlementaire-apce\/#primaryimage\"},\"image\":{\"@id\":\"https:\/\/elmawkie.dz\/fr\/le-conseil-de-la-nation-participe-a-la-4e-partie-de-la-session-ordinaire-de-lassemblee-parlementaire-apce\/#primaryimage\"},\"thumbnailUrl\":\"https:\/\/elmawkie.dz\/fr\/wp-content\/uploads\/2024\/09\/IMG_2635.jpeg\",\"datePublished\":\"2024-09-30T17:58:49+00:00\",\"dateModified\":\"2024-09-30T17:58:49+00:00\",\"breadcrumb\":{\"@id\":\"https:\/\/elmawkie.dz\/fr\/le-conseil-de-la-nation-participe-a-la-4e-partie-de-la-session-ordinaire-de-lassemblee-parlementaire-apce\/#breadcrumb\"},\"inLanguage\":\"fr-FR\",\"potentialAction\":[{\"@type\":\"ReadAction\",\"target\":[\"https:\/\/elmawkie.dz\/fr\/le-conseil-de-la-nation-participe-a-la-4e-partie-de-la-session-ordinaire-de-lassemblee-parlementaire-apce\/\"]}]},{\"@type\":\"ImageObject\",\"inLanguage\":\"fr-FR\",\"@id\":\"https:\/\/elmawkie.dz\/fr\/le-conseil-de-la-nation-participe-a-la-4e-partie-de-la-session-ordinaire-de-lassemblee-parlementaire-apce\/#primaryimage\",\"url\":\"https:\/\/elmawkie.dz\/fr\/wp-content\/uploads\/2024\/09\/IMG_2635.jpeg\",\"contentUrl\":\"https:\/\/elmawkie.dz\/fr\/wp-content\/uploads\/2024\/09\/IMG_2635.jpeg\",\"width\":1080,\"height\":720},{\"@type\":\"BreadcrumbList\",\"@id\":\"https:\/\/elmawkie.dz\/fr\/le-conseil-de-la-nation-participe-a-la-4e-partie-de-la-session-ordinaire-de-lassemblee-parlementaire-apce\/#breadcrumb\",\"itemListElement\":[{\"@type\":\"ListItem\",\"position\":1,\"name\":\"Home\",\"item\":\"https:\/\/elmawkie.dz\/fr\/\"},{\"@type\":\"ListItem\",\"position\":2,\"name\":\"Le Conseil de la nation participe \u00e0 la 4e partie de la session ordinaire de l&rsquo;Assembl\u00e9e parlementaire APCE\"}]},{\"@type\":\"WebSite\",\"@id\":\"https:\/\/elmawkie.dz\/fr\/#website\",\"url\":\"https:\/\/elmawkie.dz\/fr\/\",\"name\":\"EL MAWKIE\",\"description\":\"Journal \u00c9lectronique Alg\u00e9rien\",\"publisher\":{\"@id\":\"https:\/\/elmawkie.dz\/fr\/#organization\"},\"potentialAction\":[{\"@type\":\"SearchAction\",\"target\":{\"@type\":\"EntryPoint\",\"urlTemplate\":\"https:\/\/elmawkie.dz\/fr\/?s={search_term_string}\"},\"query-input\":\"required name=search_term_string\"}],\"inLanguage\":\"fr-FR\"},{\"@type\":\"Organization\",\"@id\":\"https:\/\/elmawkie.dz\/fr\/#organization\",\"name\":\"EL MAWKIE\",\"url\":\"https:\/\/elmawkie.dz\/fr\/\",\"logo\":{\"@type\":\"ImageObject\",\"inLanguage\":\"fr-FR\",\"@id\":\"https:\/\/elmawkie.dz\/fr\/#\/schema\/logo\/image\/\",\"url\":\"https:\/\/elmawkie.dz\/fr\/wp-content\/uploads\/2024\/05\/logo1.png\",\"contentUrl\":\"https:\/\/elmawkie.dz\/fr\/wp-content\/uploads\/2024\/05\/logo1.png\",\"width\":1648,\"height\":652,\"caption\":\"EL MAWKIE\"},\"image\":{\"@id\":\"https:\/\/elmawkie.dz\/fr\/#\/schema\/logo\/image\/\"},\"sameAs\":[\"https:\/\/www.facebook.com\/profile.php?id=100088407094989&locale=fr_FR\"]},{\"@type\":\"Person\",\"@id\":\"https:\/\/elmawkie.dz\/fr\/#\/schema\/person\/4ed8433201bc23634185d8dd37097c64\",\"name\":\"Hamra Fouzia\",\"image\":{\"@type\":\"ImageObject\",\"inLanguage\":\"fr-FR\",\"@id\":\"https:\/\/elmawkie.dz\/fr\/#\/schema\/person\/image\/\",\"url\":\"https:\/\/secure.gravatar.com\/avatar\/ea215268aad51f3219f9a59227db6fa1?s=96&d=mm&r=g\",\"contentUrl\":\"https:\/\/secure.gravatar.com\/avatar\/ea215268aad51f3219f9a59227db6fa1?s=96&d=mm&r=g\",\"caption\":\"Hamra Fouzia\"},\"sameAs\":[\"https:\/\/elmawkie.dz\/fr\"],\"url\":\"https:\/\/elmawkie.dz\/fr\/author\/elmawkie\/\"}]}<\/script>\n<!-- \/ Yoast SEO Premium plugin. -->","yoast_head_json":{"title":"Le Conseil de la nation participe \u00e0 la 4e partie de la session ordinaire de l'Assembl\u00e9e parlementaire APCE - El Mawkie","robots":{"index":"index","follow":"follow","max-snippet":"max-snippet:-1","max-image-preview":"max-image-preview:large","max-video-preview":"max-video-preview:-1"},"canonical":"https:\/\/elmawkie.dz\/fr\/le-conseil-de-la-nation-participe-a-la-4e-partie-de-la-session-ordinaire-de-lassemblee-parlementaire-apce\/","og_locale":"fr_FR","og_type":"article","og_title":"Le Conseil de la nation participe \u00e0 la 4e partie de la session ordinaire de l'Assembl\u00e9e parlementaire APCE","og_description":"Une d\u00e9l\u00e9gation du Conseil de la nation participera, \u00e0 partir de lundi, aux travaux de la 4e partie de la session ordinaire 2024 de l&rsquo;Assembl\u00e9e parlementaire du Conseil de l&rsquo;Europe (APCE), qui se tient \u00e0 Strasbourg (France) pr\u00e9vu du 30 au 4 octobre, indique un communiqu\u00e9 du Conseil.\u00a0 D\u2019apr\u00e8s la m\u00eame source, les participants aux &hellip;","og_url":"https:\/\/elmawkie.dz\/fr\/le-conseil-de-la-nation-participe-a-la-4e-partie-de-la-session-ordinaire-de-lassemblee-parlementaire-apce\/","og_site_name":"El Mawkie","article_publisher":"https:\/\/www.facebook.com\/profile.php?id=100088407094989&locale=fr_FR","article_published_time":"2024-09-30T17:58:49+00:00","og_image":[{"width":1080,"height":720,"url":"https:\/\/elmawkie.dz\/fr\/wp-content\/uploads\/2024\/09\/IMG_2635.jpeg","type":"image\/jpeg"}],"author":"Hamra Fouzia","twitter_card":"summary_large_image","twitter_misc":{"Written by":"Hamra Fouzia","Est. reading time":"1 minute"},"schema":{"@context":"https:\/\/schema.org","@graph":[{"@type":"Article","@id":"https:\/\/elmawkie.dz\/fr\/le-conseil-de-la-nation-participe-a-la-4e-partie-de-la-session-ordinaire-de-lassemblee-parlementaire-apce\/#article","isPartOf":{"@id":"https:\/\/elmawkie.dz\/fr\/le-conseil-de-la-nation-participe-a-la-4e-partie-de-la-session-ordinaire-de-lassemblee-parlementaire-apce\/"},"author":{"name":"Hamra Fouzia","@id":"https:\/\/elmawkie.dz\/fr\/#\/schema\/person\/4ed8433201bc23634185d8dd37097c64"},"headline":"Le Conseil de la nation participe \u00e0 la 4e partie de la session ordinaire de l&rsquo;Assembl\u00e9e parlementaire APCE","datePublished":"2024-09-30T17:58:49+00:00","dateModified":"2024-09-30T17:58:49+00:00","mainEntityOfPage":{"@id":"https:\/\/elmawkie.dz\/fr\/le-conseil-de-la-nation-participe-a-la-4e-partie-de-la-session-ordinaire-de-lassemblee-parlementaire-apce\/"},"wordCount":135,"commentCount":0,"publisher":{"@id":"https:\/\/elmawkie.dz\/fr\/#organization"},"image":{"@id":"https:\/\/elmawkie.dz\/fr\/le-conseil-de-la-nation-participe-a-la-4e-partie-de-la-session-ordinaire-de-lassemblee-parlementaire-apce\/#primaryimage"},"thumbnailUrl":"https:\/\/elmawkie.dz\/fr\/wp-content\/uploads\/2024\/09\/IMG_2635.jpeg","keywords":["Conseil de la Nation","l'Assembl\u00e9e parlementaire du Conseil de l'Europe (APCE)"],"articleSection":["National"],"inLanguage":"fr-FR","potentialAction":[{"@type":"CommentAction","name":"Comment","target":["https:\/\/elmawkie.dz\/fr\/le-conseil-de-la-nation-participe-a-la-4e-partie-de-la-session-ordinaire-de-lassemblee-parlementaire-apce\/#respond"]}]},{"@type":"WebPage","@id":"https:\/\/elmawkie.dz\/fr\/le-conseil-de-la-nation-participe-a-la-4e-partie-de-la-session-ordinaire-de-lassemblee-parlementaire-apce\/","url":"https:\/\/elmawkie.dz\/fr\/le-conseil-de-la-nation-participe-a-la-4e-partie-de-la-session-ordinaire-de-lassemblee-parlementaire-apce\/","name":"Le Conseil de la nation participe \u00e0 la 4e partie de la session ordinaire de l'Assembl\u00e9e parlementaire APCE - El Mawkie","isPartOf":{"@id":"https:\/\/elmawkie.dz\/fr\/#website"},"primaryImageOfPage":{"@id":"https:\/\/elmawkie.dz\/fr\/le-conseil-de-la-nation-participe-a-la-4e-partie-de-la-session-ordinaire-de-lassemblee-parlementaire-apce\/#primaryimage"},"image":{"@id":"https:\/\/elmawkie.dz\/fr\/le-conseil-de-la-nation-participe-a-la-4e-partie-de-la-session-ordinaire-de-lassemblee-parlementaire-apce\/#primaryimage"},"thumbnailUrl":"https:\/\/elmawkie.dz\/fr\/wp-content\/uploads\/2024\/09\/IMG_2635.jpeg","datePublished":"2024-09-30T17:58:49+00:00","dateModified":"2024-09-30T17:58:49+00:00","breadcrumb":{"@id":"https:\/\/elmawkie.dz\/fr\/le-conseil-de-la-nation-participe-a-la-4e-partie-de-la-session-ordinaire-de-lassemblee-parlementaire-apce\/#breadcrumb"},"inLanguage":"fr-FR","potentialAction":[{"@type":"ReadAction","target":["https:\/\/elmawkie.dz\/fr\/le-conseil-de-la-nation-participe-a-la-4e-partie-de-la-session-ordinaire-de-lassemblee-parlementaire-apce\/"]}]},{"@type":"ImageObject","inLanguage":"fr-FR","@id":"https:\/\/elmawkie.dz\/fr\/le-conseil-de-la-nation-participe-a-la-4e-partie-de-la-session-ordinaire-de-lassemblee-parlementaire-apce\/#primaryimage","url":"https:\/\/elmawkie.dz\/fr\/wp-content\/uploads\/2024\/09\/IMG_2635.jpeg","contentUrl":"https:\/\/elmawkie.dz\/fr\/wp-content\/uploads\/2024\/09\/IMG_2635.jpeg","width":1080,"height":720},{"@type":"BreadcrumbList","@id":"https:\/\/elmawkie.dz\/fr\/le-conseil-de-la-nation-participe-a-la-4e-partie-de-la-session-ordinaire-de-lassemblee-parlementaire-apce\/#breadcrumb","itemListElement":[{"@type":"ListItem","position":1,"name":"Home","item":"https:\/\/elmawkie.dz\/fr\/"},{"@type":"ListItem","position":2,"name":"Le Conseil de la nation participe \u00e0 la 4e partie de la session ordinaire de l&rsquo;Assembl\u00e9e parlementaire APCE"}]},{"@type":"WebSite","@id":"https:\/\/elmawkie.dz\/fr\/#website","url":"https:\/\/elmawkie.dz\/fr\/","name":"EL MAWKIE","description":"Journal \u00c9lectronique Alg\u00e9rien","publisher":{"@id":"https:\/\/elmawkie.dz\/fr\/#organization"},"potentialAction":[{"@type":"SearchAction","target":{"@type":"EntryPoint","urlTemplate":"https:\/\/elmawkie.dz\/fr\/?s={search_term_string}"},"query-input":"required name=search_term_string"}],"inLanguage":"fr-FR"},{"@type":"Organization","@id":"https:\/\/elmawkie.dz\/fr\/#organization","name":"EL MAWKIE","url":"https:\/\/elmawkie.dz\/fr\/","logo":{"@type":"ImageObject","inLanguage":"fr-FR","@id":"https:\/\/elmawkie.dz\/fr\/#\/schema\/logo\/image\/","url":"https:\/\/elmawkie.dz\/fr\/wp-content\/uploads\/2024\/05\/logo1.png","contentUrl":"https:\/\/elmawkie.dz\/fr\/wp-content\/uploads\/2024\/05\/logo1.png","width":1648,"height":652,"caption":"EL MAWKIE"},"image":{"@id":"https:\/\/elmawkie.dz\/fr\/#\/schema\/logo\/image\/"},"sameAs":["https:\/\/www.facebook.com\/profile.php?id=100088407094989&locale=fr_FR"]},{"@type":"Person","@id":"https:\/\/elmawkie.dz\/fr\/#\/schema\/person\/4ed8433201bc23634185d8dd37097c64","name":"Hamra Fouzia","image":{"@type":"ImageObject","inLanguage":"fr-FR","@id":"https:\/\/elmawkie.dz\/fr\/#\/schema\/person\/image\/","url":"https:\/\/secure.gravatar.com\/avatar\/ea215268aad51f3219f9a59227db6fa1?s=96&d=mm&r=g","contentUrl":"https:\/\/secure.gravatar.com\/avatar\/ea215268aad51f3219f9a59227db6fa1?s=96&d=mm&r=g","caption":"Hamra Fouzia"},"sameAs":["https:\/\/elmawkie.dz\/fr"],"url":"https:\/\/elmawkie.dz\/fr\/author\/elmawkie\/"}]}},"_links":{"self":[{"href":"https:\/\/elmawkie.dz\/fr\/wp-json\/wp\/v2\/posts\/5292","targetHints":{"allow":["GET"]}}],"collection":[{"href":"https:\/\/elmawkie.dz\/fr\/wp-json\/wp\/v2\/posts"}],"about":[{"href":"https:\/\/elmawkie.dz\/fr\/wp-json\/wp\/v2\/types\/post"}],"author":[{"embeddable":true,"href":"https:\/\/elmawkie.dz\/fr\/wp-json\/wp\/v2\/users\/3"}],"replies":[{"embeddable":true,"href":"https:\/\/elmawkie.dz\/fr\/wp-json\/wp\/v2\/comments?post=5292"}],"version-history":[{"count":0,"href":"https:\/\/elmawkie.dz\/fr\/wp-json\/wp\/v2\/posts\/5292\/revisions"}],"wp:featuredmedia":[{"embeddable":true,"href":"https:\/\/elmawkie.dz\/fr\/wp-json\/wp\/v2\/media\/5293"}],"wp:attachment":[{"href":"https:\/\/elmawkie.dz\/fr\/wp-json\/wp\/v2\/media?parent=5292"}],"wp:term":[{"taxonomy":"category","embeddable":true,"href":"https:\/\/elmawkie.dz\/fr\/wp-json\/wp\/v2\/categories?post=5292"},{"taxonomy":"post_tag","embeddable":true,"href":"https:\/\/elmawkie.dz\/fr\/wp-json\/wp\/v2\/tags?post=5292"}],"curies":[{"name":"wp","href":"https:\/\/api.w.org\/{rel}","templated":true}]}}