{"id":5289,"date":"2024-09-30T14:52:32","date_gmt":"2024-09-30T13:52:32","guid":{"rendered":"https:\/\/elmawkie.dz\/fr\/?p=5289"},"modified":"2024-09-30T14:52:32","modified_gmt":"2024-09-30T13:52:32","slug":"el-bayadh-prevision-de-recolte-de-260-000-quintaux-de-pomme-de-terre","status":"publish","type":"post","link":"https:\/\/elmawkie.dz\/fr\/el-bayadh-prevision-de-recolte-de-260-000-quintaux-de-pomme-de-terre\/","title":{"rendered":"El Bayadh : Pr\u00e9vision de r\u00e9colte de 260.000 quintaux de pomme de terre"},"content":{"rendered":"<p><em>Une production pr\u00e9visionnelle de plus de 260.000 quintaux de pomme de terre de saison est attendue dans la wilaya d\u2019El Bayadh, \u00e0 l\u2019issue de la campagne de r\u00e9colte de ce produit agricole, entam\u00e9e derni\u00e8rement, a-t-on appris aupr\u00e8s de la direction locale des Services agricoles (DSA). La m\u00eame source a pr\u00e9cis\u00e9 que la r\u00e9colte de ce tubercule cible une superficie de plus de 900 hectares r\u00e9partis sur plusieurs communes, rappelant que le volume de production de ce produit agricole de large consommation engrang\u00e9e durant l\u2019ann\u00e9e \u00e9coul\u00e9e a atteint plus 300.000 quintaux sur une superficie globale de quelque 920 hectares. La fili\u00e8re de la pomme de terre connait dans cette collectivit\u00e9 locale des Hauts-plateaux, au fil des ann\u00e9es, des r\u00e9sultats encourageants, sachant que la r\u00e9gion attire de plus en plus de professionnels de cette activit\u00e9 agricole, eu \u00e9gard notamment \u00e0 la nature du climat de la r\u00e9gion, dont les caract\u00e9ristiques favorisent des taux de rendement \u00e9lev\u00e9s et un produit de bonne qualit\u00e9, souligne-t-on. Par ailleurs, les mesures incitatives mises en \u0153uvre par l\u2019Etat au profit des agriculteurs, notamment celles inh\u00e9rentes \u00e0 l\u2019irrigation agricole et l\u2019extension des superficies r\u00e9serv\u00e9es \u00e0 la production de ce produit agricole, outre le lancement par les pouvoirs publics locaux de plusieurs projets de d\u00e9veloppement au profit du secteur de l\u2019Agriculture, \u00e0 l\u2019instar du raccordement des exploitations agricoles au r\u00e9seau d\u2019\u00e9lectricit\u00e9 et l\u2019ouverture de pistes, sont \u00e9galement des facteurs \u00e0 l\u2019origine du regain de vitalit\u00e9 de cette fili\u00e8re. La direction des Services agricoles de cette wilaya \u0153uvre, d\u2019autre part, \u00e0 accompagner les professionnels de la fili\u00e8re, notamment dans les domaines de la vulgarisation agricole et les diff\u00e9rentes formules et mesures d\u2019aide au d\u00e9veloppement de ce cr\u00e9neau d\u2019activit\u00e9s propos\u00e9es et mises en \u0153uvre par l\u2019Etat \u00e0 leur profit, a fait savoir la m\u00eame source.Aps<\/em><\/p>\n","protected":false},"excerpt":{"rendered":"<p>Une production pr\u00e9visionnelle de plus de 260.000 quintaux de pomme de terre de saison est attendue dans la wilaya d\u2019El Bayadh, \u00e0 l\u2019issue de la campagne de r\u00e9colte de ce produit agricole, entam\u00e9e derni\u00e8rement, a-t-on appris aupr\u00e8s de la direction locale des Services agricoles (DSA). La m\u00eame source a pr\u00e9cis\u00e9 que la r\u00e9colte de ce &hellip;<\/p>\n","protected":false},"author":3,"featured_media":5290,"comment_status":"open","ping_status":"open","sticky":false,"template":"","format":"standard","meta":{"footnotes":""},"categories":[50],"tags":[779,780,781],"class_list":["post-5289","post","type-post","status-publish","format-standard","has-post-thumbnail","hentry","category-region","tag-el-bayadh","tag-pomme-de-terre","tag-prevision-de-recolte"],"yoast_head":"<!-- This site is optimized with the Yoast SEO Premium plugin v22.6 (Yoast SEO v22.6) - https:\/\/yoast.com\/wordpress\/plugins\/seo\/ -->\n<title>El Bayadh : Pr\u00e9vision de r\u00e9colte de 260.000 quintaux de pomme de terre - El Mawkie<\/title>\n<meta name=\"robots\" content=\"index, follow, max-snippet:-1, max-image-preview:large, max-video-preview:-1\" \/>\n<link rel=\"canonical\" href=\"https:\/\/elmawkie.dz\/fr\/el-bayadh-prevision-de-recolte-de-260-000-quintaux-de-pomme-de-terre\/\" \/>\n<meta property=\"og:locale\" content=\"fr_FR\" \/>\n<meta property=\"og:type\" content=\"article\" \/>\n<meta property=\"og:title\" content=\"El Bayadh : Pr\u00e9vision de r\u00e9colte de 260.000 quintaux de pomme de terre\" \/>\n<meta property=\"og:description\" content=\"Une production pr\u00e9visionnelle de plus de 260.000 quintaux de pomme de terre de saison est attendue dans la wilaya d\u2019El Bayadh, \u00e0 l\u2019issue de la campagne de r\u00e9colte de ce produit agricole, entam\u00e9e derni\u00e8rement, a-t-on appris aupr\u00e8s de la direction locale des Services agricoles (DSA). La m\u00eame source a pr\u00e9cis\u00e9 que la r\u00e9colte de ce &hellip;\" \/>\n<meta property=\"og:url\" content=\"https:\/\/elmawkie.dz\/fr\/el-bayadh-prevision-de-recolte-de-260-000-quintaux-de-pomme-de-terre\/\" \/>\n<meta property=\"og:site_name\" content=\"El Mawkie\" \/>\n<meta property=\"article:publisher\" content=\"https:\/\/www.facebook.com\/profile.php?id=100088407094989&amp;locale=fr_FR\" \/>\n<meta property=\"article:published_time\" content=\"2024-09-30T13:52:32+00:00\" \/>\n<meta property=\"og:image\" content=\"https:\/\/elmawkie.dz\/fr\/wp-content\/uploads\/2024\/09\/IMG_2624.jpeg\" \/>\n\t<meta property=\"og:image:width\" content=\"259\" \/>\n\t<meta property=\"og:image:height\" content=\"194\" \/>\n\t<meta property=\"og:image:type\" content=\"image\/jpeg\" \/>\n<meta name=\"author\" content=\"Hamra Fouzia\" \/>\n<meta name=\"twitter:card\" content=\"summary_large_image\" \/>\n<meta name=\"twitter:label1\" content=\"Written by\" \/>\n\t<meta name=\"twitter:data1\" content=\"Hamra Fouzia\" \/>\n\t<meta name=\"twitter:label2\" content=\"Est. reading time\" \/>\n\t<meta name=\"twitter:data2\" content=\"2 minutes\" \/>\n<script type=\"application\/ld+json\" class=\"yoast-schema-graph\">{\"@context\":\"https:\/\/schema.org\",\"@graph\":[{\"@type\":\"Article\",\"@id\":\"https:\/\/elmawkie.dz\/fr\/el-bayadh-prevision-de-recolte-de-260-000-quintaux-de-pomme-de-terre\/#article\",\"isPartOf\":{\"@id\":\"https:\/\/elmawkie.dz\/fr\/el-bayadh-prevision-de-recolte-de-260-000-quintaux-de-pomme-de-terre\/\"},\"author\":{\"name\":\"Hamra Fouzia\",\"@id\":\"https:\/\/elmawkie.dz\/fr\/#\/schema\/person\/4ed8433201bc23634185d8dd37097c64\"},\"headline\":\"El Bayadh : Pr\u00e9vision de r\u00e9colte de 260.000 quintaux de pomme de terre\",\"datePublished\":\"2024-09-30T13:52:32+00:00\",\"dateModified\":\"2024-09-30T13:52:32+00:00\",\"mainEntityOfPage\":{\"@id\":\"https:\/\/elmawkie.dz\/fr\/el-bayadh-prevision-de-recolte-de-260-000-quintaux-de-pomme-de-terre\/\"},\"wordCount\":343,\"commentCount\":0,\"publisher\":{\"@id\":\"https:\/\/elmawkie.dz\/fr\/#organization\"},\"image\":{\"@id\":\"https:\/\/elmawkie.dz\/fr\/el-bayadh-prevision-de-recolte-de-260-000-quintaux-de-pomme-de-terre\/#primaryimage\"},\"thumbnailUrl\":\"https:\/\/elmawkie.dz\/fr\/wp-content\/uploads\/2024\/09\/IMG_2624.jpeg\",\"keywords\":[\"El Bayadh\",\"pomme de terre\",\"Pr\u00e9vision de r\u00e9colte\"],\"articleSection\":[\"R\u00e9gion\"],\"inLanguage\":\"fr-FR\",\"potentialAction\":[{\"@type\":\"CommentAction\",\"name\":\"Comment\",\"target\":[\"https:\/\/elmawkie.dz\/fr\/el-bayadh-prevision-de-recolte-de-260-000-quintaux-de-pomme-de-terre\/#respond\"]}]},{\"@type\":\"WebPage\",\"@id\":\"https:\/\/elmawkie.dz\/fr\/el-bayadh-prevision-de-recolte-de-260-000-quintaux-de-pomme-de-terre\/\",\"url\":\"https:\/\/elmawkie.dz\/fr\/el-bayadh-prevision-de-recolte-de-260-000-quintaux-de-pomme-de-terre\/\",\"name\":\"El Bayadh : Pr\u00e9vision de r\u00e9colte de 260.000 quintaux de pomme de terre - El Mawkie\",\"isPartOf\":{\"@id\":\"https:\/\/elmawkie.dz\/fr\/#website\"},\"primaryImageOfPage\":{\"@id\":\"https:\/\/elmawkie.dz\/fr\/el-bayadh-prevision-de-recolte-de-260-000-quintaux-de-pomme-de-terre\/#primaryimage\"},\"image\":{\"@id\":\"https:\/\/elmawkie.dz\/fr\/el-bayadh-prevision-de-recolte-de-260-000-quintaux-de-pomme-de-terre\/#primaryimage\"},\"thumbnailUrl\":\"https:\/\/elmawkie.dz\/fr\/wp-content\/uploads\/2024\/09\/IMG_2624.jpeg\",\"datePublished\":\"2024-09-30T13:52:32+00:00\",\"dateModified\":\"2024-09-30T13:52:32+00:00\",\"breadcrumb\":{\"@id\":\"https:\/\/elmawkie.dz\/fr\/el-bayadh-prevision-de-recolte-de-260-000-quintaux-de-pomme-de-terre\/#breadcrumb\"},\"inLanguage\":\"fr-FR\",\"potentialAction\":[{\"@type\":\"ReadAction\",\"target\":[\"https:\/\/elmawkie.dz\/fr\/el-bayadh-prevision-de-recolte-de-260-000-quintaux-de-pomme-de-terre\/\"]}]},{\"@type\":\"ImageObject\",\"inLanguage\":\"fr-FR\",\"@id\":\"https:\/\/elmawkie.dz\/fr\/el-bayadh-prevision-de-recolte-de-260-000-quintaux-de-pomme-de-terre\/#primaryimage\",\"url\":\"https:\/\/elmawkie.dz\/fr\/wp-content\/uploads\/2024\/09\/IMG_2624.jpeg\",\"contentUrl\":\"https:\/\/elmawkie.dz\/fr\/wp-content\/uploads\/2024\/09\/IMG_2624.jpeg\",\"width\":259,\"height\":194},{\"@type\":\"BreadcrumbList\",\"@id\":\"https:\/\/elmawkie.dz\/fr\/el-bayadh-prevision-de-recolte-de-260-000-quintaux-de-pomme-de-terre\/#breadcrumb\",\"itemListElement\":[{\"@type\":\"ListItem\",\"position\":1,\"name\":\"Home\",\"item\":\"https:\/\/elmawkie.dz\/fr\/\"},{\"@type\":\"ListItem\",\"position\":2,\"name\":\"El Bayadh : Pr\u00e9vision de r\u00e9colte de 260.000 quintaux de pomme de terre\"}]},{\"@type\":\"WebSite\",\"@id\":\"https:\/\/elmawkie.dz\/fr\/#website\",\"url\":\"https:\/\/elmawkie.dz\/fr\/\",\"name\":\"EL MAWKIE\",\"description\":\"Journal \u00c9lectronique Alg\u00e9rien\",\"publisher\":{\"@id\":\"https:\/\/elmawkie.dz\/fr\/#organization\"},\"potentialAction\":[{\"@type\":\"SearchAction\",\"target\":{\"@type\":\"EntryPoint\",\"urlTemplate\":\"https:\/\/elmawkie.dz\/fr\/?s={search_term_string}\"},\"query-input\":\"required name=search_term_string\"}],\"inLanguage\":\"fr-FR\"},{\"@type\":\"Organization\",\"@id\":\"https:\/\/elmawkie.dz\/fr\/#organization\",\"name\":\"EL MAWKIE\",\"url\":\"https:\/\/elmawkie.dz\/fr\/\",\"logo\":{\"@type\":\"ImageObject\",\"inLanguage\":\"fr-FR\",\"@id\":\"https:\/\/elmawkie.dz\/fr\/#\/schema\/logo\/image\/\",\"url\":\"https:\/\/elmawkie.dz\/fr\/wp-content\/uploads\/2024\/05\/logo1.png\",\"contentUrl\":\"https:\/\/elmawkie.dz\/fr\/wp-content\/uploads\/2024\/05\/logo1.png\",\"width\":1648,\"height\":652,\"caption\":\"EL MAWKIE\"},\"image\":{\"@id\":\"https:\/\/elmawkie.dz\/fr\/#\/schema\/logo\/image\/\"},\"sameAs\":[\"https:\/\/www.facebook.com\/profile.php?id=100088407094989&locale=fr_FR\"]},{\"@type\":\"Person\",\"@id\":\"https:\/\/elmawkie.dz\/fr\/#\/schema\/person\/4ed8433201bc23634185d8dd37097c64\",\"name\":\"Hamra Fouzia\",\"image\":{\"@type\":\"ImageObject\",\"inLanguage\":\"fr-FR\",\"@id\":\"https:\/\/elmawkie.dz\/fr\/#\/schema\/person\/image\/\",\"url\":\"https:\/\/secure.gravatar.com\/avatar\/ea215268aad51f3219f9a59227db6fa1?s=96&d=mm&r=g\",\"contentUrl\":\"https:\/\/secure.gravatar.com\/avatar\/ea215268aad51f3219f9a59227db6fa1?s=96&d=mm&r=g\",\"caption\":\"Hamra Fouzia\"},\"sameAs\":[\"https:\/\/elmawkie.dz\/fr\"],\"url\":\"https:\/\/elmawkie.dz\/fr\/author\/elmawkie\/\"}]}<\/script>\n<!-- \/ Yoast SEO Premium plugin. -->","yoast_head_json":{"title":"El Bayadh : Pr\u00e9vision de r\u00e9colte de 260.000 quintaux de pomme de terre - El Mawkie","robots":{"index":"index","follow":"follow","max-snippet":"max-snippet:-1","max-image-preview":"max-image-preview:large","max-video-preview":"max-video-preview:-1"},"canonical":"https:\/\/elmawkie.dz\/fr\/el-bayadh-prevision-de-recolte-de-260-000-quintaux-de-pomme-de-terre\/","og_locale":"fr_FR","og_type":"article","og_title":"El Bayadh : Pr\u00e9vision de r\u00e9colte de 260.000 quintaux de pomme de terre","og_description":"Une production pr\u00e9visionnelle de plus de 260.000 quintaux de pomme de terre de saison est attendue dans la wilaya d\u2019El Bayadh, \u00e0 l\u2019issue de la campagne de r\u00e9colte de ce produit agricole, entam\u00e9e derni\u00e8rement, a-t-on appris aupr\u00e8s de la direction locale des Services agricoles (DSA). La m\u00eame source a pr\u00e9cis\u00e9 que la r\u00e9colte de ce &hellip;","og_url":"https:\/\/elmawkie.dz\/fr\/el-bayadh-prevision-de-recolte-de-260-000-quintaux-de-pomme-de-terre\/","og_site_name":"El Mawkie","article_publisher":"https:\/\/www.facebook.com\/profile.php?id=100088407094989&locale=fr_FR","article_published_time":"2024-09-30T13:52:32+00:00","og_image":[{"width":259,"height":194,"url":"https:\/\/elmawkie.dz\/fr\/wp-content\/uploads\/2024\/09\/IMG_2624.jpeg","type":"image\/jpeg"}],"author":"Hamra Fouzia","twitter_card":"summary_large_image","twitter_misc":{"Written by":"Hamra Fouzia","Est. reading time":"2 minutes"},"schema":{"@context":"https:\/\/schema.org","@graph":[{"@type":"Article","@id":"https:\/\/elmawkie.dz\/fr\/el-bayadh-prevision-de-recolte-de-260-000-quintaux-de-pomme-de-terre\/#article","isPartOf":{"@id":"https:\/\/elmawkie.dz\/fr\/el-bayadh-prevision-de-recolte-de-260-000-quintaux-de-pomme-de-terre\/"},"author":{"name":"Hamra Fouzia","@id":"https:\/\/elmawkie.dz\/fr\/#\/schema\/person\/4ed8433201bc23634185d8dd37097c64"},"headline":"El Bayadh : Pr\u00e9vision de r\u00e9colte de 260.000 quintaux de pomme de terre","datePublished":"2024-09-30T13:52:32+00:00","dateModified":"2024-09-30T13:52:32+00:00","mainEntityOfPage":{"@id":"https:\/\/elmawkie.dz\/fr\/el-bayadh-prevision-de-recolte-de-260-000-quintaux-de-pomme-de-terre\/"},"wordCount":343,"commentCount":0,"publisher":{"@id":"https:\/\/elmawkie.dz\/fr\/#organization"},"image":{"@id":"https:\/\/elmawkie.dz\/fr\/el-bayadh-prevision-de-recolte-de-260-000-quintaux-de-pomme-de-terre\/#primaryimage"},"thumbnailUrl":"https:\/\/elmawkie.dz\/fr\/wp-content\/uploads\/2024\/09\/IMG_2624.jpeg","keywords":["El Bayadh","pomme de terre","Pr\u00e9vision de r\u00e9colte"],"articleSection":["R\u00e9gion"],"inLanguage":"fr-FR","potentialAction":[{"@type":"CommentAction","name":"Comment","target":["https:\/\/elmawkie.dz\/fr\/el-bayadh-prevision-de-recolte-de-260-000-quintaux-de-pomme-de-terre\/#respond"]}]},{"@type":"WebPage","@id":"https:\/\/elmawkie.dz\/fr\/el-bayadh-prevision-de-recolte-de-260-000-quintaux-de-pomme-de-terre\/","url":"https:\/\/elmawkie.dz\/fr\/el-bayadh-prevision-de-recolte-de-260-000-quintaux-de-pomme-de-terre\/","name":"El Bayadh : Pr\u00e9vision de r\u00e9colte de 260.000 quintaux de pomme de terre - El Mawkie","isPartOf":{"@id":"https:\/\/elmawkie.dz\/fr\/#website"},"primaryImageOfPage":{"@id":"https:\/\/elmawkie.dz\/fr\/el-bayadh-prevision-de-recolte-de-260-000-quintaux-de-pomme-de-terre\/#primaryimage"},"image":{"@id":"https:\/\/elmawkie.dz\/fr\/el-bayadh-prevision-de-recolte-de-260-000-quintaux-de-pomme-de-terre\/#primaryimage"},"thumbnailUrl":"https:\/\/elmawkie.dz\/fr\/wp-content\/uploads\/2024\/09\/IMG_2624.jpeg","datePublished":"2024-09-30T13:52:32+00:00","dateModified":"2024-09-30T13:52:32+00:00","breadcrumb":{"@id":"https:\/\/elmawkie.dz\/fr\/el-bayadh-prevision-de-recolte-de-260-000-quintaux-de-pomme-de-terre\/#breadcrumb"},"inLanguage":"fr-FR","potentialAction":[{"@type":"ReadAction","target":["https:\/\/elmawkie.dz\/fr\/el-bayadh-prevision-de-recolte-de-260-000-quintaux-de-pomme-de-terre\/"]}]},{"@type":"ImageObject","inLanguage":"fr-FR","@id":"https:\/\/elmawkie.dz\/fr\/el-bayadh-prevision-de-recolte-de-260-000-quintaux-de-pomme-de-terre\/#primaryimage","url":"https:\/\/elmawkie.dz\/fr\/wp-content\/uploads\/2024\/09\/IMG_2624.jpeg","contentUrl":"https:\/\/elmawkie.dz\/fr\/wp-content\/uploads\/2024\/09\/IMG_2624.jpeg","width":259,"height":194},{"@type":"BreadcrumbList","@id":"https:\/\/elmawkie.dz\/fr\/el-bayadh-prevision-de-recolte-de-260-000-quintaux-de-pomme-de-terre\/#breadcrumb","itemListElement":[{"@type":"ListItem","position":1,"name":"Home","item":"https:\/\/elmawkie.dz\/fr\/"},{"@type":"ListItem","position":2,"name":"El Bayadh : Pr\u00e9vision de r\u00e9colte de 260.000 quintaux de pomme de terre"}]},{"@type":"WebSite","@id":"https:\/\/elmawkie.dz\/fr\/#website","url":"https:\/\/elmawkie.dz\/fr\/","name":"EL MAWKIE","description":"Journal \u00c9lectronique Alg\u00e9rien","publisher":{"@id":"https:\/\/elmawkie.dz\/fr\/#organization"},"potentialAction":[{"@type":"SearchAction","target":{"@type":"EntryPoint","urlTemplate":"https:\/\/elmawkie.dz\/fr\/?s={search_term_string}"},"query-input":"required name=search_term_string"}],"inLanguage":"fr-FR"},{"@type":"Organization","@id":"https:\/\/elmawkie.dz\/fr\/#organization","name":"EL MAWKIE","url":"https:\/\/elmawkie.dz\/fr\/","logo":{"@type":"ImageObject","inLanguage":"fr-FR","@id":"https:\/\/elmawkie.dz\/fr\/#\/schema\/logo\/image\/","url":"https:\/\/elmawkie.dz\/fr\/wp-content\/uploads\/2024\/05\/logo1.png","contentUrl":"https:\/\/elmawkie.dz\/fr\/wp-content\/uploads\/2024\/05\/logo1.png","width":1648,"height":652,"caption":"EL MAWKIE"},"image":{"@id":"https:\/\/elmawkie.dz\/fr\/#\/schema\/logo\/image\/"},"sameAs":["https:\/\/www.facebook.com\/profile.php?id=100088407094989&locale=fr_FR"]},{"@type":"Person","@id":"https:\/\/elmawkie.dz\/fr\/#\/schema\/person\/4ed8433201bc23634185d8dd37097c64","name":"Hamra Fouzia","image":{"@type":"ImageObject","inLanguage":"fr-FR","@id":"https:\/\/elmawkie.dz\/fr\/#\/schema\/person\/image\/","url":"https:\/\/secure.gravatar.com\/avatar\/ea215268aad51f3219f9a59227db6fa1?s=96&d=mm&r=g","contentUrl":"https:\/\/secure.gravatar.com\/avatar\/ea215268aad51f3219f9a59227db6fa1?s=96&d=mm&r=g","caption":"Hamra Fouzia"},"sameAs":["https:\/\/elmawkie.dz\/fr"],"url":"https:\/\/elmawkie.dz\/fr\/author\/elmawkie\/"}]}},"_links":{"self":[{"href":"https:\/\/elmawkie.dz\/fr\/wp-json\/wp\/v2\/posts\/5289","targetHints":{"allow":["GET"]}}],"collection":[{"href":"https:\/\/elmawkie.dz\/fr\/wp-json\/wp\/v2\/posts"}],"about":[{"href":"https:\/\/elmawkie.dz\/fr\/wp-json\/wp\/v2\/types\/post"}],"author":[{"embeddable":true,"href":"https:\/\/elmawkie.dz\/fr\/wp-json\/wp\/v2\/users\/3"}],"replies":[{"embeddable":true,"href":"https:\/\/elmawkie.dz\/fr\/wp-json\/wp\/v2\/comments?post=5289"}],"version-history":[{"count":0,"href":"https:\/\/elmawkie.dz\/fr\/wp-json\/wp\/v2\/posts\/5289\/revisions"}],"wp:featuredmedia":[{"embeddable":true,"href":"https:\/\/elmawkie.dz\/fr\/wp-json\/wp\/v2\/media\/5290"}],"wp:attachment":[{"href":"https:\/\/elmawkie.dz\/fr\/wp-json\/wp\/v2\/media?parent=5289"}],"wp:term":[{"taxonomy":"category","embeddable":true,"href":"https:\/\/elmawkie.dz\/fr\/wp-json\/wp\/v2\/categories?post=5289"},{"taxonomy":"post_tag","embeddable":true,"href":"https:\/\/elmawkie.dz\/fr\/wp-json\/wp\/v2\/tags?post=5289"}],"curies":[{"name":"wp","href":"https:\/\/api.w.org\/{rel}","templated":true}]}}