{"id":5285,"date":"2024-09-30T14:46:18","date_gmt":"2024-09-30T13:46:18","guid":{"rendered":"https:\/\/elmawkie.dz\/fr\/?p=5285"},"modified":"2024-09-30T14:46:54","modified_gmt":"2024-09-30T13:46:54","slug":"formation-professionnel-a-bechar-plus-de-4000-postes-de-formation-pour-la-session-dotcobre","status":"publish","type":"post","link":"https:\/\/elmawkie.dz\/fr\/formation-professionnel-a-bechar-plus-de-4000-postes-de-formation-pour-la-session-dotcobre\/","title":{"rendered":"formation professionnel \u00e0 B\u00e9char : 4000 postes de formation pour la session d\u2019Otcobre"},"content":{"rendered":"<p><em>Pas moins de 4.000 nouvelles places p\u00e9dagogiques sont offertes pour la prochaine rentr\u00e9e de la formation professionnelle (session d\u2019octobre) dans la wilaya de B\u00e9char, ont indiqu\u00e9 lundi des responsables du secteur. Le secteur offre ces places p\u00e9dagogiques pour la formation et l\u2019enseignement professionnels dans 115 sp\u00e9cialit\u00e9s ayant un lien avec les besoins de la wilaya en main d\u2019\u0153uvre qualifi\u00e9e, a affirm\u00e9 le responsable du service de formation, Abdellah Chafi, lors de l\u2019animation d\u2019une campagne d\u2019information sur le secteur, organis\u00e9e \u00e0 la place de la R\u00e9publique, au centre-ville de B\u00e9char. Cette campagne, devant s\u2019\u00e9taler sur plusieurs jours \u00e0 travers diff\u00e9rentes communes de la wilaya, vise \u00e0 faire connaitre aux jeunes les diff\u00e9rentes sp\u00e9cialit\u00e9s de formation offertes par le secteur \u00e0 ses trois (3) instituts nationaux sp\u00e9cialis\u00e9s de la formation professionnelle, neuf (9) centres de formation professionnelle et d\u2019apprentissage, sept (7) \u00e9tablissements de formation priv\u00e9s et un institut national de formation et d\u2019enseignement professionnels \u00e0 distance, a-t-il expliqu\u00e9. Le secteur de la formation et de l\u2019enseignement professionnels sera prochainement renforc\u00e9 dans la wilaya par la r\u00e9alisation \u00e0 Abadla d\u2019un institut national sup\u00e9rieur de formation professionnelle (INSFP) d\u00e9di\u00e9 \u00e0 la formation dans les techniques de l\u2019agroalimentaire, a ajout\u00e9 M. Chafi. La r\u00e9alisation et l\u2019\u00e9quipement de cet INSFP, d\u2019une capacit\u00e9 de 500 places p\u00e9dagogiques, vise \u00e0 rapprocher les futurs stagiaires de l\u2019environnement agricole de la plaine d\u2019Abadla (5.400 ha), ainsi que de structures agricoles telle la ferme de d\u00e9monstration et de production de semences de l&rsquo;Institut technique de d\u00e9veloppement de l&rsquo;agronomie saharienne (FDPS- ITDAS), a fait savoir le m\u00eame responsable.Aps<\/em><\/p>\n","protected":false},"excerpt":{"rendered":"<p>Pas moins de 4.000 nouvelles places p\u00e9dagogiques sont offertes pour la prochaine rentr\u00e9e de la formation professionnelle (session d\u2019octobre) dans la wilaya de B\u00e9char, ont indiqu\u00e9 lundi des responsables du secteur. Le secteur offre ces places p\u00e9dagogiques pour la formation et l\u2019enseignement professionnels dans 115 sp\u00e9cialit\u00e9s ayant un lien avec les besoins de la wilaya &hellip;<\/p>\n","protected":false},"author":3,"featured_media":5286,"comment_status":"open","ping_status":"open","sticky":false,"template":"","format":"standard","meta":{"footnotes":""},"categories":[50],"tags":[561,778],"class_list":["post-5285","post","type-post","status-publish","format-standard","has-post-thumbnail","hentry","category-region","tag-bechar","tag-formation-professionnel"],"yoast_head":"<!-- This site is optimized with the Yoast SEO Premium plugin v22.6 (Yoast SEO v22.6) - https:\/\/yoast.com\/wordpress\/plugins\/seo\/ -->\n<title>formation professionnel \u00e0 B\u00e9char : 4000 postes de formation pour la session d\u2019Otcobre - El Mawkie<\/title>\n<meta name=\"robots\" content=\"index, follow, max-snippet:-1, max-image-preview:large, max-video-preview:-1\" \/>\n<link rel=\"canonical\" href=\"https:\/\/elmawkie.dz\/fr\/formation-professionnel-a-bechar-plus-de-4000-postes-de-formation-pour-la-session-dotcobre\/\" \/>\n<meta property=\"og:locale\" content=\"fr_FR\" \/>\n<meta property=\"og:type\" content=\"article\" \/>\n<meta property=\"og:title\" content=\"formation professionnel \u00e0 B\u00e9char : 4000 postes de formation pour la session d\u2019Otcobre\" \/>\n<meta property=\"og:description\" content=\"Pas moins de 4.000 nouvelles places p\u00e9dagogiques sont offertes pour la prochaine rentr\u00e9e de la formation professionnelle (session d\u2019octobre) dans la wilaya de B\u00e9char, ont indiqu\u00e9 lundi des responsables du secteur. Le secteur offre ces places p\u00e9dagogiques pour la formation et l\u2019enseignement professionnels dans 115 sp\u00e9cialit\u00e9s ayant un lien avec les besoins de la wilaya &hellip;\" \/>\n<meta property=\"og:url\" content=\"https:\/\/elmawkie.dz\/fr\/formation-professionnel-a-bechar-plus-de-4000-postes-de-formation-pour-la-session-dotcobre\/\" \/>\n<meta property=\"og:site_name\" content=\"El Mawkie\" \/>\n<meta property=\"article:publisher\" content=\"https:\/\/www.facebook.com\/profile.php?id=100088407094989&amp;locale=fr_FR\" \/>\n<meta property=\"article:published_time\" content=\"2024-09-30T13:46:18+00:00\" \/>\n<meta property=\"article:modified_time\" content=\"2024-09-30T13:46:54+00:00\" \/>\n<meta property=\"og:image\" content=\"https:\/\/elmawkie.dz\/fr\/wp-content\/uploads\/2024\/09\/IMG_2623.jpeg\" \/>\n\t<meta property=\"og:image:width\" content=\"739\" \/>\n\t<meta property=\"og:image:height\" content=\"415\" \/>\n\t<meta property=\"og:image:type\" content=\"image\/jpeg\" \/>\n<meta name=\"author\" content=\"Hamra Fouzia\" \/>\n<meta name=\"twitter:card\" content=\"summary_large_image\" \/>\n<meta name=\"twitter:label1\" content=\"Written by\" \/>\n\t<meta name=\"twitter:data1\" content=\"Hamra Fouzia\" \/>\n\t<meta name=\"twitter:label2\" content=\"Est. reading time\" \/>\n\t<meta name=\"twitter:data2\" content=\"1 minute\" \/>\n<script type=\"application\/ld+json\" class=\"yoast-schema-graph\">{\"@context\":\"https:\/\/schema.org\",\"@graph\":[{\"@type\":\"Article\",\"@id\":\"https:\/\/elmawkie.dz\/fr\/formation-professionnel-a-bechar-plus-de-4000-postes-de-formation-pour-la-session-dotcobre\/#article\",\"isPartOf\":{\"@id\":\"https:\/\/elmawkie.dz\/fr\/formation-professionnel-a-bechar-plus-de-4000-postes-de-formation-pour-la-session-dotcobre\/\"},\"author\":{\"name\":\"Hamra Fouzia\",\"@id\":\"https:\/\/elmawkie.dz\/fr\/#\/schema\/person\/4ed8433201bc23634185d8dd37097c64\"},\"headline\":\"formation professionnel \u00e0 B\u00e9char : 4000 postes de formation pour la session d\u2019Otcobre\",\"datePublished\":\"2024-09-30T13:46:18+00:00\",\"dateModified\":\"2024-09-30T13:46:54+00:00\",\"mainEntityOfPage\":{\"@id\":\"https:\/\/elmawkie.dz\/fr\/formation-professionnel-a-bechar-plus-de-4000-postes-de-formation-pour-la-session-dotcobre\/\"},\"wordCount\":297,\"commentCount\":0,\"publisher\":{\"@id\":\"https:\/\/elmawkie.dz\/fr\/#organization\"},\"image\":{\"@id\":\"https:\/\/elmawkie.dz\/fr\/formation-professionnel-a-bechar-plus-de-4000-postes-de-formation-pour-la-session-dotcobre\/#primaryimage\"},\"thumbnailUrl\":\"https:\/\/elmawkie.dz\/fr\/wp-content\/uploads\/2024\/09\/IMG_2623.jpeg\",\"keywords\":[\"B\u00e9char\",\"formation professionnel\"],\"articleSection\":[\"R\u00e9gion\"],\"inLanguage\":\"fr-FR\",\"potentialAction\":[{\"@type\":\"CommentAction\",\"name\":\"Comment\",\"target\":[\"https:\/\/elmawkie.dz\/fr\/formation-professionnel-a-bechar-plus-de-4000-postes-de-formation-pour-la-session-dotcobre\/#respond\"]}]},{\"@type\":\"WebPage\",\"@id\":\"https:\/\/elmawkie.dz\/fr\/formation-professionnel-a-bechar-plus-de-4000-postes-de-formation-pour-la-session-dotcobre\/\",\"url\":\"https:\/\/elmawkie.dz\/fr\/formation-professionnel-a-bechar-plus-de-4000-postes-de-formation-pour-la-session-dotcobre\/\",\"name\":\"formation professionnel \u00e0 B\u00e9char : 4000 postes de formation pour la session d\u2019Otcobre - El Mawkie\",\"isPartOf\":{\"@id\":\"https:\/\/elmawkie.dz\/fr\/#website\"},\"primaryImageOfPage\":{\"@id\":\"https:\/\/elmawkie.dz\/fr\/formation-professionnel-a-bechar-plus-de-4000-postes-de-formation-pour-la-session-dotcobre\/#primaryimage\"},\"image\":{\"@id\":\"https:\/\/elmawkie.dz\/fr\/formation-professionnel-a-bechar-plus-de-4000-postes-de-formation-pour-la-session-dotcobre\/#primaryimage\"},\"thumbnailUrl\":\"https:\/\/elmawkie.dz\/fr\/wp-content\/uploads\/2024\/09\/IMG_2623.jpeg\",\"datePublished\":\"2024-09-30T13:46:18+00:00\",\"dateModified\":\"2024-09-30T13:46:54+00:00\",\"breadcrumb\":{\"@id\":\"https:\/\/elmawkie.dz\/fr\/formation-professionnel-a-bechar-plus-de-4000-postes-de-formation-pour-la-session-dotcobre\/#breadcrumb\"},\"inLanguage\":\"fr-FR\",\"potentialAction\":[{\"@type\":\"ReadAction\",\"target\":[\"https:\/\/elmawkie.dz\/fr\/formation-professionnel-a-bechar-plus-de-4000-postes-de-formation-pour-la-session-dotcobre\/\"]}]},{\"@type\":\"ImageObject\",\"inLanguage\":\"fr-FR\",\"@id\":\"https:\/\/elmawkie.dz\/fr\/formation-professionnel-a-bechar-plus-de-4000-postes-de-formation-pour-la-session-dotcobre\/#primaryimage\",\"url\":\"https:\/\/elmawkie.dz\/fr\/wp-content\/uploads\/2024\/09\/IMG_2623.jpeg\",\"contentUrl\":\"https:\/\/elmawkie.dz\/fr\/wp-content\/uploads\/2024\/09\/IMG_2623.jpeg\",\"width\":739,\"height\":415},{\"@type\":\"BreadcrumbList\",\"@id\":\"https:\/\/elmawkie.dz\/fr\/formation-professionnel-a-bechar-plus-de-4000-postes-de-formation-pour-la-session-dotcobre\/#breadcrumb\",\"itemListElement\":[{\"@type\":\"ListItem\",\"position\":1,\"name\":\"Home\",\"item\":\"https:\/\/elmawkie.dz\/fr\/\"},{\"@type\":\"ListItem\",\"position\":2,\"name\":\"formation professionnel \u00e0 B\u00e9char : 4000 postes de formation pour la session d\u2019Otcobre\"}]},{\"@type\":\"WebSite\",\"@id\":\"https:\/\/elmawkie.dz\/fr\/#website\",\"url\":\"https:\/\/elmawkie.dz\/fr\/\",\"name\":\"EL MAWKIE\",\"description\":\"Journal \u00c9lectronique Alg\u00e9rien\",\"publisher\":{\"@id\":\"https:\/\/elmawkie.dz\/fr\/#organization\"},\"potentialAction\":[{\"@type\":\"SearchAction\",\"target\":{\"@type\":\"EntryPoint\",\"urlTemplate\":\"https:\/\/elmawkie.dz\/fr\/?s={search_term_string}\"},\"query-input\":\"required name=search_term_string\"}],\"inLanguage\":\"fr-FR\"},{\"@type\":\"Organization\",\"@id\":\"https:\/\/elmawkie.dz\/fr\/#organization\",\"name\":\"EL MAWKIE\",\"url\":\"https:\/\/elmawkie.dz\/fr\/\",\"logo\":{\"@type\":\"ImageObject\",\"inLanguage\":\"fr-FR\",\"@id\":\"https:\/\/elmawkie.dz\/fr\/#\/schema\/logo\/image\/\",\"url\":\"https:\/\/elmawkie.dz\/fr\/wp-content\/uploads\/2024\/05\/logo1.png\",\"contentUrl\":\"https:\/\/elmawkie.dz\/fr\/wp-content\/uploads\/2024\/05\/logo1.png\",\"width\":1648,\"height\":652,\"caption\":\"EL MAWKIE\"},\"image\":{\"@id\":\"https:\/\/elmawkie.dz\/fr\/#\/schema\/logo\/image\/\"},\"sameAs\":[\"https:\/\/www.facebook.com\/profile.php?id=100088407094989&locale=fr_FR\"]},{\"@type\":\"Person\",\"@id\":\"https:\/\/elmawkie.dz\/fr\/#\/schema\/person\/4ed8433201bc23634185d8dd37097c64\",\"name\":\"Hamra Fouzia\",\"image\":{\"@type\":\"ImageObject\",\"inLanguage\":\"fr-FR\",\"@id\":\"https:\/\/elmawkie.dz\/fr\/#\/schema\/person\/image\/\",\"url\":\"https:\/\/secure.gravatar.com\/avatar\/ea215268aad51f3219f9a59227db6fa1?s=96&d=mm&r=g\",\"contentUrl\":\"https:\/\/secure.gravatar.com\/avatar\/ea215268aad51f3219f9a59227db6fa1?s=96&d=mm&r=g\",\"caption\":\"Hamra Fouzia\"},\"sameAs\":[\"https:\/\/elmawkie.dz\/fr\"],\"url\":\"https:\/\/elmawkie.dz\/fr\/author\/elmawkie\/\"}]}<\/script>\n<!-- \/ Yoast SEO Premium plugin. -->","yoast_head_json":{"title":"formation professionnel \u00e0 B\u00e9char : 4000 postes de formation pour la session d\u2019Otcobre - El Mawkie","robots":{"index":"index","follow":"follow","max-snippet":"max-snippet:-1","max-image-preview":"max-image-preview:large","max-video-preview":"max-video-preview:-1"},"canonical":"https:\/\/elmawkie.dz\/fr\/formation-professionnel-a-bechar-plus-de-4000-postes-de-formation-pour-la-session-dotcobre\/","og_locale":"fr_FR","og_type":"article","og_title":"formation professionnel \u00e0 B\u00e9char : 4000 postes de formation pour la session d\u2019Otcobre","og_description":"Pas moins de 4.000 nouvelles places p\u00e9dagogiques sont offertes pour la prochaine rentr\u00e9e de la formation professionnelle (session d\u2019octobre) dans la wilaya de B\u00e9char, ont indiqu\u00e9 lundi des responsables du secteur. Le secteur offre ces places p\u00e9dagogiques pour la formation et l\u2019enseignement professionnels dans 115 sp\u00e9cialit\u00e9s ayant un lien avec les besoins de la wilaya &hellip;","og_url":"https:\/\/elmawkie.dz\/fr\/formation-professionnel-a-bechar-plus-de-4000-postes-de-formation-pour-la-session-dotcobre\/","og_site_name":"El Mawkie","article_publisher":"https:\/\/www.facebook.com\/profile.php?id=100088407094989&locale=fr_FR","article_published_time":"2024-09-30T13:46:18+00:00","article_modified_time":"2024-09-30T13:46:54+00:00","og_image":[{"width":739,"height":415,"url":"https:\/\/elmawkie.dz\/fr\/wp-content\/uploads\/2024\/09\/IMG_2623.jpeg","type":"image\/jpeg"}],"author":"Hamra Fouzia","twitter_card":"summary_large_image","twitter_misc":{"Written by":"Hamra Fouzia","Est. reading time":"1 minute"},"schema":{"@context":"https:\/\/schema.org","@graph":[{"@type":"Article","@id":"https:\/\/elmawkie.dz\/fr\/formation-professionnel-a-bechar-plus-de-4000-postes-de-formation-pour-la-session-dotcobre\/#article","isPartOf":{"@id":"https:\/\/elmawkie.dz\/fr\/formation-professionnel-a-bechar-plus-de-4000-postes-de-formation-pour-la-session-dotcobre\/"},"author":{"name":"Hamra Fouzia","@id":"https:\/\/elmawkie.dz\/fr\/#\/schema\/person\/4ed8433201bc23634185d8dd37097c64"},"headline":"formation professionnel \u00e0 B\u00e9char : 4000 postes de formation pour la session d\u2019Otcobre","datePublished":"2024-09-30T13:46:18+00:00","dateModified":"2024-09-30T13:46:54+00:00","mainEntityOfPage":{"@id":"https:\/\/elmawkie.dz\/fr\/formation-professionnel-a-bechar-plus-de-4000-postes-de-formation-pour-la-session-dotcobre\/"},"wordCount":297,"commentCount":0,"publisher":{"@id":"https:\/\/elmawkie.dz\/fr\/#organization"},"image":{"@id":"https:\/\/elmawkie.dz\/fr\/formation-professionnel-a-bechar-plus-de-4000-postes-de-formation-pour-la-session-dotcobre\/#primaryimage"},"thumbnailUrl":"https:\/\/elmawkie.dz\/fr\/wp-content\/uploads\/2024\/09\/IMG_2623.jpeg","keywords":["B\u00e9char","formation professionnel"],"articleSection":["R\u00e9gion"],"inLanguage":"fr-FR","potentialAction":[{"@type":"CommentAction","name":"Comment","target":["https:\/\/elmawkie.dz\/fr\/formation-professionnel-a-bechar-plus-de-4000-postes-de-formation-pour-la-session-dotcobre\/#respond"]}]},{"@type":"WebPage","@id":"https:\/\/elmawkie.dz\/fr\/formation-professionnel-a-bechar-plus-de-4000-postes-de-formation-pour-la-session-dotcobre\/","url":"https:\/\/elmawkie.dz\/fr\/formation-professionnel-a-bechar-plus-de-4000-postes-de-formation-pour-la-session-dotcobre\/","name":"formation professionnel \u00e0 B\u00e9char : 4000 postes de formation pour la session d\u2019Otcobre - El Mawkie","isPartOf":{"@id":"https:\/\/elmawkie.dz\/fr\/#website"},"primaryImageOfPage":{"@id":"https:\/\/elmawkie.dz\/fr\/formation-professionnel-a-bechar-plus-de-4000-postes-de-formation-pour-la-session-dotcobre\/#primaryimage"},"image":{"@id":"https:\/\/elmawkie.dz\/fr\/formation-professionnel-a-bechar-plus-de-4000-postes-de-formation-pour-la-session-dotcobre\/#primaryimage"},"thumbnailUrl":"https:\/\/elmawkie.dz\/fr\/wp-content\/uploads\/2024\/09\/IMG_2623.jpeg","datePublished":"2024-09-30T13:46:18+00:00","dateModified":"2024-09-30T13:46:54+00:00","breadcrumb":{"@id":"https:\/\/elmawkie.dz\/fr\/formation-professionnel-a-bechar-plus-de-4000-postes-de-formation-pour-la-session-dotcobre\/#breadcrumb"},"inLanguage":"fr-FR","potentialAction":[{"@type":"ReadAction","target":["https:\/\/elmawkie.dz\/fr\/formation-professionnel-a-bechar-plus-de-4000-postes-de-formation-pour-la-session-dotcobre\/"]}]},{"@type":"ImageObject","inLanguage":"fr-FR","@id":"https:\/\/elmawkie.dz\/fr\/formation-professionnel-a-bechar-plus-de-4000-postes-de-formation-pour-la-session-dotcobre\/#primaryimage","url":"https:\/\/elmawkie.dz\/fr\/wp-content\/uploads\/2024\/09\/IMG_2623.jpeg","contentUrl":"https:\/\/elmawkie.dz\/fr\/wp-content\/uploads\/2024\/09\/IMG_2623.jpeg","width":739,"height":415},{"@type":"BreadcrumbList","@id":"https:\/\/elmawkie.dz\/fr\/formation-professionnel-a-bechar-plus-de-4000-postes-de-formation-pour-la-session-dotcobre\/#breadcrumb","itemListElement":[{"@type":"ListItem","position":1,"name":"Home","item":"https:\/\/elmawkie.dz\/fr\/"},{"@type":"ListItem","position":2,"name":"formation professionnel \u00e0 B\u00e9char : 4000 postes de formation pour la session d\u2019Otcobre"}]},{"@type":"WebSite","@id":"https:\/\/elmawkie.dz\/fr\/#website","url":"https:\/\/elmawkie.dz\/fr\/","name":"EL MAWKIE","description":"Journal \u00c9lectronique Alg\u00e9rien","publisher":{"@id":"https:\/\/elmawkie.dz\/fr\/#organization"},"potentialAction":[{"@type":"SearchAction","target":{"@type":"EntryPoint","urlTemplate":"https:\/\/elmawkie.dz\/fr\/?s={search_term_string}"},"query-input":"required name=search_term_string"}],"inLanguage":"fr-FR"},{"@type":"Organization","@id":"https:\/\/elmawkie.dz\/fr\/#organization","name":"EL MAWKIE","url":"https:\/\/elmawkie.dz\/fr\/","logo":{"@type":"ImageObject","inLanguage":"fr-FR","@id":"https:\/\/elmawkie.dz\/fr\/#\/schema\/logo\/image\/","url":"https:\/\/elmawkie.dz\/fr\/wp-content\/uploads\/2024\/05\/logo1.png","contentUrl":"https:\/\/elmawkie.dz\/fr\/wp-content\/uploads\/2024\/05\/logo1.png","width":1648,"height":652,"caption":"EL MAWKIE"},"image":{"@id":"https:\/\/elmawkie.dz\/fr\/#\/schema\/logo\/image\/"},"sameAs":["https:\/\/www.facebook.com\/profile.php?id=100088407094989&locale=fr_FR"]},{"@type":"Person","@id":"https:\/\/elmawkie.dz\/fr\/#\/schema\/person\/4ed8433201bc23634185d8dd37097c64","name":"Hamra Fouzia","image":{"@type":"ImageObject","inLanguage":"fr-FR","@id":"https:\/\/elmawkie.dz\/fr\/#\/schema\/person\/image\/","url":"https:\/\/secure.gravatar.com\/avatar\/ea215268aad51f3219f9a59227db6fa1?s=96&d=mm&r=g","contentUrl":"https:\/\/secure.gravatar.com\/avatar\/ea215268aad51f3219f9a59227db6fa1?s=96&d=mm&r=g","caption":"Hamra Fouzia"},"sameAs":["https:\/\/elmawkie.dz\/fr"],"url":"https:\/\/elmawkie.dz\/fr\/author\/elmawkie\/"}]}},"_links":{"self":[{"href":"https:\/\/elmawkie.dz\/fr\/wp-json\/wp\/v2\/posts\/5285","targetHints":{"allow":["GET"]}}],"collection":[{"href":"https:\/\/elmawkie.dz\/fr\/wp-json\/wp\/v2\/posts"}],"about":[{"href":"https:\/\/elmawkie.dz\/fr\/wp-json\/wp\/v2\/types\/post"}],"author":[{"embeddable":true,"href":"https:\/\/elmawkie.dz\/fr\/wp-json\/wp\/v2\/users\/3"}],"replies":[{"embeddable":true,"href":"https:\/\/elmawkie.dz\/fr\/wp-json\/wp\/v2\/comments?post=5285"}],"version-history":[{"count":0,"href":"https:\/\/elmawkie.dz\/fr\/wp-json\/wp\/v2\/posts\/5285\/revisions"}],"wp:featuredmedia":[{"embeddable":true,"href":"https:\/\/elmawkie.dz\/fr\/wp-json\/wp\/v2\/media\/5286"}],"wp:attachment":[{"href":"https:\/\/elmawkie.dz\/fr\/wp-json\/wp\/v2\/media?parent=5285"}],"wp:term":[{"taxonomy":"category","embeddable":true,"href":"https:\/\/elmawkie.dz\/fr\/wp-json\/wp\/v2\/categories?post=5285"},{"taxonomy":"post_tag","embeddable":true,"href":"https:\/\/elmawkie.dz\/fr\/wp-json\/wp\/v2\/tags?post=5285"}],"curies":[{"name":"wp","href":"https:\/\/api.w.org\/{rel}","templated":true}]}}