{"id":52839,"date":"2025-06-21T19:52:07","date_gmt":"2025-06-21T18:52:07","guid":{"rendered":"https:\/\/elmawkie.dz\/fr\/?p=52839"},"modified":"2025-06-21T19:52:08","modified_gmt":"2025-06-21T18:52:08","slug":"cloture-de-la-16e-conference-euro-africaine-a-oran-vers-la-creation-de-lacademie-africaine-dallergologie-et-dimmunologie-clinique","status":"publish","type":"post","link":"https:\/\/elmawkie.dz\/fr\/cloture-de-la-16e-conference-euro-africaine-a-oran-vers-la-creation-de-lacademie-africaine-dallergologie-et-dimmunologie-clinique\/","title":{"rendered":"Cl\u00f4ture de la 16e Conf\u00e9rence Euro-Africaine \u00e0 Oran : vers la cr\u00e9ation de l\u2019Acad\u00e9mie africaine d\u2019allergologie et d\u2019immunologie clinique"},"content":{"rendered":"\n<p><strong><em>La 16e Conf\u00e9rence Euro-Africaine sur l\u2019allergologie et l\u2019immunologie clinique a pris fin samedi \u00e0 Oran, avec un engagement affirm\u00e9 en faveur du d\u00e9veloppement de projets de recherche collaboratifs et d\u2019un renforcement des \u00e9changes scientifiques entre l\u2019Europe et l\u2019Afrique dans ce domaine m\u00e9dical strat\u00e9gique.<\/em><\/strong><\/p>\n\n\n\n<p><strong><em>Organis\u00e9 sous le haut patronage du pr\u00e9sident de la R\u00e9publique, M. Abdelmadjid Tebboune, ce congr\u00e8s a r\u00e9uni plus de 500 participants issus de 14 pays africains et europ\u00e9ens. Pendant trois jours, les sp\u00e9cialistes ont d\u00e9battu des enjeux li\u00e9s aux allergies respiratoires, alimentaires, m\u00e9dicamenteuses et aux d\u00e9ficits immunitaires.<\/em><\/strong><\/p>\n\n\n\n<p><em><strong>Les participants ont recommand\u00e9 d\u2019intensifier la coop\u00e9ration scientifique \u00e0 travers des initiatives telles que le programme de coop\u00e9ration europ\u00e9enne de science et de technologie (COST), et ont appel\u00e9 \u00e0 la cr\u00e9ation d\u2019un observatoire de l\u2019asthme et des allergies professionnelles, afin d\u2019am\u00e9liorer la prise en charge de ces affections li\u00e9es au milieu du travail.<\/strong><\/em> <strong><em>Ils ont par ailleurs salu\u00e9 l\u2019engagement du pr\u00e9sident Tebboune, exprimant leur gratitude pour l\u2019attention qu\u2019il accorde \u00e0 la recherche scientifique et \u00e0 la coop\u00e9ration internationale en mati\u00e8re de sant\u00e9.<\/em><\/strong><\/p>\n\n\n\n<p><em><strong>L\u2019\u00e9v\u00e9nement a \u00e9t\u00e9 marqu\u00e9 par l\u2019annonce de la cr\u00e9ation de l\u2019Acad\u00e9mie africaine d\u2019allergologie et d\u2019immunologie clinique, dont le si\u00e8ge sera \u00e9tabli \u00e0 Alger. L\u2019Alg\u00e9rie assurera la pr\u00e9sidence de cette nouvelle instance pour une dur\u00e9e de deux ans, consolidant ainsi son engagement au service de la science m\u00e9dicale en Afrique.<br><br><br><\/strong><\/em><\/p>\n\n\n\n<p><\/p>\n","protected":false},"excerpt":{"rendered":"<p>La 16e Conf\u00e9rence Euro-Africaine sur l\u2019allergologie et l\u2019immunologie clinique a pris fin samedi \u00e0 Oran, avec un engagement affirm\u00e9 en faveur du d\u00e9veloppement de projets de recherche collaboratifs et d\u2019un renforcement des \u00e9changes scientifiques entre l\u2019Europe et l\u2019Afrique dans ce domaine m\u00e9dical strat\u00e9gique. Organis\u00e9 sous le haut patronage du pr\u00e9sident de la R\u00e9publique, M. Abdelmadjid &hellip;<\/p>\n","protected":false},"author":3,"featured_media":52841,"comment_status":"open","ping_status":"open","sticky":false,"template":"","format":"standard","meta":{"footnotes":""},"categories":[50],"tags":[1549,4218,75],"class_list":["post-52839","post","type-post","status-publish","format-standard","has-post-thumbnail","hentry","category-region","tag-cloture","tag-euro-africaine","tag-oran"],"yoast_head":"<!-- This site is optimized with the Yoast SEO Premium plugin v22.6 (Yoast SEO v22.6) - https:\/\/yoast.com\/wordpress\/plugins\/seo\/ -->\n<title>Cl\u00f4ture de la 16e Conf\u00e9rence Euro-Africaine \u00e0 Oran : vers la cr\u00e9ation de l\u2019Acad\u00e9mie africaine d\u2019allergologie et d\u2019immunologie clinique - El Mawkie<\/title>\n<meta name=\"robots\" content=\"index, follow, max-snippet:-1, max-image-preview:large, max-video-preview:-1\" \/>\n<link rel=\"canonical\" href=\"https:\/\/elmawkie.dz\/fr\/cloture-de-la-16e-conference-euro-africaine-a-oran-vers-la-creation-de-lacademie-africaine-dallergologie-et-dimmunologie-clinique\/\" \/>\n<meta property=\"og:locale\" content=\"fr_FR\" \/>\n<meta property=\"og:type\" content=\"article\" \/>\n<meta property=\"og:title\" content=\"Cl\u00f4ture de la 16e Conf\u00e9rence Euro-Africaine \u00e0 Oran : vers la cr\u00e9ation de l\u2019Acad\u00e9mie africaine d\u2019allergologie et d\u2019immunologie clinique\" \/>\n<meta property=\"og:description\" content=\"La 16e Conf\u00e9rence Euro-Africaine sur l\u2019allergologie et l\u2019immunologie clinique a pris fin samedi \u00e0 Oran, avec un engagement affirm\u00e9 en faveur du d\u00e9veloppement de projets de recherche collaboratifs et d\u2019un renforcement des \u00e9changes scientifiques entre l\u2019Europe et l\u2019Afrique dans ce domaine m\u00e9dical strat\u00e9gique. Organis\u00e9 sous le haut patronage du pr\u00e9sident de la R\u00e9publique, M. Abdelmadjid &hellip;\" \/>\n<meta property=\"og:url\" content=\"https:\/\/elmawkie.dz\/fr\/cloture-de-la-16e-conference-euro-africaine-a-oran-vers-la-creation-de-lacademie-africaine-dallergologie-et-dimmunologie-clinique\/\" \/>\n<meta property=\"og:site_name\" content=\"El Mawkie\" \/>\n<meta property=\"article:publisher\" content=\"https:\/\/www.facebook.com\/profile.php?id=100088407094989&amp;locale=fr_FR\" \/>\n<meta property=\"article:published_time\" content=\"2025-06-21T18:52:07+00:00\" \/>\n<meta property=\"article:modified_time\" content=\"2025-06-21T18:52:08+00:00\" \/>\n<meta property=\"og:image\" content=\"https:\/\/elmawkie.dz\/fr\/wp-content\/uploads\/2025\/06\/IMG_7911.jpeg\" \/>\n\t<meta property=\"og:image:width\" content=\"1109\" \/>\n\t<meta property=\"og:image:height\" content=\"486\" \/>\n\t<meta property=\"og:image:type\" content=\"image\/jpeg\" \/>\n<meta name=\"author\" content=\"Hamra Fouzia\" \/>\n<meta name=\"twitter:card\" content=\"summary_large_image\" \/>\n<meta name=\"twitter:label1\" content=\"Written by\" \/>\n\t<meta name=\"twitter:data1\" content=\"Hamra Fouzia\" \/>\n\t<meta name=\"twitter:label2\" content=\"Est. reading time\" \/>\n\t<meta name=\"twitter:data2\" content=\"2 minutes\" \/>\n<script type=\"application\/ld+json\" class=\"yoast-schema-graph\">{\"@context\":\"https:\/\/schema.org\",\"@graph\":[{\"@type\":\"Article\",\"@id\":\"https:\/\/elmawkie.dz\/fr\/cloture-de-la-16e-conference-euro-africaine-a-oran-vers-la-creation-de-lacademie-africaine-dallergologie-et-dimmunologie-clinique\/#article\",\"isPartOf\":{\"@id\":\"https:\/\/elmawkie.dz\/fr\/cloture-de-la-16e-conference-euro-africaine-a-oran-vers-la-creation-de-lacademie-africaine-dallergologie-et-dimmunologie-clinique\/\"},\"author\":{\"name\":\"Hamra Fouzia\",\"@id\":\"https:\/\/elmawkie.dz\/fr\/#\/schema\/person\/4ed8433201bc23634185d8dd37097c64\"},\"headline\":\"Cl\u00f4ture de la 16e Conf\u00e9rence Euro-Africaine \u00e0 Oran : vers la cr\u00e9ation de l\u2019Acad\u00e9mie africaine d\u2019allergologie et d\u2019immunologie clinique\",\"datePublished\":\"2025-06-21T18:52:07+00:00\",\"dateModified\":\"2025-06-21T18:52:08+00:00\",\"mainEntityOfPage\":{\"@id\":\"https:\/\/elmawkie.dz\/fr\/cloture-de-la-16e-conference-euro-africaine-a-oran-vers-la-creation-de-lacademie-africaine-dallergologie-et-dimmunologie-clinique\/\"},\"wordCount\":286,\"commentCount\":0,\"publisher\":{\"@id\":\"https:\/\/elmawkie.dz\/fr\/#organization\"},\"image\":{\"@id\":\"https:\/\/elmawkie.dz\/fr\/cloture-de-la-16e-conference-euro-africaine-a-oran-vers-la-creation-de-lacademie-africaine-dallergologie-et-dimmunologie-clinique\/#primaryimage\"},\"thumbnailUrl\":\"https:\/\/elmawkie.dz\/fr\/wp-content\/uploads\/2025\/06\/IMG_7911.jpeg\",\"keywords\":[\"Cl\u00f4ture\",\"Euro-Africaine\",\"Oran\"],\"articleSection\":[\"R\u00e9gion\"],\"inLanguage\":\"fr-FR\",\"potentialAction\":[{\"@type\":\"CommentAction\",\"name\":\"Comment\",\"target\":[\"https:\/\/elmawkie.dz\/fr\/cloture-de-la-16e-conference-euro-africaine-a-oran-vers-la-creation-de-lacademie-africaine-dallergologie-et-dimmunologie-clinique\/#respond\"]}]},{\"@type\":\"WebPage\",\"@id\":\"https:\/\/elmawkie.dz\/fr\/cloture-de-la-16e-conference-euro-africaine-a-oran-vers-la-creation-de-lacademie-africaine-dallergologie-et-dimmunologie-clinique\/\",\"url\":\"https:\/\/elmawkie.dz\/fr\/cloture-de-la-16e-conference-euro-africaine-a-oran-vers-la-creation-de-lacademie-africaine-dallergologie-et-dimmunologie-clinique\/\",\"name\":\"Cl\u00f4ture de la 16e Conf\u00e9rence Euro-Africaine \u00e0 Oran : vers la cr\u00e9ation de l\u2019Acad\u00e9mie africaine d\u2019allergologie et d\u2019immunologie clinique - El Mawkie\",\"isPartOf\":{\"@id\":\"https:\/\/elmawkie.dz\/fr\/#website\"},\"primaryImageOfPage\":{\"@id\":\"https:\/\/elmawkie.dz\/fr\/cloture-de-la-16e-conference-euro-africaine-a-oran-vers-la-creation-de-lacademie-africaine-dallergologie-et-dimmunologie-clinique\/#primaryimage\"},\"image\":{\"@id\":\"https:\/\/elmawkie.dz\/fr\/cloture-de-la-16e-conference-euro-africaine-a-oran-vers-la-creation-de-lacademie-africaine-dallergologie-et-dimmunologie-clinique\/#primaryimage\"},\"thumbnailUrl\":\"https:\/\/elmawkie.dz\/fr\/wp-content\/uploads\/2025\/06\/IMG_7911.jpeg\",\"datePublished\":\"2025-06-21T18:52:07+00:00\",\"dateModified\":\"2025-06-21T18:52:08+00:00\",\"breadcrumb\":{\"@id\":\"https:\/\/elmawkie.dz\/fr\/cloture-de-la-16e-conference-euro-africaine-a-oran-vers-la-creation-de-lacademie-africaine-dallergologie-et-dimmunologie-clinique\/#breadcrumb\"},\"inLanguage\":\"fr-FR\",\"potentialAction\":[{\"@type\":\"ReadAction\",\"target\":[\"https:\/\/elmawkie.dz\/fr\/cloture-de-la-16e-conference-euro-africaine-a-oran-vers-la-creation-de-lacademie-africaine-dallergologie-et-dimmunologie-clinique\/\"]}]},{\"@type\":\"ImageObject\",\"inLanguage\":\"fr-FR\",\"@id\":\"https:\/\/elmawkie.dz\/fr\/cloture-de-la-16e-conference-euro-africaine-a-oran-vers-la-creation-de-lacademie-africaine-dallergologie-et-dimmunologie-clinique\/#primaryimage\",\"url\":\"https:\/\/elmawkie.dz\/fr\/wp-content\/uploads\/2025\/06\/IMG_7911.jpeg\",\"contentUrl\":\"https:\/\/elmawkie.dz\/fr\/wp-content\/uploads\/2025\/06\/IMG_7911.jpeg\",\"width\":1109,\"height\":486},{\"@type\":\"BreadcrumbList\",\"@id\":\"https:\/\/elmawkie.dz\/fr\/cloture-de-la-16e-conference-euro-africaine-a-oran-vers-la-creation-de-lacademie-africaine-dallergologie-et-dimmunologie-clinique\/#breadcrumb\",\"itemListElement\":[{\"@type\":\"ListItem\",\"position\":1,\"name\":\"Home\",\"item\":\"https:\/\/elmawkie.dz\/fr\/\"},{\"@type\":\"ListItem\",\"position\":2,\"name\":\"Cl\u00f4ture de la 16e Conf\u00e9rence Euro-Africaine \u00e0 Oran : vers la cr\u00e9ation de l\u2019Acad\u00e9mie africaine d\u2019allergologie et d\u2019immunologie clinique\"}]},{\"@type\":\"WebSite\",\"@id\":\"https:\/\/elmawkie.dz\/fr\/#website\",\"url\":\"https:\/\/elmawkie.dz\/fr\/\",\"name\":\"EL MAWKIE\",\"description\":\"Journal \u00c9lectronique Alg\u00e9rien\",\"publisher\":{\"@id\":\"https:\/\/elmawkie.dz\/fr\/#organization\"},\"potentialAction\":[{\"@type\":\"SearchAction\",\"target\":{\"@type\":\"EntryPoint\",\"urlTemplate\":\"https:\/\/elmawkie.dz\/fr\/?s={search_term_string}\"},\"query-input\":\"required name=search_term_string\"}],\"inLanguage\":\"fr-FR\"},{\"@type\":\"Organization\",\"@id\":\"https:\/\/elmawkie.dz\/fr\/#organization\",\"name\":\"EL MAWKIE\",\"url\":\"https:\/\/elmawkie.dz\/fr\/\",\"logo\":{\"@type\":\"ImageObject\",\"inLanguage\":\"fr-FR\",\"@id\":\"https:\/\/elmawkie.dz\/fr\/#\/schema\/logo\/image\/\",\"url\":\"https:\/\/elmawkie.dz\/fr\/wp-content\/uploads\/2024\/05\/logo1.png\",\"contentUrl\":\"https:\/\/elmawkie.dz\/fr\/wp-content\/uploads\/2024\/05\/logo1.png\",\"width\":1648,\"height\":652,\"caption\":\"EL MAWKIE\"},\"image\":{\"@id\":\"https:\/\/elmawkie.dz\/fr\/#\/schema\/logo\/image\/\"},\"sameAs\":[\"https:\/\/www.facebook.com\/profile.php?id=100088407094989&locale=fr_FR\"]},{\"@type\":\"Person\",\"@id\":\"https:\/\/elmawkie.dz\/fr\/#\/schema\/person\/4ed8433201bc23634185d8dd37097c64\",\"name\":\"Hamra Fouzia\",\"image\":{\"@type\":\"ImageObject\",\"inLanguage\":\"fr-FR\",\"@id\":\"https:\/\/elmawkie.dz\/fr\/#\/schema\/person\/image\/\",\"url\":\"https:\/\/secure.gravatar.com\/avatar\/ea215268aad51f3219f9a59227db6fa1?s=96&d=mm&r=g\",\"contentUrl\":\"https:\/\/secure.gravatar.com\/avatar\/ea215268aad51f3219f9a59227db6fa1?s=96&d=mm&r=g\",\"caption\":\"Hamra Fouzia\"},\"sameAs\":[\"https:\/\/elmawkie.dz\/fr\"],\"url\":\"https:\/\/elmawkie.dz\/fr\/author\/elmawkie\/\"}]}<\/script>\n<!-- \/ Yoast SEO Premium plugin. -->","yoast_head_json":{"title":"Cl\u00f4ture de la 16e Conf\u00e9rence Euro-Africaine \u00e0 Oran : vers la cr\u00e9ation de l\u2019Acad\u00e9mie africaine d\u2019allergologie et d\u2019immunologie clinique - El Mawkie","robots":{"index":"index","follow":"follow","max-snippet":"max-snippet:-1","max-image-preview":"max-image-preview:large","max-video-preview":"max-video-preview:-1"},"canonical":"https:\/\/elmawkie.dz\/fr\/cloture-de-la-16e-conference-euro-africaine-a-oran-vers-la-creation-de-lacademie-africaine-dallergologie-et-dimmunologie-clinique\/","og_locale":"fr_FR","og_type":"article","og_title":"Cl\u00f4ture de la 16e Conf\u00e9rence Euro-Africaine \u00e0 Oran : vers la cr\u00e9ation de l\u2019Acad\u00e9mie africaine d\u2019allergologie et d\u2019immunologie clinique","og_description":"La 16e Conf\u00e9rence Euro-Africaine sur l\u2019allergologie et l\u2019immunologie clinique a pris fin samedi \u00e0 Oran, avec un engagement affirm\u00e9 en faveur du d\u00e9veloppement de projets de recherche collaboratifs et d\u2019un renforcement des \u00e9changes scientifiques entre l\u2019Europe et l\u2019Afrique dans ce domaine m\u00e9dical strat\u00e9gique. Organis\u00e9 sous le haut patronage du pr\u00e9sident de la R\u00e9publique, M. Abdelmadjid &hellip;","og_url":"https:\/\/elmawkie.dz\/fr\/cloture-de-la-16e-conference-euro-africaine-a-oran-vers-la-creation-de-lacademie-africaine-dallergologie-et-dimmunologie-clinique\/","og_site_name":"El Mawkie","article_publisher":"https:\/\/www.facebook.com\/profile.php?id=100088407094989&locale=fr_FR","article_published_time":"2025-06-21T18:52:07+00:00","article_modified_time":"2025-06-21T18:52:08+00:00","og_image":[{"width":1109,"height":486,"url":"https:\/\/elmawkie.dz\/fr\/wp-content\/uploads\/2025\/06\/IMG_7911.jpeg","type":"image\/jpeg"}],"author":"Hamra Fouzia","twitter_card":"summary_large_image","twitter_misc":{"Written by":"Hamra Fouzia","Est. reading time":"2 minutes"},"schema":{"@context":"https:\/\/schema.org","@graph":[{"@type":"Article","@id":"https:\/\/elmawkie.dz\/fr\/cloture-de-la-16e-conference-euro-africaine-a-oran-vers-la-creation-de-lacademie-africaine-dallergologie-et-dimmunologie-clinique\/#article","isPartOf":{"@id":"https:\/\/elmawkie.dz\/fr\/cloture-de-la-16e-conference-euro-africaine-a-oran-vers-la-creation-de-lacademie-africaine-dallergologie-et-dimmunologie-clinique\/"},"author":{"name":"Hamra Fouzia","@id":"https:\/\/elmawkie.dz\/fr\/#\/schema\/person\/4ed8433201bc23634185d8dd37097c64"},"headline":"Cl\u00f4ture de la 16e Conf\u00e9rence Euro-Africaine \u00e0 Oran : vers la cr\u00e9ation de l\u2019Acad\u00e9mie africaine d\u2019allergologie et d\u2019immunologie clinique","datePublished":"2025-06-21T18:52:07+00:00","dateModified":"2025-06-21T18:52:08+00:00","mainEntityOfPage":{"@id":"https:\/\/elmawkie.dz\/fr\/cloture-de-la-16e-conference-euro-africaine-a-oran-vers-la-creation-de-lacademie-africaine-dallergologie-et-dimmunologie-clinique\/"},"wordCount":286,"commentCount":0,"publisher":{"@id":"https:\/\/elmawkie.dz\/fr\/#organization"},"image":{"@id":"https:\/\/elmawkie.dz\/fr\/cloture-de-la-16e-conference-euro-africaine-a-oran-vers-la-creation-de-lacademie-africaine-dallergologie-et-dimmunologie-clinique\/#primaryimage"},"thumbnailUrl":"https:\/\/elmawkie.dz\/fr\/wp-content\/uploads\/2025\/06\/IMG_7911.jpeg","keywords":["Cl\u00f4ture","Euro-Africaine","Oran"],"articleSection":["R\u00e9gion"],"inLanguage":"fr-FR","potentialAction":[{"@type":"CommentAction","name":"Comment","target":["https:\/\/elmawkie.dz\/fr\/cloture-de-la-16e-conference-euro-africaine-a-oran-vers-la-creation-de-lacademie-africaine-dallergologie-et-dimmunologie-clinique\/#respond"]}]},{"@type":"WebPage","@id":"https:\/\/elmawkie.dz\/fr\/cloture-de-la-16e-conference-euro-africaine-a-oran-vers-la-creation-de-lacademie-africaine-dallergologie-et-dimmunologie-clinique\/","url":"https:\/\/elmawkie.dz\/fr\/cloture-de-la-16e-conference-euro-africaine-a-oran-vers-la-creation-de-lacademie-africaine-dallergologie-et-dimmunologie-clinique\/","name":"Cl\u00f4ture de la 16e Conf\u00e9rence Euro-Africaine \u00e0 Oran : vers la cr\u00e9ation de l\u2019Acad\u00e9mie africaine d\u2019allergologie et d\u2019immunologie clinique - El Mawkie","isPartOf":{"@id":"https:\/\/elmawkie.dz\/fr\/#website"},"primaryImageOfPage":{"@id":"https:\/\/elmawkie.dz\/fr\/cloture-de-la-16e-conference-euro-africaine-a-oran-vers-la-creation-de-lacademie-africaine-dallergologie-et-dimmunologie-clinique\/#primaryimage"},"image":{"@id":"https:\/\/elmawkie.dz\/fr\/cloture-de-la-16e-conference-euro-africaine-a-oran-vers-la-creation-de-lacademie-africaine-dallergologie-et-dimmunologie-clinique\/#primaryimage"},"thumbnailUrl":"https:\/\/elmawkie.dz\/fr\/wp-content\/uploads\/2025\/06\/IMG_7911.jpeg","datePublished":"2025-06-21T18:52:07+00:00","dateModified":"2025-06-21T18:52:08+00:00","breadcrumb":{"@id":"https:\/\/elmawkie.dz\/fr\/cloture-de-la-16e-conference-euro-africaine-a-oran-vers-la-creation-de-lacademie-africaine-dallergologie-et-dimmunologie-clinique\/#breadcrumb"},"inLanguage":"fr-FR","potentialAction":[{"@type":"ReadAction","target":["https:\/\/elmawkie.dz\/fr\/cloture-de-la-16e-conference-euro-africaine-a-oran-vers-la-creation-de-lacademie-africaine-dallergologie-et-dimmunologie-clinique\/"]}]},{"@type":"ImageObject","inLanguage":"fr-FR","@id":"https:\/\/elmawkie.dz\/fr\/cloture-de-la-16e-conference-euro-africaine-a-oran-vers-la-creation-de-lacademie-africaine-dallergologie-et-dimmunologie-clinique\/#primaryimage","url":"https:\/\/elmawkie.dz\/fr\/wp-content\/uploads\/2025\/06\/IMG_7911.jpeg","contentUrl":"https:\/\/elmawkie.dz\/fr\/wp-content\/uploads\/2025\/06\/IMG_7911.jpeg","width":1109,"height":486},{"@type":"BreadcrumbList","@id":"https:\/\/elmawkie.dz\/fr\/cloture-de-la-16e-conference-euro-africaine-a-oran-vers-la-creation-de-lacademie-africaine-dallergologie-et-dimmunologie-clinique\/#breadcrumb","itemListElement":[{"@type":"ListItem","position":1,"name":"Home","item":"https:\/\/elmawkie.dz\/fr\/"},{"@type":"ListItem","position":2,"name":"Cl\u00f4ture de la 16e Conf\u00e9rence Euro-Africaine \u00e0 Oran : vers la cr\u00e9ation de l\u2019Acad\u00e9mie africaine d\u2019allergologie et d\u2019immunologie clinique"}]},{"@type":"WebSite","@id":"https:\/\/elmawkie.dz\/fr\/#website","url":"https:\/\/elmawkie.dz\/fr\/","name":"EL MAWKIE","description":"Journal \u00c9lectronique Alg\u00e9rien","publisher":{"@id":"https:\/\/elmawkie.dz\/fr\/#organization"},"potentialAction":[{"@type":"SearchAction","target":{"@type":"EntryPoint","urlTemplate":"https:\/\/elmawkie.dz\/fr\/?s={search_term_string}"},"query-input":"required name=search_term_string"}],"inLanguage":"fr-FR"},{"@type":"Organization","@id":"https:\/\/elmawkie.dz\/fr\/#organization","name":"EL MAWKIE","url":"https:\/\/elmawkie.dz\/fr\/","logo":{"@type":"ImageObject","inLanguage":"fr-FR","@id":"https:\/\/elmawkie.dz\/fr\/#\/schema\/logo\/image\/","url":"https:\/\/elmawkie.dz\/fr\/wp-content\/uploads\/2024\/05\/logo1.png","contentUrl":"https:\/\/elmawkie.dz\/fr\/wp-content\/uploads\/2024\/05\/logo1.png","width":1648,"height":652,"caption":"EL MAWKIE"},"image":{"@id":"https:\/\/elmawkie.dz\/fr\/#\/schema\/logo\/image\/"},"sameAs":["https:\/\/www.facebook.com\/profile.php?id=100088407094989&locale=fr_FR"]},{"@type":"Person","@id":"https:\/\/elmawkie.dz\/fr\/#\/schema\/person\/4ed8433201bc23634185d8dd37097c64","name":"Hamra Fouzia","image":{"@type":"ImageObject","inLanguage":"fr-FR","@id":"https:\/\/elmawkie.dz\/fr\/#\/schema\/person\/image\/","url":"https:\/\/secure.gravatar.com\/avatar\/ea215268aad51f3219f9a59227db6fa1?s=96&d=mm&r=g","contentUrl":"https:\/\/secure.gravatar.com\/avatar\/ea215268aad51f3219f9a59227db6fa1?s=96&d=mm&r=g","caption":"Hamra Fouzia"},"sameAs":["https:\/\/elmawkie.dz\/fr"],"url":"https:\/\/elmawkie.dz\/fr\/author\/elmawkie\/"}]}},"_links":{"self":[{"href":"https:\/\/elmawkie.dz\/fr\/wp-json\/wp\/v2\/posts\/52839","targetHints":{"allow":["GET"]}}],"collection":[{"href":"https:\/\/elmawkie.dz\/fr\/wp-json\/wp\/v2\/posts"}],"about":[{"href":"https:\/\/elmawkie.dz\/fr\/wp-json\/wp\/v2\/types\/post"}],"author":[{"embeddable":true,"href":"https:\/\/elmawkie.dz\/fr\/wp-json\/wp\/v2\/users\/3"}],"replies":[{"embeddable":true,"href":"https:\/\/elmawkie.dz\/fr\/wp-json\/wp\/v2\/comments?post=52839"}],"version-history":[{"count":1,"href":"https:\/\/elmawkie.dz\/fr\/wp-json\/wp\/v2\/posts\/52839\/revisions"}],"predecessor-version":[{"id":52842,"href":"https:\/\/elmawkie.dz\/fr\/wp-json\/wp\/v2\/posts\/52839\/revisions\/52842"}],"wp:featuredmedia":[{"embeddable":true,"href":"https:\/\/elmawkie.dz\/fr\/wp-json\/wp\/v2\/media\/52841"}],"wp:attachment":[{"href":"https:\/\/elmawkie.dz\/fr\/wp-json\/wp\/v2\/media?parent=52839"}],"wp:term":[{"taxonomy":"category","embeddable":true,"href":"https:\/\/elmawkie.dz\/fr\/wp-json\/wp\/v2\/categories?post=52839"},{"taxonomy":"post_tag","embeddable":true,"href":"https:\/\/elmawkie.dz\/fr\/wp-json\/wp\/v2\/tags?post=52839"}],"curies":[{"name":"wp","href":"https:\/\/api.w.org\/{rel}","templated":true}]}}