{"id":52835,"date":"2025-06-21T19:14:17","date_gmt":"2025-06-21T18:14:17","guid":{"rendered":"https:\/\/elmawkie.dz\/fr\/?p=52835"},"modified":"2025-06-21T19:14:18","modified_gmt":"2025-06-21T18:14:18","slug":"bresil-huit-morts-dans-un-accident-de-montgolfiere","status":"publish","type":"post","link":"https:\/\/elmawkie.dz\/fr\/bresil-huit-morts-dans-un-accident-de-montgolfiere\/","title":{"rendered":"Br\u00e9sil: huit morts dans un accident de montgolfi\u00e8re"},"content":{"rendered":"\n<p>Huit personnes ont trouv\u00e9 la mort samedi dans l&rsquo;incendie puis la chute d&rsquo;une montgolfi\u00e8re dans le sud du Br\u00e9sil, a annonc\u00e9 le gouverneur de l&rsquo;Etat de Santa Catarina. \u00ab\u00a0Huit victimes sont d\u00e9c\u00e9d\u00e9es et treize survivants\u00a0\u00bb, tel est le bilan parmi les \u00ab\u00a021 personnes \u00e0 bord\u00a0\u00bb qui avaient pris place \u00e0 bord de la montgolfi\u00e8re, a d\u00e9clar\u00e9 le gouverneur Jorginho Mello dans un message sur les r\u00e9seaux sociaux. Des vid\u00e9os prises par des t\u00e9moins et diffus\u00e9es par la t\u00e9l\u00e9vision br\u00e9silienne ont montr\u00e9 le moment o\u00f9 le ballon a pris feu dans les airs, au-dessus de la ville c\u00f4ti\u00e8re de Praia Grande. La nacelle s&rsquo;est d\u00e9tach\u00e9e et est tomb\u00e9e en flammes. Les causes de l&rsquo;accident font toujours l&rsquo;objet d&rsquo;une enqu\u00eate. Les vid\u00e9os montrent que les conditions m\u00e9t\u00e9orologiques \u00e9taient bonnes. Praia Grande est une destination r\u00e9put\u00e9e pour la pratique de l&rsquo;a\u00e9rostation au Br\u00e9sil. Il s&rsquo;agit du deuxi\u00e8me accident mortel impliquant une montgolfi\u00e8re au Br\u00e9sil en quelques jours : il y a moins d&rsquo;une semaine, une passag\u00e8re a p\u00e9ri lors d&rsquo;un vol dans l&rsquo;Etat de Sao Paulo (sud-est).<\/p>\n","protected":false},"excerpt":{"rendered":"<p>Huit personnes ont trouv\u00e9 la mort samedi dans l&rsquo;incendie puis la chute d&rsquo;une montgolfi\u00e8re dans le sud du Br\u00e9sil, a annonc\u00e9 le gouverneur de l&rsquo;Etat de Santa Catarina. \u00ab\u00a0Huit victimes sont d\u00e9c\u00e9d\u00e9es et treize survivants\u00a0\u00bb, tel est le bilan parmi les \u00ab\u00a021 personnes \u00e0 bord\u00a0\u00bb qui avaient pris place \u00e0 bord de la montgolfi\u00e8re, a &hellip;<\/p>\n","protected":false},"author":9,"featured_media":52837,"comment_status":"open","ping_status":"open","sticky":false,"template":"","format":"standard","meta":{"footnotes":""},"categories":[44],"tags":[337,4216,4217],"class_list":["post-52835","post","type-post","status-publish","format-standard","has-post-thumbnail","hentry","category-international","tag-bresil","tag-huit-morts","tag-montgolfiere"],"yoast_head":"<!-- This site is optimized with the Yoast SEO Premium plugin v22.6 (Yoast SEO v22.6) - https:\/\/yoast.com\/wordpress\/plugins\/seo\/ -->\n<title>Br\u00e9sil: huit morts dans un accident de montgolfi\u00e8re - El Mawkie<\/title>\n<meta name=\"robots\" content=\"index, follow, max-snippet:-1, max-image-preview:large, max-video-preview:-1\" \/>\n<link rel=\"canonical\" href=\"https:\/\/elmawkie.dz\/fr\/bresil-huit-morts-dans-un-accident-de-montgolfiere\/\" \/>\n<meta property=\"og:locale\" content=\"fr_FR\" \/>\n<meta property=\"og:type\" content=\"article\" \/>\n<meta property=\"og:title\" content=\"Br\u00e9sil: huit morts dans un accident de montgolfi\u00e8re\" \/>\n<meta property=\"og:description\" content=\"Huit personnes ont trouv\u00e9 la mort samedi dans l&rsquo;incendie puis la chute d&rsquo;une montgolfi\u00e8re dans le sud du Br\u00e9sil, a annonc\u00e9 le gouverneur de l&rsquo;Etat de Santa Catarina. \u00ab\u00a0Huit victimes sont d\u00e9c\u00e9d\u00e9es et treize survivants\u00a0\u00bb, tel est le bilan parmi les \u00ab\u00a021 personnes \u00e0 bord\u00a0\u00bb qui avaient pris place \u00e0 bord de la montgolfi\u00e8re, a &hellip;\" \/>\n<meta property=\"og:url\" content=\"https:\/\/elmawkie.dz\/fr\/bresil-huit-morts-dans-un-accident-de-montgolfiere\/\" \/>\n<meta property=\"og:site_name\" content=\"El Mawkie\" \/>\n<meta property=\"article:publisher\" content=\"https:\/\/www.facebook.com\/profile.php?id=100088407094989&amp;locale=fr_FR\" \/>\n<meta property=\"article:published_time\" content=\"2025-06-21T18:14:17+00:00\" \/>\n<meta property=\"article:modified_time\" content=\"2025-06-21T18:14:18+00:00\" \/>\n<meta property=\"og:image\" content=\"https:\/\/elmawkie.dz\/fr\/wp-content\/uploads\/2025\/06\/IMG_7909.jpeg\" \/>\n\t<meta property=\"og:image:width\" content=\"620\" \/>\n\t<meta property=\"og:image:height\" content=\"350\" \/>\n\t<meta property=\"og:image:type\" content=\"image\/jpeg\" \/>\n<meta name=\"author\" content=\"R\u00e9daction\" \/>\n<meta name=\"twitter:card\" content=\"summary_large_image\" \/>\n<meta name=\"twitter:label1\" content=\"Written by\" \/>\n\t<meta name=\"twitter:data1\" content=\"R\u00e9daction\" \/>\n\t<meta name=\"twitter:label2\" content=\"Est. reading time\" \/>\n\t<meta name=\"twitter:data2\" content=\"2 minutes\" \/>\n<script type=\"application\/ld+json\" class=\"yoast-schema-graph\">{\"@context\":\"https:\/\/schema.org\",\"@graph\":[{\"@type\":\"Article\",\"@id\":\"https:\/\/elmawkie.dz\/fr\/bresil-huit-morts-dans-un-accident-de-montgolfiere\/#article\",\"isPartOf\":{\"@id\":\"https:\/\/elmawkie.dz\/fr\/bresil-huit-morts-dans-un-accident-de-montgolfiere\/\"},\"author\":{\"name\":\"R\u00e9daction\",\"@id\":\"https:\/\/elmawkie.dz\/fr\/#\/schema\/person\/e7bd59d6467874ba5c4723d8a9f0a63c\"},\"headline\":\"Br\u00e9sil: huit morts dans un accident de montgolfi\u00e8re\",\"datePublished\":\"2025-06-21T18:14:17+00:00\",\"dateModified\":\"2025-06-21T18:14:18+00:00\",\"mainEntityOfPage\":{\"@id\":\"https:\/\/elmawkie.dz\/fr\/bresil-huit-morts-dans-un-accident-de-montgolfiere\/\"},\"wordCount\":224,\"commentCount\":0,\"publisher\":{\"@id\":\"https:\/\/elmawkie.dz\/fr\/#organization\"},\"image\":{\"@id\":\"https:\/\/elmawkie.dz\/fr\/bresil-huit-morts-dans-un-accident-de-montgolfiere\/#primaryimage\"},\"thumbnailUrl\":\"https:\/\/elmawkie.dz\/fr\/wp-content\/uploads\/2025\/06\/IMG_7909.jpeg\",\"keywords\":[\"Br\u00e9sil\",\"Huit morts\",\"Montgolfi\u00e8re\"],\"articleSection\":[\"International\"],\"inLanguage\":\"fr-FR\",\"potentialAction\":[{\"@type\":\"CommentAction\",\"name\":\"Comment\",\"target\":[\"https:\/\/elmawkie.dz\/fr\/bresil-huit-morts-dans-un-accident-de-montgolfiere\/#respond\"]}]},{\"@type\":\"WebPage\",\"@id\":\"https:\/\/elmawkie.dz\/fr\/bresil-huit-morts-dans-un-accident-de-montgolfiere\/\",\"url\":\"https:\/\/elmawkie.dz\/fr\/bresil-huit-morts-dans-un-accident-de-montgolfiere\/\",\"name\":\"Br\u00e9sil: huit morts dans un accident de montgolfi\u00e8re - El Mawkie\",\"isPartOf\":{\"@id\":\"https:\/\/elmawkie.dz\/fr\/#website\"},\"primaryImageOfPage\":{\"@id\":\"https:\/\/elmawkie.dz\/fr\/bresil-huit-morts-dans-un-accident-de-montgolfiere\/#primaryimage\"},\"image\":{\"@id\":\"https:\/\/elmawkie.dz\/fr\/bresil-huit-morts-dans-un-accident-de-montgolfiere\/#primaryimage\"},\"thumbnailUrl\":\"https:\/\/elmawkie.dz\/fr\/wp-content\/uploads\/2025\/06\/IMG_7909.jpeg\",\"datePublished\":\"2025-06-21T18:14:17+00:00\",\"dateModified\":\"2025-06-21T18:14:18+00:00\",\"breadcrumb\":{\"@id\":\"https:\/\/elmawkie.dz\/fr\/bresil-huit-morts-dans-un-accident-de-montgolfiere\/#breadcrumb\"},\"inLanguage\":\"fr-FR\",\"potentialAction\":[{\"@type\":\"ReadAction\",\"target\":[\"https:\/\/elmawkie.dz\/fr\/bresil-huit-morts-dans-un-accident-de-montgolfiere\/\"]}]},{\"@type\":\"ImageObject\",\"inLanguage\":\"fr-FR\",\"@id\":\"https:\/\/elmawkie.dz\/fr\/bresil-huit-morts-dans-un-accident-de-montgolfiere\/#primaryimage\",\"url\":\"https:\/\/elmawkie.dz\/fr\/wp-content\/uploads\/2025\/06\/IMG_7909.jpeg\",\"contentUrl\":\"https:\/\/elmawkie.dz\/fr\/wp-content\/uploads\/2025\/06\/IMG_7909.jpeg\",\"width\":620,\"height\":350},{\"@type\":\"BreadcrumbList\",\"@id\":\"https:\/\/elmawkie.dz\/fr\/bresil-huit-morts-dans-un-accident-de-montgolfiere\/#breadcrumb\",\"itemListElement\":[{\"@type\":\"ListItem\",\"position\":1,\"name\":\"Home\",\"item\":\"https:\/\/elmawkie.dz\/fr\/\"},{\"@type\":\"ListItem\",\"position\":2,\"name\":\"Br\u00e9sil: huit morts dans un accident de montgolfi\u00e8re\"}]},{\"@type\":\"WebSite\",\"@id\":\"https:\/\/elmawkie.dz\/fr\/#website\",\"url\":\"https:\/\/elmawkie.dz\/fr\/\",\"name\":\"EL MAWKIE\",\"description\":\"Journal \u00c9lectronique Alg\u00e9rien\",\"publisher\":{\"@id\":\"https:\/\/elmawkie.dz\/fr\/#organization\"},\"potentialAction\":[{\"@type\":\"SearchAction\",\"target\":{\"@type\":\"EntryPoint\",\"urlTemplate\":\"https:\/\/elmawkie.dz\/fr\/?s={search_term_string}\"},\"query-input\":\"required name=search_term_string\"}],\"inLanguage\":\"fr-FR\"},{\"@type\":\"Organization\",\"@id\":\"https:\/\/elmawkie.dz\/fr\/#organization\",\"name\":\"EL MAWKIE\",\"url\":\"https:\/\/elmawkie.dz\/fr\/\",\"logo\":{\"@type\":\"ImageObject\",\"inLanguage\":\"fr-FR\",\"@id\":\"https:\/\/elmawkie.dz\/fr\/#\/schema\/logo\/image\/\",\"url\":\"https:\/\/elmawkie.dz\/fr\/wp-content\/uploads\/2024\/05\/logo1.png\",\"contentUrl\":\"https:\/\/elmawkie.dz\/fr\/wp-content\/uploads\/2024\/05\/logo1.png\",\"width\":1648,\"height\":652,\"caption\":\"EL MAWKIE\"},\"image\":{\"@id\":\"https:\/\/elmawkie.dz\/fr\/#\/schema\/logo\/image\/\"},\"sameAs\":[\"https:\/\/www.facebook.com\/profile.php?id=100088407094989&locale=fr_FR\"]},{\"@type\":\"Person\",\"@id\":\"https:\/\/elmawkie.dz\/fr\/#\/schema\/person\/e7bd59d6467874ba5c4723d8a9f0a63c\",\"name\":\"R\u00e9daction\",\"image\":{\"@type\":\"ImageObject\",\"inLanguage\":\"fr-FR\",\"@id\":\"https:\/\/elmawkie.dz\/fr\/#\/schema\/person\/image\/\",\"url\":\"https:\/\/secure.gravatar.com\/avatar\/f0f773456344da4d2788c054a3d30a0c?s=96&d=mm&r=g\",\"contentUrl\":\"https:\/\/secure.gravatar.com\/avatar\/f0f773456344da4d2788c054a3d30a0c?s=96&d=mm&r=g\",\"caption\":\"R\u00e9daction\"},\"url\":\"https:\/\/elmawkie.dz\/fr\/author\/redaction\/\"}]}<\/script>\n<!-- \/ Yoast SEO Premium plugin. -->","yoast_head_json":{"title":"Br\u00e9sil: huit morts dans un accident de montgolfi\u00e8re - El Mawkie","robots":{"index":"index","follow":"follow","max-snippet":"max-snippet:-1","max-image-preview":"max-image-preview:large","max-video-preview":"max-video-preview:-1"},"canonical":"https:\/\/elmawkie.dz\/fr\/bresil-huit-morts-dans-un-accident-de-montgolfiere\/","og_locale":"fr_FR","og_type":"article","og_title":"Br\u00e9sil: huit morts dans un accident de montgolfi\u00e8re","og_description":"Huit personnes ont trouv\u00e9 la mort samedi dans l&rsquo;incendie puis la chute d&rsquo;une montgolfi\u00e8re dans le sud du Br\u00e9sil, a annonc\u00e9 le gouverneur de l&rsquo;Etat de Santa Catarina. \u00ab\u00a0Huit victimes sont d\u00e9c\u00e9d\u00e9es et treize survivants\u00a0\u00bb, tel est le bilan parmi les \u00ab\u00a021 personnes \u00e0 bord\u00a0\u00bb qui avaient pris place \u00e0 bord de la montgolfi\u00e8re, a &hellip;","og_url":"https:\/\/elmawkie.dz\/fr\/bresil-huit-morts-dans-un-accident-de-montgolfiere\/","og_site_name":"El Mawkie","article_publisher":"https:\/\/www.facebook.com\/profile.php?id=100088407094989&locale=fr_FR","article_published_time":"2025-06-21T18:14:17+00:00","article_modified_time":"2025-06-21T18:14:18+00:00","og_image":[{"width":620,"height":350,"url":"https:\/\/elmawkie.dz\/fr\/wp-content\/uploads\/2025\/06\/IMG_7909.jpeg","type":"image\/jpeg"}],"author":"R\u00e9daction","twitter_card":"summary_large_image","twitter_misc":{"Written by":"R\u00e9daction","Est. reading time":"2 minutes"},"schema":{"@context":"https:\/\/schema.org","@graph":[{"@type":"Article","@id":"https:\/\/elmawkie.dz\/fr\/bresil-huit-morts-dans-un-accident-de-montgolfiere\/#article","isPartOf":{"@id":"https:\/\/elmawkie.dz\/fr\/bresil-huit-morts-dans-un-accident-de-montgolfiere\/"},"author":{"name":"R\u00e9daction","@id":"https:\/\/elmawkie.dz\/fr\/#\/schema\/person\/e7bd59d6467874ba5c4723d8a9f0a63c"},"headline":"Br\u00e9sil: huit morts dans un accident de montgolfi\u00e8re","datePublished":"2025-06-21T18:14:17+00:00","dateModified":"2025-06-21T18:14:18+00:00","mainEntityOfPage":{"@id":"https:\/\/elmawkie.dz\/fr\/bresil-huit-morts-dans-un-accident-de-montgolfiere\/"},"wordCount":224,"commentCount":0,"publisher":{"@id":"https:\/\/elmawkie.dz\/fr\/#organization"},"image":{"@id":"https:\/\/elmawkie.dz\/fr\/bresil-huit-morts-dans-un-accident-de-montgolfiere\/#primaryimage"},"thumbnailUrl":"https:\/\/elmawkie.dz\/fr\/wp-content\/uploads\/2025\/06\/IMG_7909.jpeg","keywords":["Br\u00e9sil","Huit morts","Montgolfi\u00e8re"],"articleSection":["International"],"inLanguage":"fr-FR","potentialAction":[{"@type":"CommentAction","name":"Comment","target":["https:\/\/elmawkie.dz\/fr\/bresil-huit-morts-dans-un-accident-de-montgolfiere\/#respond"]}]},{"@type":"WebPage","@id":"https:\/\/elmawkie.dz\/fr\/bresil-huit-morts-dans-un-accident-de-montgolfiere\/","url":"https:\/\/elmawkie.dz\/fr\/bresil-huit-morts-dans-un-accident-de-montgolfiere\/","name":"Br\u00e9sil: huit morts dans un accident de montgolfi\u00e8re - El Mawkie","isPartOf":{"@id":"https:\/\/elmawkie.dz\/fr\/#website"},"primaryImageOfPage":{"@id":"https:\/\/elmawkie.dz\/fr\/bresil-huit-morts-dans-un-accident-de-montgolfiere\/#primaryimage"},"image":{"@id":"https:\/\/elmawkie.dz\/fr\/bresil-huit-morts-dans-un-accident-de-montgolfiere\/#primaryimage"},"thumbnailUrl":"https:\/\/elmawkie.dz\/fr\/wp-content\/uploads\/2025\/06\/IMG_7909.jpeg","datePublished":"2025-06-21T18:14:17+00:00","dateModified":"2025-06-21T18:14:18+00:00","breadcrumb":{"@id":"https:\/\/elmawkie.dz\/fr\/bresil-huit-morts-dans-un-accident-de-montgolfiere\/#breadcrumb"},"inLanguage":"fr-FR","potentialAction":[{"@type":"ReadAction","target":["https:\/\/elmawkie.dz\/fr\/bresil-huit-morts-dans-un-accident-de-montgolfiere\/"]}]},{"@type":"ImageObject","inLanguage":"fr-FR","@id":"https:\/\/elmawkie.dz\/fr\/bresil-huit-morts-dans-un-accident-de-montgolfiere\/#primaryimage","url":"https:\/\/elmawkie.dz\/fr\/wp-content\/uploads\/2025\/06\/IMG_7909.jpeg","contentUrl":"https:\/\/elmawkie.dz\/fr\/wp-content\/uploads\/2025\/06\/IMG_7909.jpeg","width":620,"height":350},{"@type":"BreadcrumbList","@id":"https:\/\/elmawkie.dz\/fr\/bresil-huit-morts-dans-un-accident-de-montgolfiere\/#breadcrumb","itemListElement":[{"@type":"ListItem","position":1,"name":"Home","item":"https:\/\/elmawkie.dz\/fr\/"},{"@type":"ListItem","position":2,"name":"Br\u00e9sil: huit morts dans un accident de montgolfi\u00e8re"}]},{"@type":"WebSite","@id":"https:\/\/elmawkie.dz\/fr\/#website","url":"https:\/\/elmawkie.dz\/fr\/","name":"EL MAWKIE","description":"Journal \u00c9lectronique Alg\u00e9rien","publisher":{"@id":"https:\/\/elmawkie.dz\/fr\/#organization"},"potentialAction":[{"@type":"SearchAction","target":{"@type":"EntryPoint","urlTemplate":"https:\/\/elmawkie.dz\/fr\/?s={search_term_string}"},"query-input":"required name=search_term_string"}],"inLanguage":"fr-FR"},{"@type":"Organization","@id":"https:\/\/elmawkie.dz\/fr\/#organization","name":"EL MAWKIE","url":"https:\/\/elmawkie.dz\/fr\/","logo":{"@type":"ImageObject","inLanguage":"fr-FR","@id":"https:\/\/elmawkie.dz\/fr\/#\/schema\/logo\/image\/","url":"https:\/\/elmawkie.dz\/fr\/wp-content\/uploads\/2024\/05\/logo1.png","contentUrl":"https:\/\/elmawkie.dz\/fr\/wp-content\/uploads\/2024\/05\/logo1.png","width":1648,"height":652,"caption":"EL MAWKIE"},"image":{"@id":"https:\/\/elmawkie.dz\/fr\/#\/schema\/logo\/image\/"},"sameAs":["https:\/\/www.facebook.com\/profile.php?id=100088407094989&locale=fr_FR"]},{"@type":"Person","@id":"https:\/\/elmawkie.dz\/fr\/#\/schema\/person\/e7bd59d6467874ba5c4723d8a9f0a63c","name":"R\u00e9daction","image":{"@type":"ImageObject","inLanguage":"fr-FR","@id":"https:\/\/elmawkie.dz\/fr\/#\/schema\/person\/image\/","url":"https:\/\/secure.gravatar.com\/avatar\/f0f773456344da4d2788c054a3d30a0c?s=96&d=mm&r=g","contentUrl":"https:\/\/secure.gravatar.com\/avatar\/f0f773456344da4d2788c054a3d30a0c?s=96&d=mm&r=g","caption":"R\u00e9daction"},"url":"https:\/\/elmawkie.dz\/fr\/author\/redaction\/"}]}},"_links":{"self":[{"href":"https:\/\/elmawkie.dz\/fr\/wp-json\/wp\/v2\/posts\/52835","targetHints":{"allow":["GET"]}}],"collection":[{"href":"https:\/\/elmawkie.dz\/fr\/wp-json\/wp\/v2\/posts"}],"about":[{"href":"https:\/\/elmawkie.dz\/fr\/wp-json\/wp\/v2\/types\/post"}],"author":[{"embeddable":true,"href":"https:\/\/elmawkie.dz\/fr\/wp-json\/wp\/v2\/users\/9"}],"replies":[{"embeddable":true,"href":"https:\/\/elmawkie.dz\/fr\/wp-json\/wp\/v2\/comments?post=52835"}],"version-history":[{"count":1,"href":"https:\/\/elmawkie.dz\/fr\/wp-json\/wp\/v2\/posts\/52835\/revisions"}],"predecessor-version":[{"id":52838,"href":"https:\/\/elmawkie.dz\/fr\/wp-json\/wp\/v2\/posts\/52835\/revisions\/52838"}],"wp:featuredmedia":[{"embeddable":true,"href":"https:\/\/elmawkie.dz\/fr\/wp-json\/wp\/v2\/media\/52837"}],"wp:attachment":[{"href":"https:\/\/elmawkie.dz\/fr\/wp-json\/wp\/v2\/media?parent=52835"}],"wp:term":[{"taxonomy":"category","embeddable":true,"href":"https:\/\/elmawkie.dz\/fr\/wp-json\/wp\/v2\/categories?post=52835"},{"taxonomy":"post_tag","embeddable":true,"href":"https:\/\/elmawkie.dz\/fr\/wp-json\/wp\/v2\/tags?post=52835"}],"curies":[{"name":"wp","href":"https:\/\/api.w.org\/{rel}","templated":true}]}}