{"id":52830,"date":"2025-06-21T17:57:08","date_gmt":"2025-06-21T16:57:08","guid":{"rendered":"https:\/\/elmawkie.dz\/fr\/?p=52830"},"modified":"2025-06-21T17:57:09","modified_gmt":"2025-06-21T16:57:09","slug":"lancement-officiel-de-la-la-manifestation-alger-capitale-de-la-culture-hassaniya-2025","status":"publish","type":"post","link":"https:\/\/elmawkie.dz\/fr\/lancement-officiel-de-la-la-manifestation-alger-capitale-de-la-culture-hassaniya-2025\/","title":{"rendered":"Lancement officiel de la la manifestation \u201cAlger capitale de la culture Hassaniya 2025\u201d"},"content":{"rendered":"\n<p>La manifestation \u00ab\u00a0Alger capitale de la culture Hassaniya, 2025\u00a0\u00bb s&rsquo;est ouverte, samedi, au Palais de la culture \u00ab\u00a0Moufdi Zakaria\u00a0\u00bb \u00e0 Alger, en pr\u00e9sence des ministres de la Culture de l&rsquo;Alg\u00e9rie, de la R\u00e9publique arabe sahraouie d\u00e9mocratique et de la R\u00e9publique islamique de Mauritanie, ainsi que de plusieurs personnalit\u00e9s politiques, intellectuelles, litt\u00e9raires et artistiques. La c\u00e9r\u00e9monie d&rsquo;ouverture a \u00e9t\u00e9 marqu\u00e9e par la pr\u00e9sence du ministre de la Culture et des Arts, M. Zouhir Ballalou, du ministre de la Culture sahraoui, M. Moussa Salma Labid, du ministre de la Culture, des Arts, de la Communication et des Relations avec le Parlement, porte-parole du gouvernement mauritanien, M. Al-Houssein Ould Medou, du pr\u00e9sident de l&rsquo;Union internationale des \u00e9crivains de Hassaniya, M. Edou Ould Beniouk, du conseiller du pr\u00e9sident de la R\u00e9publique charg\u00e9 des affaires religieuses, des zaou\u00efas et des \u00e9coles coraniques, M. Mohamed Hassouni, du conseiller du pr\u00e9sident de la R\u00e9publique charg\u00e9 des affaires politiques et des relations avec la jeunesse, la soci\u00e9t\u00e9 civile et les partis politiques, M. Zoheir Bouamama, ainsi que des pr\u00e9sidents d&rsquo;organismes nationaux, des intellectuelles et des artistes. La c\u00e9r\u00e9monie d&rsquo;ouverture de cette manifestation, organis\u00e9e sous le th\u00e8me: \u00ab\u00a0La Hassanya nous r\u00e9unit\u00a0\u00bb, a connu l&rsquo;inauguration de diverses expositions en lien avec la culture Hassaniya. Ces expositions comprennent des livres, des manuscrits, des oeuvres cin\u00e9matographiques, de l&rsquo;artisanat, ainsi que des pr\u00e9sentations des coutumes, traditions et rituels patrimoniaux partag\u00e9s par les pays participants. Une exposition sur le Parc national de la culture \u00e0 Tindouf est \u00e9galement au programme. Cette importante manifestation vise \u00e0 faire conna\u00eetre le patrimoine commun de la r\u00e9gion et \u00e0 approfondir les relations entre les peuples. Des d\u00e9l\u00e9gations importantes d&rsquo;artistes, de chercheurs et d&rsquo;\u00e9crivains y participent, dont une quarantaine de Mauritanie et une soixantaine du Sahara Occidental, afin d&rsquo;enrichir les \u00e9changes avec leurs homologues alg\u00e9riens concernant la culture Hassania. Cette manifestation sera marqu\u00e9e par un programme culturel, intellectuel et artistique \u00e9labor\u00e9 pour l&rsquo;occasion, notamment le premier colloque international intitul\u00e9, \u00ab\u00a0La Culture Hassaniya : identit\u00e9 et profondeur africaine partag\u00e9e\u00a0\u00bb, pr\u00e9vu dimanche, avec la participation de chercheurs alg\u00e9riens, mauritaniens et sahraouis, pour discuter de plusieurs axes relatifs aux questions de la pens\u00e9e, la science, la connaissance, l&rsquo;histoire, la culture et la mondialisation dans les soci\u00e9t\u00e9s hassanophones. D&rsquo;autre part, une conf\u00e9rence intitul\u00e9e \u00ab\u00a0Le cin\u00e9ma au service de la culture hassaniya : documentation du patrimoine et revitalisation de l&rsquo;identit\u00e9\u00a0\u00bb, est \u00e9galement pr\u00e9vue, lundi, o\u00f9 les pr\u00e9sents aborderont des sujets tels que \u00ab\u00a0Les repr\u00e9sentations de la culture hassaniya au cin\u00e9ma\u00a0\u00bb, \u00ab\u00a0La dimension linguistique du dialecte hassani et son utilisation cin\u00e9matographique\u00a0\u00bb, \u00ab\u00a0Le cin\u00e9ma alg\u00e9rien au service de la culture hassaniya\u00a0\u00bb, avec la programmation de projections nationales de films cin\u00e9matographiques alg\u00e9riens, mauritaniens et sahraouis. La manifestation \u00ab\u00a0Alger, capitale de la culture Hassaniya\u00a0\u00bb verra \u00e9galement l&rsquo;\u00e9laboration d&rsquo;un riche programme culturel et artistique au niveau des espaces du Palais de la culture \u00ab\u00a0Moufdi-Zakaria\u00a0\u00bb et au Th\u00e9\u00e2tre national alg\u00e9rien (TNA), qui abriteront des soir\u00e9es po\u00e9tiques et artistiques avec des prestations musicales qui mettront en valeur les instruments \u00ab\u00a0Tidinit\u00a0\u00bb et \u00ab\u00a0Ardin\u00a0\u00bb. Organis\u00e9e par le minist\u00e8re de la Culture et des Arts, en collaboration avec l&rsquo;Union internationale des \u00e9crivains de Hassaniya, la manifestation \u00ab\u00a0Alger, capitale de la culture Hassaniya\u00a0\u00bb se poursuivra jusqu&rsquo;au 23 juin en cours.<\/p>\n\n\n\n<figure class=\"wp-block-image size-large\"><img decoding=\"async\" width=\"1024\" height=\"576\" src=\"https:\/\/elmawkie.dz\/fr\/wp-content\/uploads\/2025\/06\/IMG_7902-1024x576.jpeg\" alt=\"\" class=\"wp-image-52832\" srcset=\"https:\/\/elmawkie.dz\/fr\/wp-content\/uploads\/2025\/06\/IMG_7902-1024x576.jpeg 1024w, https:\/\/elmawkie.dz\/fr\/wp-content\/uploads\/2025\/06\/IMG_7902-300x169.jpeg 300w, https:\/\/elmawkie.dz\/fr\/wp-content\/uploads\/2025\/06\/IMG_7902-768x432.jpeg 768w, https:\/\/elmawkie.dz\/fr\/wp-content\/uploads\/2025\/06\/IMG_7902-1536x864.jpeg 1536w, https:\/\/elmawkie.dz\/fr\/wp-content\/uploads\/2025\/06\/IMG_7902-390x220.jpeg 390w, https:\/\/elmawkie.dz\/fr\/wp-content\/uploads\/2025\/06\/IMG_7902.jpeg 2048w\" sizes=\"(max-width: 1024px) 100vw, 1024px\" \/><\/figure>\n","protected":false},"excerpt":{"rendered":"<p>La manifestation \u00ab\u00a0Alger capitale de la culture Hassaniya, 2025\u00a0\u00bb s&rsquo;est ouverte, samedi, au Palais de la culture \u00ab\u00a0Moufdi Zakaria\u00a0\u00bb \u00e0 Alger, en pr\u00e9sence des ministres de la Culture de l&rsquo;Alg\u00e9rie, de la R\u00e9publique arabe sahraouie d\u00e9mocratique et de la R\u00e9publique islamique de Mauritanie, ainsi que de plusieurs personnalit\u00e9s politiques, intellectuelles, litt\u00e9raires et artistiques. La c\u00e9r\u00e9monie &hellip;<\/p>\n","protected":false},"author":9,"featured_media":52833,"comment_status":"open","ping_status":"open","sticky":false,"template":"","format":"standard","meta":{"footnotes":""},"categories":[3],"tags":[450,4215,4214],"class_list":["post-52830","post","type-post","status-publish","format-standard","has-post-thumbnail","hentry","category-bs-culture","tag-alger","tag-capitale-de-la-hassaniya","tag-zohir-bellalou"],"yoast_head":"<!-- This site is optimized with the Yoast SEO Premium plugin v22.6 (Yoast SEO v22.6) - https:\/\/yoast.com\/wordpress\/plugins\/seo\/ -->\n<title>Lancement officiel de la la manifestation \u201cAlger capitale de la culture Hassaniya 2025\u201d - El Mawkie<\/title>\n<meta name=\"robots\" content=\"index, follow, max-snippet:-1, max-image-preview:large, max-video-preview:-1\" \/>\n<link rel=\"canonical\" href=\"https:\/\/elmawkie.dz\/fr\/lancement-officiel-de-la-la-manifestation-alger-capitale-de-la-culture-hassaniya-2025\/\" \/>\n<meta property=\"og:locale\" content=\"fr_FR\" \/>\n<meta property=\"og:type\" content=\"article\" \/>\n<meta property=\"og:title\" content=\"Lancement officiel de la la manifestation \u201cAlger capitale de la culture Hassaniya 2025\u201d\" \/>\n<meta property=\"og:description\" content=\"La manifestation \u00ab\u00a0Alger capitale de la culture Hassaniya, 2025\u00a0\u00bb s&rsquo;est ouverte, samedi, au Palais de la culture \u00ab\u00a0Moufdi Zakaria\u00a0\u00bb \u00e0 Alger, en pr\u00e9sence des ministres de la Culture de l&rsquo;Alg\u00e9rie, de la R\u00e9publique arabe sahraouie d\u00e9mocratique et de la R\u00e9publique islamique de Mauritanie, ainsi que de plusieurs personnalit\u00e9s politiques, intellectuelles, litt\u00e9raires et artistiques. La c\u00e9r\u00e9monie &hellip;\" \/>\n<meta property=\"og:url\" content=\"https:\/\/elmawkie.dz\/fr\/lancement-officiel-de-la-la-manifestation-alger-capitale-de-la-culture-hassaniya-2025\/\" \/>\n<meta property=\"og:site_name\" content=\"El Mawkie\" \/>\n<meta property=\"article:publisher\" content=\"https:\/\/www.facebook.com\/profile.php?id=100088407094989&amp;locale=fr_FR\" \/>\n<meta property=\"article:published_time\" content=\"2025-06-21T16:57:08+00:00\" \/>\n<meta property=\"article:modified_time\" content=\"2025-06-21T16:57:09+00:00\" \/>\n<meta property=\"og:image\" content=\"https:\/\/elmawkie.dz\/fr\/wp-content\/uploads\/2025\/06\/IMG_7901.jpeg\" \/>\n\t<meta property=\"og:image:width\" content=\"2048\" \/>\n\t<meta property=\"og:image:height\" content=\"1152\" \/>\n\t<meta property=\"og:image:type\" content=\"image\/jpeg\" \/>\n<meta name=\"author\" content=\"R\u00e9daction\" \/>\n<meta name=\"twitter:card\" content=\"summary_large_image\" \/>\n<meta name=\"twitter:label1\" content=\"Written by\" \/>\n\t<meta name=\"twitter:data1\" content=\"R\u00e9daction\" \/>\n\t<meta name=\"twitter:label2\" content=\"Est. reading time\" \/>\n\t<meta name=\"twitter:data2\" content=\"4 minutes\" \/>\n<script type=\"application\/ld+json\" class=\"yoast-schema-graph\">{\"@context\":\"https:\/\/schema.org\",\"@graph\":[{\"@type\":\"Article\",\"@id\":\"https:\/\/elmawkie.dz\/fr\/lancement-officiel-de-la-la-manifestation-alger-capitale-de-la-culture-hassaniya-2025\/#article\",\"isPartOf\":{\"@id\":\"https:\/\/elmawkie.dz\/fr\/lancement-officiel-de-la-la-manifestation-alger-capitale-de-la-culture-hassaniya-2025\/\"},\"author\":{\"name\":\"R\u00e9daction\",\"@id\":\"https:\/\/elmawkie.dz\/fr\/#\/schema\/person\/e7bd59d6467874ba5c4723d8a9f0a63c\"},\"headline\":\"Lancement officiel de la la manifestation \u201cAlger capitale de la culture Hassaniya 2025\u201d\",\"datePublished\":\"2025-06-21T16:57:08+00:00\",\"dateModified\":\"2025-06-21T16:57:09+00:00\",\"mainEntityOfPage\":{\"@id\":\"https:\/\/elmawkie.dz\/fr\/lancement-officiel-de-la-la-manifestation-alger-capitale-de-la-culture-hassaniya-2025\/\"},\"wordCount\":605,\"commentCount\":0,\"publisher\":{\"@id\":\"https:\/\/elmawkie.dz\/fr\/#organization\"},\"image\":{\"@id\":\"https:\/\/elmawkie.dz\/fr\/lancement-officiel-de-la-la-manifestation-alger-capitale-de-la-culture-hassaniya-2025\/#primaryimage\"},\"thumbnailUrl\":\"https:\/\/elmawkie.dz\/fr\/wp-content\/uploads\/2025\/06\/IMG_7901.jpeg\",\"keywords\":[\"alger\",\"Capitale de la hassaniya\",\"Zohir bellalou\"],\"articleSection\":[\"Culture\"],\"inLanguage\":\"fr-FR\",\"potentialAction\":[{\"@type\":\"CommentAction\",\"name\":\"Comment\",\"target\":[\"https:\/\/elmawkie.dz\/fr\/lancement-officiel-de-la-la-manifestation-alger-capitale-de-la-culture-hassaniya-2025\/#respond\"]}]},{\"@type\":\"WebPage\",\"@id\":\"https:\/\/elmawkie.dz\/fr\/lancement-officiel-de-la-la-manifestation-alger-capitale-de-la-culture-hassaniya-2025\/\",\"url\":\"https:\/\/elmawkie.dz\/fr\/lancement-officiel-de-la-la-manifestation-alger-capitale-de-la-culture-hassaniya-2025\/\",\"name\":\"Lancement officiel de la la manifestation \u201cAlger capitale de la culture Hassaniya 2025\u201d - El Mawkie\",\"isPartOf\":{\"@id\":\"https:\/\/elmawkie.dz\/fr\/#website\"},\"primaryImageOfPage\":{\"@id\":\"https:\/\/elmawkie.dz\/fr\/lancement-officiel-de-la-la-manifestation-alger-capitale-de-la-culture-hassaniya-2025\/#primaryimage\"},\"image\":{\"@id\":\"https:\/\/elmawkie.dz\/fr\/lancement-officiel-de-la-la-manifestation-alger-capitale-de-la-culture-hassaniya-2025\/#primaryimage\"},\"thumbnailUrl\":\"https:\/\/elmawkie.dz\/fr\/wp-content\/uploads\/2025\/06\/IMG_7901.jpeg\",\"datePublished\":\"2025-06-21T16:57:08+00:00\",\"dateModified\":\"2025-06-21T16:57:09+00:00\",\"breadcrumb\":{\"@id\":\"https:\/\/elmawkie.dz\/fr\/lancement-officiel-de-la-la-manifestation-alger-capitale-de-la-culture-hassaniya-2025\/#breadcrumb\"},\"inLanguage\":\"fr-FR\",\"potentialAction\":[{\"@type\":\"ReadAction\",\"target\":[\"https:\/\/elmawkie.dz\/fr\/lancement-officiel-de-la-la-manifestation-alger-capitale-de-la-culture-hassaniya-2025\/\"]}]},{\"@type\":\"ImageObject\",\"inLanguage\":\"fr-FR\",\"@id\":\"https:\/\/elmawkie.dz\/fr\/lancement-officiel-de-la-la-manifestation-alger-capitale-de-la-culture-hassaniya-2025\/#primaryimage\",\"url\":\"https:\/\/elmawkie.dz\/fr\/wp-content\/uploads\/2025\/06\/IMG_7901.jpeg\",\"contentUrl\":\"https:\/\/elmawkie.dz\/fr\/wp-content\/uploads\/2025\/06\/IMG_7901.jpeg\",\"width\":2048,\"height\":1152},{\"@type\":\"BreadcrumbList\",\"@id\":\"https:\/\/elmawkie.dz\/fr\/lancement-officiel-de-la-la-manifestation-alger-capitale-de-la-culture-hassaniya-2025\/#breadcrumb\",\"itemListElement\":[{\"@type\":\"ListItem\",\"position\":1,\"name\":\"Home\",\"item\":\"https:\/\/elmawkie.dz\/fr\/\"},{\"@type\":\"ListItem\",\"position\":2,\"name\":\"Lancement officiel de la la manifestation \u201cAlger capitale de la culture Hassaniya 2025\u201d\"}]},{\"@type\":\"WebSite\",\"@id\":\"https:\/\/elmawkie.dz\/fr\/#website\",\"url\":\"https:\/\/elmawkie.dz\/fr\/\",\"name\":\"EL MAWKIE\",\"description\":\"Journal \u00c9lectronique Alg\u00e9rien\",\"publisher\":{\"@id\":\"https:\/\/elmawkie.dz\/fr\/#organization\"},\"potentialAction\":[{\"@type\":\"SearchAction\",\"target\":{\"@type\":\"EntryPoint\",\"urlTemplate\":\"https:\/\/elmawkie.dz\/fr\/?s={search_term_string}\"},\"query-input\":\"required name=search_term_string\"}],\"inLanguage\":\"fr-FR\"},{\"@type\":\"Organization\",\"@id\":\"https:\/\/elmawkie.dz\/fr\/#organization\",\"name\":\"EL MAWKIE\",\"url\":\"https:\/\/elmawkie.dz\/fr\/\",\"logo\":{\"@type\":\"ImageObject\",\"inLanguage\":\"fr-FR\",\"@id\":\"https:\/\/elmawkie.dz\/fr\/#\/schema\/logo\/image\/\",\"url\":\"https:\/\/elmawkie.dz\/fr\/wp-content\/uploads\/2024\/05\/logo1.png\",\"contentUrl\":\"https:\/\/elmawkie.dz\/fr\/wp-content\/uploads\/2024\/05\/logo1.png\",\"width\":1648,\"height\":652,\"caption\":\"EL MAWKIE\"},\"image\":{\"@id\":\"https:\/\/elmawkie.dz\/fr\/#\/schema\/logo\/image\/\"},\"sameAs\":[\"https:\/\/www.facebook.com\/profile.php?id=100088407094989&locale=fr_FR\"]},{\"@type\":\"Person\",\"@id\":\"https:\/\/elmawkie.dz\/fr\/#\/schema\/person\/e7bd59d6467874ba5c4723d8a9f0a63c\",\"name\":\"R\u00e9daction\",\"image\":{\"@type\":\"ImageObject\",\"inLanguage\":\"fr-FR\",\"@id\":\"https:\/\/elmawkie.dz\/fr\/#\/schema\/person\/image\/\",\"url\":\"https:\/\/secure.gravatar.com\/avatar\/f0f773456344da4d2788c054a3d30a0c?s=96&d=mm&r=g\",\"contentUrl\":\"https:\/\/secure.gravatar.com\/avatar\/f0f773456344da4d2788c054a3d30a0c?s=96&d=mm&r=g\",\"caption\":\"R\u00e9daction\"},\"url\":\"https:\/\/elmawkie.dz\/fr\/author\/redaction\/\"}]}<\/script>\n<!-- \/ Yoast SEO Premium plugin. -->","yoast_head_json":{"title":"Lancement officiel de la la manifestation \u201cAlger capitale de la culture Hassaniya 2025\u201d - El Mawkie","robots":{"index":"index","follow":"follow","max-snippet":"max-snippet:-1","max-image-preview":"max-image-preview:large","max-video-preview":"max-video-preview:-1"},"canonical":"https:\/\/elmawkie.dz\/fr\/lancement-officiel-de-la-la-manifestation-alger-capitale-de-la-culture-hassaniya-2025\/","og_locale":"fr_FR","og_type":"article","og_title":"Lancement officiel de la la manifestation \u201cAlger capitale de la culture Hassaniya 2025\u201d","og_description":"La manifestation \u00ab\u00a0Alger capitale de la culture Hassaniya, 2025\u00a0\u00bb s&rsquo;est ouverte, samedi, au Palais de la culture \u00ab\u00a0Moufdi Zakaria\u00a0\u00bb \u00e0 Alger, en pr\u00e9sence des ministres de la Culture de l&rsquo;Alg\u00e9rie, de la R\u00e9publique arabe sahraouie d\u00e9mocratique et de la R\u00e9publique islamique de Mauritanie, ainsi que de plusieurs personnalit\u00e9s politiques, intellectuelles, litt\u00e9raires et artistiques. La c\u00e9r\u00e9monie &hellip;","og_url":"https:\/\/elmawkie.dz\/fr\/lancement-officiel-de-la-la-manifestation-alger-capitale-de-la-culture-hassaniya-2025\/","og_site_name":"El Mawkie","article_publisher":"https:\/\/www.facebook.com\/profile.php?id=100088407094989&locale=fr_FR","article_published_time":"2025-06-21T16:57:08+00:00","article_modified_time":"2025-06-21T16:57:09+00:00","og_image":[{"width":2048,"height":1152,"url":"https:\/\/elmawkie.dz\/fr\/wp-content\/uploads\/2025\/06\/IMG_7901.jpeg","type":"image\/jpeg"}],"author":"R\u00e9daction","twitter_card":"summary_large_image","twitter_misc":{"Written by":"R\u00e9daction","Est. reading time":"4 minutes"},"schema":{"@context":"https:\/\/schema.org","@graph":[{"@type":"Article","@id":"https:\/\/elmawkie.dz\/fr\/lancement-officiel-de-la-la-manifestation-alger-capitale-de-la-culture-hassaniya-2025\/#article","isPartOf":{"@id":"https:\/\/elmawkie.dz\/fr\/lancement-officiel-de-la-la-manifestation-alger-capitale-de-la-culture-hassaniya-2025\/"},"author":{"name":"R\u00e9daction","@id":"https:\/\/elmawkie.dz\/fr\/#\/schema\/person\/e7bd59d6467874ba5c4723d8a9f0a63c"},"headline":"Lancement officiel de la la manifestation \u201cAlger capitale de la culture Hassaniya 2025\u201d","datePublished":"2025-06-21T16:57:08+00:00","dateModified":"2025-06-21T16:57:09+00:00","mainEntityOfPage":{"@id":"https:\/\/elmawkie.dz\/fr\/lancement-officiel-de-la-la-manifestation-alger-capitale-de-la-culture-hassaniya-2025\/"},"wordCount":605,"commentCount":0,"publisher":{"@id":"https:\/\/elmawkie.dz\/fr\/#organization"},"image":{"@id":"https:\/\/elmawkie.dz\/fr\/lancement-officiel-de-la-la-manifestation-alger-capitale-de-la-culture-hassaniya-2025\/#primaryimage"},"thumbnailUrl":"https:\/\/elmawkie.dz\/fr\/wp-content\/uploads\/2025\/06\/IMG_7901.jpeg","keywords":["alger","Capitale de la hassaniya","Zohir bellalou"],"articleSection":["Culture"],"inLanguage":"fr-FR","potentialAction":[{"@type":"CommentAction","name":"Comment","target":["https:\/\/elmawkie.dz\/fr\/lancement-officiel-de-la-la-manifestation-alger-capitale-de-la-culture-hassaniya-2025\/#respond"]}]},{"@type":"WebPage","@id":"https:\/\/elmawkie.dz\/fr\/lancement-officiel-de-la-la-manifestation-alger-capitale-de-la-culture-hassaniya-2025\/","url":"https:\/\/elmawkie.dz\/fr\/lancement-officiel-de-la-la-manifestation-alger-capitale-de-la-culture-hassaniya-2025\/","name":"Lancement officiel de la la manifestation \u201cAlger capitale de la culture Hassaniya 2025\u201d - El Mawkie","isPartOf":{"@id":"https:\/\/elmawkie.dz\/fr\/#website"},"primaryImageOfPage":{"@id":"https:\/\/elmawkie.dz\/fr\/lancement-officiel-de-la-la-manifestation-alger-capitale-de-la-culture-hassaniya-2025\/#primaryimage"},"image":{"@id":"https:\/\/elmawkie.dz\/fr\/lancement-officiel-de-la-la-manifestation-alger-capitale-de-la-culture-hassaniya-2025\/#primaryimage"},"thumbnailUrl":"https:\/\/elmawkie.dz\/fr\/wp-content\/uploads\/2025\/06\/IMG_7901.jpeg","datePublished":"2025-06-21T16:57:08+00:00","dateModified":"2025-06-21T16:57:09+00:00","breadcrumb":{"@id":"https:\/\/elmawkie.dz\/fr\/lancement-officiel-de-la-la-manifestation-alger-capitale-de-la-culture-hassaniya-2025\/#breadcrumb"},"inLanguage":"fr-FR","potentialAction":[{"@type":"ReadAction","target":["https:\/\/elmawkie.dz\/fr\/lancement-officiel-de-la-la-manifestation-alger-capitale-de-la-culture-hassaniya-2025\/"]}]},{"@type":"ImageObject","inLanguage":"fr-FR","@id":"https:\/\/elmawkie.dz\/fr\/lancement-officiel-de-la-la-manifestation-alger-capitale-de-la-culture-hassaniya-2025\/#primaryimage","url":"https:\/\/elmawkie.dz\/fr\/wp-content\/uploads\/2025\/06\/IMG_7901.jpeg","contentUrl":"https:\/\/elmawkie.dz\/fr\/wp-content\/uploads\/2025\/06\/IMG_7901.jpeg","width":2048,"height":1152},{"@type":"BreadcrumbList","@id":"https:\/\/elmawkie.dz\/fr\/lancement-officiel-de-la-la-manifestation-alger-capitale-de-la-culture-hassaniya-2025\/#breadcrumb","itemListElement":[{"@type":"ListItem","position":1,"name":"Home","item":"https:\/\/elmawkie.dz\/fr\/"},{"@type":"ListItem","position":2,"name":"Lancement officiel de la la manifestation \u201cAlger capitale de la culture Hassaniya 2025\u201d"}]},{"@type":"WebSite","@id":"https:\/\/elmawkie.dz\/fr\/#website","url":"https:\/\/elmawkie.dz\/fr\/","name":"EL MAWKIE","description":"Journal \u00c9lectronique Alg\u00e9rien","publisher":{"@id":"https:\/\/elmawkie.dz\/fr\/#organization"},"potentialAction":[{"@type":"SearchAction","target":{"@type":"EntryPoint","urlTemplate":"https:\/\/elmawkie.dz\/fr\/?s={search_term_string}"},"query-input":"required name=search_term_string"}],"inLanguage":"fr-FR"},{"@type":"Organization","@id":"https:\/\/elmawkie.dz\/fr\/#organization","name":"EL MAWKIE","url":"https:\/\/elmawkie.dz\/fr\/","logo":{"@type":"ImageObject","inLanguage":"fr-FR","@id":"https:\/\/elmawkie.dz\/fr\/#\/schema\/logo\/image\/","url":"https:\/\/elmawkie.dz\/fr\/wp-content\/uploads\/2024\/05\/logo1.png","contentUrl":"https:\/\/elmawkie.dz\/fr\/wp-content\/uploads\/2024\/05\/logo1.png","width":1648,"height":652,"caption":"EL MAWKIE"},"image":{"@id":"https:\/\/elmawkie.dz\/fr\/#\/schema\/logo\/image\/"},"sameAs":["https:\/\/www.facebook.com\/profile.php?id=100088407094989&locale=fr_FR"]},{"@type":"Person","@id":"https:\/\/elmawkie.dz\/fr\/#\/schema\/person\/e7bd59d6467874ba5c4723d8a9f0a63c","name":"R\u00e9daction","image":{"@type":"ImageObject","inLanguage":"fr-FR","@id":"https:\/\/elmawkie.dz\/fr\/#\/schema\/person\/image\/","url":"https:\/\/secure.gravatar.com\/avatar\/f0f773456344da4d2788c054a3d30a0c?s=96&d=mm&r=g","contentUrl":"https:\/\/secure.gravatar.com\/avatar\/f0f773456344da4d2788c054a3d30a0c?s=96&d=mm&r=g","caption":"R\u00e9daction"},"url":"https:\/\/elmawkie.dz\/fr\/author\/redaction\/"}]}},"_links":{"self":[{"href":"https:\/\/elmawkie.dz\/fr\/wp-json\/wp\/v2\/posts\/52830","targetHints":{"allow":["GET"]}}],"collection":[{"href":"https:\/\/elmawkie.dz\/fr\/wp-json\/wp\/v2\/posts"}],"about":[{"href":"https:\/\/elmawkie.dz\/fr\/wp-json\/wp\/v2\/types\/post"}],"author":[{"embeddable":true,"href":"https:\/\/elmawkie.dz\/fr\/wp-json\/wp\/v2\/users\/9"}],"replies":[{"embeddable":true,"href":"https:\/\/elmawkie.dz\/fr\/wp-json\/wp\/v2\/comments?post=52830"}],"version-history":[{"count":1,"href":"https:\/\/elmawkie.dz\/fr\/wp-json\/wp\/v2\/posts\/52830\/revisions"}],"predecessor-version":[{"id":52834,"href":"https:\/\/elmawkie.dz\/fr\/wp-json\/wp\/v2\/posts\/52830\/revisions\/52834"}],"wp:featuredmedia":[{"embeddable":true,"href":"https:\/\/elmawkie.dz\/fr\/wp-json\/wp\/v2\/media\/52833"}],"wp:attachment":[{"href":"https:\/\/elmawkie.dz\/fr\/wp-json\/wp\/v2\/media?parent=52830"}],"wp:term":[{"taxonomy":"category","embeddable":true,"href":"https:\/\/elmawkie.dz\/fr\/wp-json\/wp\/v2\/categories?post=52830"},{"taxonomy":"post_tag","embeddable":true,"href":"https:\/\/elmawkie.dz\/fr\/wp-json\/wp\/v2\/tags?post=52830"}],"curies":[{"name":"wp","href":"https:\/\/api.w.org\/{rel}","templated":true}]}}