{"id":5281,"date":"2024-09-30T11:31:45","date_gmt":"2024-09-30T10:31:45","guid":{"rendered":"https:\/\/elmawkie.dz\/fr\/?p=5281"},"modified":"2024-09-30T11:32:30","modified_gmt":"2024-09-30T10:32:30","slug":"le-chef-du-hamas-au-liban-est-mort-en-martyr-par-lors-dune-frappe-sioniste","status":"publish","type":"post","link":"https:\/\/elmawkie.dz\/fr\/le-chef-du-hamas-au-liban-est-mort-en-martyr-par-lors-dune-frappe-sioniste\/","title":{"rendered":"Le Chef du Hamas au Liban est mort  en martyr lors d\u2019une frappe sioniste"},"content":{"rendered":"<p><strong><em>Le mouvement de r\u00e9sistance palestinien Hamas a annonc\u00e9 lundi que son chef au Liban est tomb\u00e9 en martyr dans une frappe a\u00e9rienne dans le sud du pays, o\u00f9 l&rsquo;arm\u00e9e d&rsquo;occupation sioniste m\u00e8ne des raids contre le Liban.<\/em><\/strong><\/p>\n<p><em> \u00ab\u00a0Fatah Charif Abou al-Amine, le chef du Hamas au Liban et membre de la direction du mouvement \u00e0 l&rsquo;\u00e9tranger\u00a0\u00bb, est tomb\u00e9 en martyr dans un frappe contre sa maison dans le camp d&rsquo;Al-Bass, dans le sud du Liban, indique un communiqu\u00e9 du Hamas. Il est tomb\u00e9 en martyr avec sa femme, son fils et sa fille lors d&rsquo;un \u00ab\u00a0assassinat terroriste et criminel\u00a0\u00bb, a ajout\u00e9 le mouvement Hamas. L&rsquo;agence officielle libanaise ANI a fait \u00e9tat d&rsquo;une frappe a\u00e9rienne sioniste sur le camp pr\u00e8s de la ville de Tyr, dans le sud du pays.<\/em><\/p>\n<p>R\u00e9daction<\/p>\n","protected":false},"excerpt":{"rendered":"<p>Le mouvement de r\u00e9sistance palestinien Hamas a annonc\u00e9 lundi que son chef au Liban est tomb\u00e9 en martyr dans une frappe a\u00e9rienne dans le sud du pays, o\u00f9 l&rsquo;arm\u00e9e d&rsquo;occupation sioniste m\u00e8ne des raids contre le Liban. \u00ab\u00a0Fatah Charif Abou al-Amine, le chef du Hamas au Liban et membre de la direction du mouvement \u00e0 &hellip;<\/p>\n","protected":false},"author":3,"featured_media":5282,"comment_status":"open","ping_status":"open","sticky":false,"template":"","format":"standard","meta":{"footnotes":""},"categories":[44],"tags":[777,776,312],"class_list":["post-5281","post","type-post","status-publish","format-standard","has-post-thumbnail","hentry","category-international","tag-le-chef-du-hamas","tag-le-chef-du-hams","tag-liban"],"yoast_head":"<!-- This site is optimized with the Yoast SEO Premium plugin v22.6 (Yoast SEO v22.6) - https:\/\/yoast.com\/wordpress\/plugins\/seo\/ -->\n<title>Le Chef du Hamas au Liban est mort en martyr lors d\u2019une frappe sioniste - El Mawkie<\/title>\n<meta name=\"robots\" content=\"index, follow, max-snippet:-1, max-image-preview:large, max-video-preview:-1\" \/>\n<link rel=\"canonical\" href=\"https:\/\/elmawkie.dz\/fr\/le-chef-du-hamas-au-liban-est-mort-en-martyr-par-lors-dune-frappe-sioniste\/\" \/>\n<meta property=\"og:locale\" content=\"fr_FR\" \/>\n<meta property=\"og:type\" content=\"article\" \/>\n<meta property=\"og:title\" content=\"Le Chef du Hamas au Liban est mort en martyr lors d\u2019une frappe sioniste\" \/>\n<meta property=\"og:description\" content=\"Le mouvement de r\u00e9sistance palestinien Hamas a annonc\u00e9 lundi que son chef au Liban est tomb\u00e9 en martyr dans une frappe a\u00e9rienne dans le sud du pays, o\u00f9 l&rsquo;arm\u00e9e d&rsquo;occupation sioniste m\u00e8ne des raids contre le Liban. \u00ab\u00a0Fatah Charif Abou al-Amine, le chef du Hamas au Liban et membre de la direction du mouvement \u00e0 &hellip;\" \/>\n<meta property=\"og:url\" content=\"https:\/\/elmawkie.dz\/fr\/le-chef-du-hamas-au-liban-est-mort-en-martyr-par-lors-dune-frappe-sioniste\/\" \/>\n<meta property=\"og:site_name\" content=\"El Mawkie\" \/>\n<meta property=\"article:publisher\" content=\"https:\/\/www.facebook.com\/profile.php?id=100088407094989&amp;locale=fr_FR\" \/>\n<meta property=\"article:published_time\" content=\"2024-09-30T10:31:45+00:00\" \/>\n<meta property=\"article:modified_time\" content=\"2024-09-30T10:32:30+00:00\" \/>\n<meta property=\"og:image\" content=\"https:\/\/elmawkie.dz\/fr\/wp-content\/uploads\/2024\/09\/IMG_2614.jpeg\" \/>\n\t<meta property=\"og:image:width\" content=\"299\" \/>\n\t<meta property=\"og:image:height\" content=\"168\" \/>\n\t<meta property=\"og:image:type\" content=\"image\/jpeg\" \/>\n<meta name=\"author\" content=\"Hamra Fouzia\" \/>\n<meta name=\"twitter:card\" content=\"summary_large_image\" \/>\n<meta name=\"twitter:label1\" content=\"Written by\" \/>\n\t<meta name=\"twitter:data1\" content=\"Hamra Fouzia\" \/>\n\t<meta name=\"twitter:label2\" content=\"Est. reading time\" \/>\n\t<meta name=\"twitter:data2\" content=\"1 minute\" \/>\n<script type=\"application\/ld+json\" class=\"yoast-schema-graph\">{\"@context\":\"https:\/\/schema.org\",\"@graph\":[{\"@type\":\"Article\",\"@id\":\"https:\/\/elmawkie.dz\/fr\/le-chef-du-hamas-au-liban-est-mort-en-martyr-par-lors-dune-frappe-sioniste\/#article\",\"isPartOf\":{\"@id\":\"https:\/\/elmawkie.dz\/fr\/le-chef-du-hamas-au-liban-est-mort-en-martyr-par-lors-dune-frappe-sioniste\/\"},\"author\":{\"name\":\"Hamra Fouzia\",\"@id\":\"https:\/\/elmawkie.dz\/fr\/#\/schema\/person\/4ed8433201bc23634185d8dd37097c64\"},\"headline\":\"Le Chef du Hamas au Liban est mort en martyr lors d\u2019une frappe sioniste\",\"datePublished\":\"2024-09-30T10:31:45+00:00\",\"dateModified\":\"2024-09-30T10:32:30+00:00\",\"mainEntityOfPage\":{\"@id\":\"https:\/\/elmawkie.dz\/fr\/le-chef-du-hamas-au-liban-est-mort-en-martyr-par-lors-dune-frappe-sioniste\/\"},\"wordCount\":158,\"commentCount\":0,\"publisher\":{\"@id\":\"https:\/\/elmawkie.dz\/fr\/#organization\"},\"image\":{\"@id\":\"https:\/\/elmawkie.dz\/fr\/le-chef-du-hamas-au-liban-est-mort-en-martyr-par-lors-dune-frappe-sioniste\/#primaryimage\"},\"thumbnailUrl\":\"https:\/\/elmawkie.dz\/fr\/wp-content\/uploads\/2024\/09\/IMG_2614.jpeg\",\"keywords\":[\"le chef du hamas\",\"Le chef du hams\",\"liban\"],\"articleSection\":[\"International\"],\"inLanguage\":\"fr-FR\",\"potentialAction\":[{\"@type\":\"CommentAction\",\"name\":\"Comment\",\"target\":[\"https:\/\/elmawkie.dz\/fr\/le-chef-du-hamas-au-liban-est-mort-en-martyr-par-lors-dune-frappe-sioniste\/#respond\"]}]},{\"@type\":\"WebPage\",\"@id\":\"https:\/\/elmawkie.dz\/fr\/le-chef-du-hamas-au-liban-est-mort-en-martyr-par-lors-dune-frappe-sioniste\/\",\"url\":\"https:\/\/elmawkie.dz\/fr\/le-chef-du-hamas-au-liban-est-mort-en-martyr-par-lors-dune-frappe-sioniste\/\",\"name\":\"Le Chef du Hamas au Liban est mort en martyr lors d\u2019une frappe sioniste - El Mawkie\",\"isPartOf\":{\"@id\":\"https:\/\/elmawkie.dz\/fr\/#website\"},\"primaryImageOfPage\":{\"@id\":\"https:\/\/elmawkie.dz\/fr\/le-chef-du-hamas-au-liban-est-mort-en-martyr-par-lors-dune-frappe-sioniste\/#primaryimage\"},\"image\":{\"@id\":\"https:\/\/elmawkie.dz\/fr\/le-chef-du-hamas-au-liban-est-mort-en-martyr-par-lors-dune-frappe-sioniste\/#primaryimage\"},\"thumbnailUrl\":\"https:\/\/elmawkie.dz\/fr\/wp-content\/uploads\/2024\/09\/IMG_2614.jpeg\",\"datePublished\":\"2024-09-30T10:31:45+00:00\",\"dateModified\":\"2024-09-30T10:32:30+00:00\",\"breadcrumb\":{\"@id\":\"https:\/\/elmawkie.dz\/fr\/le-chef-du-hamas-au-liban-est-mort-en-martyr-par-lors-dune-frappe-sioniste\/#breadcrumb\"},\"inLanguage\":\"fr-FR\",\"potentialAction\":[{\"@type\":\"ReadAction\",\"target\":[\"https:\/\/elmawkie.dz\/fr\/le-chef-du-hamas-au-liban-est-mort-en-martyr-par-lors-dune-frappe-sioniste\/\"]}]},{\"@type\":\"ImageObject\",\"inLanguage\":\"fr-FR\",\"@id\":\"https:\/\/elmawkie.dz\/fr\/le-chef-du-hamas-au-liban-est-mort-en-martyr-par-lors-dune-frappe-sioniste\/#primaryimage\",\"url\":\"https:\/\/elmawkie.dz\/fr\/wp-content\/uploads\/2024\/09\/IMG_2614.jpeg\",\"contentUrl\":\"https:\/\/elmawkie.dz\/fr\/wp-content\/uploads\/2024\/09\/IMG_2614.jpeg\",\"width\":299,\"height\":168},{\"@type\":\"BreadcrumbList\",\"@id\":\"https:\/\/elmawkie.dz\/fr\/le-chef-du-hamas-au-liban-est-mort-en-martyr-par-lors-dune-frappe-sioniste\/#breadcrumb\",\"itemListElement\":[{\"@type\":\"ListItem\",\"position\":1,\"name\":\"Home\",\"item\":\"https:\/\/elmawkie.dz\/fr\/\"},{\"@type\":\"ListItem\",\"position\":2,\"name\":\"Le Chef du Hamas au Liban est mort en martyr lors d\u2019une frappe sioniste\"}]},{\"@type\":\"WebSite\",\"@id\":\"https:\/\/elmawkie.dz\/fr\/#website\",\"url\":\"https:\/\/elmawkie.dz\/fr\/\",\"name\":\"EL MAWKIE\",\"description\":\"Journal \u00c9lectronique Alg\u00e9rien\",\"publisher\":{\"@id\":\"https:\/\/elmawkie.dz\/fr\/#organization\"},\"potentialAction\":[{\"@type\":\"SearchAction\",\"target\":{\"@type\":\"EntryPoint\",\"urlTemplate\":\"https:\/\/elmawkie.dz\/fr\/?s={search_term_string}\"},\"query-input\":\"required name=search_term_string\"}],\"inLanguage\":\"fr-FR\"},{\"@type\":\"Organization\",\"@id\":\"https:\/\/elmawkie.dz\/fr\/#organization\",\"name\":\"EL MAWKIE\",\"url\":\"https:\/\/elmawkie.dz\/fr\/\",\"logo\":{\"@type\":\"ImageObject\",\"inLanguage\":\"fr-FR\",\"@id\":\"https:\/\/elmawkie.dz\/fr\/#\/schema\/logo\/image\/\",\"url\":\"https:\/\/elmawkie.dz\/fr\/wp-content\/uploads\/2024\/05\/logo1.png\",\"contentUrl\":\"https:\/\/elmawkie.dz\/fr\/wp-content\/uploads\/2024\/05\/logo1.png\",\"width\":1648,\"height\":652,\"caption\":\"EL MAWKIE\"},\"image\":{\"@id\":\"https:\/\/elmawkie.dz\/fr\/#\/schema\/logo\/image\/\"},\"sameAs\":[\"https:\/\/www.facebook.com\/profile.php?id=100088407094989&locale=fr_FR\"]},{\"@type\":\"Person\",\"@id\":\"https:\/\/elmawkie.dz\/fr\/#\/schema\/person\/4ed8433201bc23634185d8dd37097c64\",\"name\":\"Hamra Fouzia\",\"image\":{\"@type\":\"ImageObject\",\"inLanguage\":\"fr-FR\",\"@id\":\"https:\/\/elmawkie.dz\/fr\/#\/schema\/person\/image\/\",\"url\":\"https:\/\/secure.gravatar.com\/avatar\/ea215268aad51f3219f9a59227db6fa1?s=96&d=mm&r=g\",\"contentUrl\":\"https:\/\/secure.gravatar.com\/avatar\/ea215268aad51f3219f9a59227db6fa1?s=96&d=mm&r=g\",\"caption\":\"Hamra Fouzia\"},\"sameAs\":[\"https:\/\/elmawkie.dz\/fr\"],\"url\":\"https:\/\/elmawkie.dz\/fr\/author\/elmawkie\/\"}]}<\/script>\n<!-- \/ Yoast SEO Premium plugin. -->","yoast_head_json":{"title":"Le Chef du Hamas au Liban est mort en martyr lors d\u2019une frappe sioniste - El Mawkie","robots":{"index":"index","follow":"follow","max-snippet":"max-snippet:-1","max-image-preview":"max-image-preview:large","max-video-preview":"max-video-preview:-1"},"canonical":"https:\/\/elmawkie.dz\/fr\/le-chef-du-hamas-au-liban-est-mort-en-martyr-par-lors-dune-frappe-sioniste\/","og_locale":"fr_FR","og_type":"article","og_title":"Le Chef du Hamas au Liban est mort en martyr lors d\u2019une frappe sioniste","og_description":"Le mouvement de r\u00e9sistance palestinien Hamas a annonc\u00e9 lundi que son chef au Liban est tomb\u00e9 en martyr dans une frappe a\u00e9rienne dans le sud du pays, o\u00f9 l&rsquo;arm\u00e9e d&rsquo;occupation sioniste m\u00e8ne des raids contre le Liban. \u00ab\u00a0Fatah Charif Abou al-Amine, le chef du Hamas au Liban et membre de la direction du mouvement \u00e0 &hellip;","og_url":"https:\/\/elmawkie.dz\/fr\/le-chef-du-hamas-au-liban-est-mort-en-martyr-par-lors-dune-frappe-sioniste\/","og_site_name":"El Mawkie","article_publisher":"https:\/\/www.facebook.com\/profile.php?id=100088407094989&locale=fr_FR","article_published_time":"2024-09-30T10:31:45+00:00","article_modified_time":"2024-09-30T10:32:30+00:00","og_image":[{"width":299,"height":168,"url":"https:\/\/elmawkie.dz\/fr\/wp-content\/uploads\/2024\/09\/IMG_2614.jpeg","type":"image\/jpeg"}],"author":"Hamra Fouzia","twitter_card":"summary_large_image","twitter_misc":{"Written by":"Hamra Fouzia","Est. reading time":"1 minute"},"schema":{"@context":"https:\/\/schema.org","@graph":[{"@type":"Article","@id":"https:\/\/elmawkie.dz\/fr\/le-chef-du-hamas-au-liban-est-mort-en-martyr-par-lors-dune-frappe-sioniste\/#article","isPartOf":{"@id":"https:\/\/elmawkie.dz\/fr\/le-chef-du-hamas-au-liban-est-mort-en-martyr-par-lors-dune-frappe-sioniste\/"},"author":{"name":"Hamra Fouzia","@id":"https:\/\/elmawkie.dz\/fr\/#\/schema\/person\/4ed8433201bc23634185d8dd37097c64"},"headline":"Le Chef du Hamas au Liban est mort en martyr lors d\u2019une frappe sioniste","datePublished":"2024-09-30T10:31:45+00:00","dateModified":"2024-09-30T10:32:30+00:00","mainEntityOfPage":{"@id":"https:\/\/elmawkie.dz\/fr\/le-chef-du-hamas-au-liban-est-mort-en-martyr-par-lors-dune-frappe-sioniste\/"},"wordCount":158,"commentCount":0,"publisher":{"@id":"https:\/\/elmawkie.dz\/fr\/#organization"},"image":{"@id":"https:\/\/elmawkie.dz\/fr\/le-chef-du-hamas-au-liban-est-mort-en-martyr-par-lors-dune-frappe-sioniste\/#primaryimage"},"thumbnailUrl":"https:\/\/elmawkie.dz\/fr\/wp-content\/uploads\/2024\/09\/IMG_2614.jpeg","keywords":["le chef du hamas","Le chef du hams","liban"],"articleSection":["International"],"inLanguage":"fr-FR","potentialAction":[{"@type":"CommentAction","name":"Comment","target":["https:\/\/elmawkie.dz\/fr\/le-chef-du-hamas-au-liban-est-mort-en-martyr-par-lors-dune-frappe-sioniste\/#respond"]}]},{"@type":"WebPage","@id":"https:\/\/elmawkie.dz\/fr\/le-chef-du-hamas-au-liban-est-mort-en-martyr-par-lors-dune-frappe-sioniste\/","url":"https:\/\/elmawkie.dz\/fr\/le-chef-du-hamas-au-liban-est-mort-en-martyr-par-lors-dune-frappe-sioniste\/","name":"Le Chef du Hamas au Liban est mort en martyr lors d\u2019une frappe sioniste - El Mawkie","isPartOf":{"@id":"https:\/\/elmawkie.dz\/fr\/#website"},"primaryImageOfPage":{"@id":"https:\/\/elmawkie.dz\/fr\/le-chef-du-hamas-au-liban-est-mort-en-martyr-par-lors-dune-frappe-sioniste\/#primaryimage"},"image":{"@id":"https:\/\/elmawkie.dz\/fr\/le-chef-du-hamas-au-liban-est-mort-en-martyr-par-lors-dune-frappe-sioniste\/#primaryimage"},"thumbnailUrl":"https:\/\/elmawkie.dz\/fr\/wp-content\/uploads\/2024\/09\/IMG_2614.jpeg","datePublished":"2024-09-30T10:31:45+00:00","dateModified":"2024-09-30T10:32:30+00:00","breadcrumb":{"@id":"https:\/\/elmawkie.dz\/fr\/le-chef-du-hamas-au-liban-est-mort-en-martyr-par-lors-dune-frappe-sioniste\/#breadcrumb"},"inLanguage":"fr-FR","potentialAction":[{"@type":"ReadAction","target":["https:\/\/elmawkie.dz\/fr\/le-chef-du-hamas-au-liban-est-mort-en-martyr-par-lors-dune-frappe-sioniste\/"]}]},{"@type":"ImageObject","inLanguage":"fr-FR","@id":"https:\/\/elmawkie.dz\/fr\/le-chef-du-hamas-au-liban-est-mort-en-martyr-par-lors-dune-frappe-sioniste\/#primaryimage","url":"https:\/\/elmawkie.dz\/fr\/wp-content\/uploads\/2024\/09\/IMG_2614.jpeg","contentUrl":"https:\/\/elmawkie.dz\/fr\/wp-content\/uploads\/2024\/09\/IMG_2614.jpeg","width":299,"height":168},{"@type":"BreadcrumbList","@id":"https:\/\/elmawkie.dz\/fr\/le-chef-du-hamas-au-liban-est-mort-en-martyr-par-lors-dune-frappe-sioniste\/#breadcrumb","itemListElement":[{"@type":"ListItem","position":1,"name":"Home","item":"https:\/\/elmawkie.dz\/fr\/"},{"@type":"ListItem","position":2,"name":"Le Chef du Hamas au Liban est mort en martyr lors d\u2019une frappe sioniste"}]},{"@type":"WebSite","@id":"https:\/\/elmawkie.dz\/fr\/#website","url":"https:\/\/elmawkie.dz\/fr\/","name":"EL MAWKIE","description":"Journal \u00c9lectronique Alg\u00e9rien","publisher":{"@id":"https:\/\/elmawkie.dz\/fr\/#organization"},"potentialAction":[{"@type":"SearchAction","target":{"@type":"EntryPoint","urlTemplate":"https:\/\/elmawkie.dz\/fr\/?s={search_term_string}"},"query-input":"required name=search_term_string"}],"inLanguage":"fr-FR"},{"@type":"Organization","@id":"https:\/\/elmawkie.dz\/fr\/#organization","name":"EL MAWKIE","url":"https:\/\/elmawkie.dz\/fr\/","logo":{"@type":"ImageObject","inLanguage":"fr-FR","@id":"https:\/\/elmawkie.dz\/fr\/#\/schema\/logo\/image\/","url":"https:\/\/elmawkie.dz\/fr\/wp-content\/uploads\/2024\/05\/logo1.png","contentUrl":"https:\/\/elmawkie.dz\/fr\/wp-content\/uploads\/2024\/05\/logo1.png","width":1648,"height":652,"caption":"EL MAWKIE"},"image":{"@id":"https:\/\/elmawkie.dz\/fr\/#\/schema\/logo\/image\/"},"sameAs":["https:\/\/www.facebook.com\/profile.php?id=100088407094989&locale=fr_FR"]},{"@type":"Person","@id":"https:\/\/elmawkie.dz\/fr\/#\/schema\/person\/4ed8433201bc23634185d8dd37097c64","name":"Hamra Fouzia","image":{"@type":"ImageObject","inLanguage":"fr-FR","@id":"https:\/\/elmawkie.dz\/fr\/#\/schema\/person\/image\/","url":"https:\/\/secure.gravatar.com\/avatar\/ea215268aad51f3219f9a59227db6fa1?s=96&d=mm&r=g","contentUrl":"https:\/\/secure.gravatar.com\/avatar\/ea215268aad51f3219f9a59227db6fa1?s=96&d=mm&r=g","caption":"Hamra Fouzia"},"sameAs":["https:\/\/elmawkie.dz\/fr"],"url":"https:\/\/elmawkie.dz\/fr\/author\/elmawkie\/"}]}},"_links":{"self":[{"href":"https:\/\/elmawkie.dz\/fr\/wp-json\/wp\/v2\/posts\/5281","targetHints":{"allow":["GET"]}}],"collection":[{"href":"https:\/\/elmawkie.dz\/fr\/wp-json\/wp\/v2\/posts"}],"about":[{"href":"https:\/\/elmawkie.dz\/fr\/wp-json\/wp\/v2\/types\/post"}],"author":[{"embeddable":true,"href":"https:\/\/elmawkie.dz\/fr\/wp-json\/wp\/v2\/users\/3"}],"replies":[{"embeddable":true,"href":"https:\/\/elmawkie.dz\/fr\/wp-json\/wp\/v2\/comments?post=5281"}],"version-history":[{"count":0,"href":"https:\/\/elmawkie.dz\/fr\/wp-json\/wp\/v2\/posts\/5281\/revisions"}],"wp:featuredmedia":[{"embeddable":true,"href":"https:\/\/elmawkie.dz\/fr\/wp-json\/wp\/v2\/media\/5282"}],"wp:attachment":[{"href":"https:\/\/elmawkie.dz\/fr\/wp-json\/wp\/v2\/media?parent=5281"}],"wp:term":[{"taxonomy":"category","embeddable":true,"href":"https:\/\/elmawkie.dz\/fr\/wp-json\/wp\/v2\/categories?post=5281"},{"taxonomy":"post_tag","embeddable":true,"href":"https:\/\/elmawkie.dz\/fr\/wp-json\/wp\/v2\/tags?post=5281"}],"curies":[{"name":"wp","href":"https:\/\/api.w.org\/{rel}","templated":true}]}}