{"id":52760,"date":"2025-06-20T00:10:30","date_gmt":"2025-06-19T23:10:30","guid":{"rendered":"https:\/\/elmawkie.dz\/fr\/?p=52760"},"modified":"2025-06-20T00:10:30","modified_gmt":"2025-06-19T23:10:30","slug":"allergologie-et-immunologie-clinique-creation-dune-academie-africaine-a-oran","status":"publish","type":"post","link":"https:\/\/elmawkie.dz\/fr\/allergologie-et-immunologie-clinique-creation-dune-academie-africaine-a-oran\/","title":{"rendered":"Allergologie et immunologie clinique : cr\u00e9ation d\u2019une Acad\u00e9mie africaine \u00e0 Oran"},"content":{"rendered":"\n<p><strong>La cr\u00e9ation de l\u2019Acad\u00e9mie africaine d\u2019allergologie et d\u2019immunologie clinique a \u00e9t\u00e9 officialis\u00e9e jeudi soir \u00e0 Oran. Cette nouvelle instance, qui aura son si\u00e8ge \u00e0 Alger, est n\u00e9e \u00e0 l\u2019initiative du Pr Habib Douagui, pr\u00e9sident de la Soci\u00e9t\u00e9 alg\u00e9rienne d\u2019allergologie et d\u2019immunologie clinique, \u00e9galement pr\u00e9sident de la Commission de la sant\u00e9 au Conseil de la Nation.<\/strong><br> La cr\u00e9ation de l\u2019Acad\u00e9mie a \u00e9t\u00e9 r\u00e9v\u00e9l\u00e9e lors de l\u2019ouverture des travaux du 16\u1d49 Congr\u00e8s euro-africain d\u2019allergologie et d\u2019immunologie clinique, organis\u00e9 \u00e0 Oran sous le haut patronage du Pr\u00e9sident de la R\u00e9publique, M. Abdelmadjid Tebboune.<br>L\u2019\u00e9v\u00e9nement a connu la pr\u00e9sence du ministre de la Jeunesse, charg\u00e9 du Conseil sup\u00e9rieur de la jeunesse, M. Mustapha Hidaoui ainsi que du wali d\u2019Oran, M. Samir Chibani. Selon le Professeur Douagui, cette nouvelle acad\u00e9mie vise \u00e0 concevoir des projets li\u00e9s aux maladies allergiques et immunologiques dans diff\u00e9rents pays africains, et \u00e0 guider les instances concern\u00e9es dans la prise de d\u00e9cisions pour d\u00e9velopper ce domaine m\u00e9dical. Il a \u00e9galement soulign\u00e9 que l\u2019objectif du congr\u00e8s est d\u2019assurer la formation continue des jeunes m\u00e9decins. L\u2019\u00e9v\u00e9nement r\u00e9unit environ 500 sp\u00e9cialistes venus de 14 pays, qui d\u00e9battront de l\u2019\u00e9tat actuel de l\u2019allergologie et de ses avanc\u00e9es. Ce congr\u00e8s scientifique vise aussi \u00e0 renforcer les \u00e9tudes cliniques, la formation et la recherche scientifique, qu\u2019elle soit fondamentale ou appliqu\u00e9e, dans les domaines de la pr\u00e9vention, du diagnostic et des approches th\u00e9rapeutiques en allergologie et immunologie. Le Professeur Douagui a soulign\u00e9 que la participation de nombreux experts africains et europ\u00e9ens t\u00e9moigne de l\u2019importance croissante des \u00e9changes scientifiques intercontinentaux et des liens solides entre les communaut\u00e9s m\u00e9dicales pour lutter contre les maladies allergiques et auto-immunes. Dans un message lu en son nom, le pr\u00e9sident du Conseil de la Nation, M. Azouz Nasri, a affirm\u00e9 que haut patronage du pr\u00e9sident de la R\u00e9publique de cet \u00e9v\u00e9nement \u00ab\u00a0traduit l\u2019attention particuli\u00e8re que l\u2019Etat alg\u00e9rien accorde \u00e0 la science, \u00e0 la connaissance et \u00e0 la recherche scientifique au service de la sant\u00e9 publique et de l\u2019am\u00e9lioration de la qualit\u00e9 de vie des citoyens\u00a0\u00bb. Il a ajout\u00e9 que l\u2019organisation de ce congr\u00e8s en Alg\u00e9rie \u00ab\u00a0t\u00e9moigne du r\u00f4le scientifique croissant du pays en tant qu\u2019espace de dialogue et d\u2019\u00e9change acad\u00e9mique entre les deux rives de la M\u00e9diterran\u00e9e et \u00e0 travers les continents europ\u00e9en et africain\u00a0\u00bb. De son c\u00f4t\u00e9, le Professeur Martial Ou\u00e9draogo, pr\u00e9sident de la Soci\u00e9t\u00e9 africaine d\u2019allergologie et d\u2019immunologie clinique, a salu\u00e9 la qualit\u00e9 des intervenants participant \u00e0 cette rencontre, qualifiant le congr\u00e8s de v\u00e9ritable plateforme de coop\u00e9ration scientifique et de partage d\u2019expertise. Le th\u00e8me du congr\u00e8s, \u00ab\u00a0Du diagnostic clinique et mol\u00e9culaire aux th\u00e9rapies biologiques innovantes en allergologie\u00a0\u00bb, illustre, selon lui, les progr\u00e8s consid\u00e9rables de ce domaine. Les conf\u00e9rences traiteront de sujets vari\u00e9s comme l\u2019immunoth\u00e9rapie allerg\u00e9nique, les allergies alimentaires, les traitements biologiques, les interactions entre allergies et maladies auto-immunes, soulignant ainsi la complexit\u00e9 et la dynamique de cette sp\u00e9cialit\u00e9. Lors de la c\u00e9r\u00e9monie d\u2019ouverture, le pr\u00e9sident de la R\u00e9publique Abdelmadjid Tebboune a \u00e9t\u00e9 honor\u00e9 pour son soutien constant au domaine m\u00e9dical et scientifique. Plusieurs m\u00e9decins et chercheurs universitaires ont \u00e9galement \u00e9t\u00e9 distingu\u00e9s. Le congr\u00e8s, qui se poursuit pendant trois jours, aborde des th\u00e9matiques telles que \u00ab\u00a0Innovation en allergologie : \u00e9tat des lieux et perspectives\u00a0\u00bb, \u00ab\u00a0L\u2019immunoth\u00e9rapie allerg\u00e9nique : un nouvel horizon th\u00e9rapeutique\u00a0\u00bb, \u00ab\u00a0Approche personnalis\u00e9e du traitement allergologique\u00a0\u00bb, \u00ab\u00a0Allergies alimentaires : d\u00e9fis et avanc\u00e9es th\u00e9rapeutiques\u00a0\u00bb, \u00ab\u00a0Allergies et comorbidit\u00e9s : lien avec les maladies auto-immunes\u00a0\u00bb, \u00ab\u00a0recommandations africaines pour la prise en charge de l\u2019asthme chez l\u2019adulte et l\u2019enfant\u00a0\u00bb.<\/p>\n","protected":false},"excerpt":{"rendered":"<p>La cr\u00e9ation de l\u2019Acad\u00e9mie africaine d\u2019allergologie et d\u2019immunologie clinique a \u00e9t\u00e9 officialis\u00e9e jeudi soir \u00e0 Oran. Cette nouvelle instance, qui aura son si\u00e8ge \u00e0 Alger, est n\u00e9e \u00e0 l\u2019initiative du Pr Habib Douagui, pr\u00e9sident de la Soci\u00e9t\u00e9 alg\u00e9rienne d\u2019allergologie et d\u2019immunologie clinique, \u00e9galement pr\u00e9sident de la Commission de la sant\u00e9 au Conseil de la Nation. &hellip;<\/p>\n","protected":false},"author":9,"featured_media":52762,"comment_status":"open","ping_status":"open","sticky":false,"template":"","format":"standard","meta":{"footnotes":""},"categories":[50],"tags":[4192,4190,4191,75],"class_list":["post-52760","post","type-post","status-publish","format-standard","has-post-thumbnail","hentry","category-region","tag-academie-africaine","tag-allergologie","tag-immunologie-clinique","tag-oran"],"yoast_head":"<!-- This site is optimized with the Yoast SEO Premium plugin v22.6 (Yoast SEO v22.6) - https:\/\/yoast.com\/wordpress\/plugins\/seo\/ -->\n<title>Allergologie et immunologie clinique : cr\u00e9ation d\u2019une Acad\u00e9mie africaine \u00e0 Oran - El Mawkie<\/title>\n<meta name=\"robots\" content=\"index, follow, max-snippet:-1, max-image-preview:large, max-video-preview:-1\" \/>\n<link rel=\"canonical\" href=\"https:\/\/elmawkie.dz\/fr\/allergologie-et-immunologie-clinique-creation-dune-academie-africaine-a-oran\/\" \/>\n<meta property=\"og:locale\" content=\"fr_FR\" \/>\n<meta property=\"og:type\" content=\"article\" \/>\n<meta property=\"og:title\" content=\"Allergologie et immunologie clinique : cr\u00e9ation d\u2019une Acad\u00e9mie africaine \u00e0 Oran\" \/>\n<meta property=\"og:description\" content=\"La cr\u00e9ation de l\u2019Acad\u00e9mie africaine d\u2019allergologie et d\u2019immunologie clinique a \u00e9t\u00e9 officialis\u00e9e jeudi soir \u00e0 Oran. Cette nouvelle instance, qui aura son si\u00e8ge \u00e0 Alger, est n\u00e9e \u00e0 l\u2019initiative du Pr Habib Douagui, pr\u00e9sident de la Soci\u00e9t\u00e9 alg\u00e9rienne d\u2019allergologie et d\u2019immunologie clinique, \u00e9galement pr\u00e9sident de la Commission de la sant\u00e9 au Conseil de la Nation. &hellip;\" \/>\n<meta property=\"og:url\" content=\"https:\/\/elmawkie.dz\/fr\/allergologie-et-immunologie-clinique-creation-dune-academie-africaine-a-oran\/\" \/>\n<meta property=\"og:site_name\" content=\"El Mawkie\" \/>\n<meta property=\"article:publisher\" content=\"https:\/\/www.facebook.com\/profile.php?id=100088407094989&amp;locale=fr_FR\" \/>\n<meta property=\"article:published_time\" content=\"2025-06-19T23:10:30+00:00\" \/>\n<meta property=\"og:image\" content=\"https:\/\/elmawkie.dz\/fr\/wp-content\/uploads\/2025\/06\/IMG_7811.jpeg\" \/>\n\t<meta property=\"og:image:width\" content=\"1080\" \/>\n\t<meta property=\"og:image:height\" content=\"720\" \/>\n\t<meta property=\"og:image:type\" content=\"image\/jpeg\" \/>\n<meta name=\"author\" content=\"R\u00e9daction\" \/>\n<meta name=\"twitter:card\" content=\"summary_large_image\" \/>\n<meta name=\"twitter:label1\" content=\"Written by\" \/>\n\t<meta name=\"twitter:data1\" content=\"R\u00e9daction\" \/>\n\t<meta name=\"twitter:label2\" content=\"Est. reading time\" \/>\n\t<meta name=\"twitter:data2\" content=\"4 minutes\" \/>\n<script type=\"application\/ld+json\" class=\"yoast-schema-graph\">{\"@context\":\"https:\/\/schema.org\",\"@graph\":[{\"@type\":\"Article\",\"@id\":\"https:\/\/elmawkie.dz\/fr\/allergologie-et-immunologie-clinique-creation-dune-academie-africaine-a-oran\/#article\",\"isPartOf\":{\"@id\":\"https:\/\/elmawkie.dz\/fr\/allergologie-et-immunologie-clinique-creation-dune-academie-africaine-a-oran\/\"},\"author\":{\"name\":\"R\u00e9daction\",\"@id\":\"https:\/\/elmawkie.dz\/fr\/#\/schema\/person\/e7bd59d6467874ba5c4723d8a9f0a63c\"},\"headline\":\"Allergologie et immunologie clinique : cr\u00e9ation d\u2019une Acad\u00e9mie africaine \u00e0 Oran\",\"datePublished\":\"2025-06-19T23:10:30+00:00\",\"dateModified\":\"2025-06-19T23:10:30+00:00\",\"mainEntityOfPage\":{\"@id\":\"https:\/\/elmawkie.dz\/fr\/allergologie-et-immunologie-clinique-creation-dune-academie-africaine-a-oran\/\"},\"wordCount\":681,\"commentCount\":0,\"publisher\":{\"@id\":\"https:\/\/elmawkie.dz\/fr\/#organization\"},\"image\":{\"@id\":\"https:\/\/elmawkie.dz\/fr\/allergologie-et-immunologie-clinique-creation-dune-academie-africaine-a-oran\/#primaryimage\"},\"thumbnailUrl\":\"https:\/\/elmawkie.dz\/fr\/wp-content\/uploads\/2025\/06\/IMG_7811.jpeg\",\"keywords\":[\"Acad\u00e9mie africaine\",\"Allergologie\",\"immunologie clinique\",\"Oran\"],\"articleSection\":[\"R\u00e9gion\"],\"inLanguage\":\"fr-FR\",\"potentialAction\":[{\"@type\":\"CommentAction\",\"name\":\"Comment\",\"target\":[\"https:\/\/elmawkie.dz\/fr\/allergologie-et-immunologie-clinique-creation-dune-academie-africaine-a-oran\/#respond\"]}]},{\"@type\":\"WebPage\",\"@id\":\"https:\/\/elmawkie.dz\/fr\/allergologie-et-immunologie-clinique-creation-dune-academie-africaine-a-oran\/\",\"url\":\"https:\/\/elmawkie.dz\/fr\/allergologie-et-immunologie-clinique-creation-dune-academie-africaine-a-oran\/\",\"name\":\"Allergologie et immunologie clinique : cr\u00e9ation d\u2019une Acad\u00e9mie africaine \u00e0 Oran - El Mawkie\",\"isPartOf\":{\"@id\":\"https:\/\/elmawkie.dz\/fr\/#website\"},\"primaryImageOfPage\":{\"@id\":\"https:\/\/elmawkie.dz\/fr\/allergologie-et-immunologie-clinique-creation-dune-academie-africaine-a-oran\/#primaryimage\"},\"image\":{\"@id\":\"https:\/\/elmawkie.dz\/fr\/allergologie-et-immunologie-clinique-creation-dune-academie-africaine-a-oran\/#primaryimage\"},\"thumbnailUrl\":\"https:\/\/elmawkie.dz\/fr\/wp-content\/uploads\/2025\/06\/IMG_7811.jpeg\",\"datePublished\":\"2025-06-19T23:10:30+00:00\",\"dateModified\":\"2025-06-19T23:10:30+00:00\",\"breadcrumb\":{\"@id\":\"https:\/\/elmawkie.dz\/fr\/allergologie-et-immunologie-clinique-creation-dune-academie-africaine-a-oran\/#breadcrumb\"},\"inLanguage\":\"fr-FR\",\"potentialAction\":[{\"@type\":\"ReadAction\",\"target\":[\"https:\/\/elmawkie.dz\/fr\/allergologie-et-immunologie-clinique-creation-dune-academie-africaine-a-oran\/\"]}]},{\"@type\":\"ImageObject\",\"inLanguage\":\"fr-FR\",\"@id\":\"https:\/\/elmawkie.dz\/fr\/allergologie-et-immunologie-clinique-creation-dune-academie-africaine-a-oran\/#primaryimage\",\"url\":\"https:\/\/elmawkie.dz\/fr\/wp-content\/uploads\/2025\/06\/IMG_7811.jpeg\",\"contentUrl\":\"https:\/\/elmawkie.dz\/fr\/wp-content\/uploads\/2025\/06\/IMG_7811.jpeg\",\"width\":1080,\"height\":720},{\"@type\":\"BreadcrumbList\",\"@id\":\"https:\/\/elmawkie.dz\/fr\/allergologie-et-immunologie-clinique-creation-dune-academie-africaine-a-oran\/#breadcrumb\",\"itemListElement\":[{\"@type\":\"ListItem\",\"position\":1,\"name\":\"Home\",\"item\":\"https:\/\/elmawkie.dz\/fr\/\"},{\"@type\":\"ListItem\",\"position\":2,\"name\":\"Allergologie et immunologie clinique : cr\u00e9ation d\u2019une Acad\u00e9mie africaine \u00e0 Oran\"}]},{\"@type\":\"WebSite\",\"@id\":\"https:\/\/elmawkie.dz\/fr\/#website\",\"url\":\"https:\/\/elmawkie.dz\/fr\/\",\"name\":\"EL MAWKIE\",\"description\":\"Journal \u00c9lectronique Alg\u00e9rien\",\"publisher\":{\"@id\":\"https:\/\/elmawkie.dz\/fr\/#organization\"},\"potentialAction\":[{\"@type\":\"SearchAction\",\"target\":{\"@type\":\"EntryPoint\",\"urlTemplate\":\"https:\/\/elmawkie.dz\/fr\/?s={search_term_string}\"},\"query-input\":\"required name=search_term_string\"}],\"inLanguage\":\"fr-FR\"},{\"@type\":\"Organization\",\"@id\":\"https:\/\/elmawkie.dz\/fr\/#organization\",\"name\":\"EL MAWKIE\",\"url\":\"https:\/\/elmawkie.dz\/fr\/\",\"logo\":{\"@type\":\"ImageObject\",\"inLanguage\":\"fr-FR\",\"@id\":\"https:\/\/elmawkie.dz\/fr\/#\/schema\/logo\/image\/\",\"url\":\"https:\/\/elmawkie.dz\/fr\/wp-content\/uploads\/2024\/05\/logo1.png\",\"contentUrl\":\"https:\/\/elmawkie.dz\/fr\/wp-content\/uploads\/2024\/05\/logo1.png\",\"width\":1648,\"height\":652,\"caption\":\"EL MAWKIE\"},\"image\":{\"@id\":\"https:\/\/elmawkie.dz\/fr\/#\/schema\/logo\/image\/\"},\"sameAs\":[\"https:\/\/www.facebook.com\/profile.php?id=100088407094989&locale=fr_FR\"]},{\"@type\":\"Person\",\"@id\":\"https:\/\/elmawkie.dz\/fr\/#\/schema\/person\/e7bd59d6467874ba5c4723d8a9f0a63c\",\"name\":\"R\u00e9daction\",\"image\":{\"@type\":\"ImageObject\",\"inLanguage\":\"fr-FR\",\"@id\":\"https:\/\/elmawkie.dz\/fr\/#\/schema\/person\/image\/\",\"url\":\"https:\/\/secure.gravatar.com\/avatar\/f0f773456344da4d2788c054a3d30a0c?s=96&d=mm&r=g\",\"contentUrl\":\"https:\/\/secure.gravatar.com\/avatar\/f0f773456344da4d2788c054a3d30a0c?s=96&d=mm&r=g\",\"caption\":\"R\u00e9daction\"},\"url\":\"https:\/\/elmawkie.dz\/fr\/author\/redaction\/\"}]}<\/script>\n<!-- \/ Yoast SEO Premium plugin. -->","yoast_head_json":{"title":"Allergologie et immunologie clinique : cr\u00e9ation d\u2019une Acad\u00e9mie africaine \u00e0 Oran - El Mawkie","robots":{"index":"index","follow":"follow","max-snippet":"max-snippet:-1","max-image-preview":"max-image-preview:large","max-video-preview":"max-video-preview:-1"},"canonical":"https:\/\/elmawkie.dz\/fr\/allergologie-et-immunologie-clinique-creation-dune-academie-africaine-a-oran\/","og_locale":"fr_FR","og_type":"article","og_title":"Allergologie et immunologie clinique : cr\u00e9ation d\u2019une Acad\u00e9mie africaine \u00e0 Oran","og_description":"La cr\u00e9ation de l\u2019Acad\u00e9mie africaine d\u2019allergologie et d\u2019immunologie clinique a \u00e9t\u00e9 officialis\u00e9e jeudi soir \u00e0 Oran. Cette nouvelle instance, qui aura son si\u00e8ge \u00e0 Alger, est n\u00e9e \u00e0 l\u2019initiative du Pr Habib Douagui, pr\u00e9sident de la Soci\u00e9t\u00e9 alg\u00e9rienne d\u2019allergologie et d\u2019immunologie clinique, \u00e9galement pr\u00e9sident de la Commission de la sant\u00e9 au Conseil de la Nation. &hellip;","og_url":"https:\/\/elmawkie.dz\/fr\/allergologie-et-immunologie-clinique-creation-dune-academie-africaine-a-oran\/","og_site_name":"El Mawkie","article_publisher":"https:\/\/www.facebook.com\/profile.php?id=100088407094989&locale=fr_FR","article_published_time":"2025-06-19T23:10:30+00:00","og_image":[{"width":1080,"height":720,"url":"https:\/\/elmawkie.dz\/fr\/wp-content\/uploads\/2025\/06\/IMG_7811.jpeg","type":"image\/jpeg"}],"author":"R\u00e9daction","twitter_card":"summary_large_image","twitter_misc":{"Written by":"R\u00e9daction","Est. reading time":"4 minutes"},"schema":{"@context":"https:\/\/schema.org","@graph":[{"@type":"Article","@id":"https:\/\/elmawkie.dz\/fr\/allergologie-et-immunologie-clinique-creation-dune-academie-africaine-a-oran\/#article","isPartOf":{"@id":"https:\/\/elmawkie.dz\/fr\/allergologie-et-immunologie-clinique-creation-dune-academie-africaine-a-oran\/"},"author":{"name":"R\u00e9daction","@id":"https:\/\/elmawkie.dz\/fr\/#\/schema\/person\/e7bd59d6467874ba5c4723d8a9f0a63c"},"headline":"Allergologie et immunologie clinique : cr\u00e9ation d\u2019une Acad\u00e9mie africaine \u00e0 Oran","datePublished":"2025-06-19T23:10:30+00:00","dateModified":"2025-06-19T23:10:30+00:00","mainEntityOfPage":{"@id":"https:\/\/elmawkie.dz\/fr\/allergologie-et-immunologie-clinique-creation-dune-academie-africaine-a-oran\/"},"wordCount":681,"commentCount":0,"publisher":{"@id":"https:\/\/elmawkie.dz\/fr\/#organization"},"image":{"@id":"https:\/\/elmawkie.dz\/fr\/allergologie-et-immunologie-clinique-creation-dune-academie-africaine-a-oran\/#primaryimage"},"thumbnailUrl":"https:\/\/elmawkie.dz\/fr\/wp-content\/uploads\/2025\/06\/IMG_7811.jpeg","keywords":["Acad\u00e9mie africaine","Allergologie","immunologie clinique","Oran"],"articleSection":["R\u00e9gion"],"inLanguage":"fr-FR","potentialAction":[{"@type":"CommentAction","name":"Comment","target":["https:\/\/elmawkie.dz\/fr\/allergologie-et-immunologie-clinique-creation-dune-academie-africaine-a-oran\/#respond"]}]},{"@type":"WebPage","@id":"https:\/\/elmawkie.dz\/fr\/allergologie-et-immunologie-clinique-creation-dune-academie-africaine-a-oran\/","url":"https:\/\/elmawkie.dz\/fr\/allergologie-et-immunologie-clinique-creation-dune-academie-africaine-a-oran\/","name":"Allergologie et immunologie clinique : cr\u00e9ation d\u2019une Acad\u00e9mie africaine \u00e0 Oran - El Mawkie","isPartOf":{"@id":"https:\/\/elmawkie.dz\/fr\/#website"},"primaryImageOfPage":{"@id":"https:\/\/elmawkie.dz\/fr\/allergologie-et-immunologie-clinique-creation-dune-academie-africaine-a-oran\/#primaryimage"},"image":{"@id":"https:\/\/elmawkie.dz\/fr\/allergologie-et-immunologie-clinique-creation-dune-academie-africaine-a-oran\/#primaryimage"},"thumbnailUrl":"https:\/\/elmawkie.dz\/fr\/wp-content\/uploads\/2025\/06\/IMG_7811.jpeg","datePublished":"2025-06-19T23:10:30+00:00","dateModified":"2025-06-19T23:10:30+00:00","breadcrumb":{"@id":"https:\/\/elmawkie.dz\/fr\/allergologie-et-immunologie-clinique-creation-dune-academie-africaine-a-oran\/#breadcrumb"},"inLanguage":"fr-FR","potentialAction":[{"@type":"ReadAction","target":["https:\/\/elmawkie.dz\/fr\/allergologie-et-immunologie-clinique-creation-dune-academie-africaine-a-oran\/"]}]},{"@type":"ImageObject","inLanguage":"fr-FR","@id":"https:\/\/elmawkie.dz\/fr\/allergologie-et-immunologie-clinique-creation-dune-academie-africaine-a-oran\/#primaryimage","url":"https:\/\/elmawkie.dz\/fr\/wp-content\/uploads\/2025\/06\/IMG_7811.jpeg","contentUrl":"https:\/\/elmawkie.dz\/fr\/wp-content\/uploads\/2025\/06\/IMG_7811.jpeg","width":1080,"height":720},{"@type":"BreadcrumbList","@id":"https:\/\/elmawkie.dz\/fr\/allergologie-et-immunologie-clinique-creation-dune-academie-africaine-a-oran\/#breadcrumb","itemListElement":[{"@type":"ListItem","position":1,"name":"Home","item":"https:\/\/elmawkie.dz\/fr\/"},{"@type":"ListItem","position":2,"name":"Allergologie et immunologie clinique : cr\u00e9ation d\u2019une Acad\u00e9mie africaine \u00e0 Oran"}]},{"@type":"WebSite","@id":"https:\/\/elmawkie.dz\/fr\/#website","url":"https:\/\/elmawkie.dz\/fr\/","name":"EL MAWKIE","description":"Journal \u00c9lectronique Alg\u00e9rien","publisher":{"@id":"https:\/\/elmawkie.dz\/fr\/#organization"},"potentialAction":[{"@type":"SearchAction","target":{"@type":"EntryPoint","urlTemplate":"https:\/\/elmawkie.dz\/fr\/?s={search_term_string}"},"query-input":"required name=search_term_string"}],"inLanguage":"fr-FR"},{"@type":"Organization","@id":"https:\/\/elmawkie.dz\/fr\/#organization","name":"EL MAWKIE","url":"https:\/\/elmawkie.dz\/fr\/","logo":{"@type":"ImageObject","inLanguage":"fr-FR","@id":"https:\/\/elmawkie.dz\/fr\/#\/schema\/logo\/image\/","url":"https:\/\/elmawkie.dz\/fr\/wp-content\/uploads\/2024\/05\/logo1.png","contentUrl":"https:\/\/elmawkie.dz\/fr\/wp-content\/uploads\/2024\/05\/logo1.png","width":1648,"height":652,"caption":"EL MAWKIE"},"image":{"@id":"https:\/\/elmawkie.dz\/fr\/#\/schema\/logo\/image\/"},"sameAs":["https:\/\/www.facebook.com\/profile.php?id=100088407094989&locale=fr_FR"]},{"@type":"Person","@id":"https:\/\/elmawkie.dz\/fr\/#\/schema\/person\/e7bd59d6467874ba5c4723d8a9f0a63c","name":"R\u00e9daction","image":{"@type":"ImageObject","inLanguage":"fr-FR","@id":"https:\/\/elmawkie.dz\/fr\/#\/schema\/person\/image\/","url":"https:\/\/secure.gravatar.com\/avatar\/f0f773456344da4d2788c054a3d30a0c?s=96&d=mm&r=g","contentUrl":"https:\/\/secure.gravatar.com\/avatar\/f0f773456344da4d2788c054a3d30a0c?s=96&d=mm&r=g","caption":"R\u00e9daction"},"url":"https:\/\/elmawkie.dz\/fr\/author\/redaction\/"}]}},"_links":{"self":[{"href":"https:\/\/elmawkie.dz\/fr\/wp-json\/wp\/v2\/posts\/52760","targetHints":{"allow":["GET"]}}],"collection":[{"href":"https:\/\/elmawkie.dz\/fr\/wp-json\/wp\/v2\/posts"}],"about":[{"href":"https:\/\/elmawkie.dz\/fr\/wp-json\/wp\/v2\/types\/post"}],"author":[{"embeddable":true,"href":"https:\/\/elmawkie.dz\/fr\/wp-json\/wp\/v2\/users\/9"}],"replies":[{"embeddable":true,"href":"https:\/\/elmawkie.dz\/fr\/wp-json\/wp\/v2\/comments?post=52760"}],"version-history":[{"count":1,"href":"https:\/\/elmawkie.dz\/fr\/wp-json\/wp\/v2\/posts\/52760\/revisions"}],"predecessor-version":[{"id":52763,"href":"https:\/\/elmawkie.dz\/fr\/wp-json\/wp\/v2\/posts\/52760\/revisions\/52763"}],"wp:featuredmedia":[{"embeddable":true,"href":"https:\/\/elmawkie.dz\/fr\/wp-json\/wp\/v2\/media\/52762"}],"wp:attachment":[{"href":"https:\/\/elmawkie.dz\/fr\/wp-json\/wp\/v2\/media?parent=52760"}],"wp:term":[{"taxonomy":"category","embeddable":true,"href":"https:\/\/elmawkie.dz\/fr\/wp-json\/wp\/v2\/categories?post=52760"},{"taxonomy":"post_tag","embeddable":true,"href":"https:\/\/elmawkie.dz\/fr\/wp-json\/wp\/v2\/tags?post=52760"}],"curies":[{"name":"wp","href":"https:\/\/api.w.org\/{rel}","templated":true}]}}