{"id":5276,"date":"2024-09-30T10:52:45","date_gmt":"2024-09-30T09:52:45","guid":{"rendered":"https:\/\/elmawkie.dz\/fr\/?p=5276"},"modified":"2024-09-30T10:54:36","modified_gmt":"2024-09-30T09:54:36","slug":"espagne-au-moins-48-migrants-portes-disparus-dans-les-canaries","status":"publish","type":"post","link":"https:\/\/elmawkie.dz\/fr\/espagne-au-moins-48-migrants-portes-disparus-dans-les-canaries\/","title":{"rendered":"Espagne: au moins 48 migrants  port\u00e9s disparus dans les Canaries"},"content":{"rendered":"<p><em><strong>Au moins 48 migrants port\u00e9s disparus au large des Canaries ont \u00e9t\u00e9 recherch\u00e9s dimanche pour la seconde journ\u00e9e cons\u00e9cutive par les secours espagnols en mer. Vingt-sept personnes ont pu \u00eatre secourues apr\u00e8s le drame qui s&rsquo;est produit peu apr\u00e8s minuit dans la nuit de vendredi \u00e0 samedi, quand la pirogue et ses dizaines d&rsquo;occupants s&rsquo;est renvers\u00e9e au moment d&rsquo;\u00eatre secourus. Neuf corps sans vie ont \u00e9t\u00e9 rep\u00each\u00e9s imm\u00e9diatement.<\/strong><br \/>\n<\/em><\/p>\n<p><em>Les autorit\u00e9s espagnoles ont indiqu\u00e9 que les migrants \u00e9taient originaires du Mali, de Mauritanie et du S\u00e9n\u00e9gal.<\/em><\/p>\n<p><em>Les services d\u2019urgence ont re\u00e7u un appel samedi peu apr\u00e8s minuit en provenance du bateau, qui se trouvait \u00e0 environ six kilom\u00e8tres \u00e0 l\u2019est d\u2019El Hierro. Le bateau a coul\u00e9 pendant l\u2019op\u00e9ration de sauvetage. <\/em><em>Concernant les personnes qui se sont noy\u00e9es, \u00ab\u00a0il est peu probable que nous puissions retrouver davantage de corps dans les prochaines heures\u00a0\u00bb, avait estim\u00e9 samedi soir devant la presse le pr\u00e9sident de la r\u00e9gion des Iles Canaries, Fernando Clavijo. Il avait jug\u00e9 plus probable que les corps apparaissent \u00ab\u00a0dans les deux ou trois prochains jours\u00a0\u00bb, en fonction des courants. Selon des sources proches du gouvernement, ce sont 90 occupants au total qui pourraient s&rsquo;\u00eatre trouv\u00e9s \u00e0 bord de l&#8217;embarcation, et non 84 comme annonc\u00e9 au d\u00e9part par les secours, ce qui porterait le nombre de disparus \u00e0 plus de 50 personnes et le nombre de morts \u00e0 plus de 60. L&rsquo;accident s&rsquo;est produit \u00e0 environ 4 milles nautiques (environ 7 km) au sud du port de La Estaca sur l&rsquo;\u00eele d&rsquo;El Hierro durant les op\u00e9rations de secours d\u00e9clench\u00e9es, apr\u00e8s un appel, peu apr\u00e8s minuit dans la nuit de vendredi \u00e0 samedi des migrants eux-m\u00eames aux services de sauvetage. \u00a0D\u2019apr\u00e8s lesles secours espagnols, \u2018\u2018 si le bilan humain redout\u00e9 est confirm\u00e9, il pourrait s\u2019agir de l\u2019incident le plus meurtrier en 30 ans de travers\u00e9es de l\u2019Afrique vers les \u00eeles Canaries\u2018\u2018.<\/em><\/p>\n<p>r\u00e9daction<\/p>\n","protected":false},"excerpt":{"rendered":"<p>Au moins 48 migrants port\u00e9s disparus au large des Canaries ont \u00e9t\u00e9 recherch\u00e9s dimanche pour la seconde journ\u00e9e cons\u00e9cutive par les secours espagnols en mer. Vingt-sept personnes ont pu \u00eatre secourues apr\u00e8s le drame qui s&rsquo;est produit peu apr\u00e8s minuit dans la nuit de vendredi \u00e0 samedi, quand la pirogue et ses dizaines d&rsquo;occupants s&rsquo;est &hellip;<\/p>\n","protected":false},"author":3,"featured_media":5280,"comment_status":"open","ping_status":"open","sticky":false,"template":"","format":"standard","meta":{"footnotes":""},"categories":[44],"tags":[199,775,774],"class_list":["post-5276","post","type-post","status-publish","format-standard","has-post-thumbnail","hentry","category-international","tag-espagne","tag-les-canaries","tag-migrants"],"yoast_head":"<!-- This site is optimized with the Yoast SEO Premium plugin v22.6 (Yoast SEO v22.6) - https:\/\/yoast.com\/wordpress\/plugins\/seo\/ -->\n<title>Espagne: au moins 48 migrants port\u00e9s disparus dans les Canaries - El Mawkie<\/title>\n<meta name=\"robots\" content=\"index, follow, max-snippet:-1, max-image-preview:large, max-video-preview:-1\" \/>\n<link rel=\"canonical\" href=\"https:\/\/elmawkie.dz\/fr\/espagne-au-moins-48-migrants-portes-disparus-dans-les-canaries\/\" \/>\n<meta property=\"og:locale\" content=\"fr_FR\" \/>\n<meta property=\"og:type\" content=\"article\" \/>\n<meta property=\"og:title\" content=\"Espagne: au moins 48 migrants port\u00e9s disparus dans les Canaries\" \/>\n<meta property=\"og:description\" content=\"Au moins 48 migrants port\u00e9s disparus au large des Canaries ont \u00e9t\u00e9 recherch\u00e9s dimanche pour la seconde journ\u00e9e cons\u00e9cutive par les secours espagnols en mer. Vingt-sept personnes ont pu \u00eatre secourues apr\u00e8s le drame qui s&rsquo;est produit peu apr\u00e8s minuit dans la nuit de vendredi \u00e0 samedi, quand la pirogue et ses dizaines d&rsquo;occupants s&rsquo;est &hellip;\" \/>\n<meta property=\"og:url\" content=\"https:\/\/elmawkie.dz\/fr\/espagne-au-moins-48-migrants-portes-disparus-dans-les-canaries\/\" \/>\n<meta property=\"og:site_name\" content=\"El Mawkie\" \/>\n<meta property=\"article:publisher\" content=\"https:\/\/www.facebook.com\/profile.php?id=100088407094989&amp;locale=fr_FR\" \/>\n<meta property=\"article:published_time\" content=\"2024-09-30T09:52:45+00:00\" \/>\n<meta property=\"article:modified_time\" content=\"2024-09-30T09:54:36+00:00\" \/>\n<meta property=\"og:image\" content=\"https:\/\/elmawkie.dz\/fr\/wp-content\/uploads\/2024\/09\/IMG_2613.jpeg\" \/>\n\t<meta property=\"og:image:width\" content=\"739\" \/>\n\t<meta property=\"og:image:height\" content=\"415\" \/>\n\t<meta property=\"og:image:type\" content=\"image\/jpeg\" \/>\n<meta name=\"author\" content=\"Hamra Fouzia\" \/>\n<meta name=\"twitter:card\" content=\"summary_large_image\" \/>\n<meta name=\"twitter:label1\" content=\"Written by\" \/>\n\t<meta name=\"twitter:data1\" content=\"Hamra Fouzia\" \/>\n\t<meta name=\"twitter:label2\" content=\"Est. reading time\" \/>\n\t<meta name=\"twitter:data2\" content=\"2 minutes\" \/>\n<script type=\"application\/ld+json\" class=\"yoast-schema-graph\">{\"@context\":\"https:\/\/schema.org\",\"@graph\":[{\"@type\":\"Article\",\"@id\":\"https:\/\/elmawkie.dz\/fr\/espagne-au-moins-48-migrants-portes-disparus-dans-les-canaries\/#article\",\"isPartOf\":{\"@id\":\"https:\/\/elmawkie.dz\/fr\/espagne-au-moins-48-migrants-portes-disparus-dans-les-canaries\/\"},\"author\":{\"name\":\"Hamra Fouzia\",\"@id\":\"https:\/\/elmawkie.dz\/fr\/#\/schema\/person\/4ed8433201bc23634185d8dd37097c64\"},\"headline\":\"Espagne: au moins 48 migrants port\u00e9s disparus dans les Canaries\",\"datePublished\":\"2024-09-30T09:52:45+00:00\",\"dateModified\":\"2024-09-30T09:54:36+00:00\",\"mainEntityOfPage\":{\"@id\":\"https:\/\/elmawkie.dz\/fr\/espagne-au-moins-48-migrants-portes-disparus-dans-les-canaries\/\"},\"wordCount\":351,\"commentCount\":0,\"publisher\":{\"@id\":\"https:\/\/elmawkie.dz\/fr\/#organization\"},\"image\":{\"@id\":\"https:\/\/elmawkie.dz\/fr\/espagne-au-moins-48-migrants-portes-disparus-dans-les-canaries\/#primaryimage\"},\"thumbnailUrl\":\"https:\/\/elmawkie.dz\/fr\/wp-content\/uploads\/2024\/09\/IMG_2613.jpeg\",\"keywords\":[\"Espagne\",\"Les Canaries\",\"migrants\"],\"articleSection\":[\"International\"],\"inLanguage\":\"fr-FR\",\"potentialAction\":[{\"@type\":\"CommentAction\",\"name\":\"Comment\",\"target\":[\"https:\/\/elmawkie.dz\/fr\/espagne-au-moins-48-migrants-portes-disparus-dans-les-canaries\/#respond\"]}]},{\"@type\":\"WebPage\",\"@id\":\"https:\/\/elmawkie.dz\/fr\/espagne-au-moins-48-migrants-portes-disparus-dans-les-canaries\/\",\"url\":\"https:\/\/elmawkie.dz\/fr\/espagne-au-moins-48-migrants-portes-disparus-dans-les-canaries\/\",\"name\":\"Espagne: au moins 48 migrants port\u00e9s disparus dans les Canaries - El Mawkie\",\"isPartOf\":{\"@id\":\"https:\/\/elmawkie.dz\/fr\/#website\"},\"primaryImageOfPage\":{\"@id\":\"https:\/\/elmawkie.dz\/fr\/espagne-au-moins-48-migrants-portes-disparus-dans-les-canaries\/#primaryimage\"},\"image\":{\"@id\":\"https:\/\/elmawkie.dz\/fr\/espagne-au-moins-48-migrants-portes-disparus-dans-les-canaries\/#primaryimage\"},\"thumbnailUrl\":\"https:\/\/elmawkie.dz\/fr\/wp-content\/uploads\/2024\/09\/IMG_2613.jpeg\",\"datePublished\":\"2024-09-30T09:52:45+00:00\",\"dateModified\":\"2024-09-30T09:54:36+00:00\",\"breadcrumb\":{\"@id\":\"https:\/\/elmawkie.dz\/fr\/espagne-au-moins-48-migrants-portes-disparus-dans-les-canaries\/#breadcrumb\"},\"inLanguage\":\"fr-FR\",\"potentialAction\":[{\"@type\":\"ReadAction\",\"target\":[\"https:\/\/elmawkie.dz\/fr\/espagne-au-moins-48-migrants-portes-disparus-dans-les-canaries\/\"]}]},{\"@type\":\"ImageObject\",\"inLanguage\":\"fr-FR\",\"@id\":\"https:\/\/elmawkie.dz\/fr\/espagne-au-moins-48-migrants-portes-disparus-dans-les-canaries\/#primaryimage\",\"url\":\"https:\/\/elmawkie.dz\/fr\/wp-content\/uploads\/2024\/09\/IMG_2613.jpeg\",\"contentUrl\":\"https:\/\/elmawkie.dz\/fr\/wp-content\/uploads\/2024\/09\/IMG_2613.jpeg\",\"width\":739,\"height\":415},{\"@type\":\"BreadcrumbList\",\"@id\":\"https:\/\/elmawkie.dz\/fr\/espagne-au-moins-48-migrants-portes-disparus-dans-les-canaries\/#breadcrumb\",\"itemListElement\":[{\"@type\":\"ListItem\",\"position\":1,\"name\":\"Home\",\"item\":\"https:\/\/elmawkie.dz\/fr\/\"},{\"@type\":\"ListItem\",\"position\":2,\"name\":\"Espagne: au moins 48 migrants port\u00e9s disparus dans les Canaries\"}]},{\"@type\":\"WebSite\",\"@id\":\"https:\/\/elmawkie.dz\/fr\/#website\",\"url\":\"https:\/\/elmawkie.dz\/fr\/\",\"name\":\"EL MAWKIE\",\"description\":\"Journal \u00c9lectronique Alg\u00e9rien\",\"publisher\":{\"@id\":\"https:\/\/elmawkie.dz\/fr\/#organization\"},\"potentialAction\":[{\"@type\":\"SearchAction\",\"target\":{\"@type\":\"EntryPoint\",\"urlTemplate\":\"https:\/\/elmawkie.dz\/fr\/?s={search_term_string}\"},\"query-input\":\"required name=search_term_string\"}],\"inLanguage\":\"fr-FR\"},{\"@type\":\"Organization\",\"@id\":\"https:\/\/elmawkie.dz\/fr\/#organization\",\"name\":\"EL MAWKIE\",\"url\":\"https:\/\/elmawkie.dz\/fr\/\",\"logo\":{\"@type\":\"ImageObject\",\"inLanguage\":\"fr-FR\",\"@id\":\"https:\/\/elmawkie.dz\/fr\/#\/schema\/logo\/image\/\",\"url\":\"https:\/\/elmawkie.dz\/fr\/wp-content\/uploads\/2024\/05\/logo1.png\",\"contentUrl\":\"https:\/\/elmawkie.dz\/fr\/wp-content\/uploads\/2024\/05\/logo1.png\",\"width\":1648,\"height\":652,\"caption\":\"EL MAWKIE\"},\"image\":{\"@id\":\"https:\/\/elmawkie.dz\/fr\/#\/schema\/logo\/image\/\"},\"sameAs\":[\"https:\/\/www.facebook.com\/profile.php?id=100088407094989&locale=fr_FR\"]},{\"@type\":\"Person\",\"@id\":\"https:\/\/elmawkie.dz\/fr\/#\/schema\/person\/4ed8433201bc23634185d8dd37097c64\",\"name\":\"Hamra Fouzia\",\"image\":{\"@type\":\"ImageObject\",\"inLanguage\":\"fr-FR\",\"@id\":\"https:\/\/elmawkie.dz\/fr\/#\/schema\/person\/image\/\",\"url\":\"https:\/\/secure.gravatar.com\/avatar\/ea215268aad51f3219f9a59227db6fa1?s=96&d=mm&r=g\",\"contentUrl\":\"https:\/\/secure.gravatar.com\/avatar\/ea215268aad51f3219f9a59227db6fa1?s=96&d=mm&r=g\",\"caption\":\"Hamra Fouzia\"},\"sameAs\":[\"https:\/\/elmawkie.dz\/fr\"],\"url\":\"https:\/\/elmawkie.dz\/fr\/author\/elmawkie\/\"}]}<\/script>\n<!-- \/ Yoast SEO Premium plugin. -->","yoast_head_json":{"title":"Espagne: au moins 48 migrants port\u00e9s disparus dans les Canaries - El Mawkie","robots":{"index":"index","follow":"follow","max-snippet":"max-snippet:-1","max-image-preview":"max-image-preview:large","max-video-preview":"max-video-preview:-1"},"canonical":"https:\/\/elmawkie.dz\/fr\/espagne-au-moins-48-migrants-portes-disparus-dans-les-canaries\/","og_locale":"fr_FR","og_type":"article","og_title":"Espagne: au moins 48 migrants port\u00e9s disparus dans les Canaries","og_description":"Au moins 48 migrants port\u00e9s disparus au large des Canaries ont \u00e9t\u00e9 recherch\u00e9s dimanche pour la seconde journ\u00e9e cons\u00e9cutive par les secours espagnols en mer. Vingt-sept personnes ont pu \u00eatre secourues apr\u00e8s le drame qui s&rsquo;est produit peu apr\u00e8s minuit dans la nuit de vendredi \u00e0 samedi, quand la pirogue et ses dizaines d&rsquo;occupants s&rsquo;est &hellip;","og_url":"https:\/\/elmawkie.dz\/fr\/espagne-au-moins-48-migrants-portes-disparus-dans-les-canaries\/","og_site_name":"El Mawkie","article_publisher":"https:\/\/www.facebook.com\/profile.php?id=100088407094989&locale=fr_FR","article_published_time":"2024-09-30T09:52:45+00:00","article_modified_time":"2024-09-30T09:54:36+00:00","og_image":[{"width":739,"height":415,"url":"https:\/\/elmawkie.dz\/fr\/wp-content\/uploads\/2024\/09\/IMG_2613.jpeg","type":"image\/jpeg"}],"author":"Hamra Fouzia","twitter_card":"summary_large_image","twitter_misc":{"Written by":"Hamra Fouzia","Est. reading time":"2 minutes"},"schema":{"@context":"https:\/\/schema.org","@graph":[{"@type":"Article","@id":"https:\/\/elmawkie.dz\/fr\/espagne-au-moins-48-migrants-portes-disparus-dans-les-canaries\/#article","isPartOf":{"@id":"https:\/\/elmawkie.dz\/fr\/espagne-au-moins-48-migrants-portes-disparus-dans-les-canaries\/"},"author":{"name":"Hamra Fouzia","@id":"https:\/\/elmawkie.dz\/fr\/#\/schema\/person\/4ed8433201bc23634185d8dd37097c64"},"headline":"Espagne: au moins 48 migrants port\u00e9s disparus dans les Canaries","datePublished":"2024-09-30T09:52:45+00:00","dateModified":"2024-09-30T09:54:36+00:00","mainEntityOfPage":{"@id":"https:\/\/elmawkie.dz\/fr\/espagne-au-moins-48-migrants-portes-disparus-dans-les-canaries\/"},"wordCount":351,"commentCount":0,"publisher":{"@id":"https:\/\/elmawkie.dz\/fr\/#organization"},"image":{"@id":"https:\/\/elmawkie.dz\/fr\/espagne-au-moins-48-migrants-portes-disparus-dans-les-canaries\/#primaryimage"},"thumbnailUrl":"https:\/\/elmawkie.dz\/fr\/wp-content\/uploads\/2024\/09\/IMG_2613.jpeg","keywords":["Espagne","Les Canaries","migrants"],"articleSection":["International"],"inLanguage":"fr-FR","potentialAction":[{"@type":"CommentAction","name":"Comment","target":["https:\/\/elmawkie.dz\/fr\/espagne-au-moins-48-migrants-portes-disparus-dans-les-canaries\/#respond"]}]},{"@type":"WebPage","@id":"https:\/\/elmawkie.dz\/fr\/espagne-au-moins-48-migrants-portes-disparus-dans-les-canaries\/","url":"https:\/\/elmawkie.dz\/fr\/espagne-au-moins-48-migrants-portes-disparus-dans-les-canaries\/","name":"Espagne: au moins 48 migrants port\u00e9s disparus dans les Canaries - El Mawkie","isPartOf":{"@id":"https:\/\/elmawkie.dz\/fr\/#website"},"primaryImageOfPage":{"@id":"https:\/\/elmawkie.dz\/fr\/espagne-au-moins-48-migrants-portes-disparus-dans-les-canaries\/#primaryimage"},"image":{"@id":"https:\/\/elmawkie.dz\/fr\/espagne-au-moins-48-migrants-portes-disparus-dans-les-canaries\/#primaryimage"},"thumbnailUrl":"https:\/\/elmawkie.dz\/fr\/wp-content\/uploads\/2024\/09\/IMG_2613.jpeg","datePublished":"2024-09-30T09:52:45+00:00","dateModified":"2024-09-30T09:54:36+00:00","breadcrumb":{"@id":"https:\/\/elmawkie.dz\/fr\/espagne-au-moins-48-migrants-portes-disparus-dans-les-canaries\/#breadcrumb"},"inLanguage":"fr-FR","potentialAction":[{"@type":"ReadAction","target":["https:\/\/elmawkie.dz\/fr\/espagne-au-moins-48-migrants-portes-disparus-dans-les-canaries\/"]}]},{"@type":"ImageObject","inLanguage":"fr-FR","@id":"https:\/\/elmawkie.dz\/fr\/espagne-au-moins-48-migrants-portes-disparus-dans-les-canaries\/#primaryimage","url":"https:\/\/elmawkie.dz\/fr\/wp-content\/uploads\/2024\/09\/IMG_2613.jpeg","contentUrl":"https:\/\/elmawkie.dz\/fr\/wp-content\/uploads\/2024\/09\/IMG_2613.jpeg","width":739,"height":415},{"@type":"BreadcrumbList","@id":"https:\/\/elmawkie.dz\/fr\/espagne-au-moins-48-migrants-portes-disparus-dans-les-canaries\/#breadcrumb","itemListElement":[{"@type":"ListItem","position":1,"name":"Home","item":"https:\/\/elmawkie.dz\/fr\/"},{"@type":"ListItem","position":2,"name":"Espagne: au moins 48 migrants port\u00e9s disparus dans les Canaries"}]},{"@type":"WebSite","@id":"https:\/\/elmawkie.dz\/fr\/#website","url":"https:\/\/elmawkie.dz\/fr\/","name":"EL MAWKIE","description":"Journal \u00c9lectronique Alg\u00e9rien","publisher":{"@id":"https:\/\/elmawkie.dz\/fr\/#organization"},"potentialAction":[{"@type":"SearchAction","target":{"@type":"EntryPoint","urlTemplate":"https:\/\/elmawkie.dz\/fr\/?s={search_term_string}"},"query-input":"required name=search_term_string"}],"inLanguage":"fr-FR"},{"@type":"Organization","@id":"https:\/\/elmawkie.dz\/fr\/#organization","name":"EL MAWKIE","url":"https:\/\/elmawkie.dz\/fr\/","logo":{"@type":"ImageObject","inLanguage":"fr-FR","@id":"https:\/\/elmawkie.dz\/fr\/#\/schema\/logo\/image\/","url":"https:\/\/elmawkie.dz\/fr\/wp-content\/uploads\/2024\/05\/logo1.png","contentUrl":"https:\/\/elmawkie.dz\/fr\/wp-content\/uploads\/2024\/05\/logo1.png","width":1648,"height":652,"caption":"EL MAWKIE"},"image":{"@id":"https:\/\/elmawkie.dz\/fr\/#\/schema\/logo\/image\/"},"sameAs":["https:\/\/www.facebook.com\/profile.php?id=100088407094989&locale=fr_FR"]},{"@type":"Person","@id":"https:\/\/elmawkie.dz\/fr\/#\/schema\/person\/4ed8433201bc23634185d8dd37097c64","name":"Hamra Fouzia","image":{"@type":"ImageObject","inLanguage":"fr-FR","@id":"https:\/\/elmawkie.dz\/fr\/#\/schema\/person\/image\/","url":"https:\/\/secure.gravatar.com\/avatar\/ea215268aad51f3219f9a59227db6fa1?s=96&d=mm&r=g","contentUrl":"https:\/\/secure.gravatar.com\/avatar\/ea215268aad51f3219f9a59227db6fa1?s=96&d=mm&r=g","caption":"Hamra Fouzia"},"sameAs":["https:\/\/elmawkie.dz\/fr"],"url":"https:\/\/elmawkie.dz\/fr\/author\/elmawkie\/"}]}},"_links":{"self":[{"href":"https:\/\/elmawkie.dz\/fr\/wp-json\/wp\/v2\/posts\/5276","targetHints":{"allow":["GET"]}}],"collection":[{"href":"https:\/\/elmawkie.dz\/fr\/wp-json\/wp\/v2\/posts"}],"about":[{"href":"https:\/\/elmawkie.dz\/fr\/wp-json\/wp\/v2\/types\/post"}],"author":[{"embeddable":true,"href":"https:\/\/elmawkie.dz\/fr\/wp-json\/wp\/v2\/users\/3"}],"replies":[{"embeddable":true,"href":"https:\/\/elmawkie.dz\/fr\/wp-json\/wp\/v2\/comments?post=5276"}],"version-history":[{"count":0,"href":"https:\/\/elmawkie.dz\/fr\/wp-json\/wp\/v2\/posts\/5276\/revisions"}],"wp:featuredmedia":[{"embeddable":true,"href":"https:\/\/elmawkie.dz\/fr\/wp-json\/wp\/v2\/media\/5280"}],"wp:attachment":[{"href":"https:\/\/elmawkie.dz\/fr\/wp-json\/wp\/v2\/media?parent=5276"}],"wp:term":[{"taxonomy":"category","embeddable":true,"href":"https:\/\/elmawkie.dz\/fr\/wp-json\/wp\/v2\/categories?post=5276"},{"taxonomy":"post_tag","embeddable":true,"href":"https:\/\/elmawkie.dz\/fr\/wp-json\/wp\/v2\/tags?post=5276"}],"curies":[{"name":"wp","href":"https:\/\/api.w.org\/{rel}","templated":true}]}}