{"id":52756,"date":"2025-06-20T00:03:05","date_gmt":"2025-06-19T23:03:05","guid":{"rendered":"https:\/\/elmawkie.dz\/fr\/?p=52756"},"modified":"2025-06-20T00:03:05","modified_gmt":"2025-06-19T23:03:05","slug":"hadj-2025-ghardaia-accueil-son-premier-groupe-de-pelerins","status":"publish","type":"post","link":"https:\/\/elmawkie.dz\/fr\/hadj-2025-ghardaia-accueil-son-premier-groupe-de-pelerins\/","title":{"rendered":"Hadj 2025 : Gharda\u00efa accueil son premier groupe de p\u00e8lerins"},"content":{"rendered":"\n<p>Le premier groupe de p\u00e8lerins de la wilaya de Ghardaia et El Meneaa est arriv\u00e9, jeudi soir, \u00e0 l\u2019a\u00e9roport International Moufdi-Zakaria de Ghardaia, de retour des lieux saints de l\u2019Islam apr\u00e8s avoir accompli les rites du hadj au titre de la saison 1446 h\u00e9gire\/2025. Ce premier groupe compos\u00e9 de 374 hadjis a \u00e9t\u00e9 accueilli sur le tarmac de l\u2019a\u00e9roport Moufdi-Zakaria par le wali de Ghardaia, Abdellah Abinouar en pr\u00e9sence des autorit\u00e9s locales. Plusieurs \u00e9l\u00e9ments de la Protection civile, des services des douanes, Scouts musulmans et du Croissant-Rouge alg\u00e9riens ont \u00e9t\u00e9 mobilis\u00e9s pour assurer, dans de bonnes conditions l\u2019accueil et faciliter l\u2019organisation et la prise en charg\u00e9 des hadjis pour rejoindre leurs familles. Des p\u00e8lerins approch\u00e9s par l&rsquo;APS ont exprim\u00e9 leur satisfaction quant aux facilitations mises en place au niveau de l\u2019a\u00e9roport par les autorit\u00e9s ainsi que l\u2019organisation et les moyens mobilis\u00e9s pour leur s\u00e9jour dans les lieux saints de l\u2019Islam. Quatre (4) vols ont \u00e9t\u00e9 programm\u00e9s au d\u00e9part et retour via l&rsquo;a\u00e9roport Moufdi Zakaria de Ghardaia pour transporter 1353 hajis des wilayas de Ghardaia et El Meneaa, signale-t-on.<\/p>\n","protected":false},"excerpt":{"rendered":"<p>Le premier groupe de p\u00e8lerins de la wilaya de Ghardaia et El Meneaa est arriv\u00e9, jeudi soir, \u00e0 l\u2019a\u00e9roport International Moufdi-Zakaria de Ghardaia, de retour des lieux saints de l\u2019Islam apr\u00e8s avoir accompli les rites du hadj au titre de la saison 1446 h\u00e9gire\/2025. Ce premier groupe compos\u00e9 de 374 hadjis a \u00e9t\u00e9 accueilli sur &hellip;<\/p>\n","protected":false},"author":9,"featured_media":52758,"comment_status":"open","ping_status":"open","sticky":false,"template":"","format":"standard","meta":{"footnotes":""},"categories":[50],"tags":[895,1201],"class_list":["post-52756","post","type-post","status-publish","format-standard","has-post-thumbnail","hentry","category-region","tag-ghardaia","tag-hadj-2025"],"yoast_head":"<!-- This site is optimized with the Yoast SEO Premium plugin v22.6 (Yoast SEO v22.6) - https:\/\/yoast.com\/wordpress\/plugins\/seo\/ -->\n<title>Hadj 2025 : Gharda\u00efa accueil son premier groupe de p\u00e8lerins - El Mawkie<\/title>\n<meta name=\"robots\" content=\"index, follow, max-snippet:-1, max-image-preview:large, max-video-preview:-1\" \/>\n<link rel=\"canonical\" href=\"https:\/\/elmawkie.dz\/fr\/hadj-2025-ghardaia-accueil-son-premier-groupe-de-pelerins\/\" \/>\n<meta property=\"og:locale\" content=\"fr_FR\" \/>\n<meta property=\"og:type\" content=\"article\" \/>\n<meta property=\"og:title\" content=\"Hadj 2025 : Gharda\u00efa accueil son premier groupe de p\u00e8lerins\" \/>\n<meta property=\"og:description\" content=\"Le premier groupe de p\u00e8lerins de la wilaya de Ghardaia et El Meneaa est arriv\u00e9, jeudi soir, \u00e0 l\u2019a\u00e9roport International Moufdi-Zakaria de Ghardaia, de retour des lieux saints de l\u2019Islam apr\u00e8s avoir accompli les rites du hadj au titre de la saison 1446 h\u00e9gire\/2025. Ce premier groupe compos\u00e9 de 374 hadjis a \u00e9t\u00e9 accueilli sur &hellip;\" \/>\n<meta property=\"og:url\" content=\"https:\/\/elmawkie.dz\/fr\/hadj-2025-ghardaia-accueil-son-premier-groupe-de-pelerins\/\" \/>\n<meta property=\"og:site_name\" content=\"El Mawkie\" \/>\n<meta property=\"article:publisher\" content=\"https:\/\/www.facebook.com\/profile.php?id=100088407094989&amp;locale=fr_FR\" \/>\n<meta property=\"article:published_time\" content=\"2025-06-19T23:03:05+00:00\" \/>\n<meta property=\"og:image\" content=\"https:\/\/elmawkie.dz\/fr\/wp-content\/uploads\/2025\/06\/IMG_7810.jpeg\" \/>\n\t<meta property=\"og:image:width\" content=\"2048\" \/>\n\t<meta property=\"og:image:height\" content=\"1365\" \/>\n\t<meta property=\"og:image:type\" content=\"image\/jpeg\" \/>\n<meta name=\"author\" content=\"R\u00e9daction\" \/>\n<meta name=\"twitter:card\" content=\"summary_large_image\" \/>\n<meta name=\"twitter:label1\" content=\"Written by\" \/>\n\t<meta name=\"twitter:data1\" content=\"R\u00e9daction\" \/>\n\t<meta name=\"twitter:label2\" content=\"Est. reading time\" \/>\n\t<meta name=\"twitter:data2\" content=\"2 minutes\" \/>\n<script type=\"application\/ld+json\" class=\"yoast-schema-graph\">{\"@context\":\"https:\/\/schema.org\",\"@graph\":[{\"@type\":\"Article\",\"@id\":\"https:\/\/elmawkie.dz\/fr\/hadj-2025-ghardaia-accueil-son-premier-groupe-de-pelerins\/#article\",\"isPartOf\":{\"@id\":\"https:\/\/elmawkie.dz\/fr\/hadj-2025-ghardaia-accueil-son-premier-groupe-de-pelerins\/\"},\"author\":{\"name\":\"R\u00e9daction\",\"@id\":\"https:\/\/elmawkie.dz\/fr\/#\/schema\/person\/e7bd59d6467874ba5c4723d8a9f0a63c\"},\"headline\":\"Hadj 2025 : Gharda\u00efa accueil son premier groupe de p\u00e8lerins\",\"datePublished\":\"2025-06-19T23:03:05+00:00\",\"dateModified\":\"2025-06-19T23:03:05+00:00\",\"mainEntityOfPage\":{\"@id\":\"https:\/\/elmawkie.dz\/fr\/hadj-2025-ghardaia-accueil-son-premier-groupe-de-pelerins\/\"},\"wordCount\":212,\"commentCount\":0,\"publisher\":{\"@id\":\"https:\/\/elmawkie.dz\/fr\/#organization\"},\"image\":{\"@id\":\"https:\/\/elmawkie.dz\/fr\/hadj-2025-ghardaia-accueil-son-premier-groupe-de-pelerins\/#primaryimage\"},\"thumbnailUrl\":\"https:\/\/elmawkie.dz\/fr\/wp-content\/uploads\/2025\/06\/IMG_7810.jpeg\",\"keywords\":[\"Gharda\u00efa\",\"Hadj 2025\"],\"articleSection\":[\"R\u00e9gion\"],\"inLanguage\":\"fr-FR\",\"potentialAction\":[{\"@type\":\"CommentAction\",\"name\":\"Comment\",\"target\":[\"https:\/\/elmawkie.dz\/fr\/hadj-2025-ghardaia-accueil-son-premier-groupe-de-pelerins\/#respond\"]}]},{\"@type\":\"WebPage\",\"@id\":\"https:\/\/elmawkie.dz\/fr\/hadj-2025-ghardaia-accueil-son-premier-groupe-de-pelerins\/\",\"url\":\"https:\/\/elmawkie.dz\/fr\/hadj-2025-ghardaia-accueil-son-premier-groupe-de-pelerins\/\",\"name\":\"Hadj 2025 : Gharda\u00efa accueil son premier groupe de p\u00e8lerins - El Mawkie\",\"isPartOf\":{\"@id\":\"https:\/\/elmawkie.dz\/fr\/#website\"},\"primaryImageOfPage\":{\"@id\":\"https:\/\/elmawkie.dz\/fr\/hadj-2025-ghardaia-accueil-son-premier-groupe-de-pelerins\/#primaryimage\"},\"image\":{\"@id\":\"https:\/\/elmawkie.dz\/fr\/hadj-2025-ghardaia-accueil-son-premier-groupe-de-pelerins\/#primaryimage\"},\"thumbnailUrl\":\"https:\/\/elmawkie.dz\/fr\/wp-content\/uploads\/2025\/06\/IMG_7810.jpeg\",\"datePublished\":\"2025-06-19T23:03:05+00:00\",\"dateModified\":\"2025-06-19T23:03:05+00:00\",\"breadcrumb\":{\"@id\":\"https:\/\/elmawkie.dz\/fr\/hadj-2025-ghardaia-accueil-son-premier-groupe-de-pelerins\/#breadcrumb\"},\"inLanguage\":\"fr-FR\",\"potentialAction\":[{\"@type\":\"ReadAction\",\"target\":[\"https:\/\/elmawkie.dz\/fr\/hadj-2025-ghardaia-accueil-son-premier-groupe-de-pelerins\/\"]}]},{\"@type\":\"ImageObject\",\"inLanguage\":\"fr-FR\",\"@id\":\"https:\/\/elmawkie.dz\/fr\/hadj-2025-ghardaia-accueil-son-premier-groupe-de-pelerins\/#primaryimage\",\"url\":\"https:\/\/elmawkie.dz\/fr\/wp-content\/uploads\/2025\/06\/IMG_7810.jpeg\",\"contentUrl\":\"https:\/\/elmawkie.dz\/fr\/wp-content\/uploads\/2025\/06\/IMG_7810.jpeg\",\"width\":2048,\"height\":1365},{\"@type\":\"BreadcrumbList\",\"@id\":\"https:\/\/elmawkie.dz\/fr\/hadj-2025-ghardaia-accueil-son-premier-groupe-de-pelerins\/#breadcrumb\",\"itemListElement\":[{\"@type\":\"ListItem\",\"position\":1,\"name\":\"Home\",\"item\":\"https:\/\/elmawkie.dz\/fr\/\"},{\"@type\":\"ListItem\",\"position\":2,\"name\":\"Hadj 2025 : Gharda\u00efa accueil son premier groupe de p\u00e8lerins\"}]},{\"@type\":\"WebSite\",\"@id\":\"https:\/\/elmawkie.dz\/fr\/#website\",\"url\":\"https:\/\/elmawkie.dz\/fr\/\",\"name\":\"EL MAWKIE\",\"description\":\"Journal \u00c9lectronique Alg\u00e9rien\",\"publisher\":{\"@id\":\"https:\/\/elmawkie.dz\/fr\/#organization\"},\"potentialAction\":[{\"@type\":\"SearchAction\",\"target\":{\"@type\":\"EntryPoint\",\"urlTemplate\":\"https:\/\/elmawkie.dz\/fr\/?s={search_term_string}\"},\"query-input\":\"required name=search_term_string\"}],\"inLanguage\":\"fr-FR\"},{\"@type\":\"Organization\",\"@id\":\"https:\/\/elmawkie.dz\/fr\/#organization\",\"name\":\"EL MAWKIE\",\"url\":\"https:\/\/elmawkie.dz\/fr\/\",\"logo\":{\"@type\":\"ImageObject\",\"inLanguage\":\"fr-FR\",\"@id\":\"https:\/\/elmawkie.dz\/fr\/#\/schema\/logo\/image\/\",\"url\":\"https:\/\/elmawkie.dz\/fr\/wp-content\/uploads\/2024\/05\/logo1.png\",\"contentUrl\":\"https:\/\/elmawkie.dz\/fr\/wp-content\/uploads\/2024\/05\/logo1.png\",\"width\":1648,\"height\":652,\"caption\":\"EL MAWKIE\"},\"image\":{\"@id\":\"https:\/\/elmawkie.dz\/fr\/#\/schema\/logo\/image\/\"},\"sameAs\":[\"https:\/\/www.facebook.com\/profile.php?id=100088407094989&locale=fr_FR\"]},{\"@type\":\"Person\",\"@id\":\"https:\/\/elmawkie.dz\/fr\/#\/schema\/person\/e7bd59d6467874ba5c4723d8a9f0a63c\",\"name\":\"R\u00e9daction\",\"image\":{\"@type\":\"ImageObject\",\"inLanguage\":\"fr-FR\",\"@id\":\"https:\/\/elmawkie.dz\/fr\/#\/schema\/person\/image\/\",\"url\":\"https:\/\/secure.gravatar.com\/avatar\/f0f773456344da4d2788c054a3d30a0c?s=96&d=mm&r=g\",\"contentUrl\":\"https:\/\/secure.gravatar.com\/avatar\/f0f773456344da4d2788c054a3d30a0c?s=96&d=mm&r=g\",\"caption\":\"R\u00e9daction\"},\"url\":\"https:\/\/elmawkie.dz\/fr\/author\/redaction\/\"}]}<\/script>\n<!-- \/ Yoast SEO Premium plugin. -->","yoast_head_json":{"title":"Hadj 2025 : Gharda\u00efa accueil son premier groupe de p\u00e8lerins - El Mawkie","robots":{"index":"index","follow":"follow","max-snippet":"max-snippet:-1","max-image-preview":"max-image-preview:large","max-video-preview":"max-video-preview:-1"},"canonical":"https:\/\/elmawkie.dz\/fr\/hadj-2025-ghardaia-accueil-son-premier-groupe-de-pelerins\/","og_locale":"fr_FR","og_type":"article","og_title":"Hadj 2025 : Gharda\u00efa accueil son premier groupe de p\u00e8lerins","og_description":"Le premier groupe de p\u00e8lerins de la wilaya de Ghardaia et El Meneaa est arriv\u00e9, jeudi soir, \u00e0 l\u2019a\u00e9roport International Moufdi-Zakaria de Ghardaia, de retour des lieux saints de l\u2019Islam apr\u00e8s avoir accompli les rites du hadj au titre de la saison 1446 h\u00e9gire\/2025. Ce premier groupe compos\u00e9 de 374 hadjis a \u00e9t\u00e9 accueilli sur &hellip;","og_url":"https:\/\/elmawkie.dz\/fr\/hadj-2025-ghardaia-accueil-son-premier-groupe-de-pelerins\/","og_site_name":"El Mawkie","article_publisher":"https:\/\/www.facebook.com\/profile.php?id=100088407094989&locale=fr_FR","article_published_time":"2025-06-19T23:03:05+00:00","og_image":[{"width":2048,"height":1365,"url":"https:\/\/elmawkie.dz\/fr\/wp-content\/uploads\/2025\/06\/IMG_7810.jpeg","type":"image\/jpeg"}],"author":"R\u00e9daction","twitter_card":"summary_large_image","twitter_misc":{"Written by":"R\u00e9daction","Est. reading time":"2 minutes"},"schema":{"@context":"https:\/\/schema.org","@graph":[{"@type":"Article","@id":"https:\/\/elmawkie.dz\/fr\/hadj-2025-ghardaia-accueil-son-premier-groupe-de-pelerins\/#article","isPartOf":{"@id":"https:\/\/elmawkie.dz\/fr\/hadj-2025-ghardaia-accueil-son-premier-groupe-de-pelerins\/"},"author":{"name":"R\u00e9daction","@id":"https:\/\/elmawkie.dz\/fr\/#\/schema\/person\/e7bd59d6467874ba5c4723d8a9f0a63c"},"headline":"Hadj 2025 : Gharda\u00efa accueil son premier groupe de p\u00e8lerins","datePublished":"2025-06-19T23:03:05+00:00","dateModified":"2025-06-19T23:03:05+00:00","mainEntityOfPage":{"@id":"https:\/\/elmawkie.dz\/fr\/hadj-2025-ghardaia-accueil-son-premier-groupe-de-pelerins\/"},"wordCount":212,"commentCount":0,"publisher":{"@id":"https:\/\/elmawkie.dz\/fr\/#organization"},"image":{"@id":"https:\/\/elmawkie.dz\/fr\/hadj-2025-ghardaia-accueil-son-premier-groupe-de-pelerins\/#primaryimage"},"thumbnailUrl":"https:\/\/elmawkie.dz\/fr\/wp-content\/uploads\/2025\/06\/IMG_7810.jpeg","keywords":["Gharda\u00efa","Hadj 2025"],"articleSection":["R\u00e9gion"],"inLanguage":"fr-FR","potentialAction":[{"@type":"CommentAction","name":"Comment","target":["https:\/\/elmawkie.dz\/fr\/hadj-2025-ghardaia-accueil-son-premier-groupe-de-pelerins\/#respond"]}]},{"@type":"WebPage","@id":"https:\/\/elmawkie.dz\/fr\/hadj-2025-ghardaia-accueil-son-premier-groupe-de-pelerins\/","url":"https:\/\/elmawkie.dz\/fr\/hadj-2025-ghardaia-accueil-son-premier-groupe-de-pelerins\/","name":"Hadj 2025 : Gharda\u00efa accueil son premier groupe de p\u00e8lerins - El Mawkie","isPartOf":{"@id":"https:\/\/elmawkie.dz\/fr\/#website"},"primaryImageOfPage":{"@id":"https:\/\/elmawkie.dz\/fr\/hadj-2025-ghardaia-accueil-son-premier-groupe-de-pelerins\/#primaryimage"},"image":{"@id":"https:\/\/elmawkie.dz\/fr\/hadj-2025-ghardaia-accueil-son-premier-groupe-de-pelerins\/#primaryimage"},"thumbnailUrl":"https:\/\/elmawkie.dz\/fr\/wp-content\/uploads\/2025\/06\/IMG_7810.jpeg","datePublished":"2025-06-19T23:03:05+00:00","dateModified":"2025-06-19T23:03:05+00:00","breadcrumb":{"@id":"https:\/\/elmawkie.dz\/fr\/hadj-2025-ghardaia-accueil-son-premier-groupe-de-pelerins\/#breadcrumb"},"inLanguage":"fr-FR","potentialAction":[{"@type":"ReadAction","target":["https:\/\/elmawkie.dz\/fr\/hadj-2025-ghardaia-accueil-son-premier-groupe-de-pelerins\/"]}]},{"@type":"ImageObject","inLanguage":"fr-FR","@id":"https:\/\/elmawkie.dz\/fr\/hadj-2025-ghardaia-accueil-son-premier-groupe-de-pelerins\/#primaryimage","url":"https:\/\/elmawkie.dz\/fr\/wp-content\/uploads\/2025\/06\/IMG_7810.jpeg","contentUrl":"https:\/\/elmawkie.dz\/fr\/wp-content\/uploads\/2025\/06\/IMG_7810.jpeg","width":2048,"height":1365},{"@type":"BreadcrumbList","@id":"https:\/\/elmawkie.dz\/fr\/hadj-2025-ghardaia-accueil-son-premier-groupe-de-pelerins\/#breadcrumb","itemListElement":[{"@type":"ListItem","position":1,"name":"Home","item":"https:\/\/elmawkie.dz\/fr\/"},{"@type":"ListItem","position":2,"name":"Hadj 2025 : Gharda\u00efa accueil son premier groupe de p\u00e8lerins"}]},{"@type":"WebSite","@id":"https:\/\/elmawkie.dz\/fr\/#website","url":"https:\/\/elmawkie.dz\/fr\/","name":"EL MAWKIE","description":"Journal \u00c9lectronique Alg\u00e9rien","publisher":{"@id":"https:\/\/elmawkie.dz\/fr\/#organization"},"potentialAction":[{"@type":"SearchAction","target":{"@type":"EntryPoint","urlTemplate":"https:\/\/elmawkie.dz\/fr\/?s={search_term_string}"},"query-input":"required name=search_term_string"}],"inLanguage":"fr-FR"},{"@type":"Organization","@id":"https:\/\/elmawkie.dz\/fr\/#organization","name":"EL MAWKIE","url":"https:\/\/elmawkie.dz\/fr\/","logo":{"@type":"ImageObject","inLanguage":"fr-FR","@id":"https:\/\/elmawkie.dz\/fr\/#\/schema\/logo\/image\/","url":"https:\/\/elmawkie.dz\/fr\/wp-content\/uploads\/2024\/05\/logo1.png","contentUrl":"https:\/\/elmawkie.dz\/fr\/wp-content\/uploads\/2024\/05\/logo1.png","width":1648,"height":652,"caption":"EL MAWKIE"},"image":{"@id":"https:\/\/elmawkie.dz\/fr\/#\/schema\/logo\/image\/"},"sameAs":["https:\/\/www.facebook.com\/profile.php?id=100088407094989&locale=fr_FR"]},{"@type":"Person","@id":"https:\/\/elmawkie.dz\/fr\/#\/schema\/person\/e7bd59d6467874ba5c4723d8a9f0a63c","name":"R\u00e9daction","image":{"@type":"ImageObject","inLanguage":"fr-FR","@id":"https:\/\/elmawkie.dz\/fr\/#\/schema\/person\/image\/","url":"https:\/\/secure.gravatar.com\/avatar\/f0f773456344da4d2788c054a3d30a0c?s=96&d=mm&r=g","contentUrl":"https:\/\/secure.gravatar.com\/avatar\/f0f773456344da4d2788c054a3d30a0c?s=96&d=mm&r=g","caption":"R\u00e9daction"},"url":"https:\/\/elmawkie.dz\/fr\/author\/redaction\/"}]}},"_links":{"self":[{"href":"https:\/\/elmawkie.dz\/fr\/wp-json\/wp\/v2\/posts\/52756","targetHints":{"allow":["GET"]}}],"collection":[{"href":"https:\/\/elmawkie.dz\/fr\/wp-json\/wp\/v2\/posts"}],"about":[{"href":"https:\/\/elmawkie.dz\/fr\/wp-json\/wp\/v2\/types\/post"}],"author":[{"embeddable":true,"href":"https:\/\/elmawkie.dz\/fr\/wp-json\/wp\/v2\/users\/9"}],"replies":[{"embeddable":true,"href":"https:\/\/elmawkie.dz\/fr\/wp-json\/wp\/v2\/comments?post=52756"}],"version-history":[{"count":1,"href":"https:\/\/elmawkie.dz\/fr\/wp-json\/wp\/v2\/posts\/52756\/revisions"}],"predecessor-version":[{"id":52759,"href":"https:\/\/elmawkie.dz\/fr\/wp-json\/wp\/v2\/posts\/52756\/revisions\/52759"}],"wp:featuredmedia":[{"embeddable":true,"href":"https:\/\/elmawkie.dz\/fr\/wp-json\/wp\/v2\/media\/52758"}],"wp:attachment":[{"href":"https:\/\/elmawkie.dz\/fr\/wp-json\/wp\/v2\/media?parent=52756"}],"wp:term":[{"taxonomy":"category","embeddable":true,"href":"https:\/\/elmawkie.dz\/fr\/wp-json\/wp\/v2\/categories?post=52756"},{"taxonomy":"post_tag","embeddable":true,"href":"https:\/\/elmawkie.dz\/fr\/wp-json\/wp\/v2\/tags?post=52756"}],"curies":[{"name":"wp","href":"https:\/\/api.w.org\/{rel}","templated":true}]}}