{"id":52690,"date":"2025-06-18T18:28:53","date_gmt":"2025-06-18T17:28:53","guid":{"rendered":"https:\/\/elmawkie.dz\/fr\/?p=52690"},"modified":"2025-06-18T18:28:53","modified_gmt":"2025-06-18T17:28:53","slug":"adrar-encourager-la-creativite-pour-mieux-proteger-la-propriete-intellectuelle","status":"publish","type":"post","link":"https:\/\/elmawkie.dz\/fr\/adrar-encourager-la-creativite-pour-mieux-proteger-la-propriete-intellectuelle\/","title":{"rendered":"Adrar : encourager la cr\u00e9ativit\u00e9 pour mieux prot\u00e9ger la propri\u00e9t\u00e9 intellectuelle"},"content":{"rendered":"\n<p>L\u2019adoption d\u2019une strat\u00e9gie d\u2019appui \u00e0 la cr\u00e9ativit\u00e9 pour renforcer la protection de la propri\u00e9t\u00e9 intellectuelle a \u00e9t\u00e9 mise en avant, mercredi \u00e0 Adrar, par les participants \u00e0 une journ\u00e9e d\u2019\u00e9tude organis\u00e9e par la direction locale du Commerce. Initi\u00e9e en coordination avec la Chambre du commerce et de l\u2019industrie CCI-Touat, l\u2019inspection divisionnaire des Douanes d\u2019Adrar et des partenaires associatifs, sous le signe \u00ab\u00a0prot\u00e9ger la propri\u00e9t\u00e9 intellectuelle et promouvoir le produit national\u00a0\u00bb, la rencontre a \u00e9t\u00e9 mise \u00e0 profit par les participants pour appeler \u00e0 l\u2019assouplissement des proc\u00e9dures administratives et la g\u00e9n\u00e9ralisation de la num\u00e9risation, en sus de l\u2019intensification de campagnes de sensibilisation et d\u2019ateliers sur l\u2019importance de la protection de la propri\u00e9t\u00e9 intellectuelle industrielle. Les intervenants, des universitaires et des professionnels, ont mis l\u2019accent sur la dynamisation de la protection de la propri\u00e9t\u00e9 intellectuelle industrielle, en tant que levier strat\u00e9gique requ\u00e9rant une approche nationale globale et int\u00e9gr\u00e9e, liant cr\u00e9ativit\u00e9 et d\u00e9veloppement \u00e9conomique, pour se positionner sur les march\u00e9s internationaux. Ils ont \u00e9galement \u00e9voqu\u00e9 la consolidation de la coordination entre organismes charg\u00e9s de la protection de la propri\u00e9t\u00e9 intellectuelle, dont le commerce, les Douanes et les instances judiciaires. La rencontre a donn\u00e9 lieu aussi \u00e0 l\u2019examen d\u2019une s\u00e9rie d\u2019axes li\u00e9s \u00e0 la protection juridique de la propri\u00e9t\u00e9 intellectuelle industrielle contre la contrefa\u00e7on et les actions illicites, le renforcement de la comp\u00e9titivit\u00e9 industrielle nationale et le r\u00f4le des Douanes dans la protection de la propri\u00e9t\u00e9 intellectuelle et la lutte contre la contrefa\u00e7on.<\/p>\n","protected":false},"excerpt":{"rendered":"<p>L\u2019adoption d\u2019une strat\u00e9gie d\u2019appui \u00e0 la cr\u00e9ativit\u00e9 pour renforcer la protection de la propri\u00e9t\u00e9 intellectuelle a \u00e9t\u00e9 mise en avant, mercredi \u00e0 Adrar, par les participants \u00e0 une journ\u00e9e d\u2019\u00e9tude organis\u00e9e par la direction locale du Commerce. Initi\u00e9e en coordination avec la Chambre du commerce et de l\u2019industrie CCI-Touat, l\u2019inspection divisionnaire des Douanes d\u2019Adrar et &hellip;<\/p>\n","protected":false},"author":9,"featured_media":52692,"comment_status":"open","ping_status":"open","sticky":false,"template":"","format":"standard","meta":{"footnotes":""},"categories":[50],"tags":[997,4168,4167],"class_list":["post-52690","post","type-post","status-publish","format-standard","has-post-thumbnail","hentry","category-region","tag-adrar","tag-direction-de-commerce","tag-la-propriete-intellectuelle"],"yoast_head":"<!-- This site is optimized with the Yoast SEO Premium plugin v22.6 (Yoast SEO v22.6) - https:\/\/yoast.com\/wordpress\/plugins\/seo\/ -->\n<title>Adrar : encourager la cr\u00e9ativit\u00e9 pour mieux prot\u00e9ger la propri\u00e9t\u00e9 intellectuelle - El Mawkie<\/title>\n<meta name=\"robots\" content=\"index, follow, max-snippet:-1, max-image-preview:large, max-video-preview:-1\" \/>\n<link rel=\"canonical\" href=\"https:\/\/elmawkie.dz\/fr\/adrar-encourager-la-creativite-pour-mieux-proteger-la-propriete-intellectuelle\/\" \/>\n<meta property=\"og:locale\" content=\"fr_FR\" \/>\n<meta property=\"og:type\" content=\"article\" \/>\n<meta property=\"og:title\" content=\"Adrar : encourager la cr\u00e9ativit\u00e9 pour mieux prot\u00e9ger la propri\u00e9t\u00e9 intellectuelle\" \/>\n<meta property=\"og:description\" content=\"L\u2019adoption d\u2019une strat\u00e9gie d\u2019appui \u00e0 la cr\u00e9ativit\u00e9 pour renforcer la protection de la propri\u00e9t\u00e9 intellectuelle a \u00e9t\u00e9 mise en avant, mercredi \u00e0 Adrar, par les participants \u00e0 une journ\u00e9e d\u2019\u00e9tude organis\u00e9e par la direction locale du Commerce. Initi\u00e9e en coordination avec la Chambre du commerce et de l\u2019industrie CCI-Touat, l\u2019inspection divisionnaire des Douanes d\u2019Adrar et &hellip;\" \/>\n<meta property=\"og:url\" content=\"https:\/\/elmawkie.dz\/fr\/adrar-encourager-la-creativite-pour-mieux-proteger-la-propriete-intellectuelle\/\" \/>\n<meta property=\"og:site_name\" content=\"El Mawkie\" \/>\n<meta property=\"article:publisher\" content=\"https:\/\/www.facebook.com\/profile.php?id=100088407094989&amp;locale=fr_FR\" \/>\n<meta property=\"article:published_time\" content=\"2025-06-18T17:28:53+00:00\" \/>\n<meta property=\"og:image\" content=\"https:\/\/elmawkie.dz\/fr\/wp-content\/uploads\/2025\/06\/IMG_7720.jpeg\" \/>\n\t<meta property=\"og:image:width\" content=\"1600\" \/>\n\t<meta property=\"og:image:height\" content=\"1200\" \/>\n\t<meta property=\"og:image:type\" content=\"image\/jpeg\" \/>\n<meta name=\"author\" content=\"R\u00e9daction\" \/>\n<meta name=\"twitter:card\" content=\"summary_large_image\" \/>\n<meta name=\"twitter:label1\" content=\"Written by\" \/>\n\t<meta name=\"twitter:data1\" content=\"R\u00e9daction\" \/>\n\t<meta name=\"twitter:label2\" content=\"Est. reading time\" \/>\n\t<meta name=\"twitter:data2\" content=\"2 minutes\" \/>\n<script type=\"application\/ld+json\" class=\"yoast-schema-graph\">{\"@context\":\"https:\/\/schema.org\",\"@graph\":[{\"@type\":\"Article\",\"@id\":\"https:\/\/elmawkie.dz\/fr\/adrar-encourager-la-creativite-pour-mieux-proteger-la-propriete-intellectuelle\/#article\",\"isPartOf\":{\"@id\":\"https:\/\/elmawkie.dz\/fr\/adrar-encourager-la-creativite-pour-mieux-proteger-la-propriete-intellectuelle\/\"},\"author\":{\"name\":\"R\u00e9daction\",\"@id\":\"https:\/\/elmawkie.dz\/fr\/#\/schema\/person\/e7bd59d6467874ba5c4723d8a9f0a63c\"},\"headline\":\"Adrar : encourager la cr\u00e9ativit\u00e9 pour mieux prot\u00e9ger la propri\u00e9t\u00e9 intellectuelle\",\"datePublished\":\"2025-06-18T17:28:53+00:00\",\"dateModified\":\"2025-06-18T17:28:53+00:00\",\"mainEntityOfPage\":{\"@id\":\"https:\/\/elmawkie.dz\/fr\/adrar-encourager-la-creativite-pour-mieux-proteger-la-propriete-intellectuelle\/\"},\"wordCount\":291,\"commentCount\":0,\"publisher\":{\"@id\":\"https:\/\/elmawkie.dz\/fr\/#organization\"},\"image\":{\"@id\":\"https:\/\/elmawkie.dz\/fr\/adrar-encourager-la-creativite-pour-mieux-proteger-la-propriete-intellectuelle\/#primaryimage\"},\"thumbnailUrl\":\"https:\/\/elmawkie.dz\/fr\/wp-content\/uploads\/2025\/06\/IMG_7720.jpeg\",\"keywords\":[\"Adrar\",\"Direction de commerce\",\"La propri\u00e9t\u00e9 intellectuelle\"],\"articleSection\":[\"R\u00e9gion\"],\"inLanguage\":\"fr-FR\",\"potentialAction\":[{\"@type\":\"CommentAction\",\"name\":\"Comment\",\"target\":[\"https:\/\/elmawkie.dz\/fr\/adrar-encourager-la-creativite-pour-mieux-proteger-la-propriete-intellectuelle\/#respond\"]}]},{\"@type\":\"WebPage\",\"@id\":\"https:\/\/elmawkie.dz\/fr\/adrar-encourager-la-creativite-pour-mieux-proteger-la-propriete-intellectuelle\/\",\"url\":\"https:\/\/elmawkie.dz\/fr\/adrar-encourager-la-creativite-pour-mieux-proteger-la-propriete-intellectuelle\/\",\"name\":\"Adrar : encourager la cr\u00e9ativit\u00e9 pour mieux prot\u00e9ger la propri\u00e9t\u00e9 intellectuelle - El Mawkie\",\"isPartOf\":{\"@id\":\"https:\/\/elmawkie.dz\/fr\/#website\"},\"primaryImageOfPage\":{\"@id\":\"https:\/\/elmawkie.dz\/fr\/adrar-encourager-la-creativite-pour-mieux-proteger-la-propriete-intellectuelle\/#primaryimage\"},\"image\":{\"@id\":\"https:\/\/elmawkie.dz\/fr\/adrar-encourager-la-creativite-pour-mieux-proteger-la-propriete-intellectuelle\/#primaryimage\"},\"thumbnailUrl\":\"https:\/\/elmawkie.dz\/fr\/wp-content\/uploads\/2025\/06\/IMG_7720.jpeg\",\"datePublished\":\"2025-06-18T17:28:53+00:00\",\"dateModified\":\"2025-06-18T17:28:53+00:00\",\"breadcrumb\":{\"@id\":\"https:\/\/elmawkie.dz\/fr\/adrar-encourager-la-creativite-pour-mieux-proteger-la-propriete-intellectuelle\/#breadcrumb\"},\"inLanguage\":\"fr-FR\",\"potentialAction\":[{\"@type\":\"ReadAction\",\"target\":[\"https:\/\/elmawkie.dz\/fr\/adrar-encourager-la-creativite-pour-mieux-proteger-la-propriete-intellectuelle\/\"]}]},{\"@type\":\"ImageObject\",\"inLanguage\":\"fr-FR\",\"@id\":\"https:\/\/elmawkie.dz\/fr\/adrar-encourager-la-creativite-pour-mieux-proteger-la-propriete-intellectuelle\/#primaryimage\",\"url\":\"https:\/\/elmawkie.dz\/fr\/wp-content\/uploads\/2025\/06\/IMG_7720.jpeg\",\"contentUrl\":\"https:\/\/elmawkie.dz\/fr\/wp-content\/uploads\/2025\/06\/IMG_7720.jpeg\",\"width\":1600,\"height\":1200},{\"@type\":\"BreadcrumbList\",\"@id\":\"https:\/\/elmawkie.dz\/fr\/adrar-encourager-la-creativite-pour-mieux-proteger-la-propriete-intellectuelle\/#breadcrumb\",\"itemListElement\":[{\"@type\":\"ListItem\",\"position\":1,\"name\":\"Home\",\"item\":\"https:\/\/elmawkie.dz\/fr\/\"},{\"@type\":\"ListItem\",\"position\":2,\"name\":\"Adrar : encourager la cr\u00e9ativit\u00e9 pour mieux prot\u00e9ger la propri\u00e9t\u00e9 intellectuelle\"}]},{\"@type\":\"WebSite\",\"@id\":\"https:\/\/elmawkie.dz\/fr\/#website\",\"url\":\"https:\/\/elmawkie.dz\/fr\/\",\"name\":\"EL MAWKIE\",\"description\":\"Journal \u00c9lectronique Alg\u00e9rien\",\"publisher\":{\"@id\":\"https:\/\/elmawkie.dz\/fr\/#organization\"},\"potentialAction\":[{\"@type\":\"SearchAction\",\"target\":{\"@type\":\"EntryPoint\",\"urlTemplate\":\"https:\/\/elmawkie.dz\/fr\/?s={search_term_string}\"},\"query-input\":\"required name=search_term_string\"}],\"inLanguage\":\"fr-FR\"},{\"@type\":\"Organization\",\"@id\":\"https:\/\/elmawkie.dz\/fr\/#organization\",\"name\":\"EL MAWKIE\",\"url\":\"https:\/\/elmawkie.dz\/fr\/\",\"logo\":{\"@type\":\"ImageObject\",\"inLanguage\":\"fr-FR\",\"@id\":\"https:\/\/elmawkie.dz\/fr\/#\/schema\/logo\/image\/\",\"url\":\"https:\/\/elmawkie.dz\/fr\/wp-content\/uploads\/2024\/05\/logo1.png\",\"contentUrl\":\"https:\/\/elmawkie.dz\/fr\/wp-content\/uploads\/2024\/05\/logo1.png\",\"width\":1648,\"height\":652,\"caption\":\"EL MAWKIE\"},\"image\":{\"@id\":\"https:\/\/elmawkie.dz\/fr\/#\/schema\/logo\/image\/\"},\"sameAs\":[\"https:\/\/www.facebook.com\/profile.php?id=100088407094989&locale=fr_FR\"]},{\"@type\":\"Person\",\"@id\":\"https:\/\/elmawkie.dz\/fr\/#\/schema\/person\/e7bd59d6467874ba5c4723d8a9f0a63c\",\"name\":\"R\u00e9daction\",\"image\":{\"@type\":\"ImageObject\",\"inLanguage\":\"fr-FR\",\"@id\":\"https:\/\/elmawkie.dz\/fr\/#\/schema\/person\/image\/\",\"url\":\"https:\/\/secure.gravatar.com\/avatar\/f0f773456344da4d2788c054a3d30a0c?s=96&d=mm&r=g\",\"contentUrl\":\"https:\/\/secure.gravatar.com\/avatar\/f0f773456344da4d2788c054a3d30a0c?s=96&d=mm&r=g\",\"caption\":\"R\u00e9daction\"},\"url\":\"https:\/\/elmawkie.dz\/fr\/author\/redaction\/\"}]}<\/script>\n<!-- \/ Yoast SEO Premium plugin. -->","yoast_head_json":{"title":"Adrar : encourager la cr\u00e9ativit\u00e9 pour mieux prot\u00e9ger la propri\u00e9t\u00e9 intellectuelle - El Mawkie","robots":{"index":"index","follow":"follow","max-snippet":"max-snippet:-1","max-image-preview":"max-image-preview:large","max-video-preview":"max-video-preview:-1"},"canonical":"https:\/\/elmawkie.dz\/fr\/adrar-encourager-la-creativite-pour-mieux-proteger-la-propriete-intellectuelle\/","og_locale":"fr_FR","og_type":"article","og_title":"Adrar : encourager la cr\u00e9ativit\u00e9 pour mieux prot\u00e9ger la propri\u00e9t\u00e9 intellectuelle","og_description":"L\u2019adoption d\u2019une strat\u00e9gie d\u2019appui \u00e0 la cr\u00e9ativit\u00e9 pour renforcer la protection de la propri\u00e9t\u00e9 intellectuelle a \u00e9t\u00e9 mise en avant, mercredi \u00e0 Adrar, par les participants \u00e0 une journ\u00e9e d\u2019\u00e9tude organis\u00e9e par la direction locale du Commerce. Initi\u00e9e en coordination avec la Chambre du commerce et de l\u2019industrie CCI-Touat, l\u2019inspection divisionnaire des Douanes d\u2019Adrar et &hellip;","og_url":"https:\/\/elmawkie.dz\/fr\/adrar-encourager-la-creativite-pour-mieux-proteger-la-propriete-intellectuelle\/","og_site_name":"El Mawkie","article_publisher":"https:\/\/www.facebook.com\/profile.php?id=100088407094989&locale=fr_FR","article_published_time":"2025-06-18T17:28:53+00:00","og_image":[{"width":1600,"height":1200,"url":"https:\/\/elmawkie.dz\/fr\/wp-content\/uploads\/2025\/06\/IMG_7720.jpeg","type":"image\/jpeg"}],"author":"R\u00e9daction","twitter_card":"summary_large_image","twitter_misc":{"Written by":"R\u00e9daction","Est. reading time":"2 minutes"},"schema":{"@context":"https:\/\/schema.org","@graph":[{"@type":"Article","@id":"https:\/\/elmawkie.dz\/fr\/adrar-encourager-la-creativite-pour-mieux-proteger-la-propriete-intellectuelle\/#article","isPartOf":{"@id":"https:\/\/elmawkie.dz\/fr\/adrar-encourager-la-creativite-pour-mieux-proteger-la-propriete-intellectuelle\/"},"author":{"name":"R\u00e9daction","@id":"https:\/\/elmawkie.dz\/fr\/#\/schema\/person\/e7bd59d6467874ba5c4723d8a9f0a63c"},"headline":"Adrar : encourager la cr\u00e9ativit\u00e9 pour mieux prot\u00e9ger la propri\u00e9t\u00e9 intellectuelle","datePublished":"2025-06-18T17:28:53+00:00","dateModified":"2025-06-18T17:28:53+00:00","mainEntityOfPage":{"@id":"https:\/\/elmawkie.dz\/fr\/adrar-encourager-la-creativite-pour-mieux-proteger-la-propriete-intellectuelle\/"},"wordCount":291,"commentCount":0,"publisher":{"@id":"https:\/\/elmawkie.dz\/fr\/#organization"},"image":{"@id":"https:\/\/elmawkie.dz\/fr\/adrar-encourager-la-creativite-pour-mieux-proteger-la-propriete-intellectuelle\/#primaryimage"},"thumbnailUrl":"https:\/\/elmawkie.dz\/fr\/wp-content\/uploads\/2025\/06\/IMG_7720.jpeg","keywords":["Adrar","Direction de commerce","La propri\u00e9t\u00e9 intellectuelle"],"articleSection":["R\u00e9gion"],"inLanguage":"fr-FR","potentialAction":[{"@type":"CommentAction","name":"Comment","target":["https:\/\/elmawkie.dz\/fr\/adrar-encourager-la-creativite-pour-mieux-proteger-la-propriete-intellectuelle\/#respond"]}]},{"@type":"WebPage","@id":"https:\/\/elmawkie.dz\/fr\/adrar-encourager-la-creativite-pour-mieux-proteger-la-propriete-intellectuelle\/","url":"https:\/\/elmawkie.dz\/fr\/adrar-encourager-la-creativite-pour-mieux-proteger-la-propriete-intellectuelle\/","name":"Adrar : encourager la cr\u00e9ativit\u00e9 pour mieux prot\u00e9ger la propri\u00e9t\u00e9 intellectuelle - El Mawkie","isPartOf":{"@id":"https:\/\/elmawkie.dz\/fr\/#website"},"primaryImageOfPage":{"@id":"https:\/\/elmawkie.dz\/fr\/adrar-encourager-la-creativite-pour-mieux-proteger-la-propriete-intellectuelle\/#primaryimage"},"image":{"@id":"https:\/\/elmawkie.dz\/fr\/adrar-encourager-la-creativite-pour-mieux-proteger-la-propriete-intellectuelle\/#primaryimage"},"thumbnailUrl":"https:\/\/elmawkie.dz\/fr\/wp-content\/uploads\/2025\/06\/IMG_7720.jpeg","datePublished":"2025-06-18T17:28:53+00:00","dateModified":"2025-06-18T17:28:53+00:00","breadcrumb":{"@id":"https:\/\/elmawkie.dz\/fr\/adrar-encourager-la-creativite-pour-mieux-proteger-la-propriete-intellectuelle\/#breadcrumb"},"inLanguage":"fr-FR","potentialAction":[{"@type":"ReadAction","target":["https:\/\/elmawkie.dz\/fr\/adrar-encourager-la-creativite-pour-mieux-proteger-la-propriete-intellectuelle\/"]}]},{"@type":"ImageObject","inLanguage":"fr-FR","@id":"https:\/\/elmawkie.dz\/fr\/adrar-encourager-la-creativite-pour-mieux-proteger-la-propriete-intellectuelle\/#primaryimage","url":"https:\/\/elmawkie.dz\/fr\/wp-content\/uploads\/2025\/06\/IMG_7720.jpeg","contentUrl":"https:\/\/elmawkie.dz\/fr\/wp-content\/uploads\/2025\/06\/IMG_7720.jpeg","width":1600,"height":1200},{"@type":"BreadcrumbList","@id":"https:\/\/elmawkie.dz\/fr\/adrar-encourager-la-creativite-pour-mieux-proteger-la-propriete-intellectuelle\/#breadcrumb","itemListElement":[{"@type":"ListItem","position":1,"name":"Home","item":"https:\/\/elmawkie.dz\/fr\/"},{"@type":"ListItem","position":2,"name":"Adrar : encourager la cr\u00e9ativit\u00e9 pour mieux prot\u00e9ger la propri\u00e9t\u00e9 intellectuelle"}]},{"@type":"WebSite","@id":"https:\/\/elmawkie.dz\/fr\/#website","url":"https:\/\/elmawkie.dz\/fr\/","name":"EL MAWKIE","description":"Journal \u00c9lectronique Alg\u00e9rien","publisher":{"@id":"https:\/\/elmawkie.dz\/fr\/#organization"},"potentialAction":[{"@type":"SearchAction","target":{"@type":"EntryPoint","urlTemplate":"https:\/\/elmawkie.dz\/fr\/?s={search_term_string}"},"query-input":"required name=search_term_string"}],"inLanguage":"fr-FR"},{"@type":"Organization","@id":"https:\/\/elmawkie.dz\/fr\/#organization","name":"EL MAWKIE","url":"https:\/\/elmawkie.dz\/fr\/","logo":{"@type":"ImageObject","inLanguage":"fr-FR","@id":"https:\/\/elmawkie.dz\/fr\/#\/schema\/logo\/image\/","url":"https:\/\/elmawkie.dz\/fr\/wp-content\/uploads\/2024\/05\/logo1.png","contentUrl":"https:\/\/elmawkie.dz\/fr\/wp-content\/uploads\/2024\/05\/logo1.png","width":1648,"height":652,"caption":"EL MAWKIE"},"image":{"@id":"https:\/\/elmawkie.dz\/fr\/#\/schema\/logo\/image\/"},"sameAs":["https:\/\/www.facebook.com\/profile.php?id=100088407094989&locale=fr_FR"]},{"@type":"Person","@id":"https:\/\/elmawkie.dz\/fr\/#\/schema\/person\/e7bd59d6467874ba5c4723d8a9f0a63c","name":"R\u00e9daction","image":{"@type":"ImageObject","inLanguage":"fr-FR","@id":"https:\/\/elmawkie.dz\/fr\/#\/schema\/person\/image\/","url":"https:\/\/secure.gravatar.com\/avatar\/f0f773456344da4d2788c054a3d30a0c?s=96&d=mm&r=g","contentUrl":"https:\/\/secure.gravatar.com\/avatar\/f0f773456344da4d2788c054a3d30a0c?s=96&d=mm&r=g","caption":"R\u00e9daction"},"url":"https:\/\/elmawkie.dz\/fr\/author\/redaction\/"}]}},"_links":{"self":[{"href":"https:\/\/elmawkie.dz\/fr\/wp-json\/wp\/v2\/posts\/52690","targetHints":{"allow":["GET"]}}],"collection":[{"href":"https:\/\/elmawkie.dz\/fr\/wp-json\/wp\/v2\/posts"}],"about":[{"href":"https:\/\/elmawkie.dz\/fr\/wp-json\/wp\/v2\/types\/post"}],"author":[{"embeddable":true,"href":"https:\/\/elmawkie.dz\/fr\/wp-json\/wp\/v2\/users\/9"}],"replies":[{"embeddable":true,"href":"https:\/\/elmawkie.dz\/fr\/wp-json\/wp\/v2\/comments?post=52690"}],"version-history":[{"count":1,"href":"https:\/\/elmawkie.dz\/fr\/wp-json\/wp\/v2\/posts\/52690\/revisions"}],"predecessor-version":[{"id":52693,"href":"https:\/\/elmawkie.dz\/fr\/wp-json\/wp\/v2\/posts\/52690\/revisions\/52693"}],"wp:featuredmedia":[{"embeddable":true,"href":"https:\/\/elmawkie.dz\/fr\/wp-json\/wp\/v2\/media\/52692"}],"wp:attachment":[{"href":"https:\/\/elmawkie.dz\/fr\/wp-json\/wp\/v2\/media?parent=52690"}],"wp:term":[{"taxonomy":"category","embeddable":true,"href":"https:\/\/elmawkie.dz\/fr\/wp-json\/wp\/v2\/categories?post=52690"},{"taxonomy":"post_tag","embeddable":true,"href":"https:\/\/elmawkie.dz\/fr\/wp-json\/wp\/v2\/tags?post=52690"}],"curies":[{"name":"wp","href":"https:\/\/api.w.org\/{rel}","templated":true}]}}