{"id":52592,"date":"2025-06-15T20:17:56","date_gmt":"2025-06-15T19:17:56","guid":{"rendered":"https:\/\/elmawkie.dz\/fr\/?p=52592"},"modified":"2025-06-15T20:17:56","modified_gmt":"2025-06-15T19:17:56","slug":"saison-estivale-le-president-de-la-republique-insiste-sur-une-meilleure-prise-en-charge-de-la-diaspora","status":"publish","type":"post","link":"https:\/\/elmawkie.dz\/fr\/saison-estivale-le-president-de-la-republique-insiste-sur-une-meilleure-prise-en-charge-de-la-diaspora\/","title":{"rendered":"Saison estivale : le pr\u00e9sident de la R\u00e9publique insiste sur une meilleure prise en charge de la diaspora"},"content":{"rendered":"\n<p>Le pr\u00e9sident de la R\u00e9publique, M. Abdelmadjid Tebboune, a insist\u00e9, lors de la r\u00e9union du Conseil des ministres qu&rsquo;il a pr\u00e9sid\u00e9e dimanche, sur la n\u00e9cessit\u00e9 de prendre toutes les mesures pour assurer une meilleure prise en charge des membres de la communaut\u00e9 nationale \u00e9tablie \u00e0 l&rsquo;\u00e9tranger, \u00e0 travers la simplification des proc\u00e9dures au niveau des a\u00e9roports et des ports durant la saison estivale. Le pr\u00e9sident de la R\u00e9publique a insist\u00e9 sur la n\u00e9cessit\u00e9 de prendre toutes les mesures et dispositions n\u00e9cessaires pour \u00ab\u00a0assurer une meilleure prise en charge et fournir des services utiles aux membres de notre communaut\u00e9 nationale au niveau des a\u00e9roports et des ports, \u00e0 travers la mise en place de facilitations au profit des d\u00e9tenteurs de passeports alg\u00e9riens afin de simplifier leur entr\u00e9e au pays tout au long de la saison estivale\u00a0\u00bb, selon un communiqu\u00e9 du Conseil des ministres.<\/p>\n","protected":false},"excerpt":{"rendered":"<p>Le pr\u00e9sident de la R\u00e9publique, M. Abdelmadjid Tebboune, a insist\u00e9, lors de la r\u00e9union du Conseil des ministres qu&rsquo;il a pr\u00e9sid\u00e9e dimanche, sur la n\u00e9cessit\u00e9 de prendre toutes les mesures pour assurer une meilleure prise en charge des membres de la communaut\u00e9 nationale \u00e9tablie \u00e0 l&rsquo;\u00e9tranger, \u00e0 travers la simplification des proc\u00e9dures au niveau des &hellip;<\/p>\n","protected":false},"author":9,"featured_media":52594,"comment_status":"open","ping_status":"open","sticky":false,"template":"","format":"standard","meta":{"footnotes":""},"categories":[47],"tags":[3196,596,800],"class_list":["post-52592","post","type-post","status-publish","format-standard","has-post-thumbnail","hentry","category-national","tag-diaspora","tag-le-president-de-la-republique","tag-saison-estiavel"],"yoast_head":"<!-- This site is optimized with the Yoast SEO Premium plugin v22.6 (Yoast SEO v22.6) - https:\/\/yoast.com\/wordpress\/plugins\/seo\/ -->\n<title>Saison estivale : le pr\u00e9sident de la R\u00e9publique insiste sur une meilleure prise en charge de la diaspora - El Mawkie<\/title>\n<meta name=\"robots\" content=\"index, follow, max-snippet:-1, max-image-preview:large, max-video-preview:-1\" \/>\n<link rel=\"canonical\" href=\"https:\/\/elmawkie.dz\/fr\/saison-estivale-le-president-de-la-republique-insiste-sur-une-meilleure-prise-en-charge-de-la-diaspora\/\" \/>\n<meta property=\"og:locale\" content=\"fr_FR\" \/>\n<meta property=\"og:type\" content=\"article\" \/>\n<meta property=\"og:title\" content=\"Saison estivale : le pr\u00e9sident de la R\u00e9publique insiste sur une meilleure prise en charge de la diaspora\" \/>\n<meta property=\"og:description\" content=\"Le pr\u00e9sident de la R\u00e9publique, M. Abdelmadjid Tebboune, a insist\u00e9, lors de la r\u00e9union du Conseil des ministres qu&rsquo;il a pr\u00e9sid\u00e9e dimanche, sur la n\u00e9cessit\u00e9 de prendre toutes les mesures pour assurer une meilleure prise en charge des membres de la communaut\u00e9 nationale \u00e9tablie \u00e0 l&rsquo;\u00e9tranger, \u00e0 travers la simplification des proc\u00e9dures au niveau des &hellip;\" \/>\n<meta property=\"og:url\" content=\"https:\/\/elmawkie.dz\/fr\/saison-estivale-le-president-de-la-republique-insiste-sur-une-meilleure-prise-en-charge-de-la-diaspora\/\" \/>\n<meta property=\"og:site_name\" content=\"El Mawkie\" \/>\n<meta property=\"article:publisher\" content=\"https:\/\/www.facebook.com\/profile.php?id=100088407094989&amp;locale=fr_FR\" \/>\n<meta property=\"article:published_time\" content=\"2025-06-15T19:17:56+00:00\" \/>\n<meta property=\"og:image\" content=\"https:\/\/elmawkie.dz\/fr\/wp-content\/uploads\/2025\/06\/IMG_7504.jpeg\" \/>\n\t<meta property=\"og:image:width\" content=\"640\" \/>\n\t<meta property=\"og:image:height\" content=\"479\" \/>\n\t<meta property=\"og:image:type\" content=\"image\/jpeg\" \/>\n<meta name=\"author\" content=\"R\u00e9daction\" \/>\n<meta name=\"twitter:card\" content=\"summary_large_image\" \/>\n<meta name=\"twitter:label1\" content=\"Written by\" \/>\n\t<meta name=\"twitter:data1\" content=\"R\u00e9daction\" \/>\n\t<meta name=\"twitter:label2\" content=\"Est. reading time\" \/>\n\t<meta name=\"twitter:data2\" content=\"1 minute\" \/>\n<script type=\"application\/ld+json\" class=\"yoast-schema-graph\">{\"@context\":\"https:\/\/schema.org\",\"@graph\":[{\"@type\":\"Article\",\"@id\":\"https:\/\/elmawkie.dz\/fr\/saison-estivale-le-president-de-la-republique-insiste-sur-une-meilleure-prise-en-charge-de-la-diaspora\/#article\",\"isPartOf\":{\"@id\":\"https:\/\/elmawkie.dz\/fr\/saison-estivale-le-president-de-la-republique-insiste-sur-une-meilleure-prise-en-charge-de-la-diaspora\/\"},\"author\":{\"name\":\"R\u00e9daction\",\"@id\":\"https:\/\/elmawkie.dz\/fr\/#\/schema\/person\/e7bd59d6467874ba5c4723d8a9f0a63c\"},\"headline\":\"Saison estivale : le pr\u00e9sident de la R\u00e9publique insiste sur une meilleure prise en charge de la diaspora\",\"datePublished\":\"2025-06-15T19:17:56+00:00\",\"dateModified\":\"2025-06-15T19:17:56+00:00\",\"mainEntityOfPage\":{\"@id\":\"https:\/\/elmawkie.dz\/fr\/saison-estivale-le-president-de-la-republique-insiste-sur-une-meilleure-prise-en-charge-de-la-diaspora\/\"},\"wordCount\":176,\"commentCount\":0,\"publisher\":{\"@id\":\"https:\/\/elmawkie.dz\/fr\/#organization\"},\"image\":{\"@id\":\"https:\/\/elmawkie.dz\/fr\/saison-estivale-le-president-de-la-republique-insiste-sur-une-meilleure-prise-en-charge-de-la-diaspora\/#primaryimage\"},\"thumbnailUrl\":\"https:\/\/elmawkie.dz\/fr\/wp-content\/uploads\/2025\/06\/IMG_7504.jpeg\",\"keywords\":[\"Diaspora\",\"le pr\u00e9sident de la R\u00e9publique\",\"saison estiavel\"],\"articleSection\":[\"National\"],\"inLanguage\":\"fr-FR\",\"potentialAction\":[{\"@type\":\"CommentAction\",\"name\":\"Comment\",\"target\":[\"https:\/\/elmawkie.dz\/fr\/saison-estivale-le-president-de-la-republique-insiste-sur-une-meilleure-prise-en-charge-de-la-diaspora\/#respond\"]}]},{\"@type\":\"WebPage\",\"@id\":\"https:\/\/elmawkie.dz\/fr\/saison-estivale-le-president-de-la-republique-insiste-sur-une-meilleure-prise-en-charge-de-la-diaspora\/\",\"url\":\"https:\/\/elmawkie.dz\/fr\/saison-estivale-le-president-de-la-republique-insiste-sur-une-meilleure-prise-en-charge-de-la-diaspora\/\",\"name\":\"Saison estivale : le pr\u00e9sident de la R\u00e9publique insiste sur une meilleure prise en charge de la diaspora - El Mawkie\",\"isPartOf\":{\"@id\":\"https:\/\/elmawkie.dz\/fr\/#website\"},\"primaryImageOfPage\":{\"@id\":\"https:\/\/elmawkie.dz\/fr\/saison-estivale-le-president-de-la-republique-insiste-sur-une-meilleure-prise-en-charge-de-la-diaspora\/#primaryimage\"},\"image\":{\"@id\":\"https:\/\/elmawkie.dz\/fr\/saison-estivale-le-president-de-la-republique-insiste-sur-une-meilleure-prise-en-charge-de-la-diaspora\/#primaryimage\"},\"thumbnailUrl\":\"https:\/\/elmawkie.dz\/fr\/wp-content\/uploads\/2025\/06\/IMG_7504.jpeg\",\"datePublished\":\"2025-06-15T19:17:56+00:00\",\"dateModified\":\"2025-06-15T19:17:56+00:00\",\"breadcrumb\":{\"@id\":\"https:\/\/elmawkie.dz\/fr\/saison-estivale-le-president-de-la-republique-insiste-sur-une-meilleure-prise-en-charge-de-la-diaspora\/#breadcrumb\"},\"inLanguage\":\"fr-FR\",\"potentialAction\":[{\"@type\":\"ReadAction\",\"target\":[\"https:\/\/elmawkie.dz\/fr\/saison-estivale-le-president-de-la-republique-insiste-sur-une-meilleure-prise-en-charge-de-la-diaspora\/\"]}]},{\"@type\":\"ImageObject\",\"inLanguage\":\"fr-FR\",\"@id\":\"https:\/\/elmawkie.dz\/fr\/saison-estivale-le-president-de-la-republique-insiste-sur-une-meilleure-prise-en-charge-de-la-diaspora\/#primaryimage\",\"url\":\"https:\/\/elmawkie.dz\/fr\/wp-content\/uploads\/2025\/06\/IMG_7504.jpeg\",\"contentUrl\":\"https:\/\/elmawkie.dz\/fr\/wp-content\/uploads\/2025\/06\/IMG_7504.jpeg\",\"width\":640,\"height\":479},{\"@type\":\"BreadcrumbList\",\"@id\":\"https:\/\/elmawkie.dz\/fr\/saison-estivale-le-president-de-la-republique-insiste-sur-une-meilleure-prise-en-charge-de-la-diaspora\/#breadcrumb\",\"itemListElement\":[{\"@type\":\"ListItem\",\"position\":1,\"name\":\"Home\",\"item\":\"https:\/\/elmawkie.dz\/fr\/\"},{\"@type\":\"ListItem\",\"position\":2,\"name\":\"Saison estivale : le pr\u00e9sident de la R\u00e9publique insiste sur une meilleure prise en charge de la diaspora\"}]},{\"@type\":\"WebSite\",\"@id\":\"https:\/\/elmawkie.dz\/fr\/#website\",\"url\":\"https:\/\/elmawkie.dz\/fr\/\",\"name\":\"EL MAWKIE\",\"description\":\"Journal \u00c9lectronique Alg\u00e9rien\",\"publisher\":{\"@id\":\"https:\/\/elmawkie.dz\/fr\/#organization\"},\"potentialAction\":[{\"@type\":\"SearchAction\",\"target\":{\"@type\":\"EntryPoint\",\"urlTemplate\":\"https:\/\/elmawkie.dz\/fr\/?s={search_term_string}\"},\"query-input\":\"required name=search_term_string\"}],\"inLanguage\":\"fr-FR\"},{\"@type\":\"Organization\",\"@id\":\"https:\/\/elmawkie.dz\/fr\/#organization\",\"name\":\"EL MAWKIE\",\"url\":\"https:\/\/elmawkie.dz\/fr\/\",\"logo\":{\"@type\":\"ImageObject\",\"inLanguage\":\"fr-FR\",\"@id\":\"https:\/\/elmawkie.dz\/fr\/#\/schema\/logo\/image\/\",\"url\":\"https:\/\/elmawkie.dz\/fr\/wp-content\/uploads\/2024\/05\/logo1.png\",\"contentUrl\":\"https:\/\/elmawkie.dz\/fr\/wp-content\/uploads\/2024\/05\/logo1.png\",\"width\":1648,\"height\":652,\"caption\":\"EL MAWKIE\"},\"image\":{\"@id\":\"https:\/\/elmawkie.dz\/fr\/#\/schema\/logo\/image\/\"},\"sameAs\":[\"https:\/\/www.facebook.com\/profile.php?id=100088407094989&locale=fr_FR\"]},{\"@type\":\"Person\",\"@id\":\"https:\/\/elmawkie.dz\/fr\/#\/schema\/person\/e7bd59d6467874ba5c4723d8a9f0a63c\",\"name\":\"R\u00e9daction\",\"image\":{\"@type\":\"ImageObject\",\"inLanguage\":\"fr-FR\",\"@id\":\"https:\/\/elmawkie.dz\/fr\/#\/schema\/person\/image\/\",\"url\":\"https:\/\/secure.gravatar.com\/avatar\/f0f773456344da4d2788c054a3d30a0c?s=96&d=mm&r=g\",\"contentUrl\":\"https:\/\/secure.gravatar.com\/avatar\/f0f773456344da4d2788c054a3d30a0c?s=96&d=mm&r=g\",\"caption\":\"R\u00e9daction\"},\"url\":\"https:\/\/elmawkie.dz\/fr\/author\/redaction\/\"}]}<\/script>\n<!-- \/ Yoast SEO Premium plugin. -->","yoast_head_json":{"title":"Saison estivale : le pr\u00e9sident de la R\u00e9publique insiste sur une meilleure prise en charge de la diaspora - El Mawkie","robots":{"index":"index","follow":"follow","max-snippet":"max-snippet:-1","max-image-preview":"max-image-preview:large","max-video-preview":"max-video-preview:-1"},"canonical":"https:\/\/elmawkie.dz\/fr\/saison-estivale-le-president-de-la-republique-insiste-sur-une-meilleure-prise-en-charge-de-la-diaspora\/","og_locale":"fr_FR","og_type":"article","og_title":"Saison estivale : le pr\u00e9sident de la R\u00e9publique insiste sur une meilleure prise en charge de la diaspora","og_description":"Le pr\u00e9sident de la R\u00e9publique, M. Abdelmadjid Tebboune, a insist\u00e9, lors de la r\u00e9union du Conseil des ministres qu&rsquo;il a pr\u00e9sid\u00e9e dimanche, sur la n\u00e9cessit\u00e9 de prendre toutes les mesures pour assurer une meilleure prise en charge des membres de la communaut\u00e9 nationale \u00e9tablie \u00e0 l&rsquo;\u00e9tranger, \u00e0 travers la simplification des proc\u00e9dures au niveau des &hellip;","og_url":"https:\/\/elmawkie.dz\/fr\/saison-estivale-le-president-de-la-republique-insiste-sur-une-meilleure-prise-en-charge-de-la-diaspora\/","og_site_name":"El Mawkie","article_publisher":"https:\/\/www.facebook.com\/profile.php?id=100088407094989&locale=fr_FR","article_published_time":"2025-06-15T19:17:56+00:00","og_image":[{"width":640,"height":479,"url":"https:\/\/elmawkie.dz\/fr\/wp-content\/uploads\/2025\/06\/IMG_7504.jpeg","type":"image\/jpeg"}],"author":"R\u00e9daction","twitter_card":"summary_large_image","twitter_misc":{"Written by":"R\u00e9daction","Est. reading time":"1 minute"},"schema":{"@context":"https:\/\/schema.org","@graph":[{"@type":"Article","@id":"https:\/\/elmawkie.dz\/fr\/saison-estivale-le-president-de-la-republique-insiste-sur-une-meilleure-prise-en-charge-de-la-diaspora\/#article","isPartOf":{"@id":"https:\/\/elmawkie.dz\/fr\/saison-estivale-le-president-de-la-republique-insiste-sur-une-meilleure-prise-en-charge-de-la-diaspora\/"},"author":{"name":"R\u00e9daction","@id":"https:\/\/elmawkie.dz\/fr\/#\/schema\/person\/e7bd59d6467874ba5c4723d8a9f0a63c"},"headline":"Saison estivale : le pr\u00e9sident de la R\u00e9publique insiste sur une meilleure prise en charge de la diaspora","datePublished":"2025-06-15T19:17:56+00:00","dateModified":"2025-06-15T19:17:56+00:00","mainEntityOfPage":{"@id":"https:\/\/elmawkie.dz\/fr\/saison-estivale-le-president-de-la-republique-insiste-sur-une-meilleure-prise-en-charge-de-la-diaspora\/"},"wordCount":176,"commentCount":0,"publisher":{"@id":"https:\/\/elmawkie.dz\/fr\/#organization"},"image":{"@id":"https:\/\/elmawkie.dz\/fr\/saison-estivale-le-president-de-la-republique-insiste-sur-une-meilleure-prise-en-charge-de-la-diaspora\/#primaryimage"},"thumbnailUrl":"https:\/\/elmawkie.dz\/fr\/wp-content\/uploads\/2025\/06\/IMG_7504.jpeg","keywords":["Diaspora","le pr\u00e9sident de la R\u00e9publique","saison estiavel"],"articleSection":["National"],"inLanguage":"fr-FR","potentialAction":[{"@type":"CommentAction","name":"Comment","target":["https:\/\/elmawkie.dz\/fr\/saison-estivale-le-president-de-la-republique-insiste-sur-une-meilleure-prise-en-charge-de-la-diaspora\/#respond"]}]},{"@type":"WebPage","@id":"https:\/\/elmawkie.dz\/fr\/saison-estivale-le-president-de-la-republique-insiste-sur-une-meilleure-prise-en-charge-de-la-diaspora\/","url":"https:\/\/elmawkie.dz\/fr\/saison-estivale-le-president-de-la-republique-insiste-sur-une-meilleure-prise-en-charge-de-la-diaspora\/","name":"Saison estivale : le pr\u00e9sident de la R\u00e9publique insiste sur une meilleure prise en charge de la diaspora - El Mawkie","isPartOf":{"@id":"https:\/\/elmawkie.dz\/fr\/#website"},"primaryImageOfPage":{"@id":"https:\/\/elmawkie.dz\/fr\/saison-estivale-le-president-de-la-republique-insiste-sur-une-meilleure-prise-en-charge-de-la-diaspora\/#primaryimage"},"image":{"@id":"https:\/\/elmawkie.dz\/fr\/saison-estivale-le-president-de-la-republique-insiste-sur-une-meilleure-prise-en-charge-de-la-diaspora\/#primaryimage"},"thumbnailUrl":"https:\/\/elmawkie.dz\/fr\/wp-content\/uploads\/2025\/06\/IMG_7504.jpeg","datePublished":"2025-06-15T19:17:56+00:00","dateModified":"2025-06-15T19:17:56+00:00","breadcrumb":{"@id":"https:\/\/elmawkie.dz\/fr\/saison-estivale-le-president-de-la-republique-insiste-sur-une-meilleure-prise-en-charge-de-la-diaspora\/#breadcrumb"},"inLanguage":"fr-FR","potentialAction":[{"@type":"ReadAction","target":["https:\/\/elmawkie.dz\/fr\/saison-estivale-le-president-de-la-republique-insiste-sur-une-meilleure-prise-en-charge-de-la-diaspora\/"]}]},{"@type":"ImageObject","inLanguage":"fr-FR","@id":"https:\/\/elmawkie.dz\/fr\/saison-estivale-le-president-de-la-republique-insiste-sur-une-meilleure-prise-en-charge-de-la-diaspora\/#primaryimage","url":"https:\/\/elmawkie.dz\/fr\/wp-content\/uploads\/2025\/06\/IMG_7504.jpeg","contentUrl":"https:\/\/elmawkie.dz\/fr\/wp-content\/uploads\/2025\/06\/IMG_7504.jpeg","width":640,"height":479},{"@type":"BreadcrumbList","@id":"https:\/\/elmawkie.dz\/fr\/saison-estivale-le-president-de-la-republique-insiste-sur-une-meilleure-prise-en-charge-de-la-diaspora\/#breadcrumb","itemListElement":[{"@type":"ListItem","position":1,"name":"Home","item":"https:\/\/elmawkie.dz\/fr\/"},{"@type":"ListItem","position":2,"name":"Saison estivale : le pr\u00e9sident de la R\u00e9publique insiste sur une meilleure prise en charge de la diaspora"}]},{"@type":"WebSite","@id":"https:\/\/elmawkie.dz\/fr\/#website","url":"https:\/\/elmawkie.dz\/fr\/","name":"EL MAWKIE","description":"Journal \u00c9lectronique Alg\u00e9rien","publisher":{"@id":"https:\/\/elmawkie.dz\/fr\/#organization"},"potentialAction":[{"@type":"SearchAction","target":{"@type":"EntryPoint","urlTemplate":"https:\/\/elmawkie.dz\/fr\/?s={search_term_string}"},"query-input":"required name=search_term_string"}],"inLanguage":"fr-FR"},{"@type":"Organization","@id":"https:\/\/elmawkie.dz\/fr\/#organization","name":"EL MAWKIE","url":"https:\/\/elmawkie.dz\/fr\/","logo":{"@type":"ImageObject","inLanguage":"fr-FR","@id":"https:\/\/elmawkie.dz\/fr\/#\/schema\/logo\/image\/","url":"https:\/\/elmawkie.dz\/fr\/wp-content\/uploads\/2024\/05\/logo1.png","contentUrl":"https:\/\/elmawkie.dz\/fr\/wp-content\/uploads\/2024\/05\/logo1.png","width":1648,"height":652,"caption":"EL MAWKIE"},"image":{"@id":"https:\/\/elmawkie.dz\/fr\/#\/schema\/logo\/image\/"},"sameAs":["https:\/\/www.facebook.com\/profile.php?id=100088407094989&locale=fr_FR"]},{"@type":"Person","@id":"https:\/\/elmawkie.dz\/fr\/#\/schema\/person\/e7bd59d6467874ba5c4723d8a9f0a63c","name":"R\u00e9daction","image":{"@type":"ImageObject","inLanguage":"fr-FR","@id":"https:\/\/elmawkie.dz\/fr\/#\/schema\/person\/image\/","url":"https:\/\/secure.gravatar.com\/avatar\/f0f773456344da4d2788c054a3d30a0c?s=96&d=mm&r=g","contentUrl":"https:\/\/secure.gravatar.com\/avatar\/f0f773456344da4d2788c054a3d30a0c?s=96&d=mm&r=g","caption":"R\u00e9daction"},"url":"https:\/\/elmawkie.dz\/fr\/author\/redaction\/"}]}},"_links":{"self":[{"href":"https:\/\/elmawkie.dz\/fr\/wp-json\/wp\/v2\/posts\/52592","targetHints":{"allow":["GET"]}}],"collection":[{"href":"https:\/\/elmawkie.dz\/fr\/wp-json\/wp\/v2\/posts"}],"about":[{"href":"https:\/\/elmawkie.dz\/fr\/wp-json\/wp\/v2\/types\/post"}],"author":[{"embeddable":true,"href":"https:\/\/elmawkie.dz\/fr\/wp-json\/wp\/v2\/users\/9"}],"replies":[{"embeddable":true,"href":"https:\/\/elmawkie.dz\/fr\/wp-json\/wp\/v2\/comments?post=52592"}],"version-history":[{"count":1,"href":"https:\/\/elmawkie.dz\/fr\/wp-json\/wp\/v2\/posts\/52592\/revisions"}],"predecessor-version":[{"id":52595,"href":"https:\/\/elmawkie.dz\/fr\/wp-json\/wp\/v2\/posts\/52592\/revisions\/52595"}],"wp:featuredmedia":[{"embeddable":true,"href":"https:\/\/elmawkie.dz\/fr\/wp-json\/wp\/v2\/media\/52594"}],"wp:attachment":[{"href":"https:\/\/elmawkie.dz\/fr\/wp-json\/wp\/v2\/media?parent=52592"}],"wp:term":[{"taxonomy":"category","embeddable":true,"href":"https:\/\/elmawkie.dz\/fr\/wp-json\/wp\/v2\/categories?post=52592"},{"taxonomy":"post_tag","embeddable":true,"href":"https:\/\/elmawkie.dz\/fr\/wp-json\/wp\/v2\/tags?post=52592"}],"curies":[{"name":"wp","href":"https:\/\/api.w.org\/{rel}","templated":true}]}}