{"id":52485,"date":"2025-06-13T16:52:53","date_gmt":"2025-06-13T15:52:53","guid":{"rendered":"https:\/\/elmawkie.dz\/fr\/?p=52485"},"modified":"2025-06-13T16:52:54","modified_gmt":"2025-06-13T15:52:54","slug":"onu-le-conseil-de-securite-exprime-sa-profonde-preoccupation-face-a-lescalade-de-la-violence-au-soudan","status":"publish","type":"post","link":"https:\/\/elmawkie.dz\/fr\/onu-le-conseil-de-securite-exprime-sa-profonde-preoccupation-face-a-lescalade-de-la-violence-au-soudan\/","title":{"rendered":"ONU: le Conseil de s\u00e9curit\u00e9 exprime sa \u00ab\u00a0profonde pr\u00e9occupation\u00a0\u00bb face \u00e0 l&rsquo;escalade de la violence au Soudan"},"content":{"rendered":"\n<p>Le Conseil de s\u00e9curit\u00e9 de l&rsquo;ONU a exprim\u00e9 \u00ab\u00a0sa profonde pr\u00e9occupation\u00a0\u00bb face \u00e0 l&rsquo;escalade de la violence dans diff\u00e9rentes r\u00e9gions du Soudan, notamment \u00e0 El Fasher et dans ses environs, au Darfour-Nord. Dans un communiqu\u00e9 rendu public jeudi, les membres du Conseil ont rappel\u00e9 la r\u00e9solution 2736 (2024), qui exige que les Forces de soutien rapide (FSR) mettent fin au si\u00e8ge d&rsquo;El Fasher et appelle \u00e0 l&rsquo;arr\u00eat imm\u00e9diat des combats et \u00e0 la d\u00e9sescalade dans cette r\u00e9gion et dans ses environs. A ce titre, ils ont \u00ab\u00a0fermement condamn\u00e9 l&rsquo;attaque perp\u00e9tr\u00e9e le 2 juin 2025 pr\u00e8s d&rsquo;Al Koma, au Darfour-Nord, contre un convoi humanitaire conjoint du Programme alimentaire mondial (PAM) et du Fonds des Nations Unies pour l&rsquo;enfance (UNICEF), qui a tu\u00e9 cinq travailleurs humanitaires, bless\u00e9 plusieurs personnes, endommag\u00e9 des fournitures humanitaires vitales et incendi\u00e9 plusieurs camions\u00a0\u00bb. Par ailleurs, les membres du Conseil de s\u00e9curit\u00e9 ont r\u00e9it\u00e9r\u00e9 l&rsquo;appel du Secr\u00e9taire g\u00e9n\u00e9ral de l&rsquo;ONU, Antonio Guterres \u00e0 \u00ab\u00a0une enqu\u00eate urgente et \u00e0 ce que les auteurs soient traduits en justice\u00a0\u00bb. Ils ont \u00e9galement condamn\u00e9 \u00ab\u00a0les bombardements r\u00e9p\u00e9t\u00e9s des FSR le 29 mai 2025, qui ont endommag\u00e9 une installation du PAM \u00e0 El Fasher\u00a0\u00bb. Les membres du Conseil ont aussi exprim\u00e9 leur \u00ab\u00a0profonde pr\u00e9occupation quant \u00e0 l&rsquo;impact du conflit, notamment des attaques, sur les op\u00e9rations humanitaires\u00a0\u00bb. Cela inclut \u00ab\u00a0des informations faisant \u00e9tat de r\u00e9centes attaques a\u00e9riennes des FSR qui auraient endommag\u00e9 des infrastructures civiles essentielles, principalement \u00e0 Port-Soudan, Kassala et Khartoum\u00a0\u00bb. Il ont, en outre, rappel\u00e9 aux parties au conflit qu'\u00a0\u00bbelles devaient garantir la s\u00fbret\u00e9 et la s\u00e9curit\u00e9 du personnel des Nations Unies et du personnel humanitaire, de leurs locaux et de leurs biens, conform\u00e9ment au droit international et \u00e0 la r\u00e9solution 2730 (2024)\u00a0\u00bb. Ils ont notamment r\u00e9affirm\u00e9 que, \u00ab\u00a0les attaques d\u00e9lib\u00e9r\u00e9es contre le personnel humanitaire, ses locaux et ses biens pouvaient constituer des crimes de guerre (et) appel\u00e9 les parties \u00e0 respecter leurs engagements au titre de la D\u00e9claration de Djeddah ainsi que leurs obligations en vertu du droit international, en particulier le droit international humanitaire et, le cas \u00e9ch\u00e9ant, le droit international des droits de l&rsquo;homme\u00a0\u00bb. Enfin, les membres du Conseil de s\u00e9curit\u00e9 ont \u00ab\u00a0r\u00e9affirm\u00e9 leur ferme attachement \u00e0 la souverainet\u00e9, \u00e0 l&rsquo;unit\u00e9 et \u00e0 l&rsquo;int\u00e9grit\u00e9 territoriale du Soudan\u00a0\u00bb.<\/p>\n","protected":false},"excerpt":{"rendered":"<p>Le Conseil de s\u00e9curit\u00e9 de l&rsquo;ONU a exprim\u00e9 \u00ab\u00a0sa profonde pr\u00e9occupation\u00a0\u00bb face \u00e0 l&rsquo;escalade de la violence dans diff\u00e9rentes r\u00e9gions du Soudan, notamment \u00e0 El Fasher et dans ses environs, au Darfour-Nord. Dans un communiqu\u00e9 rendu public jeudi, les membres du Conseil ont rappel\u00e9 la r\u00e9solution 2736 (2024), qui exige que les Forces de soutien &hellip;<\/p>\n","protected":false},"author":9,"featured_media":52487,"comment_status":"open","ping_status":"open","sticky":false,"template":"","format":"standard","meta":{"footnotes":""},"categories":[44],"tags":[455,831,696],"class_list":["post-52485","post","type-post","status-publish","format-standard","has-post-thumbnail","hentry","category-international","tag-conseil-de-securite","tag-onu","tag-soudan"],"yoast_head":"<!-- This site is optimized with the Yoast SEO Premium plugin v22.6 (Yoast SEO v22.6) - https:\/\/yoast.com\/wordpress\/plugins\/seo\/ -->\n<title>ONU: le Conseil de s\u00e9curit\u00e9 exprime sa &quot;profonde pr\u00e9occupation&quot; face \u00e0 l&#039;escalade de la violence au Soudan - El Mawkie<\/title>\n<meta name=\"robots\" content=\"index, follow, max-snippet:-1, max-image-preview:large, max-video-preview:-1\" \/>\n<link rel=\"canonical\" href=\"https:\/\/elmawkie.dz\/fr\/onu-le-conseil-de-securite-exprime-sa-profonde-preoccupation-face-a-lescalade-de-la-violence-au-soudan\/\" \/>\n<meta property=\"og:locale\" content=\"fr_FR\" \/>\n<meta property=\"og:type\" content=\"article\" \/>\n<meta property=\"og:title\" content=\"ONU: le Conseil de s\u00e9curit\u00e9 exprime sa &quot;profonde pr\u00e9occupation&quot; face \u00e0 l&#039;escalade de la violence au Soudan\" \/>\n<meta property=\"og:description\" content=\"Le Conseil de s\u00e9curit\u00e9 de l&rsquo;ONU a exprim\u00e9 \u00ab\u00a0sa profonde pr\u00e9occupation\u00a0\u00bb face \u00e0 l&rsquo;escalade de la violence dans diff\u00e9rentes r\u00e9gions du Soudan, notamment \u00e0 El Fasher et dans ses environs, au Darfour-Nord. Dans un communiqu\u00e9 rendu public jeudi, les membres du Conseil ont rappel\u00e9 la r\u00e9solution 2736 (2024), qui exige que les Forces de soutien &hellip;\" \/>\n<meta property=\"og:url\" content=\"https:\/\/elmawkie.dz\/fr\/onu-le-conseil-de-securite-exprime-sa-profonde-preoccupation-face-a-lescalade-de-la-violence-au-soudan\/\" \/>\n<meta property=\"og:site_name\" content=\"El Mawkie\" \/>\n<meta property=\"article:publisher\" content=\"https:\/\/www.facebook.com\/profile.php?id=100088407094989&amp;locale=fr_FR\" \/>\n<meta property=\"article:published_time\" content=\"2025-06-13T15:52:53+00:00\" \/>\n<meta property=\"article:modified_time\" content=\"2025-06-13T15:52:54+00:00\" \/>\n<meta property=\"og:image\" content=\"https:\/\/elmawkie.dz\/fr\/wp-content\/uploads\/2025\/06\/IMG_7337.jpeg\" \/>\n\t<meta property=\"og:image:width\" content=\"287\" \/>\n\t<meta property=\"og:image:height\" content=\"175\" \/>\n\t<meta property=\"og:image:type\" content=\"image\/jpeg\" \/>\n<meta name=\"author\" content=\"R\u00e9daction\" \/>\n<meta name=\"twitter:card\" content=\"summary_large_image\" \/>\n<meta name=\"twitter:label1\" content=\"Written by\" \/>\n\t<meta name=\"twitter:data1\" content=\"R\u00e9daction\" \/>\n\t<meta name=\"twitter:label2\" content=\"Est. reading time\" \/>\n\t<meta name=\"twitter:data2\" content=\"3 minutes\" \/>\n<script type=\"application\/ld+json\" class=\"yoast-schema-graph\">{\"@context\":\"https:\/\/schema.org\",\"@graph\":[{\"@type\":\"Article\",\"@id\":\"https:\/\/elmawkie.dz\/fr\/onu-le-conseil-de-securite-exprime-sa-profonde-preoccupation-face-a-lescalade-de-la-violence-au-soudan\/#article\",\"isPartOf\":{\"@id\":\"https:\/\/elmawkie.dz\/fr\/onu-le-conseil-de-securite-exprime-sa-profonde-preoccupation-face-a-lescalade-de-la-violence-au-soudan\/\"},\"author\":{\"name\":\"R\u00e9daction\",\"@id\":\"https:\/\/elmawkie.dz\/fr\/#\/schema\/person\/e7bd59d6467874ba5c4723d8a9f0a63c\"},\"headline\":\"ONU: le Conseil de s\u00e9curit\u00e9 exprime sa \u00ab\u00a0profonde pr\u00e9occupation\u00a0\u00bb face \u00e0 l&rsquo;escalade de la violence au Soudan\",\"datePublished\":\"2025-06-13T15:52:53+00:00\",\"dateModified\":\"2025-06-13T15:52:54+00:00\",\"mainEntityOfPage\":{\"@id\":\"https:\/\/elmawkie.dz\/fr\/onu-le-conseil-de-securite-exprime-sa-profonde-preoccupation-face-a-lescalade-de-la-violence-au-soudan\/\"},\"wordCount\":419,\"commentCount\":0,\"publisher\":{\"@id\":\"https:\/\/elmawkie.dz\/fr\/#organization\"},\"image\":{\"@id\":\"https:\/\/elmawkie.dz\/fr\/onu-le-conseil-de-securite-exprime-sa-profonde-preoccupation-face-a-lescalade-de-la-violence-au-soudan\/#primaryimage\"},\"thumbnailUrl\":\"https:\/\/elmawkie.dz\/fr\/wp-content\/uploads\/2025\/06\/IMG_7337.jpeg\",\"keywords\":[\"Conseil de s\u00e9curit\u00e9\",\"ONU\",\"Soudan\"],\"articleSection\":[\"International\"],\"inLanguage\":\"fr-FR\",\"potentialAction\":[{\"@type\":\"CommentAction\",\"name\":\"Comment\",\"target\":[\"https:\/\/elmawkie.dz\/fr\/onu-le-conseil-de-securite-exprime-sa-profonde-preoccupation-face-a-lescalade-de-la-violence-au-soudan\/#respond\"]}]},{\"@type\":\"WebPage\",\"@id\":\"https:\/\/elmawkie.dz\/fr\/onu-le-conseil-de-securite-exprime-sa-profonde-preoccupation-face-a-lescalade-de-la-violence-au-soudan\/\",\"url\":\"https:\/\/elmawkie.dz\/fr\/onu-le-conseil-de-securite-exprime-sa-profonde-preoccupation-face-a-lescalade-de-la-violence-au-soudan\/\",\"name\":\"ONU: le Conseil de s\u00e9curit\u00e9 exprime sa \\\"profonde pr\u00e9occupation\\\" face \u00e0 l'escalade de la violence au Soudan - El Mawkie\",\"isPartOf\":{\"@id\":\"https:\/\/elmawkie.dz\/fr\/#website\"},\"primaryImageOfPage\":{\"@id\":\"https:\/\/elmawkie.dz\/fr\/onu-le-conseil-de-securite-exprime-sa-profonde-preoccupation-face-a-lescalade-de-la-violence-au-soudan\/#primaryimage\"},\"image\":{\"@id\":\"https:\/\/elmawkie.dz\/fr\/onu-le-conseil-de-securite-exprime-sa-profonde-preoccupation-face-a-lescalade-de-la-violence-au-soudan\/#primaryimage\"},\"thumbnailUrl\":\"https:\/\/elmawkie.dz\/fr\/wp-content\/uploads\/2025\/06\/IMG_7337.jpeg\",\"datePublished\":\"2025-06-13T15:52:53+00:00\",\"dateModified\":\"2025-06-13T15:52:54+00:00\",\"breadcrumb\":{\"@id\":\"https:\/\/elmawkie.dz\/fr\/onu-le-conseil-de-securite-exprime-sa-profonde-preoccupation-face-a-lescalade-de-la-violence-au-soudan\/#breadcrumb\"},\"inLanguage\":\"fr-FR\",\"potentialAction\":[{\"@type\":\"ReadAction\",\"target\":[\"https:\/\/elmawkie.dz\/fr\/onu-le-conseil-de-securite-exprime-sa-profonde-preoccupation-face-a-lescalade-de-la-violence-au-soudan\/\"]}]},{\"@type\":\"ImageObject\",\"inLanguage\":\"fr-FR\",\"@id\":\"https:\/\/elmawkie.dz\/fr\/onu-le-conseil-de-securite-exprime-sa-profonde-preoccupation-face-a-lescalade-de-la-violence-au-soudan\/#primaryimage\",\"url\":\"https:\/\/elmawkie.dz\/fr\/wp-content\/uploads\/2025\/06\/IMG_7337.jpeg\",\"contentUrl\":\"https:\/\/elmawkie.dz\/fr\/wp-content\/uploads\/2025\/06\/IMG_7337.jpeg\",\"width\":287,\"height\":175},{\"@type\":\"BreadcrumbList\",\"@id\":\"https:\/\/elmawkie.dz\/fr\/onu-le-conseil-de-securite-exprime-sa-profonde-preoccupation-face-a-lescalade-de-la-violence-au-soudan\/#breadcrumb\",\"itemListElement\":[{\"@type\":\"ListItem\",\"position\":1,\"name\":\"Home\",\"item\":\"https:\/\/elmawkie.dz\/fr\/\"},{\"@type\":\"ListItem\",\"position\":2,\"name\":\"ONU: le Conseil de s\u00e9curit\u00e9 exprime sa \u00ab\u00a0profonde pr\u00e9occupation\u00a0\u00bb face \u00e0 l&rsquo;escalade de la violence au Soudan\"}]},{\"@type\":\"WebSite\",\"@id\":\"https:\/\/elmawkie.dz\/fr\/#website\",\"url\":\"https:\/\/elmawkie.dz\/fr\/\",\"name\":\"EL MAWKIE\",\"description\":\"Journal \u00c9lectronique Alg\u00e9rien\",\"publisher\":{\"@id\":\"https:\/\/elmawkie.dz\/fr\/#organization\"},\"potentialAction\":[{\"@type\":\"SearchAction\",\"target\":{\"@type\":\"EntryPoint\",\"urlTemplate\":\"https:\/\/elmawkie.dz\/fr\/?s={search_term_string}\"},\"query-input\":\"required name=search_term_string\"}],\"inLanguage\":\"fr-FR\"},{\"@type\":\"Organization\",\"@id\":\"https:\/\/elmawkie.dz\/fr\/#organization\",\"name\":\"EL MAWKIE\",\"url\":\"https:\/\/elmawkie.dz\/fr\/\",\"logo\":{\"@type\":\"ImageObject\",\"inLanguage\":\"fr-FR\",\"@id\":\"https:\/\/elmawkie.dz\/fr\/#\/schema\/logo\/image\/\",\"url\":\"https:\/\/elmawkie.dz\/fr\/wp-content\/uploads\/2024\/05\/logo1.png\",\"contentUrl\":\"https:\/\/elmawkie.dz\/fr\/wp-content\/uploads\/2024\/05\/logo1.png\",\"width\":1648,\"height\":652,\"caption\":\"EL MAWKIE\"},\"image\":{\"@id\":\"https:\/\/elmawkie.dz\/fr\/#\/schema\/logo\/image\/\"},\"sameAs\":[\"https:\/\/www.facebook.com\/profile.php?id=100088407094989&locale=fr_FR\"]},{\"@type\":\"Person\",\"@id\":\"https:\/\/elmawkie.dz\/fr\/#\/schema\/person\/e7bd59d6467874ba5c4723d8a9f0a63c\",\"name\":\"R\u00e9daction\",\"image\":{\"@type\":\"ImageObject\",\"inLanguage\":\"fr-FR\",\"@id\":\"https:\/\/elmawkie.dz\/fr\/#\/schema\/person\/image\/\",\"url\":\"https:\/\/secure.gravatar.com\/avatar\/f0f773456344da4d2788c054a3d30a0c?s=96&d=mm&r=g\",\"contentUrl\":\"https:\/\/secure.gravatar.com\/avatar\/f0f773456344da4d2788c054a3d30a0c?s=96&d=mm&r=g\",\"caption\":\"R\u00e9daction\"},\"url\":\"https:\/\/elmawkie.dz\/fr\/author\/redaction\/\"}]}<\/script>\n<!-- \/ Yoast SEO Premium plugin. -->","yoast_head_json":{"title":"ONU: le Conseil de s\u00e9curit\u00e9 exprime sa \"profonde pr\u00e9occupation\" face \u00e0 l'escalade de la violence au Soudan - El Mawkie","robots":{"index":"index","follow":"follow","max-snippet":"max-snippet:-1","max-image-preview":"max-image-preview:large","max-video-preview":"max-video-preview:-1"},"canonical":"https:\/\/elmawkie.dz\/fr\/onu-le-conseil-de-securite-exprime-sa-profonde-preoccupation-face-a-lescalade-de-la-violence-au-soudan\/","og_locale":"fr_FR","og_type":"article","og_title":"ONU: le Conseil de s\u00e9curit\u00e9 exprime sa \"profonde pr\u00e9occupation\" face \u00e0 l'escalade de la violence au Soudan","og_description":"Le Conseil de s\u00e9curit\u00e9 de l&rsquo;ONU a exprim\u00e9 \u00ab\u00a0sa profonde pr\u00e9occupation\u00a0\u00bb face \u00e0 l&rsquo;escalade de la violence dans diff\u00e9rentes r\u00e9gions du Soudan, notamment \u00e0 El Fasher et dans ses environs, au Darfour-Nord. Dans un communiqu\u00e9 rendu public jeudi, les membres du Conseil ont rappel\u00e9 la r\u00e9solution 2736 (2024), qui exige que les Forces de soutien &hellip;","og_url":"https:\/\/elmawkie.dz\/fr\/onu-le-conseil-de-securite-exprime-sa-profonde-preoccupation-face-a-lescalade-de-la-violence-au-soudan\/","og_site_name":"El Mawkie","article_publisher":"https:\/\/www.facebook.com\/profile.php?id=100088407094989&locale=fr_FR","article_published_time":"2025-06-13T15:52:53+00:00","article_modified_time":"2025-06-13T15:52:54+00:00","og_image":[{"width":287,"height":175,"url":"https:\/\/elmawkie.dz\/fr\/wp-content\/uploads\/2025\/06\/IMG_7337.jpeg","type":"image\/jpeg"}],"author":"R\u00e9daction","twitter_card":"summary_large_image","twitter_misc":{"Written by":"R\u00e9daction","Est. reading time":"3 minutes"},"schema":{"@context":"https:\/\/schema.org","@graph":[{"@type":"Article","@id":"https:\/\/elmawkie.dz\/fr\/onu-le-conseil-de-securite-exprime-sa-profonde-preoccupation-face-a-lescalade-de-la-violence-au-soudan\/#article","isPartOf":{"@id":"https:\/\/elmawkie.dz\/fr\/onu-le-conseil-de-securite-exprime-sa-profonde-preoccupation-face-a-lescalade-de-la-violence-au-soudan\/"},"author":{"name":"R\u00e9daction","@id":"https:\/\/elmawkie.dz\/fr\/#\/schema\/person\/e7bd59d6467874ba5c4723d8a9f0a63c"},"headline":"ONU: le Conseil de s\u00e9curit\u00e9 exprime sa \u00ab\u00a0profonde pr\u00e9occupation\u00a0\u00bb face \u00e0 l&rsquo;escalade de la violence au Soudan","datePublished":"2025-06-13T15:52:53+00:00","dateModified":"2025-06-13T15:52:54+00:00","mainEntityOfPage":{"@id":"https:\/\/elmawkie.dz\/fr\/onu-le-conseil-de-securite-exprime-sa-profonde-preoccupation-face-a-lescalade-de-la-violence-au-soudan\/"},"wordCount":419,"commentCount":0,"publisher":{"@id":"https:\/\/elmawkie.dz\/fr\/#organization"},"image":{"@id":"https:\/\/elmawkie.dz\/fr\/onu-le-conseil-de-securite-exprime-sa-profonde-preoccupation-face-a-lescalade-de-la-violence-au-soudan\/#primaryimage"},"thumbnailUrl":"https:\/\/elmawkie.dz\/fr\/wp-content\/uploads\/2025\/06\/IMG_7337.jpeg","keywords":["Conseil de s\u00e9curit\u00e9","ONU","Soudan"],"articleSection":["International"],"inLanguage":"fr-FR","potentialAction":[{"@type":"CommentAction","name":"Comment","target":["https:\/\/elmawkie.dz\/fr\/onu-le-conseil-de-securite-exprime-sa-profonde-preoccupation-face-a-lescalade-de-la-violence-au-soudan\/#respond"]}]},{"@type":"WebPage","@id":"https:\/\/elmawkie.dz\/fr\/onu-le-conseil-de-securite-exprime-sa-profonde-preoccupation-face-a-lescalade-de-la-violence-au-soudan\/","url":"https:\/\/elmawkie.dz\/fr\/onu-le-conseil-de-securite-exprime-sa-profonde-preoccupation-face-a-lescalade-de-la-violence-au-soudan\/","name":"ONU: le Conseil de s\u00e9curit\u00e9 exprime sa \"profonde pr\u00e9occupation\" face \u00e0 l'escalade de la violence au Soudan - El Mawkie","isPartOf":{"@id":"https:\/\/elmawkie.dz\/fr\/#website"},"primaryImageOfPage":{"@id":"https:\/\/elmawkie.dz\/fr\/onu-le-conseil-de-securite-exprime-sa-profonde-preoccupation-face-a-lescalade-de-la-violence-au-soudan\/#primaryimage"},"image":{"@id":"https:\/\/elmawkie.dz\/fr\/onu-le-conseil-de-securite-exprime-sa-profonde-preoccupation-face-a-lescalade-de-la-violence-au-soudan\/#primaryimage"},"thumbnailUrl":"https:\/\/elmawkie.dz\/fr\/wp-content\/uploads\/2025\/06\/IMG_7337.jpeg","datePublished":"2025-06-13T15:52:53+00:00","dateModified":"2025-06-13T15:52:54+00:00","breadcrumb":{"@id":"https:\/\/elmawkie.dz\/fr\/onu-le-conseil-de-securite-exprime-sa-profonde-preoccupation-face-a-lescalade-de-la-violence-au-soudan\/#breadcrumb"},"inLanguage":"fr-FR","potentialAction":[{"@type":"ReadAction","target":["https:\/\/elmawkie.dz\/fr\/onu-le-conseil-de-securite-exprime-sa-profonde-preoccupation-face-a-lescalade-de-la-violence-au-soudan\/"]}]},{"@type":"ImageObject","inLanguage":"fr-FR","@id":"https:\/\/elmawkie.dz\/fr\/onu-le-conseil-de-securite-exprime-sa-profonde-preoccupation-face-a-lescalade-de-la-violence-au-soudan\/#primaryimage","url":"https:\/\/elmawkie.dz\/fr\/wp-content\/uploads\/2025\/06\/IMG_7337.jpeg","contentUrl":"https:\/\/elmawkie.dz\/fr\/wp-content\/uploads\/2025\/06\/IMG_7337.jpeg","width":287,"height":175},{"@type":"BreadcrumbList","@id":"https:\/\/elmawkie.dz\/fr\/onu-le-conseil-de-securite-exprime-sa-profonde-preoccupation-face-a-lescalade-de-la-violence-au-soudan\/#breadcrumb","itemListElement":[{"@type":"ListItem","position":1,"name":"Home","item":"https:\/\/elmawkie.dz\/fr\/"},{"@type":"ListItem","position":2,"name":"ONU: le Conseil de s\u00e9curit\u00e9 exprime sa \u00ab\u00a0profonde pr\u00e9occupation\u00a0\u00bb face \u00e0 l&rsquo;escalade de la violence au Soudan"}]},{"@type":"WebSite","@id":"https:\/\/elmawkie.dz\/fr\/#website","url":"https:\/\/elmawkie.dz\/fr\/","name":"EL MAWKIE","description":"Journal \u00c9lectronique Alg\u00e9rien","publisher":{"@id":"https:\/\/elmawkie.dz\/fr\/#organization"},"potentialAction":[{"@type":"SearchAction","target":{"@type":"EntryPoint","urlTemplate":"https:\/\/elmawkie.dz\/fr\/?s={search_term_string}"},"query-input":"required name=search_term_string"}],"inLanguage":"fr-FR"},{"@type":"Organization","@id":"https:\/\/elmawkie.dz\/fr\/#organization","name":"EL MAWKIE","url":"https:\/\/elmawkie.dz\/fr\/","logo":{"@type":"ImageObject","inLanguage":"fr-FR","@id":"https:\/\/elmawkie.dz\/fr\/#\/schema\/logo\/image\/","url":"https:\/\/elmawkie.dz\/fr\/wp-content\/uploads\/2024\/05\/logo1.png","contentUrl":"https:\/\/elmawkie.dz\/fr\/wp-content\/uploads\/2024\/05\/logo1.png","width":1648,"height":652,"caption":"EL MAWKIE"},"image":{"@id":"https:\/\/elmawkie.dz\/fr\/#\/schema\/logo\/image\/"},"sameAs":["https:\/\/www.facebook.com\/profile.php?id=100088407094989&locale=fr_FR"]},{"@type":"Person","@id":"https:\/\/elmawkie.dz\/fr\/#\/schema\/person\/e7bd59d6467874ba5c4723d8a9f0a63c","name":"R\u00e9daction","image":{"@type":"ImageObject","inLanguage":"fr-FR","@id":"https:\/\/elmawkie.dz\/fr\/#\/schema\/person\/image\/","url":"https:\/\/secure.gravatar.com\/avatar\/f0f773456344da4d2788c054a3d30a0c?s=96&d=mm&r=g","contentUrl":"https:\/\/secure.gravatar.com\/avatar\/f0f773456344da4d2788c054a3d30a0c?s=96&d=mm&r=g","caption":"R\u00e9daction"},"url":"https:\/\/elmawkie.dz\/fr\/author\/redaction\/"}]}},"_links":{"self":[{"href":"https:\/\/elmawkie.dz\/fr\/wp-json\/wp\/v2\/posts\/52485","targetHints":{"allow":["GET"]}}],"collection":[{"href":"https:\/\/elmawkie.dz\/fr\/wp-json\/wp\/v2\/posts"}],"about":[{"href":"https:\/\/elmawkie.dz\/fr\/wp-json\/wp\/v2\/types\/post"}],"author":[{"embeddable":true,"href":"https:\/\/elmawkie.dz\/fr\/wp-json\/wp\/v2\/users\/9"}],"replies":[{"embeddable":true,"href":"https:\/\/elmawkie.dz\/fr\/wp-json\/wp\/v2\/comments?post=52485"}],"version-history":[{"count":1,"href":"https:\/\/elmawkie.dz\/fr\/wp-json\/wp\/v2\/posts\/52485\/revisions"}],"predecessor-version":[{"id":52488,"href":"https:\/\/elmawkie.dz\/fr\/wp-json\/wp\/v2\/posts\/52485\/revisions\/52488"}],"wp:featuredmedia":[{"embeddable":true,"href":"https:\/\/elmawkie.dz\/fr\/wp-json\/wp\/v2\/media\/52487"}],"wp:attachment":[{"href":"https:\/\/elmawkie.dz\/fr\/wp-json\/wp\/v2\/media?parent=52485"}],"wp:term":[{"taxonomy":"category","embeddable":true,"href":"https:\/\/elmawkie.dz\/fr\/wp-json\/wp\/v2\/categories?post=52485"},{"taxonomy":"post_tag","embeddable":true,"href":"https:\/\/elmawkie.dz\/fr\/wp-json\/wp\/v2\/tags?post=52485"}],"curies":[{"name":"wp","href":"https:\/\/api.w.org\/{rel}","templated":true}]}}