{"id":52480,"date":"2025-06-13T16:47:02","date_gmt":"2025-06-13T15:47:02","guid":{"rendered":"https:\/\/elmawkie.dz\/fr\/?p=52480"},"modified":"2025-06-13T16:49:36","modified_gmt":"2025-06-13T15:49:36","slug":"oran-accueille-le-4e-forum-ouest-de-recherche-medicale-avec-plus-de-350-participants","status":"publish","type":"post","link":"https:\/\/elmawkie.dz\/fr\/oran-accueille-le-4e-forum-ouest-de-recherche-medicale-avec-plus-de-350-participants\/","title":{"rendered":"Oran accueille le 4e Forum Ouest de recherche m\u00e9dicale avec plus de 350 participants"},"content":{"rendered":"\n<p><em><strong>La 4e \u00e9dition du Forum Ouest de l\u2019Association alg\u00e9rienne de recherche en m\u00e9decine s\u2019est ouverte, vendredi \u00e0 Oran, avec la participation de plus de 350 m\u00e9decins, sp\u00e9cialistes de la sant\u00e9 et chercheurs universitaires repr\u00e9sentant 22 wilayas du pays.Organis\u00e9 dans une optique de mise \u00e0 jour des connaissances m\u00e9dicales, cet \u00e9v\u00e9nement scientifique vise \u00e0 promouvoir les \u00e9changes autour des derni\u00e8res avanc\u00e9es dans les diff\u00e9rentes sp\u00e9cialit\u00e9s de la m\u00e9decine moderne, a indiqu\u00e9 le pr\u00e9sident de l\u2019Association, Dr Mohamed La\u00effa, lors de son allocution d\u2019ouverture.<\/strong><\/em><\/p>\n\n\n\n<p><em><strong>Les travaux de cette rencontre porteront sur la pr\u00e9sentation de r\u00e9sultats r\u00e9cents issus de la recherche m\u00e9dicale, ainsi que sur l\u2019examen de traitements innovants, dans le cadre de la formation continue destin\u00e9e aux professionnels de sant\u00e9, en particulier les jeunes praticiens.Selon les organisateurs, le forum ambitionne \u00e9galement de renforcer une approche multidisciplinaire \u00e0 l\u2019\u00e9chelle nationale pour relever les d\u00e9fis sanitaires majeurs, \u00e0 l\u2019instar du cancer, des maladies m\u00e9taboliques et des affections infectieuses<\/strong><\/em>.<\/p>\n\n\n\n<p><em><strong>Dans ce contexte, Dr La\u00effa a soulign\u00e9 que cette initiative repr\u00e9sente \u00ab une expression concr\u00e8te de l\u2019engagement de l\u2019Association \u00e0 contribuer au d\u00e9veloppement de la recherche clinique en Alg\u00e9rie \u00bb, ajoutant qu\u2019il s\u2019agit l\u00e0 d\u2019un levier essentiel pour la collecte, l\u2019analyse et la valorisation des donn\u00e9es scientifiques issues des travaux collectifs men\u00e9s sur le terrain.<\/strong><\/em><\/p>\n\n\n\n<p><em><strong>Au cours du forum, plusieurs communications ont \u00e9t\u00e9 pr\u00e9sent\u00e9es, mettant en lumi\u00e8re des strat\u00e9gies th\u00e9rapeutiques de pointe. Le professeur Mohamed Seddik Hamdaoui, sp\u00e9cialiste en diab\u00e9tologie \u00e0 l\u2019EHU 1er Novembre 1954 d\u2019Oran, a d\u00e9taill\u00e9 les nouveaux axes th\u00e9rapeutiques dans la prise en charge du diab\u00e8te, en insistant sur l\u2019usage des agonistes des r\u00e9cepteurs GLP-1 et de l\u2019insuline \u00e0 action prolong\u00e9e, des traitements permettant une r\u00e9gulation plus efficace de la glyc\u00e9mie. Pour sa part, le professeur Merad Mohamed Samir, du service d\u2019endocrinologie et diab\u00e9tologie du CHU d\u2019Oran, a \u00e9voqu\u00e9 les \u00e9volutions r\u00e9centes dans la gestion des dyslipid\u00e9mies chez les patients diab\u00e9tiques. Il a mis en avant l\u2019importance d\u2019une \u00e9valuation personnalis\u00e9e des risques cardiovasculaires, fond\u00e9e sur l\u2019utilisation d\u2019outils int\u00e9grant les donn\u00e9es g\u00e9n\u00e9tiques, les biomarqueurs, l\u2019imagerie m\u00e9dicale, ainsi que la prise en compte de facteurs de risque sp\u00e9cifiques comme l\u2019hypertension ou les ant\u00e9c\u00e9dents familiaux.<\/strong><\/em><\/p>\n\n\n\n<p><strong><em>Regroupant professionnels de sant\u00e9 et universitaires engag\u00e9s dans la recherche appliqu\u00e9e en m\u00e9decine, l\u2019Association alg\u00e9rienne de recherche en m\u00e9decine \u0153uvre \u00e0 consolider le lien entre pratique clinique et recherche scientifique.<\/em><\/strong><\/p>\n","protected":false},"excerpt":{"rendered":"<p>La 4e \u00e9dition du Forum Ouest de l\u2019Association alg\u00e9rienne de recherche en m\u00e9decine s\u2019est ouverte, vendredi \u00e0 Oran, avec la participation de plus de 350 m\u00e9decins, sp\u00e9cialistes de la sant\u00e9 et chercheurs universitaires repr\u00e9sentant 22 wilayas du pays.Organis\u00e9 dans une optique de mise \u00e0 jour des connaissances m\u00e9dicales, cet \u00e9v\u00e9nement scientifique vise \u00e0 promouvoir les &hellip;<\/p>\n","protected":false},"author":3,"featured_media":52482,"comment_status":"open","ping_status":"open","sticky":false,"template":"","format":"standard","meta":{"footnotes":""},"categories":[50],"tags":[4103,4102,2733,75],"class_list":["post-52480","post","type-post","status-publish","format-standard","has-post-thumbnail","hentry","category-region","tag-350-participants","tag-4e-forum-ouest","tag-ehu","tag-oran"],"yoast_head":"<!-- This site is optimized with the Yoast SEO Premium plugin v22.6 (Yoast SEO v22.6) - https:\/\/yoast.com\/wordpress\/plugins\/seo\/ -->\n<title>Oran accueille le 4e Forum Ouest de recherche m\u00e9dicale avec plus de 350 participants - El Mawkie<\/title>\n<meta name=\"robots\" content=\"index, follow, max-snippet:-1, max-image-preview:large, max-video-preview:-1\" \/>\n<link rel=\"canonical\" href=\"https:\/\/elmawkie.dz\/fr\/oran-accueille-le-4e-forum-ouest-de-recherche-medicale-avec-plus-de-350-participants\/\" \/>\n<meta property=\"og:locale\" content=\"fr_FR\" \/>\n<meta property=\"og:type\" content=\"article\" \/>\n<meta property=\"og:title\" content=\"Oran accueille le 4e Forum Ouest de recherche m\u00e9dicale avec plus de 350 participants\" \/>\n<meta property=\"og:description\" content=\"La 4e \u00e9dition du Forum Ouest de l\u2019Association alg\u00e9rienne de recherche en m\u00e9decine s\u2019est ouverte, vendredi \u00e0 Oran, avec la participation de plus de 350 m\u00e9decins, sp\u00e9cialistes de la sant\u00e9 et chercheurs universitaires repr\u00e9sentant 22 wilayas du pays.Organis\u00e9 dans une optique de mise \u00e0 jour des connaissances m\u00e9dicales, cet \u00e9v\u00e9nement scientifique vise \u00e0 promouvoir les &hellip;\" \/>\n<meta property=\"og:url\" content=\"https:\/\/elmawkie.dz\/fr\/oran-accueille-le-4e-forum-ouest-de-recherche-medicale-avec-plus-de-350-participants\/\" \/>\n<meta property=\"og:site_name\" content=\"El Mawkie\" \/>\n<meta property=\"article:publisher\" content=\"https:\/\/www.facebook.com\/profile.php?id=100088407094989&amp;locale=fr_FR\" \/>\n<meta property=\"article:published_time\" content=\"2025-06-13T15:47:02+00:00\" \/>\n<meta property=\"article:modified_time\" content=\"2025-06-13T15:49:36+00:00\" \/>\n<meta property=\"og:image\" content=\"https:\/\/elmawkie.dz\/fr\/wp-content\/uploads\/2025\/06\/IMG_7336.jpeg\" \/>\n\t<meta property=\"og:image:width\" content=\"1125\" \/>\n\t<meta property=\"og:image:height\" content=\"455\" \/>\n\t<meta property=\"og:image:type\" content=\"image\/jpeg\" \/>\n<meta name=\"author\" content=\"Hamra Fouzia\" \/>\n<meta name=\"twitter:card\" content=\"summary_large_image\" \/>\n<meta name=\"twitter:label1\" content=\"Written by\" \/>\n\t<meta name=\"twitter:data1\" content=\"Hamra Fouzia\" \/>\n\t<meta name=\"twitter:label2\" content=\"Est. reading time\" \/>\n\t<meta name=\"twitter:data2\" content=\"3 minutes\" \/>\n<script type=\"application\/ld+json\" class=\"yoast-schema-graph\">{\"@context\":\"https:\/\/schema.org\",\"@graph\":[{\"@type\":\"Article\",\"@id\":\"https:\/\/elmawkie.dz\/fr\/oran-accueille-le-4e-forum-ouest-de-recherche-medicale-avec-plus-de-350-participants\/#article\",\"isPartOf\":{\"@id\":\"https:\/\/elmawkie.dz\/fr\/oran-accueille-le-4e-forum-ouest-de-recherche-medicale-avec-plus-de-350-participants\/\"},\"author\":{\"name\":\"Hamra Fouzia\",\"@id\":\"https:\/\/elmawkie.dz\/fr\/#\/schema\/person\/4ed8433201bc23634185d8dd37097c64\"},\"headline\":\"Oran accueille le 4e Forum Ouest de recherche m\u00e9dicale avec plus de 350 participants\",\"datePublished\":\"2025-06-13T15:47:02+00:00\",\"dateModified\":\"2025-06-13T15:49:36+00:00\",\"mainEntityOfPage\":{\"@id\":\"https:\/\/elmawkie.dz\/fr\/oran-accueille-le-4e-forum-ouest-de-recherche-medicale-avec-plus-de-350-participants\/\"},\"wordCount\":469,\"commentCount\":0,\"publisher\":{\"@id\":\"https:\/\/elmawkie.dz\/fr\/#organization\"},\"image\":{\"@id\":\"https:\/\/elmawkie.dz\/fr\/oran-accueille-le-4e-forum-ouest-de-recherche-medicale-avec-plus-de-350-participants\/#primaryimage\"},\"thumbnailUrl\":\"https:\/\/elmawkie.dz\/fr\/wp-content\/uploads\/2025\/06\/IMG_7336.jpeg\",\"keywords\":[\"350 participants\",\"4e forum ouest\",\"EHU\",\"Oran\"],\"articleSection\":[\"R\u00e9gion\"],\"inLanguage\":\"fr-FR\",\"potentialAction\":[{\"@type\":\"CommentAction\",\"name\":\"Comment\",\"target\":[\"https:\/\/elmawkie.dz\/fr\/oran-accueille-le-4e-forum-ouest-de-recherche-medicale-avec-plus-de-350-participants\/#respond\"]}]},{\"@type\":\"WebPage\",\"@id\":\"https:\/\/elmawkie.dz\/fr\/oran-accueille-le-4e-forum-ouest-de-recherche-medicale-avec-plus-de-350-participants\/\",\"url\":\"https:\/\/elmawkie.dz\/fr\/oran-accueille-le-4e-forum-ouest-de-recherche-medicale-avec-plus-de-350-participants\/\",\"name\":\"Oran accueille le 4e Forum Ouest de recherche m\u00e9dicale avec plus de 350 participants - El Mawkie\",\"isPartOf\":{\"@id\":\"https:\/\/elmawkie.dz\/fr\/#website\"},\"primaryImageOfPage\":{\"@id\":\"https:\/\/elmawkie.dz\/fr\/oran-accueille-le-4e-forum-ouest-de-recherche-medicale-avec-plus-de-350-participants\/#primaryimage\"},\"image\":{\"@id\":\"https:\/\/elmawkie.dz\/fr\/oran-accueille-le-4e-forum-ouest-de-recherche-medicale-avec-plus-de-350-participants\/#primaryimage\"},\"thumbnailUrl\":\"https:\/\/elmawkie.dz\/fr\/wp-content\/uploads\/2025\/06\/IMG_7336.jpeg\",\"datePublished\":\"2025-06-13T15:47:02+00:00\",\"dateModified\":\"2025-06-13T15:49:36+00:00\",\"breadcrumb\":{\"@id\":\"https:\/\/elmawkie.dz\/fr\/oran-accueille-le-4e-forum-ouest-de-recherche-medicale-avec-plus-de-350-participants\/#breadcrumb\"},\"inLanguage\":\"fr-FR\",\"potentialAction\":[{\"@type\":\"ReadAction\",\"target\":[\"https:\/\/elmawkie.dz\/fr\/oran-accueille-le-4e-forum-ouest-de-recherche-medicale-avec-plus-de-350-participants\/\"]}]},{\"@type\":\"ImageObject\",\"inLanguage\":\"fr-FR\",\"@id\":\"https:\/\/elmawkie.dz\/fr\/oran-accueille-le-4e-forum-ouest-de-recherche-medicale-avec-plus-de-350-participants\/#primaryimage\",\"url\":\"https:\/\/elmawkie.dz\/fr\/wp-content\/uploads\/2025\/06\/IMG_7336.jpeg\",\"contentUrl\":\"https:\/\/elmawkie.dz\/fr\/wp-content\/uploads\/2025\/06\/IMG_7336.jpeg\",\"width\":1125,\"height\":455},{\"@type\":\"BreadcrumbList\",\"@id\":\"https:\/\/elmawkie.dz\/fr\/oran-accueille-le-4e-forum-ouest-de-recherche-medicale-avec-plus-de-350-participants\/#breadcrumb\",\"itemListElement\":[{\"@type\":\"ListItem\",\"position\":1,\"name\":\"Home\",\"item\":\"https:\/\/elmawkie.dz\/fr\/\"},{\"@type\":\"ListItem\",\"position\":2,\"name\":\"Oran accueille le 4e Forum Ouest de recherche m\u00e9dicale avec plus de 350 participants\"}]},{\"@type\":\"WebSite\",\"@id\":\"https:\/\/elmawkie.dz\/fr\/#website\",\"url\":\"https:\/\/elmawkie.dz\/fr\/\",\"name\":\"EL MAWKIE\",\"description\":\"Journal \u00c9lectronique Alg\u00e9rien\",\"publisher\":{\"@id\":\"https:\/\/elmawkie.dz\/fr\/#organization\"},\"potentialAction\":[{\"@type\":\"SearchAction\",\"target\":{\"@type\":\"EntryPoint\",\"urlTemplate\":\"https:\/\/elmawkie.dz\/fr\/?s={search_term_string}\"},\"query-input\":\"required name=search_term_string\"}],\"inLanguage\":\"fr-FR\"},{\"@type\":\"Organization\",\"@id\":\"https:\/\/elmawkie.dz\/fr\/#organization\",\"name\":\"EL MAWKIE\",\"url\":\"https:\/\/elmawkie.dz\/fr\/\",\"logo\":{\"@type\":\"ImageObject\",\"inLanguage\":\"fr-FR\",\"@id\":\"https:\/\/elmawkie.dz\/fr\/#\/schema\/logo\/image\/\",\"url\":\"https:\/\/elmawkie.dz\/fr\/wp-content\/uploads\/2024\/05\/logo1.png\",\"contentUrl\":\"https:\/\/elmawkie.dz\/fr\/wp-content\/uploads\/2024\/05\/logo1.png\",\"width\":1648,\"height\":652,\"caption\":\"EL MAWKIE\"},\"image\":{\"@id\":\"https:\/\/elmawkie.dz\/fr\/#\/schema\/logo\/image\/\"},\"sameAs\":[\"https:\/\/www.facebook.com\/profile.php?id=100088407094989&locale=fr_FR\"]},{\"@type\":\"Person\",\"@id\":\"https:\/\/elmawkie.dz\/fr\/#\/schema\/person\/4ed8433201bc23634185d8dd37097c64\",\"name\":\"Hamra Fouzia\",\"image\":{\"@type\":\"ImageObject\",\"inLanguage\":\"fr-FR\",\"@id\":\"https:\/\/elmawkie.dz\/fr\/#\/schema\/person\/image\/\",\"url\":\"https:\/\/secure.gravatar.com\/avatar\/ea215268aad51f3219f9a59227db6fa1?s=96&d=mm&r=g\",\"contentUrl\":\"https:\/\/secure.gravatar.com\/avatar\/ea215268aad51f3219f9a59227db6fa1?s=96&d=mm&r=g\",\"caption\":\"Hamra Fouzia\"},\"sameAs\":[\"https:\/\/elmawkie.dz\/fr\"],\"url\":\"https:\/\/elmawkie.dz\/fr\/author\/elmawkie\/\"}]}<\/script>\n<!-- \/ Yoast SEO Premium plugin. -->","yoast_head_json":{"title":"Oran accueille le 4e Forum Ouest de recherche m\u00e9dicale avec plus de 350 participants - El Mawkie","robots":{"index":"index","follow":"follow","max-snippet":"max-snippet:-1","max-image-preview":"max-image-preview:large","max-video-preview":"max-video-preview:-1"},"canonical":"https:\/\/elmawkie.dz\/fr\/oran-accueille-le-4e-forum-ouest-de-recherche-medicale-avec-plus-de-350-participants\/","og_locale":"fr_FR","og_type":"article","og_title":"Oran accueille le 4e Forum Ouest de recherche m\u00e9dicale avec plus de 350 participants","og_description":"La 4e \u00e9dition du Forum Ouest de l\u2019Association alg\u00e9rienne de recherche en m\u00e9decine s\u2019est ouverte, vendredi \u00e0 Oran, avec la participation de plus de 350 m\u00e9decins, sp\u00e9cialistes de la sant\u00e9 et chercheurs universitaires repr\u00e9sentant 22 wilayas du pays.Organis\u00e9 dans une optique de mise \u00e0 jour des connaissances m\u00e9dicales, cet \u00e9v\u00e9nement scientifique vise \u00e0 promouvoir les &hellip;","og_url":"https:\/\/elmawkie.dz\/fr\/oran-accueille-le-4e-forum-ouest-de-recherche-medicale-avec-plus-de-350-participants\/","og_site_name":"El Mawkie","article_publisher":"https:\/\/www.facebook.com\/profile.php?id=100088407094989&locale=fr_FR","article_published_time":"2025-06-13T15:47:02+00:00","article_modified_time":"2025-06-13T15:49:36+00:00","og_image":[{"width":1125,"height":455,"url":"https:\/\/elmawkie.dz\/fr\/wp-content\/uploads\/2025\/06\/IMG_7336.jpeg","type":"image\/jpeg"}],"author":"Hamra Fouzia","twitter_card":"summary_large_image","twitter_misc":{"Written by":"Hamra Fouzia","Est. reading time":"3 minutes"},"schema":{"@context":"https:\/\/schema.org","@graph":[{"@type":"Article","@id":"https:\/\/elmawkie.dz\/fr\/oran-accueille-le-4e-forum-ouest-de-recherche-medicale-avec-plus-de-350-participants\/#article","isPartOf":{"@id":"https:\/\/elmawkie.dz\/fr\/oran-accueille-le-4e-forum-ouest-de-recherche-medicale-avec-plus-de-350-participants\/"},"author":{"name":"Hamra Fouzia","@id":"https:\/\/elmawkie.dz\/fr\/#\/schema\/person\/4ed8433201bc23634185d8dd37097c64"},"headline":"Oran accueille le 4e Forum Ouest de recherche m\u00e9dicale avec plus de 350 participants","datePublished":"2025-06-13T15:47:02+00:00","dateModified":"2025-06-13T15:49:36+00:00","mainEntityOfPage":{"@id":"https:\/\/elmawkie.dz\/fr\/oran-accueille-le-4e-forum-ouest-de-recherche-medicale-avec-plus-de-350-participants\/"},"wordCount":469,"commentCount":0,"publisher":{"@id":"https:\/\/elmawkie.dz\/fr\/#organization"},"image":{"@id":"https:\/\/elmawkie.dz\/fr\/oran-accueille-le-4e-forum-ouest-de-recherche-medicale-avec-plus-de-350-participants\/#primaryimage"},"thumbnailUrl":"https:\/\/elmawkie.dz\/fr\/wp-content\/uploads\/2025\/06\/IMG_7336.jpeg","keywords":["350 participants","4e forum ouest","EHU","Oran"],"articleSection":["R\u00e9gion"],"inLanguage":"fr-FR","potentialAction":[{"@type":"CommentAction","name":"Comment","target":["https:\/\/elmawkie.dz\/fr\/oran-accueille-le-4e-forum-ouest-de-recherche-medicale-avec-plus-de-350-participants\/#respond"]}]},{"@type":"WebPage","@id":"https:\/\/elmawkie.dz\/fr\/oran-accueille-le-4e-forum-ouest-de-recherche-medicale-avec-plus-de-350-participants\/","url":"https:\/\/elmawkie.dz\/fr\/oran-accueille-le-4e-forum-ouest-de-recherche-medicale-avec-plus-de-350-participants\/","name":"Oran accueille le 4e Forum Ouest de recherche m\u00e9dicale avec plus de 350 participants - El Mawkie","isPartOf":{"@id":"https:\/\/elmawkie.dz\/fr\/#website"},"primaryImageOfPage":{"@id":"https:\/\/elmawkie.dz\/fr\/oran-accueille-le-4e-forum-ouest-de-recherche-medicale-avec-plus-de-350-participants\/#primaryimage"},"image":{"@id":"https:\/\/elmawkie.dz\/fr\/oran-accueille-le-4e-forum-ouest-de-recherche-medicale-avec-plus-de-350-participants\/#primaryimage"},"thumbnailUrl":"https:\/\/elmawkie.dz\/fr\/wp-content\/uploads\/2025\/06\/IMG_7336.jpeg","datePublished":"2025-06-13T15:47:02+00:00","dateModified":"2025-06-13T15:49:36+00:00","breadcrumb":{"@id":"https:\/\/elmawkie.dz\/fr\/oran-accueille-le-4e-forum-ouest-de-recherche-medicale-avec-plus-de-350-participants\/#breadcrumb"},"inLanguage":"fr-FR","potentialAction":[{"@type":"ReadAction","target":["https:\/\/elmawkie.dz\/fr\/oran-accueille-le-4e-forum-ouest-de-recherche-medicale-avec-plus-de-350-participants\/"]}]},{"@type":"ImageObject","inLanguage":"fr-FR","@id":"https:\/\/elmawkie.dz\/fr\/oran-accueille-le-4e-forum-ouest-de-recherche-medicale-avec-plus-de-350-participants\/#primaryimage","url":"https:\/\/elmawkie.dz\/fr\/wp-content\/uploads\/2025\/06\/IMG_7336.jpeg","contentUrl":"https:\/\/elmawkie.dz\/fr\/wp-content\/uploads\/2025\/06\/IMG_7336.jpeg","width":1125,"height":455},{"@type":"BreadcrumbList","@id":"https:\/\/elmawkie.dz\/fr\/oran-accueille-le-4e-forum-ouest-de-recherche-medicale-avec-plus-de-350-participants\/#breadcrumb","itemListElement":[{"@type":"ListItem","position":1,"name":"Home","item":"https:\/\/elmawkie.dz\/fr\/"},{"@type":"ListItem","position":2,"name":"Oran accueille le 4e Forum Ouest de recherche m\u00e9dicale avec plus de 350 participants"}]},{"@type":"WebSite","@id":"https:\/\/elmawkie.dz\/fr\/#website","url":"https:\/\/elmawkie.dz\/fr\/","name":"EL MAWKIE","description":"Journal \u00c9lectronique Alg\u00e9rien","publisher":{"@id":"https:\/\/elmawkie.dz\/fr\/#organization"},"potentialAction":[{"@type":"SearchAction","target":{"@type":"EntryPoint","urlTemplate":"https:\/\/elmawkie.dz\/fr\/?s={search_term_string}"},"query-input":"required name=search_term_string"}],"inLanguage":"fr-FR"},{"@type":"Organization","@id":"https:\/\/elmawkie.dz\/fr\/#organization","name":"EL MAWKIE","url":"https:\/\/elmawkie.dz\/fr\/","logo":{"@type":"ImageObject","inLanguage":"fr-FR","@id":"https:\/\/elmawkie.dz\/fr\/#\/schema\/logo\/image\/","url":"https:\/\/elmawkie.dz\/fr\/wp-content\/uploads\/2024\/05\/logo1.png","contentUrl":"https:\/\/elmawkie.dz\/fr\/wp-content\/uploads\/2024\/05\/logo1.png","width":1648,"height":652,"caption":"EL MAWKIE"},"image":{"@id":"https:\/\/elmawkie.dz\/fr\/#\/schema\/logo\/image\/"},"sameAs":["https:\/\/www.facebook.com\/profile.php?id=100088407094989&locale=fr_FR"]},{"@type":"Person","@id":"https:\/\/elmawkie.dz\/fr\/#\/schema\/person\/4ed8433201bc23634185d8dd37097c64","name":"Hamra Fouzia","image":{"@type":"ImageObject","inLanguage":"fr-FR","@id":"https:\/\/elmawkie.dz\/fr\/#\/schema\/person\/image\/","url":"https:\/\/secure.gravatar.com\/avatar\/ea215268aad51f3219f9a59227db6fa1?s=96&d=mm&r=g","contentUrl":"https:\/\/secure.gravatar.com\/avatar\/ea215268aad51f3219f9a59227db6fa1?s=96&d=mm&r=g","caption":"Hamra Fouzia"},"sameAs":["https:\/\/elmawkie.dz\/fr"],"url":"https:\/\/elmawkie.dz\/fr\/author\/elmawkie\/"}]}},"_links":{"self":[{"href":"https:\/\/elmawkie.dz\/fr\/wp-json\/wp\/v2\/posts\/52480","targetHints":{"allow":["GET"]}}],"collection":[{"href":"https:\/\/elmawkie.dz\/fr\/wp-json\/wp\/v2\/posts"}],"about":[{"href":"https:\/\/elmawkie.dz\/fr\/wp-json\/wp\/v2\/types\/post"}],"author":[{"embeddable":true,"href":"https:\/\/elmawkie.dz\/fr\/wp-json\/wp\/v2\/users\/3"}],"replies":[{"embeddable":true,"href":"https:\/\/elmawkie.dz\/fr\/wp-json\/wp\/v2\/comments?post=52480"}],"version-history":[{"count":2,"href":"https:\/\/elmawkie.dz\/fr\/wp-json\/wp\/v2\/posts\/52480\/revisions"}],"predecessor-version":[{"id":52484,"href":"https:\/\/elmawkie.dz\/fr\/wp-json\/wp\/v2\/posts\/52480\/revisions\/52484"}],"wp:featuredmedia":[{"embeddable":true,"href":"https:\/\/elmawkie.dz\/fr\/wp-json\/wp\/v2\/media\/52482"}],"wp:attachment":[{"href":"https:\/\/elmawkie.dz\/fr\/wp-json\/wp\/v2\/media?parent=52480"}],"wp:term":[{"taxonomy":"category","embeddable":true,"href":"https:\/\/elmawkie.dz\/fr\/wp-json\/wp\/v2\/categories?post=52480"},{"taxonomy":"post_tag","embeddable":true,"href":"https:\/\/elmawkie.dz\/fr\/wp-json\/wp\/v2\/tags?post=52480"}],"curies":[{"name":"wp","href":"https:\/\/api.w.org\/{rel}","templated":true}]}}