{"id":52155,"date":"2025-06-04T19:01:21","date_gmt":"2025-06-04T18:01:21","guid":{"rendered":"https:\/\/elmawkie.dz\/fr\/?p=52155"},"modified":"2025-06-04T19:01:22","modified_gmt":"2025-06-04T18:01:22","slug":"le-ministre-des-moudjahidine-presente-ses-condoleances-suite-au-deces-du-moudjahid-mostefa-boudina","status":"publish","type":"post","link":"https:\/\/elmawkie.dz\/fr\/le-ministre-des-moudjahidine-presente-ses-condoleances-suite-au-deces-du-moudjahid-mostefa-boudina\/","title":{"rendered":"Le ministre des Moudjahidine pr\u00e9sente ses condol\u00e9ances suite au d\u00e9c\u00e8s du moudjahid Mostefa Boudina"},"content":{"rendered":"\n<p>Le ministre des Moudjahidine et des Ayants droit, M. La\u00efd Rebiga, a pr\u00e9sent\u00e9, mercredi, ses sinc\u00e8res condol\u00e9ances et exprim\u00e9 sa profonde compassion \u00e0 la famille du moudjahid Mostefa Boudina, pr\u00e9sident de l&rsquo;Association nationale des anciens condamn\u00e9s \u00e0 mort, d\u00e9c\u00e9d\u00e9 \u00e0 l&rsquo;\u00e2ge de 86 ans. Dans son message de condol\u00e9ances, le ministre a salu\u00e9 les valeurs du d\u00e9funt qui \u00ab\u00a0a rempli sa noble mission\u00a0\u00bb \u00e0 travers son engagement \u00e0 la t\u00eate de l&rsquo;Association nationale des anciens condamn\u00e9s \u00e0 mort, et ses publications dont ses m\u00e9moires publi\u00e9es sous le titre \u00ab\u00a0Rescap\u00e9 de la guillotine\u00a0\u00bb, dans lesquelles il raconte son parcours et parle de l&rsquo;attente de son ex\u00e9cution. Il a \u00e9galement publi\u00e9 un autre ouvrage intitul\u00e9 \u00ab\u00a0La nuit a peur de l&rsquo;aube\u00a0\u00bb, en hommage \u00e0 ses compagnons condamn\u00e9s \u00e0 mort par guillotine. N\u00e9 le 18 avril 1939 \u00e0 Texenna (Jijel), le d\u00e9funt avait rejoint les rangs de la R\u00e9volution en 1956 au sein de la F\u00e9d\u00e9ration du Front de lib\u00e9ration nationale (FLN) en France. Il \u00e9tait fidai au sein des cellules du FLN. Arr\u00eat\u00e9 en mai 1959, le d\u00e9funt a subi les pires tortures psychologiques et physiques avant d&rsquo;\u00eatre plac\u00e9 en d\u00e9tention provisoire \u00e0 la prison de \u00ab\u00a0Saint-Etienne\u00a0\u00bb, puis transf\u00e9r\u00e9 \u00e0 \u00ab\u00a0Lyon\u00a0\u00bb, o\u00f9 il fut condamn\u00e9 en 1960 \u00e0 deux reprises \u00e0 la peine de mort par le tribunal militaire de Lyon. Apr\u00e8s l&rsquo;annonce du cessez-le-feu le 19 mars 1962, le d\u00e9funt fut lib\u00e9r\u00e9 le 11 mai 1962 et poursuivra son engagement au service de la patrie au lendemain de l&rsquo;ind\u00e9pendance, sur la voie du militantisme en tant que syndicaliste chevronn\u00e9, homme politique visionnaire et homme d&rsquo;Etat accompli ayant assum\u00e9 ses missions et ses responsabilit\u00e9s avec d\u00e9vouement et m\u00e9rite. Le d\u00e9funt sera inhum\u00e9 jeudi au cimeti\u00e8re d&rsquo;El Alia \u00e0 Alger.<\/p>\n","protected":false},"excerpt":{"rendered":"<p>Le ministre des Moudjahidine et des Ayants droit, M. La\u00efd Rebiga, a pr\u00e9sent\u00e9, mercredi, ses sinc\u00e8res condol\u00e9ances et exprim\u00e9 sa profonde compassion \u00e0 la famille du moudjahid Mostefa Boudina, pr\u00e9sident de l&rsquo;Association nationale des anciens condamn\u00e9s \u00e0 mort, d\u00e9c\u00e9d\u00e9 \u00e0 l&rsquo;\u00e2ge de 86 ans. Dans son message de condol\u00e9ances, le ministre a salu\u00e9 les valeurs &hellip;<\/p>\n","protected":false},"author":9,"featured_media":52157,"comment_status":"open","ping_status":"open","sticky":false,"template":"","format":"standard","meta":{"footnotes":""},"categories":[51],"tags":[294,3676,596,4014],"class_list":["post-52155","post","type-post","status-publish","format-standard","has-post-thumbnail","hentry","category-societe","tag-lalgerie","tag-le-ministre-des-moudjahidines","tag-le-president-de-la-republique","tag-mostafa-boudina"],"yoast_head":"<!-- This site is optimized with the Yoast SEO Premium plugin v22.6 (Yoast SEO v22.6) - https:\/\/yoast.com\/wordpress\/plugins\/seo\/ -->\n<title>Le ministre des Moudjahidine pr\u00e9sente ses condol\u00e9ances suite au d\u00e9c\u00e8s du moudjahid Mostefa Boudina - El Mawkie<\/title>\n<meta name=\"robots\" content=\"index, follow, max-snippet:-1, max-image-preview:large, max-video-preview:-1\" \/>\n<link rel=\"canonical\" href=\"https:\/\/elmawkie.dz\/fr\/le-ministre-des-moudjahidine-presente-ses-condoleances-suite-au-deces-du-moudjahid-mostefa-boudina\/\" \/>\n<meta property=\"og:locale\" content=\"fr_FR\" \/>\n<meta property=\"og:type\" content=\"article\" \/>\n<meta property=\"og:title\" content=\"Le ministre des Moudjahidine pr\u00e9sente ses condol\u00e9ances suite au d\u00e9c\u00e8s du moudjahid Mostefa Boudina\" \/>\n<meta property=\"og:description\" content=\"Le ministre des Moudjahidine et des Ayants droit, M. La\u00efd Rebiga, a pr\u00e9sent\u00e9, mercredi, ses sinc\u00e8res condol\u00e9ances et exprim\u00e9 sa profonde compassion \u00e0 la famille du moudjahid Mostefa Boudina, pr\u00e9sident de l&rsquo;Association nationale des anciens condamn\u00e9s \u00e0 mort, d\u00e9c\u00e9d\u00e9 \u00e0 l&rsquo;\u00e2ge de 86 ans. Dans son message de condol\u00e9ances, le ministre a salu\u00e9 les valeurs &hellip;\" \/>\n<meta property=\"og:url\" content=\"https:\/\/elmawkie.dz\/fr\/le-ministre-des-moudjahidine-presente-ses-condoleances-suite-au-deces-du-moudjahid-mostefa-boudina\/\" \/>\n<meta property=\"og:site_name\" content=\"El Mawkie\" \/>\n<meta property=\"article:publisher\" content=\"https:\/\/www.facebook.com\/profile.php?id=100088407094989&amp;locale=fr_FR\" \/>\n<meta property=\"article:published_time\" content=\"2025-06-04T18:01:21+00:00\" \/>\n<meta property=\"article:modified_time\" content=\"2025-06-04T18:01:22+00:00\" \/>\n<meta property=\"og:image\" content=\"https:\/\/elmawkie.dz\/fr\/wp-content\/uploads\/2025\/06\/IMG_6814.jpeg\" \/>\n\t<meta property=\"og:image:width\" content=\"1125\" \/>\n\t<meta property=\"og:image:height\" content=\"748\" \/>\n\t<meta property=\"og:image:type\" content=\"image\/jpeg\" \/>\n<meta name=\"author\" content=\"R\u00e9daction\" \/>\n<meta name=\"twitter:card\" content=\"summary_large_image\" \/>\n<meta name=\"twitter:label1\" content=\"Written by\" \/>\n\t<meta name=\"twitter:data1\" content=\"R\u00e9daction\" \/>\n\t<meta name=\"twitter:label2\" content=\"Est. reading time\" \/>\n\t<meta name=\"twitter:data2\" content=\"2 minutes\" \/>\n<script type=\"application\/ld+json\" class=\"yoast-schema-graph\">{\"@context\":\"https:\/\/schema.org\",\"@graph\":[{\"@type\":\"Article\",\"@id\":\"https:\/\/elmawkie.dz\/fr\/le-ministre-des-moudjahidine-presente-ses-condoleances-suite-au-deces-du-moudjahid-mostefa-boudina\/#article\",\"isPartOf\":{\"@id\":\"https:\/\/elmawkie.dz\/fr\/le-ministre-des-moudjahidine-presente-ses-condoleances-suite-au-deces-du-moudjahid-mostefa-boudina\/\"},\"author\":{\"name\":\"R\u00e9daction\",\"@id\":\"https:\/\/elmawkie.dz\/fr\/#\/schema\/person\/e7bd59d6467874ba5c4723d8a9f0a63c\"},\"headline\":\"Le ministre des Moudjahidine pr\u00e9sente ses condol\u00e9ances suite au d\u00e9c\u00e8s du moudjahid Mostefa Boudina\",\"datePublished\":\"2025-06-04T18:01:21+00:00\",\"dateModified\":\"2025-06-04T18:01:22+00:00\",\"mainEntityOfPage\":{\"@id\":\"https:\/\/elmawkie.dz\/fr\/le-ministre-des-moudjahidine-presente-ses-condoleances-suite-au-deces-du-moudjahid-mostefa-boudina\/\"},\"wordCount\":325,\"commentCount\":0,\"publisher\":{\"@id\":\"https:\/\/elmawkie.dz\/fr\/#organization\"},\"image\":{\"@id\":\"https:\/\/elmawkie.dz\/fr\/le-ministre-des-moudjahidine-presente-ses-condoleances-suite-au-deces-du-moudjahid-mostefa-boudina\/#primaryimage\"},\"thumbnailUrl\":\"https:\/\/elmawkie.dz\/fr\/wp-content\/uploads\/2025\/06\/IMG_6814.jpeg\",\"keywords\":[\"L'Alg\u00e9rie\",\"Le ministre des moudjahidines\",\"le pr\u00e9sident de la R\u00e9publique\",\"Mostafa Boudina\"],\"articleSection\":[\"Soci\u00e9t\u00e9\"],\"inLanguage\":\"fr-FR\",\"potentialAction\":[{\"@type\":\"CommentAction\",\"name\":\"Comment\",\"target\":[\"https:\/\/elmawkie.dz\/fr\/le-ministre-des-moudjahidine-presente-ses-condoleances-suite-au-deces-du-moudjahid-mostefa-boudina\/#respond\"]}]},{\"@type\":\"WebPage\",\"@id\":\"https:\/\/elmawkie.dz\/fr\/le-ministre-des-moudjahidine-presente-ses-condoleances-suite-au-deces-du-moudjahid-mostefa-boudina\/\",\"url\":\"https:\/\/elmawkie.dz\/fr\/le-ministre-des-moudjahidine-presente-ses-condoleances-suite-au-deces-du-moudjahid-mostefa-boudina\/\",\"name\":\"Le ministre des Moudjahidine pr\u00e9sente ses condol\u00e9ances suite au d\u00e9c\u00e8s du moudjahid Mostefa Boudina - El Mawkie\",\"isPartOf\":{\"@id\":\"https:\/\/elmawkie.dz\/fr\/#website\"},\"primaryImageOfPage\":{\"@id\":\"https:\/\/elmawkie.dz\/fr\/le-ministre-des-moudjahidine-presente-ses-condoleances-suite-au-deces-du-moudjahid-mostefa-boudina\/#primaryimage\"},\"image\":{\"@id\":\"https:\/\/elmawkie.dz\/fr\/le-ministre-des-moudjahidine-presente-ses-condoleances-suite-au-deces-du-moudjahid-mostefa-boudina\/#primaryimage\"},\"thumbnailUrl\":\"https:\/\/elmawkie.dz\/fr\/wp-content\/uploads\/2025\/06\/IMG_6814.jpeg\",\"datePublished\":\"2025-06-04T18:01:21+00:00\",\"dateModified\":\"2025-06-04T18:01:22+00:00\",\"breadcrumb\":{\"@id\":\"https:\/\/elmawkie.dz\/fr\/le-ministre-des-moudjahidine-presente-ses-condoleances-suite-au-deces-du-moudjahid-mostefa-boudina\/#breadcrumb\"},\"inLanguage\":\"fr-FR\",\"potentialAction\":[{\"@type\":\"ReadAction\",\"target\":[\"https:\/\/elmawkie.dz\/fr\/le-ministre-des-moudjahidine-presente-ses-condoleances-suite-au-deces-du-moudjahid-mostefa-boudina\/\"]}]},{\"@type\":\"ImageObject\",\"inLanguage\":\"fr-FR\",\"@id\":\"https:\/\/elmawkie.dz\/fr\/le-ministre-des-moudjahidine-presente-ses-condoleances-suite-au-deces-du-moudjahid-mostefa-boudina\/#primaryimage\",\"url\":\"https:\/\/elmawkie.dz\/fr\/wp-content\/uploads\/2025\/06\/IMG_6814.jpeg\",\"contentUrl\":\"https:\/\/elmawkie.dz\/fr\/wp-content\/uploads\/2025\/06\/IMG_6814.jpeg\",\"width\":1125,\"height\":748},{\"@type\":\"BreadcrumbList\",\"@id\":\"https:\/\/elmawkie.dz\/fr\/le-ministre-des-moudjahidine-presente-ses-condoleances-suite-au-deces-du-moudjahid-mostefa-boudina\/#breadcrumb\",\"itemListElement\":[{\"@type\":\"ListItem\",\"position\":1,\"name\":\"Home\",\"item\":\"https:\/\/elmawkie.dz\/fr\/\"},{\"@type\":\"ListItem\",\"position\":2,\"name\":\"Le ministre des Moudjahidine pr\u00e9sente ses condol\u00e9ances suite au d\u00e9c\u00e8s du moudjahid Mostefa Boudina\"}]},{\"@type\":\"WebSite\",\"@id\":\"https:\/\/elmawkie.dz\/fr\/#website\",\"url\":\"https:\/\/elmawkie.dz\/fr\/\",\"name\":\"EL MAWKIE\",\"description\":\"Journal \u00c9lectronique Alg\u00e9rien\",\"publisher\":{\"@id\":\"https:\/\/elmawkie.dz\/fr\/#organization\"},\"potentialAction\":[{\"@type\":\"SearchAction\",\"target\":{\"@type\":\"EntryPoint\",\"urlTemplate\":\"https:\/\/elmawkie.dz\/fr\/?s={search_term_string}\"},\"query-input\":\"required name=search_term_string\"}],\"inLanguage\":\"fr-FR\"},{\"@type\":\"Organization\",\"@id\":\"https:\/\/elmawkie.dz\/fr\/#organization\",\"name\":\"EL MAWKIE\",\"url\":\"https:\/\/elmawkie.dz\/fr\/\",\"logo\":{\"@type\":\"ImageObject\",\"inLanguage\":\"fr-FR\",\"@id\":\"https:\/\/elmawkie.dz\/fr\/#\/schema\/logo\/image\/\",\"url\":\"https:\/\/elmawkie.dz\/fr\/wp-content\/uploads\/2024\/05\/logo1.png\",\"contentUrl\":\"https:\/\/elmawkie.dz\/fr\/wp-content\/uploads\/2024\/05\/logo1.png\",\"width\":1648,\"height\":652,\"caption\":\"EL MAWKIE\"},\"image\":{\"@id\":\"https:\/\/elmawkie.dz\/fr\/#\/schema\/logo\/image\/\"},\"sameAs\":[\"https:\/\/www.facebook.com\/profile.php?id=100088407094989&locale=fr_FR\"]},{\"@type\":\"Person\",\"@id\":\"https:\/\/elmawkie.dz\/fr\/#\/schema\/person\/e7bd59d6467874ba5c4723d8a9f0a63c\",\"name\":\"R\u00e9daction\",\"image\":{\"@type\":\"ImageObject\",\"inLanguage\":\"fr-FR\",\"@id\":\"https:\/\/elmawkie.dz\/fr\/#\/schema\/person\/image\/\",\"url\":\"https:\/\/secure.gravatar.com\/avatar\/f0f773456344da4d2788c054a3d30a0c?s=96&d=mm&r=g\",\"contentUrl\":\"https:\/\/secure.gravatar.com\/avatar\/f0f773456344da4d2788c054a3d30a0c?s=96&d=mm&r=g\",\"caption\":\"R\u00e9daction\"},\"url\":\"https:\/\/elmawkie.dz\/fr\/author\/redaction\/\"}]}<\/script>\n<!-- \/ Yoast SEO Premium plugin. -->","yoast_head_json":{"title":"Le ministre des Moudjahidine pr\u00e9sente ses condol\u00e9ances suite au d\u00e9c\u00e8s du moudjahid Mostefa Boudina - El Mawkie","robots":{"index":"index","follow":"follow","max-snippet":"max-snippet:-1","max-image-preview":"max-image-preview:large","max-video-preview":"max-video-preview:-1"},"canonical":"https:\/\/elmawkie.dz\/fr\/le-ministre-des-moudjahidine-presente-ses-condoleances-suite-au-deces-du-moudjahid-mostefa-boudina\/","og_locale":"fr_FR","og_type":"article","og_title":"Le ministre des Moudjahidine pr\u00e9sente ses condol\u00e9ances suite au d\u00e9c\u00e8s du moudjahid Mostefa Boudina","og_description":"Le ministre des Moudjahidine et des Ayants droit, M. La\u00efd Rebiga, a pr\u00e9sent\u00e9, mercredi, ses sinc\u00e8res condol\u00e9ances et exprim\u00e9 sa profonde compassion \u00e0 la famille du moudjahid Mostefa Boudina, pr\u00e9sident de l&rsquo;Association nationale des anciens condamn\u00e9s \u00e0 mort, d\u00e9c\u00e9d\u00e9 \u00e0 l&rsquo;\u00e2ge de 86 ans. Dans son message de condol\u00e9ances, le ministre a salu\u00e9 les valeurs &hellip;","og_url":"https:\/\/elmawkie.dz\/fr\/le-ministre-des-moudjahidine-presente-ses-condoleances-suite-au-deces-du-moudjahid-mostefa-boudina\/","og_site_name":"El Mawkie","article_publisher":"https:\/\/www.facebook.com\/profile.php?id=100088407094989&locale=fr_FR","article_published_time":"2025-06-04T18:01:21+00:00","article_modified_time":"2025-06-04T18:01:22+00:00","og_image":[{"width":1125,"height":748,"url":"https:\/\/elmawkie.dz\/fr\/wp-content\/uploads\/2025\/06\/IMG_6814.jpeg","type":"image\/jpeg"}],"author":"R\u00e9daction","twitter_card":"summary_large_image","twitter_misc":{"Written by":"R\u00e9daction","Est. reading time":"2 minutes"},"schema":{"@context":"https:\/\/schema.org","@graph":[{"@type":"Article","@id":"https:\/\/elmawkie.dz\/fr\/le-ministre-des-moudjahidine-presente-ses-condoleances-suite-au-deces-du-moudjahid-mostefa-boudina\/#article","isPartOf":{"@id":"https:\/\/elmawkie.dz\/fr\/le-ministre-des-moudjahidine-presente-ses-condoleances-suite-au-deces-du-moudjahid-mostefa-boudina\/"},"author":{"name":"R\u00e9daction","@id":"https:\/\/elmawkie.dz\/fr\/#\/schema\/person\/e7bd59d6467874ba5c4723d8a9f0a63c"},"headline":"Le ministre des Moudjahidine pr\u00e9sente ses condol\u00e9ances suite au d\u00e9c\u00e8s du moudjahid Mostefa Boudina","datePublished":"2025-06-04T18:01:21+00:00","dateModified":"2025-06-04T18:01:22+00:00","mainEntityOfPage":{"@id":"https:\/\/elmawkie.dz\/fr\/le-ministre-des-moudjahidine-presente-ses-condoleances-suite-au-deces-du-moudjahid-mostefa-boudina\/"},"wordCount":325,"commentCount":0,"publisher":{"@id":"https:\/\/elmawkie.dz\/fr\/#organization"},"image":{"@id":"https:\/\/elmawkie.dz\/fr\/le-ministre-des-moudjahidine-presente-ses-condoleances-suite-au-deces-du-moudjahid-mostefa-boudina\/#primaryimage"},"thumbnailUrl":"https:\/\/elmawkie.dz\/fr\/wp-content\/uploads\/2025\/06\/IMG_6814.jpeg","keywords":["L'Alg\u00e9rie","Le ministre des moudjahidines","le pr\u00e9sident de la R\u00e9publique","Mostafa Boudina"],"articleSection":["Soci\u00e9t\u00e9"],"inLanguage":"fr-FR","potentialAction":[{"@type":"CommentAction","name":"Comment","target":["https:\/\/elmawkie.dz\/fr\/le-ministre-des-moudjahidine-presente-ses-condoleances-suite-au-deces-du-moudjahid-mostefa-boudina\/#respond"]}]},{"@type":"WebPage","@id":"https:\/\/elmawkie.dz\/fr\/le-ministre-des-moudjahidine-presente-ses-condoleances-suite-au-deces-du-moudjahid-mostefa-boudina\/","url":"https:\/\/elmawkie.dz\/fr\/le-ministre-des-moudjahidine-presente-ses-condoleances-suite-au-deces-du-moudjahid-mostefa-boudina\/","name":"Le ministre des Moudjahidine pr\u00e9sente ses condol\u00e9ances suite au d\u00e9c\u00e8s du moudjahid Mostefa Boudina - El Mawkie","isPartOf":{"@id":"https:\/\/elmawkie.dz\/fr\/#website"},"primaryImageOfPage":{"@id":"https:\/\/elmawkie.dz\/fr\/le-ministre-des-moudjahidine-presente-ses-condoleances-suite-au-deces-du-moudjahid-mostefa-boudina\/#primaryimage"},"image":{"@id":"https:\/\/elmawkie.dz\/fr\/le-ministre-des-moudjahidine-presente-ses-condoleances-suite-au-deces-du-moudjahid-mostefa-boudina\/#primaryimage"},"thumbnailUrl":"https:\/\/elmawkie.dz\/fr\/wp-content\/uploads\/2025\/06\/IMG_6814.jpeg","datePublished":"2025-06-04T18:01:21+00:00","dateModified":"2025-06-04T18:01:22+00:00","breadcrumb":{"@id":"https:\/\/elmawkie.dz\/fr\/le-ministre-des-moudjahidine-presente-ses-condoleances-suite-au-deces-du-moudjahid-mostefa-boudina\/#breadcrumb"},"inLanguage":"fr-FR","potentialAction":[{"@type":"ReadAction","target":["https:\/\/elmawkie.dz\/fr\/le-ministre-des-moudjahidine-presente-ses-condoleances-suite-au-deces-du-moudjahid-mostefa-boudina\/"]}]},{"@type":"ImageObject","inLanguage":"fr-FR","@id":"https:\/\/elmawkie.dz\/fr\/le-ministre-des-moudjahidine-presente-ses-condoleances-suite-au-deces-du-moudjahid-mostefa-boudina\/#primaryimage","url":"https:\/\/elmawkie.dz\/fr\/wp-content\/uploads\/2025\/06\/IMG_6814.jpeg","contentUrl":"https:\/\/elmawkie.dz\/fr\/wp-content\/uploads\/2025\/06\/IMG_6814.jpeg","width":1125,"height":748},{"@type":"BreadcrumbList","@id":"https:\/\/elmawkie.dz\/fr\/le-ministre-des-moudjahidine-presente-ses-condoleances-suite-au-deces-du-moudjahid-mostefa-boudina\/#breadcrumb","itemListElement":[{"@type":"ListItem","position":1,"name":"Home","item":"https:\/\/elmawkie.dz\/fr\/"},{"@type":"ListItem","position":2,"name":"Le ministre des Moudjahidine pr\u00e9sente ses condol\u00e9ances suite au d\u00e9c\u00e8s du moudjahid Mostefa Boudina"}]},{"@type":"WebSite","@id":"https:\/\/elmawkie.dz\/fr\/#website","url":"https:\/\/elmawkie.dz\/fr\/","name":"EL MAWKIE","description":"Journal \u00c9lectronique Alg\u00e9rien","publisher":{"@id":"https:\/\/elmawkie.dz\/fr\/#organization"},"potentialAction":[{"@type":"SearchAction","target":{"@type":"EntryPoint","urlTemplate":"https:\/\/elmawkie.dz\/fr\/?s={search_term_string}"},"query-input":"required name=search_term_string"}],"inLanguage":"fr-FR"},{"@type":"Organization","@id":"https:\/\/elmawkie.dz\/fr\/#organization","name":"EL MAWKIE","url":"https:\/\/elmawkie.dz\/fr\/","logo":{"@type":"ImageObject","inLanguage":"fr-FR","@id":"https:\/\/elmawkie.dz\/fr\/#\/schema\/logo\/image\/","url":"https:\/\/elmawkie.dz\/fr\/wp-content\/uploads\/2024\/05\/logo1.png","contentUrl":"https:\/\/elmawkie.dz\/fr\/wp-content\/uploads\/2024\/05\/logo1.png","width":1648,"height":652,"caption":"EL MAWKIE"},"image":{"@id":"https:\/\/elmawkie.dz\/fr\/#\/schema\/logo\/image\/"},"sameAs":["https:\/\/www.facebook.com\/profile.php?id=100088407094989&locale=fr_FR"]},{"@type":"Person","@id":"https:\/\/elmawkie.dz\/fr\/#\/schema\/person\/e7bd59d6467874ba5c4723d8a9f0a63c","name":"R\u00e9daction","image":{"@type":"ImageObject","inLanguage":"fr-FR","@id":"https:\/\/elmawkie.dz\/fr\/#\/schema\/person\/image\/","url":"https:\/\/secure.gravatar.com\/avatar\/f0f773456344da4d2788c054a3d30a0c?s=96&d=mm&r=g","contentUrl":"https:\/\/secure.gravatar.com\/avatar\/f0f773456344da4d2788c054a3d30a0c?s=96&d=mm&r=g","caption":"R\u00e9daction"},"url":"https:\/\/elmawkie.dz\/fr\/author\/redaction\/"}]}},"_links":{"self":[{"href":"https:\/\/elmawkie.dz\/fr\/wp-json\/wp\/v2\/posts\/52155","targetHints":{"allow":["GET"]}}],"collection":[{"href":"https:\/\/elmawkie.dz\/fr\/wp-json\/wp\/v2\/posts"}],"about":[{"href":"https:\/\/elmawkie.dz\/fr\/wp-json\/wp\/v2\/types\/post"}],"author":[{"embeddable":true,"href":"https:\/\/elmawkie.dz\/fr\/wp-json\/wp\/v2\/users\/9"}],"replies":[{"embeddable":true,"href":"https:\/\/elmawkie.dz\/fr\/wp-json\/wp\/v2\/comments?post=52155"}],"version-history":[{"count":1,"href":"https:\/\/elmawkie.dz\/fr\/wp-json\/wp\/v2\/posts\/52155\/revisions"}],"predecessor-version":[{"id":52158,"href":"https:\/\/elmawkie.dz\/fr\/wp-json\/wp\/v2\/posts\/52155\/revisions\/52158"}],"wp:featuredmedia":[{"embeddable":true,"href":"https:\/\/elmawkie.dz\/fr\/wp-json\/wp\/v2\/media\/52157"}],"wp:attachment":[{"href":"https:\/\/elmawkie.dz\/fr\/wp-json\/wp\/v2\/media?parent=52155"}],"wp:term":[{"taxonomy":"category","embeddable":true,"href":"https:\/\/elmawkie.dz\/fr\/wp-json\/wp\/v2\/categories?post=52155"},{"taxonomy":"post_tag","embeddable":true,"href":"https:\/\/elmawkie.dz\/fr\/wp-json\/wp\/v2\/tags?post=52155"}],"curies":[{"name":"wp","href":"https:\/\/api.w.org\/{rel}","templated":true}]}}