{"id":51923,"date":"2025-05-31T15:36:48","date_gmt":"2025-05-31T14:36:48","guid":{"rendered":"https:\/\/elmawkie.dz\/fr\/?p=51923"},"modified":"2025-05-31T15:36:49","modified_gmt":"2025-05-31T14:36:49","slug":"lalgerie-un-exemple-a-suivre-dans-la-defense-et-la-promotion-des-droits-de-lenfant","status":"publish","type":"post","link":"https:\/\/elmawkie.dz\/fr\/lalgerie-un-exemple-a-suivre-dans-la-defense-et-la-promotion-des-droits-de-lenfant\/","title":{"rendered":"L\u2019Alg\u00e9rie, un exemple \u00e0 suivre dans la d\u00e9fense et la promotion des droits de l\u2019enfant"},"content":{"rendered":"\n<p>La D\u00e9l\u00e9gu\u00e9e nationale \u00e0 la protection de l&rsquo;enfance, Mme Meriem Cherfi, a affirm\u00e9 samedi, que l&rsquo;Alg\u00e9rie \u00e9tait un exemple \u00e0 suivre en mati\u00e8re de protection et de promotion des droits de l&rsquo;enfant, \u00e0 la faveur de son arsenal juridique ayant consacr\u00e9 la protection de l&rsquo;enfance contre toute forme de violence. Pr\u00e9sidant une c\u00e9r\u00e9monie \u00e0 l&rsquo;occasion de la Journ\u00e9e mondiale de l&rsquo;enfance, c\u00e9l\u00e9br\u00e9e le 1e juin de chaque ann\u00e9e, au si\u00e8ge de l&rsquo;Unit\u00e9 nationale de formation et d&rsquo;intervention de la Protection civile, Mme Cherfi a soulign\u00e9 que la protection de l&rsquo;enfance et la promotion de ses droits \u00e9taient au c\u0153ur des priorit\u00e9s du pr\u00e9sident de la R\u00e9publique, M. Abdelmadjid Tebboune qui accorde un int\u00e9r\u00eat particulier \u00e0 cette cat\u00e9gorie, pr\u00e9cisant que l&rsquo;Alg\u00e9rie c\u00e9l\u00e9brait cette journ\u00e9e \u00ab\u00a0sur fond d&rsquo;acquis importants r\u00e9alis\u00e9s dans ce domaine\u00a0\u00bb. Elle a, dans ce contexte, soulign\u00e9 que le cadre juridique solide mis en place \u00e0 cet \u00e9gard \u00ab\u00a0fait de l&rsquo;Alg\u00e9rie un Etat mod\u00e8le en mati\u00e8re de protection des droits de l&rsquo;enfant, \u00e0 commencer par la loi fondamentale du pays qui a constitutionnalis\u00e9 tous les droits de l&rsquo;enfant, notamment la gratuit\u00e9 de l&rsquo;\u00e9ducation, la prise en charge sanitaire et la protection contre toutes les formes de violence\u00a0\u00bb. A cela s&rsquo;ajoutent, entre autres, la loi sur la protection de l&rsquo;enfant promulgu\u00e9e en 2015, la cr\u00e9ation de l&rsquo;Organe national de la Protection et de la Promotion de l&rsquo;enfance (ONPPE). Par ailleurs, la m\u00eame responsable a indiqu\u00e9 que des pr\u00e9paratifs \u00e9taient en cours pour la mise en place d&rsquo;une \u00ab\u00a0cellule nationale de veille\u00a0\u00bb qui sera charg\u00e9e de prot\u00e9ger les enfants contre tout risque li\u00e9 aux cybercrimes et aux mauvaises utilisations des nouvelles technologies, en sus du \u00ab\u00a0Plan d&rsquo;action national pour la protection de l&rsquo;enfance 2025-2030\u00a0\u00bb, en cours d&rsquo;\u00e9laboration en coordination avec les secteurs minist\u00e9riels, les corps de s\u00e9curit\u00e9, la soci\u00e9t\u00e9 civile et des experts. A cette occasion, Mme Cherfi a tenu \u00e0 exprimer sa solidarit\u00e9 avec les enfants de Ghaza en particulier, et de Palestine en g\u00e9n\u00e9ral, \u00ab\u00a0en proie \u00e0 la brutalit\u00e9 et la barbarie de l&rsquo;occupation sioniste, dans le cadre d&rsquo;une guerre d&rsquo;extermination \u00e0 part enti\u00e8re\u00a0\u00bb. De son c\u00f4t\u00e9, le sous-directeur des statistiques et de l&rsquo;information \u00e0 la Direction g\u00e9n\u00e9rale de la protection civile, le commandant Nassim Bernaoui, a fait \u00e9tat de \u00ab\u00a0la participation de plus de 500 enfants \u00e0 ces activit\u00e9s, qui ont inclus l&rsquo;organisation de 20 ateliers \u00e9ducatifs, de sensibilisation et de pr\u00e9vention\u00a0\u00bb, dans le cadre de la politique pr\u00e9ventive de la protection civile, soulignant \u00ab\u00a0l&rsquo;engagement constant de la Protection civile \u00e0 prot\u00e9ger les enfants contre les diff\u00e9rents dangers\u00a0\u00bb.<\/p>\n","protected":false},"excerpt":{"rendered":"<p>La D\u00e9l\u00e9gu\u00e9e nationale \u00e0 la protection de l&rsquo;enfance, Mme Meriem Cherfi, a affirm\u00e9 samedi, que l&rsquo;Alg\u00e9rie \u00e9tait un exemple \u00e0 suivre en mati\u00e8re de protection et de promotion des droits de l&rsquo;enfant, \u00e0 la faveur de son arsenal juridique ayant consacr\u00e9 la protection de l&rsquo;enfance contre toute forme de violence. Pr\u00e9sidant une c\u00e9r\u00e9monie \u00e0 l&rsquo;occasion &hellip;<\/p>\n","protected":false},"author":9,"featured_media":51925,"comment_status":"open","ping_status":"open","sticky":false,"template":"","format":"standard","meta":{"footnotes":""},"categories":[47],"tags":[294,1555,3952],"class_list":["post-51923","post","type-post","status-publish","format-standard","has-post-thumbnail","hentry","category-national","tag-lalgerie","tag-la-promotion","tag-les-droits-de-lenfant"],"yoast_head":"<!-- This site is optimized with the Yoast SEO Premium plugin v22.6 (Yoast SEO v22.6) - https:\/\/yoast.com\/wordpress\/plugins\/seo\/ -->\n<title>L\u2019Alg\u00e9rie, un exemple \u00e0 suivre dans la d\u00e9fense et la promotion des droits de l\u2019enfant - El Mawkie<\/title>\n<meta name=\"robots\" content=\"index, follow, max-snippet:-1, max-image-preview:large, max-video-preview:-1\" \/>\n<link rel=\"canonical\" href=\"https:\/\/elmawkie.dz\/fr\/lalgerie-un-exemple-a-suivre-dans-la-defense-et-la-promotion-des-droits-de-lenfant\/\" \/>\n<meta property=\"og:locale\" content=\"fr_FR\" \/>\n<meta property=\"og:type\" content=\"article\" \/>\n<meta property=\"og:title\" content=\"L\u2019Alg\u00e9rie, un exemple \u00e0 suivre dans la d\u00e9fense et la promotion des droits de l\u2019enfant\" \/>\n<meta property=\"og:description\" content=\"La D\u00e9l\u00e9gu\u00e9e nationale \u00e0 la protection de l&rsquo;enfance, Mme Meriem Cherfi, a affirm\u00e9 samedi, que l&rsquo;Alg\u00e9rie \u00e9tait un exemple \u00e0 suivre en mati\u00e8re de protection et de promotion des droits de l&rsquo;enfant, \u00e0 la faveur de son arsenal juridique ayant consacr\u00e9 la protection de l&rsquo;enfance contre toute forme de violence. Pr\u00e9sidant une c\u00e9r\u00e9monie \u00e0 l&rsquo;occasion &hellip;\" \/>\n<meta property=\"og:url\" content=\"https:\/\/elmawkie.dz\/fr\/lalgerie-un-exemple-a-suivre-dans-la-defense-et-la-promotion-des-droits-de-lenfant\/\" \/>\n<meta property=\"og:site_name\" content=\"El Mawkie\" \/>\n<meta property=\"article:publisher\" content=\"https:\/\/www.facebook.com\/profile.php?id=100088407094989&amp;locale=fr_FR\" \/>\n<meta property=\"article:published_time\" content=\"2025-05-31T14:36:48+00:00\" \/>\n<meta property=\"article:modified_time\" content=\"2025-05-31T14:36:49+00:00\" \/>\n<meta property=\"og:image\" content=\"https:\/\/elmawkie.dz\/fr\/wp-content\/uploads\/2025\/05\/IMG_6454.jpeg\" \/>\n\t<meta property=\"og:image:width\" content=\"713\" \/>\n\t<meta property=\"og:image:height\" content=\"430\" \/>\n\t<meta property=\"og:image:type\" content=\"image\/jpeg\" \/>\n<meta name=\"author\" content=\"R\u00e9daction\" \/>\n<meta name=\"twitter:card\" content=\"summary_large_image\" \/>\n<meta name=\"twitter:label1\" content=\"Written by\" \/>\n\t<meta name=\"twitter:data1\" content=\"R\u00e9daction\" \/>\n\t<meta name=\"twitter:label2\" content=\"Est. reading time\" \/>\n\t<meta name=\"twitter:data2\" content=\"3 minutes\" \/>\n<script type=\"application\/ld+json\" class=\"yoast-schema-graph\">{\"@context\":\"https:\/\/schema.org\",\"@graph\":[{\"@type\":\"Article\",\"@id\":\"https:\/\/elmawkie.dz\/fr\/lalgerie-un-exemple-a-suivre-dans-la-defense-et-la-promotion-des-droits-de-lenfant\/#article\",\"isPartOf\":{\"@id\":\"https:\/\/elmawkie.dz\/fr\/lalgerie-un-exemple-a-suivre-dans-la-defense-et-la-promotion-des-droits-de-lenfant\/\"},\"author\":{\"name\":\"R\u00e9daction\",\"@id\":\"https:\/\/elmawkie.dz\/fr\/#\/schema\/person\/e7bd59d6467874ba5c4723d8a9f0a63c\"},\"headline\":\"L\u2019Alg\u00e9rie, un exemple \u00e0 suivre dans la d\u00e9fense et la promotion des droits de l\u2019enfant\",\"datePublished\":\"2025-05-31T14:36:48+00:00\",\"dateModified\":\"2025-05-31T14:36:49+00:00\",\"mainEntityOfPage\":{\"@id\":\"https:\/\/elmawkie.dz\/fr\/lalgerie-un-exemple-a-suivre-dans-la-defense-et-la-promotion-des-droits-de-lenfant\/\"},\"wordCount\":501,\"commentCount\":0,\"publisher\":{\"@id\":\"https:\/\/elmawkie.dz\/fr\/#organization\"},\"image\":{\"@id\":\"https:\/\/elmawkie.dz\/fr\/lalgerie-un-exemple-a-suivre-dans-la-defense-et-la-promotion-des-droits-de-lenfant\/#primaryimage\"},\"thumbnailUrl\":\"https:\/\/elmawkie.dz\/fr\/wp-content\/uploads\/2025\/05\/IMG_6454.jpeg\",\"keywords\":[\"L'Alg\u00e9rie\",\"La promotion\",\"Les droits de l\u2019enfant\"],\"articleSection\":[\"National\"],\"inLanguage\":\"fr-FR\",\"potentialAction\":[{\"@type\":\"CommentAction\",\"name\":\"Comment\",\"target\":[\"https:\/\/elmawkie.dz\/fr\/lalgerie-un-exemple-a-suivre-dans-la-defense-et-la-promotion-des-droits-de-lenfant\/#respond\"]}]},{\"@type\":\"WebPage\",\"@id\":\"https:\/\/elmawkie.dz\/fr\/lalgerie-un-exemple-a-suivre-dans-la-defense-et-la-promotion-des-droits-de-lenfant\/\",\"url\":\"https:\/\/elmawkie.dz\/fr\/lalgerie-un-exemple-a-suivre-dans-la-defense-et-la-promotion-des-droits-de-lenfant\/\",\"name\":\"L\u2019Alg\u00e9rie, un exemple \u00e0 suivre dans la d\u00e9fense et la promotion des droits de l\u2019enfant - El Mawkie\",\"isPartOf\":{\"@id\":\"https:\/\/elmawkie.dz\/fr\/#website\"},\"primaryImageOfPage\":{\"@id\":\"https:\/\/elmawkie.dz\/fr\/lalgerie-un-exemple-a-suivre-dans-la-defense-et-la-promotion-des-droits-de-lenfant\/#primaryimage\"},\"image\":{\"@id\":\"https:\/\/elmawkie.dz\/fr\/lalgerie-un-exemple-a-suivre-dans-la-defense-et-la-promotion-des-droits-de-lenfant\/#primaryimage\"},\"thumbnailUrl\":\"https:\/\/elmawkie.dz\/fr\/wp-content\/uploads\/2025\/05\/IMG_6454.jpeg\",\"datePublished\":\"2025-05-31T14:36:48+00:00\",\"dateModified\":\"2025-05-31T14:36:49+00:00\",\"breadcrumb\":{\"@id\":\"https:\/\/elmawkie.dz\/fr\/lalgerie-un-exemple-a-suivre-dans-la-defense-et-la-promotion-des-droits-de-lenfant\/#breadcrumb\"},\"inLanguage\":\"fr-FR\",\"potentialAction\":[{\"@type\":\"ReadAction\",\"target\":[\"https:\/\/elmawkie.dz\/fr\/lalgerie-un-exemple-a-suivre-dans-la-defense-et-la-promotion-des-droits-de-lenfant\/\"]}]},{\"@type\":\"ImageObject\",\"inLanguage\":\"fr-FR\",\"@id\":\"https:\/\/elmawkie.dz\/fr\/lalgerie-un-exemple-a-suivre-dans-la-defense-et-la-promotion-des-droits-de-lenfant\/#primaryimage\",\"url\":\"https:\/\/elmawkie.dz\/fr\/wp-content\/uploads\/2025\/05\/IMG_6454.jpeg\",\"contentUrl\":\"https:\/\/elmawkie.dz\/fr\/wp-content\/uploads\/2025\/05\/IMG_6454.jpeg\",\"width\":713,\"height\":430},{\"@type\":\"BreadcrumbList\",\"@id\":\"https:\/\/elmawkie.dz\/fr\/lalgerie-un-exemple-a-suivre-dans-la-defense-et-la-promotion-des-droits-de-lenfant\/#breadcrumb\",\"itemListElement\":[{\"@type\":\"ListItem\",\"position\":1,\"name\":\"Home\",\"item\":\"https:\/\/elmawkie.dz\/fr\/\"},{\"@type\":\"ListItem\",\"position\":2,\"name\":\"L\u2019Alg\u00e9rie, un exemple \u00e0 suivre dans la d\u00e9fense et la promotion des droits de l\u2019enfant\"}]},{\"@type\":\"WebSite\",\"@id\":\"https:\/\/elmawkie.dz\/fr\/#website\",\"url\":\"https:\/\/elmawkie.dz\/fr\/\",\"name\":\"EL MAWKIE\",\"description\":\"Journal \u00c9lectronique Alg\u00e9rien\",\"publisher\":{\"@id\":\"https:\/\/elmawkie.dz\/fr\/#organization\"},\"potentialAction\":[{\"@type\":\"SearchAction\",\"target\":{\"@type\":\"EntryPoint\",\"urlTemplate\":\"https:\/\/elmawkie.dz\/fr\/?s={search_term_string}\"},\"query-input\":\"required name=search_term_string\"}],\"inLanguage\":\"fr-FR\"},{\"@type\":\"Organization\",\"@id\":\"https:\/\/elmawkie.dz\/fr\/#organization\",\"name\":\"EL MAWKIE\",\"url\":\"https:\/\/elmawkie.dz\/fr\/\",\"logo\":{\"@type\":\"ImageObject\",\"inLanguage\":\"fr-FR\",\"@id\":\"https:\/\/elmawkie.dz\/fr\/#\/schema\/logo\/image\/\",\"url\":\"https:\/\/elmawkie.dz\/fr\/wp-content\/uploads\/2024\/05\/logo1.png\",\"contentUrl\":\"https:\/\/elmawkie.dz\/fr\/wp-content\/uploads\/2024\/05\/logo1.png\",\"width\":1648,\"height\":652,\"caption\":\"EL MAWKIE\"},\"image\":{\"@id\":\"https:\/\/elmawkie.dz\/fr\/#\/schema\/logo\/image\/\"},\"sameAs\":[\"https:\/\/www.facebook.com\/profile.php?id=100088407094989&locale=fr_FR\"]},{\"@type\":\"Person\",\"@id\":\"https:\/\/elmawkie.dz\/fr\/#\/schema\/person\/e7bd59d6467874ba5c4723d8a9f0a63c\",\"name\":\"R\u00e9daction\",\"image\":{\"@type\":\"ImageObject\",\"inLanguage\":\"fr-FR\",\"@id\":\"https:\/\/elmawkie.dz\/fr\/#\/schema\/person\/image\/\",\"url\":\"https:\/\/secure.gravatar.com\/avatar\/f0f773456344da4d2788c054a3d30a0c?s=96&d=mm&r=g\",\"contentUrl\":\"https:\/\/secure.gravatar.com\/avatar\/f0f773456344da4d2788c054a3d30a0c?s=96&d=mm&r=g\",\"caption\":\"R\u00e9daction\"},\"url\":\"https:\/\/elmawkie.dz\/fr\/author\/redaction\/\"}]}<\/script>\n<!-- \/ Yoast SEO Premium plugin. -->","yoast_head_json":{"title":"L\u2019Alg\u00e9rie, un exemple \u00e0 suivre dans la d\u00e9fense et la promotion des droits de l\u2019enfant - El Mawkie","robots":{"index":"index","follow":"follow","max-snippet":"max-snippet:-1","max-image-preview":"max-image-preview:large","max-video-preview":"max-video-preview:-1"},"canonical":"https:\/\/elmawkie.dz\/fr\/lalgerie-un-exemple-a-suivre-dans-la-defense-et-la-promotion-des-droits-de-lenfant\/","og_locale":"fr_FR","og_type":"article","og_title":"L\u2019Alg\u00e9rie, un exemple \u00e0 suivre dans la d\u00e9fense et la promotion des droits de l\u2019enfant","og_description":"La D\u00e9l\u00e9gu\u00e9e nationale \u00e0 la protection de l&rsquo;enfance, Mme Meriem Cherfi, a affirm\u00e9 samedi, que l&rsquo;Alg\u00e9rie \u00e9tait un exemple \u00e0 suivre en mati\u00e8re de protection et de promotion des droits de l&rsquo;enfant, \u00e0 la faveur de son arsenal juridique ayant consacr\u00e9 la protection de l&rsquo;enfance contre toute forme de violence. Pr\u00e9sidant une c\u00e9r\u00e9monie \u00e0 l&rsquo;occasion &hellip;","og_url":"https:\/\/elmawkie.dz\/fr\/lalgerie-un-exemple-a-suivre-dans-la-defense-et-la-promotion-des-droits-de-lenfant\/","og_site_name":"El Mawkie","article_publisher":"https:\/\/www.facebook.com\/profile.php?id=100088407094989&locale=fr_FR","article_published_time":"2025-05-31T14:36:48+00:00","article_modified_time":"2025-05-31T14:36:49+00:00","og_image":[{"width":713,"height":430,"url":"https:\/\/elmawkie.dz\/fr\/wp-content\/uploads\/2025\/05\/IMG_6454.jpeg","type":"image\/jpeg"}],"author":"R\u00e9daction","twitter_card":"summary_large_image","twitter_misc":{"Written by":"R\u00e9daction","Est. reading time":"3 minutes"},"schema":{"@context":"https:\/\/schema.org","@graph":[{"@type":"Article","@id":"https:\/\/elmawkie.dz\/fr\/lalgerie-un-exemple-a-suivre-dans-la-defense-et-la-promotion-des-droits-de-lenfant\/#article","isPartOf":{"@id":"https:\/\/elmawkie.dz\/fr\/lalgerie-un-exemple-a-suivre-dans-la-defense-et-la-promotion-des-droits-de-lenfant\/"},"author":{"name":"R\u00e9daction","@id":"https:\/\/elmawkie.dz\/fr\/#\/schema\/person\/e7bd59d6467874ba5c4723d8a9f0a63c"},"headline":"L\u2019Alg\u00e9rie, un exemple \u00e0 suivre dans la d\u00e9fense et la promotion des droits de l\u2019enfant","datePublished":"2025-05-31T14:36:48+00:00","dateModified":"2025-05-31T14:36:49+00:00","mainEntityOfPage":{"@id":"https:\/\/elmawkie.dz\/fr\/lalgerie-un-exemple-a-suivre-dans-la-defense-et-la-promotion-des-droits-de-lenfant\/"},"wordCount":501,"commentCount":0,"publisher":{"@id":"https:\/\/elmawkie.dz\/fr\/#organization"},"image":{"@id":"https:\/\/elmawkie.dz\/fr\/lalgerie-un-exemple-a-suivre-dans-la-defense-et-la-promotion-des-droits-de-lenfant\/#primaryimage"},"thumbnailUrl":"https:\/\/elmawkie.dz\/fr\/wp-content\/uploads\/2025\/05\/IMG_6454.jpeg","keywords":["L'Alg\u00e9rie","La promotion","Les droits de l\u2019enfant"],"articleSection":["National"],"inLanguage":"fr-FR","potentialAction":[{"@type":"CommentAction","name":"Comment","target":["https:\/\/elmawkie.dz\/fr\/lalgerie-un-exemple-a-suivre-dans-la-defense-et-la-promotion-des-droits-de-lenfant\/#respond"]}]},{"@type":"WebPage","@id":"https:\/\/elmawkie.dz\/fr\/lalgerie-un-exemple-a-suivre-dans-la-defense-et-la-promotion-des-droits-de-lenfant\/","url":"https:\/\/elmawkie.dz\/fr\/lalgerie-un-exemple-a-suivre-dans-la-defense-et-la-promotion-des-droits-de-lenfant\/","name":"L\u2019Alg\u00e9rie, un exemple \u00e0 suivre dans la d\u00e9fense et la promotion des droits de l\u2019enfant - El Mawkie","isPartOf":{"@id":"https:\/\/elmawkie.dz\/fr\/#website"},"primaryImageOfPage":{"@id":"https:\/\/elmawkie.dz\/fr\/lalgerie-un-exemple-a-suivre-dans-la-defense-et-la-promotion-des-droits-de-lenfant\/#primaryimage"},"image":{"@id":"https:\/\/elmawkie.dz\/fr\/lalgerie-un-exemple-a-suivre-dans-la-defense-et-la-promotion-des-droits-de-lenfant\/#primaryimage"},"thumbnailUrl":"https:\/\/elmawkie.dz\/fr\/wp-content\/uploads\/2025\/05\/IMG_6454.jpeg","datePublished":"2025-05-31T14:36:48+00:00","dateModified":"2025-05-31T14:36:49+00:00","breadcrumb":{"@id":"https:\/\/elmawkie.dz\/fr\/lalgerie-un-exemple-a-suivre-dans-la-defense-et-la-promotion-des-droits-de-lenfant\/#breadcrumb"},"inLanguage":"fr-FR","potentialAction":[{"@type":"ReadAction","target":["https:\/\/elmawkie.dz\/fr\/lalgerie-un-exemple-a-suivre-dans-la-defense-et-la-promotion-des-droits-de-lenfant\/"]}]},{"@type":"ImageObject","inLanguage":"fr-FR","@id":"https:\/\/elmawkie.dz\/fr\/lalgerie-un-exemple-a-suivre-dans-la-defense-et-la-promotion-des-droits-de-lenfant\/#primaryimage","url":"https:\/\/elmawkie.dz\/fr\/wp-content\/uploads\/2025\/05\/IMG_6454.jpeg","contentUrl":"https:\/\/elmawkie.dz\/fr\/wp-content\/uploads\/2025\/05\/IMG_6454.jpeg","width":713,"height":430},{"@type":"BreadcrumbList","@id":"https:\/\/elmawkie.dz\/fr\/lalgerie-un-exemple-a-suivre-dans-la-defense-et-la-promotion-des-droits-de-lenfant\/#breadcrumb","itemListElement":[{"@type":"ListItem","position":1,"name":"Home","item":"https:\/\/elmawkie.dz\/fr\/"},{"@type":"ListItem","position":2,"name":"L\u2019Alg\u00e9rie, un exemple \u00e0 suivre dans la d\u00e9fense et la promotion des droits de l\u2019enfant"}]},{"@type":"WebSite","@id":"https:\/\/elmawkie.dz\/fr\/#website","url":"https:\/\/elmawkie.dz\/fr\/","name":"EL MAWKIE","description":"Journal \u00c9lectronique Alg\u00e9rien","publisher":{"@id":"https:\/\/elmawkie.dz\/fr\/#organization"},"potentialAction":[{"@type":"SearchAction","target":{"@type":"EntryPoint","urlTemplate":"https:\/\/elmawkie.dz\/fr\/?s={search_term_string}"},"query-input":"required name=search_term_string"}],"inLanguage":"fr-FR"},{"@type":"Organization","@id":"https:\/\/elmawkie.dz\/fr\/#organization","name":"EL MAWKIE","url":"https:\/\/elmawkie.dz\/fr\/","logo":{"@type":"ImageObject","inLanguage":"fr-FR","@id":"https:\/\/elmawkie.dz\/fr\/#\/schema\/logo\/image\/","url":"https:\/\/elmawkie.dz\/fr\/wp-content\/uploads\/2024\/05\/logo1.png","contentUrl":"https:\/\/elmawkie.dz\/fr\/wp-content\/uploads\/2024\/05\/logo1.png","width":1648,"height":652,"caption":"EL MAWKIE"},"image":{"@id":"https:\/\/elmawkie.dz\/fr\/#\/schema\/logo\/image\/"},"sameAs":["https:\/\/www.facebook.com\/profile.php?id=100088407094989&locale=fr_FR"]},{"@type":"Person","@id":"https:\/\/elmawkie.dz\/fr\/#\/schema\/person\/e7bd59d6467874ba5c4723d8a9f0a63c","name":"R\u00e9daction","image":{"@type":"ImageObject","inLanguage":"fr-FR","@id":"https:\/\/elmawkie.dz\/fr\/#\/schema\/person\/image\/","url":"https:\/\/secure.gravatar.com\/avatar\/f0f773456344da4d2788c054a3d30a0c?s=96&d=mm&r=g","contentUrl":"https:\/\/secure.gravatar.com\/avatar\/f0f773456344da4d2788c054a3d30a0c?s=96&d=mm&r=g","caption":"R\u00e9daction"},"url":"https:\/\/elmawkie.dz\/fr\/author\/redaction\/"}]}},"_links":{"self":[{"href":"https:\/\/elmawkie.dz\/fr\/wp-json\/wp\/v2\/posts\/51923","targetHints":{"allow":["GET"]}}],"collection":[{"href":"https:\/\/elmawkie.dz\/fr\/wp-json\/wp\/v2\/posts"}],"about":[{"href":"https:\/\/elmawkie.dz\/fr\/wp-json\/wp\/v2\/types\/post"}],"author":[{"embeddable":true,"href":"https:\/\/elmawkie.dz\/fr\/wp-json\/wp\/v2\/users\/9"}],"replies":[{"embeddable":true,"href":"https:\/\/elmawkie.dz\/fr\/wp-json\/wp\/v2\/comments?post=51923"}],"version-history":[{"count":1,"href":"https:\/\/elmawkie.dz\/fr\/wp-json\/wp\/v2\/posts\/51923\/revisions"}],"predecessor-version":[{"id":51926,"href":"https:\/\/elmawkie.dz\/fr\/wp-json\/wp\/v2\/posts\/51923\/revisions\/51926"}],"wp:featuredmedia":[{"embeddable":true,"href":"https:\/\/elmawkie.dz\/fr\/wp-json\/wp\/v2\/media\/51925"}],"wp:attachment":[{"href":"https:\/\/elmawkie.dz\/fr\/wp-json\/wp\/v2\/media?parent=51923"}],"wp:term":[{"taxonomy":"category","embeddable":true,"href":"https:\/\/elmawkie.dz\/fr\/wp-json\/wp\/v2\/categories?post=51923"},{"taxonomy":"post_tag","embeddable":true,"href":"https:\/\/elmawkie.dz\/fr\/wp-json\/wp\/v2\/tags?post=51923"}],"curies":[{"name":"wp","href":"https:\/\/api.w.org\/{rel}","templated":true}]}}