{"id":51773,"date":"2025-05-27T13:58:11","date_gmt":"2025-05-27T12:58:11","guid":{"rendered":"https:\/\/elmawkie.dz\/fr\/?p=51773"},"modified":"2025-05-27T13:58:11","modified_gmt":"2025-05-27T12:58:11","slug":"une-ceremonie-en-lhonneur-des-etudiants-algeriens-primes-au-concours-huawei-des-tic","status":"publish","type":"post","link":"https:\/\/elmawkie.dz\/fr\/une-ceremonie-en-lhonneur-des-etudiants-algeriens-primes-au-concours-huawei-des-tic\/","title":{"rendered":"Une C\u00e9r\u00e9monie en l\u2019honneur des \u00e9tudiants alg\u00e9riens prim\u00e9s au concours Huawei des TIC"},"content":{"rendered":"\n<p>Une c\u00e9r\u00e9monie de distinction a \u00e9t\u00e9 organis\u00e9e lundi soir \u00e0 Alger en l&rsquo;honneur des quatorze (14) \u00e9tudiants alg\u00e9riens laur\u00e9ats de quatre (04) grands prix au Concours international Huawei des technologies de l&rsquo;information et de la communication (TIC) 2025, tenu \u00e0 Shenzhen, en Chine. Organis\u00e9e au niveau du p\u00f4le scientifique et technologique \u00ab\u00a0Chahid Abdelhafid Ihaddaden\u00a0\u00bb \u00e0 Sidi Abdellah (Alger), cette c\u00e9r\u00e9monie a \u00e9t\u00e9 pr\u00e9sid\u00e9e par le ministre de l\u2019Enseignement sup\u00e9rieur et de la Recherche scientifique, M. Kamel Baddari, en pr\u00e9sence de plusieurs membres du gouvernement, de l\u2019ambassadeur de la R\u00e9publique populaire de Chine en Alg\u00e9rie, de recteurs d\u2019universit\u00e9s ainsi que du PDG de Huawei Alg\u00e9rie. S&rsquo;exprimant \u00e0 cette occasion, le ministre de l\u2019Enseignement sup\u00e9rieur et de la Recherche scientifique a qualifi\u00e9 le succ\u00e8s des \u00e9tudiants alg\u00e9riens en Chine d\u2019\u00a0\u00bbexceptionnel et honorable\u00a0\u00bb, soulignant qu\u2019ils avaient r\u00e9ussi \u00e0 d\u00e9crocher les premi\u00e8res places parmi plus de 200 000 \u00e9tudiants issus de 114 pays. Ces laur\u00e9ats qui incarnent d\u00e9sormais l\u2019Alg\u00e9rie nouvelle et victorieuse, constituent, poursuit-il, \u00ab\u00a0une valeur ajout\u00e9e \u00e0 l\u2019\u00e9conomie de la connaissance\u00a0\u00bb, d&rsquo;autant plus qu\u2019ils vont concr\u00e9tiser les objectifs du pr\u00e9sident de la R\u00e9publique pour une Alg\u00e9rie \u00e9mergente\u00a0\u00bb. Pour sa part, le ministre de la Poste et des T\u00e9l\u00e9communications, M. Sid Ali Zerrouki, a salu\u00e9 les r\u00e9alisations de ces jeunes innovateurs, les qualifiant de \u00ab\u00a0mod\u00e8les pour la jeunesse alg\u00e9rienne\u00a0\u00bb. De son c\u00f4t\u00e9, le ministre de l&rsquo;Economie de la connaissance, des Start-up et des Micro-entreprises, Noureddine Ouadah a assur\u00e9 que \u00ab\u00a0des efforts seront d\u00e9ploy\u00e9s pour transformer ces distinctions en startup et en projets fructueux \u00e0 m\u00eame de contribuer \u00e0 la prosp\u00e9rit\u00e9 du pays\u00a0\u00bb. Le ministre de la Jeunesse, charg\u00e9 du Conseil sup\u00e9rieur de la jeunesse, Mustapha Hidaoui a, quant \u00e0 lui, affirm\u00e9 que ces distinctions dans le domaine de l\u2019innovation, prouvent que le pr\u00e9sident de la R\u00e9publique a pleinement r\u00e9ussi son pari en misant sur l\u2019investissement dans le capital humain, la recherche et les technologies modernes . A son tour, l&rsquo;ambassadeur de la R\u00e9publique populaire de Chine en Alg\u00e9rie, M. Dong Guangli, a adress\u00e9 ses chaleureuses f\u00e9licitations aux \u00e9tudiants alg\u00e9riens laur\u00e9ats, soulignant que l&rsquo;Alg\u00e9rie a su, efficacement, investir dans sa jeunesse innovante qui a r\u00e9ussi face \u00e0 plus de 200.000 participants issus d&rsquo;universit\u00e9s de renomm\u00e9e internationale. Il convient de rappeler que les \u00e9quipes alg\u00e9riennes ont d\u00e9croch\u00e9 quatre grands prix. La premi\u00e8re \u00e9quipe a remport\u00e9 le grand Prix dans la cat\u00e9gorie \u00ab\u00a0Cloud\u00a0\u00bb, tandis que la seconde a obtenu le grand Prix dans la cat\u00e9gorie \u00ab\u00a0Computing\u00a0\u00bb. Dans la cat\u00e9gorie \u00ab\u00a0R\u00e9seaux\u00a0\u00bb, l&rsquo;\u00e9quipe alg\u00e9rienne s&rsquo;est vu attribuer le premier prix. S&rsquo;agissant de la cat\u00e9gorie Innovation \u00e0 laquelle l&rsquo;Alg\u00e9rie participe pour la premi\u00e8re fois, l&rsquo;\u00e9quipe alg\u00e9rienne a d\u00e9croch\u00e9 la troisi\u00e8me place gr\u00e2ce \u00e0 un projet innovant dans les domaines de la Fintech et de l&rsquo;assurance. Plusieurs encadrants ont \u00e9t\u00e9 honor\u00e9s pour leurs efforts, parmi lesquels l&rsquo;enseignant Abderraouf Abla, de l&rsquo;Universit\u00e9 de Boumerd\u00e8s qui a re\u00e7u le prix du Meilleur Coach, en reconnaissance de sa contribution exceptionnelle \u00e0 la formation et \u00e0 l&rsquo;accompagnement des \u00e9tudiants. Chaque \u00e9quipe a \u00e9t\u00e9 distingu\u00e9e par un montant d&rsquo;un (1) million Da pour chaque cat\u00e9gorie. Le pr\u00e9sident de la R\u00e9publique, M. Abdelmadjid Tebboune, avait f\u00e9licit\u00e9 les \u00e9tudiants alg\u00e9riens laur\u00e9ats du concours international organis\u00e9 par l&rsquo;entreprise Huawei t\u00e9l\u00e9communications \u00e0 Shenzhen (Chine), exprimant sa fiert\u00e9 \u00e0 leur \u00e9gard. Les \u00e9tudiants laur\u00e9ats ont offert au pr\u00e9sident de la R\u00e9publique la m\u00e9daille du grand Prix, en reconnaissance de son accompagnement et de son soutien constants \u00e0 la jeunesse alg\u00e9rienne.<\/p>\n","protected":false},"excerpt":{"rendered":"<p>Une c\u00e9r\u00e9monie de distinction a \u00e9t\u00e9 organis\u00e9e lundi soir \u00e0 Alger en l&rsquo;honneur des quatorze (14) \u00e9tudiants alg\u00e9riens laur\u00e9ats de quatre (04) grands prix au Concours international Huawei des technologies de l&rsquo;information et de la communication (TIC) 2025, tenu \u00e0 Shenzhen, en Chine. Organis\u00e9e au niveau du p\u00f4le scientifique et technologique \u00ab\u00a0Chahid Abdelhafid Ihaddaden\u00a0\u00bb \u00e0 &hellip;<\/p>\n","protected":false},"author":9,"featured_media":51775,"comment_status":"open","ping_status":"open","sticky":false,"template":"","format":"standard","meta":{"footnotes":""},"categories":[47],"tags":[2491],"class_list":["post-51773","post","type-post","status-publish","format-standard","has-post-thumbnail","hentry","category-national","tag-ceremonie"],"yoast_head":"<!-- This site is optimized with the Yoast SEO Premium plugin v22.6 (Yoast SEO v22.6) - https:\/\/yoast.com\/wordpress\/plugins\/seo\/ -->\n<title>Une C\u00e9r\u00e9monie en l\u2019honneur des \u00e9tudiants alg\u00e9riens prim\u00e9s au concours Huawei des TIC - El Mawkie<\/title>\n<meta name=\"robots\" content=\"index, follow, max-snippet:-1, max-image-preview:large, max-video-preview:-1\" \/>\n<link rel=\"canonical\" href=\"https:\/\/elmawkie.dz\/fr\/une-ceremonie-en-lhonneur-des-etudiants-algeriens-primes-au-concours-huawei-des-tic\/\" \/>\n<meta property=\"og:locale\" content=\"fr_FR\" \/>\n<meta property=\"og:type\" content=\"article\" \/>\n<meta property=\"og:title\" content=\"Une C\u00e9r\u00e9monie en l\u2019honneur des \u00e9tudiants alg\u00e9riens prim\u00e9s au concours Huawei des TIC\" \/>\n<meta property=\"og:description\" content=\"Une c\u00e9r\u00e9monie de distinction a \u00e9t\u00e9 organis\u00e9e lundi soir \u00e0 Alger en l&rsquo;honneur des quatorze (14) \u00e9tudiants alg\u00e9riens laur\u00e9ats de quatre (04) grands prix au Concours international Huawei des technologies de l&rsquo;information et de la communication (TIC) 2025, tenu \u00e0 Shenzhen, en Chine. Organis\u00e9e au niveau du p\u00f4le scientifique et technologique \u00ab\u00a0Chahid Abdelhafid Ihaddaden\u00a0\u00bb \u00e0 &hellip;\" \/>\n<meta property=\"og:url\" content=\"https:\/\/elmawkie.dz\/fr\/une-ceremonie-en-lhonneur-des-etudiants-algeriens-primes-au-concours-huawei-des-tic\/\" \/>\n<meta property=\"og:site_name\" content=\"El Mawkie\" \/>\n<meta property=\"article:publisher\" content=\"https:\/\/www.facebook.com\/profile.php?id=100088407094989&amp;locale=fr_FR\" \/>\n<meta property=\"article:published_time\" content=\"2025-05-27T12:58:11+00:00\" \/>\n<meta property=\"og:image\" content=\"https:\/\/elmawkie.dz\/fr\/wp-content\/uploads\/2025\/05\/IMG_6167.jpeg\" \/>\n\t<meta property=\"og:image:width\" content=\"2048\" \/>\n\t<meta property=\"og:image:height\" content=\"1366\" \/>\n\t<meta property=\"og:image:type\" content=\"image\/jpeg\" \/>\n<meta name=\"author\" content=\"R\u00e9daction\" \/>\n<meta name=\"twitter:card\" content=\"summary_large_image\" \/>\n<meta name=\"twitter:label1\" content=\"Written by\" \/>\n\t<meta name=\"twitter:data1\" content=\"R\u00e9daction\" \/>\n\t<meta name=\"twitter:label2\" content=\"Est. reading time\" \/>\n\t<meta name=\"twitter:data2\" content=\"4 minutes\" \/>\n<script type=\"application\/ld+json\" class=\"yoast-schema-graph\">{\"@context\":\"https:\/\/schema.org\",\"@graph\":[{\"@type\":\"Article\",\"@id\":\"https:\/\/elmawkie.dz\/fr\/une-ceremonie-en-lhonneur-des-etudiants-algeriens-primes-au-concours-huawei-des-tic\/#article\",\"isPartOf\":{\"@id\":\"https:\/\/elmawkie.dz\/fr\/une-ceremonie-en-lhonneur-des-etudiants-algeriens-primes-au-concours-huawei-des-tic\/\"},\"author\":{\"name\":\"R\u00e9daction\",\"@id\":\"https:\/\/elmawkie.dz\/fr\/#\/schema\/person\/e7bd59d6467874ba5c4723d8a9f0a63c\"},\"headline\":\"Une C\u00e9r\u00e9monie en l\u2019honneur des \u00e9tudiants alg\u00e9riens prim\u00e9s au concours Huawei des TIC\",\"datePublished\":\"2025-05-27T12:58:11+00:00\",\"dateModified\":\"2025-05-27T12:58:11+00:00\",\"mainEntityOfPage\":{\"@id\":\"https:\/\/elmawkie.dz\/fr\/une-ceremonie-en-lhonneur-des-etudiants-algeriens-primes-au-concours-huawei-des-tic\/\"},\"wordCount\":667,\"commentCount\":0,\"publisher\":{\"@id\":\"https:\/\/elmawkie.dz\/fr\/#organization\"},\"image\":{\"@id\":\"https:\/\/elmawkie.dz\/fr\/une-ceremonie-en-lhonneur-des-etudiants-algeriens-primes-au-concours-huawei-des-tic\/#primaryimage\"},\"thumbnailUrl\":\"https:\/\/elmawkie.dz\/fr\/wp-content\/uploads\/2025\/05\/IMG_6167.jpeg\",\"keywords\":[\"C\u00e9r\u00e9monie\"],\"articleSection\":[\"National\"],\"inLanguage\":\"fr-FR\",\"potentialAction\":[{\"@type\":\"CommentAction\",\"name\":\"Comment\",\"target\":[\"https:\/\/elmawkie.dz\/fr\/une-ceremonie-en-lhonneur-des-etudiants-algeriens-primes-au-concours-huawei-des-tic\/#respond\"]}]},{\"@type\":\"WebPage\",\"@id\":\"https:\/\/elmawkie.dz\/fr\/une-ceremonie-en-lhonneur-des-etudiants-algeriens-primes-au-concours-huawei-des-tic\/\",\"url\":\"https:\/\/elmawkie.dz\/fr\/une-ceremonie-en-lhonneur-des-etudiants-algeriens-primes-au-concours-huawei-des-tic\/\",\"name\":\"Une C\u00e9r\u00e9monie en l\u2019honneur des \u00e9tudiants alg\u00e9riens prim\u00e9s au concours Huawei des TIC - El Mawkie\",\"isPartOf\":{\"@id\":\"https:\/\/elmawkie.dz\/fr\/#website\"},\"primaryImageOfPage\":{\"@id\":\"https:\/\/elmawkie.dz\/fr\/une-ceremonie-en-lhonneur-des-etudiants-algeriens-primes-au-concours-huawei-des-tic\/#primaryimage\"},\"image\":{\"@id\":\"https:\/\/elmawkie.dz\/fr\/une-ceremonie-en-lhonneur-des-etudiants-algeriens-primes-au-concours-huawei-des-tic\/#primaryimage\"},\"thumbnailUrl\":\"https:\/\/elmawkie.dz\/fr\/wp-content\/uploads\/2025\/05\/IMG_6167.jpeg\",\"datePublished\":\"2025-05-27T12:58:11+00:00\",\"dateModified\":\"2025-05-27T12:58:11+00:00\",\"breadcrumb\":{\"@id\":\"https:\/\/elmawkie.dz\/fr\/une-ceremonie-en-lhonneur-des-etudiants-algeriens-primes-au-concours-huawei-des-tic\/#breadcrumb\"},\"inLanguage\":\"fr-FR\",\"potentialAction\":[{\"@type\":\"ReadAction\",\"target\":[\"https:\/\/elmawkie.dz\/fr\/une-ceremonie-en-lhonneur-des-etudiants-algeriens-primes-au-concours-huawei-des-tic\/\"]}]},{\"@type\":\"ImageObject\",\"inLanguage\":\"fr-FR\",\"@id\":\"https:\/\/elmawkie.dz\/fr\/une-ceremonie-en-lhonneur-des-etudiants-algeriens-primes-au-concours-huawei-des-tic\/#primaryimage\",\"url\":\"https:\/\/elmawkie.dz\/fr\/wp-content\/uploads\/2025\/05\/IMG_6167.jpeg\",\"contentUrl\":\"https:\/\/elmawkie.dz\/fr\/wp-content\/uploads\/2025\/05\/IMG_6167.jpeg\",\"width\":2048,\"height\":1366},{\"@type\":\"BreadcrumbList\",\"@id\":\"https:\/\/elmawkie.dz\/fr\/une-ceremonie-en-lhonneur-des-etudiants-algeriens-primes-au-concours-huawei-des-tic\/#breadcrumb\",\"itemListElement\":[{\"@type\":\"ListItem\",\"position\":1,\"name\":\"Home\",\"item\":\"https:\/\/elmawkie.dz\/fr\/\"},{\"@type\":\"ListItem\",\"position\":2,\"name\":\"Une C\u00e9r\u00e9monie en l\u2019honneur des \u00e9tudiants alg\u00e9riens prim\u00e9s au concours Huawei des TIC\"}]},{\"@type\":\"WebSite\",\"@id\":\"https:\/\/elmawkie.dz\/fr\/#website\",\"url\":\"https:\/\/elmawkie.dz\/fr\/\",\"name\":\"EL MAWKIE\",\"description\":\"Journal \u00c9lectronique Alg\u00e9rien\",\"publisher\":{\"@id\":\"https:\/\/elmawkie.dz\/fr\/#organization\"},\"potentialAction\":[{\"@type\":\"SearchAction\",\"target\":{\"@type\":\"EntryPoint\",\"urlTemplate\":\"https:\/\/elmawkie.dz\/fr\/?s={search_term_string}\"},\"query-input\":\"required name=search_term_string\"}],\"inLanguage\":\"fr-FR\"},{\"@type\":\"Organization\",\"@id\":\"https:\/\/elmawkie.dz\/fr\/#organization\",\"name\":\"EL MAWKIE\",\"url\":\"https:\/\/elmawkie.dz\/fr\/\",\"logo\":{\"@type\":\"ImageObject\",\"inLanguage\":\"fr-FR\",\"@id\":\"https:\/\/elmawkie.dz\/fr\/#\/schema\/logo\/image\/\",\"url\":\"https:\/\/elmawkie.dz\/fr\/wp-content\/uploads\/2024\/05\/logo1.png\",\"contentUrl\":\"https:\/\/elmawkie.dz\/fr\/wp-content\/uploads\/2024\/05\/logo1.png\",\"width\":1648,\"height\":652,\"caption\":\"EL MAWKIE\"},\"image\":{\"@id\":\"https:\/\/elmawkie.dz\/fr\/#\/schema\/logo\/image\/\"},\"sameAs\":[\"https:\/\/www.facebook.com\/profile.php?id=100088407094989&locale=fr_FR\"]},{\"@type\":\"Person\",\"@id\":\"https:\/\/elmawkie.dz\/fr\/#\/schema\/person\/e7bd59d6467874ba5c4723d8a9f0a63c\",\"name\":\"R\u00e9daction\",\"image\":{\"@type\":\"ImageObject\",\"inLanguage\":\"fr-FR\",\"@id\":\"https:\/\/elmawkie.dz\/fr\/#\/schema\/person\/image\/\",\"url\":\"https:\/\/secure.gravatar.com\/avatar\/f0f773456344da4d2788c054a3d30a0c?s=96&d=mm&r=g\",\"contentUrl\":\"https:\/\/secure.gravatar.com\/avatar\/f0f773456344da4d2788c054a3d30a0c?s=96&d=mm&r=g\",\"caption\":\"R\u00e9daction\"},\"url\":\"https:\/\/elmawkie.dz\/fr\/author\/redaction\/\"}]}<\/script>\n<!-- \/ Yoast SEO Premium plugin. -->","yoast_head_json":{"title":"Une C\u00e9r\u00e9monie en l\u2019honneur des \u00e9tudiants alg\u00e9riens prim\u00e9s au concours Huawei des TIC - El Mawkie","robots":{"index":"index","follow":"follow","max-snippet":"max-snippet:-1","max-image-preview":"max-image-preview:large","max-video-preview":"max-video-preview:-1"},"canonical":"https:\/\/elmawkie.dz\/fr\/une-ceremonie-en-lhonneur-des-etudiants-algeriens-primes-au-concours-huawei-des-tic\/","og_locale":"fr_FR","og_type":"article","og_title":"Une C\u00e9r\u00e9monie en l\u2019honneur des \u00e9tudiants alg\u00e9riens prim\u00e9s au concours Huawei des TIC","og_description":"Une c\u00e9r\u00e9monie de distinction a \u00e9t\u00e9 organis\u00e9e lundi soir \u00e0 Alger en l&rsquo;honneur des quatorze (14) \u00e9tudiants alg\u00e9riens laur\u00e9ats de quatre (04) grands prix au Concours international Huawei des technologies de l&rsquo;information et de la communication (TIC) 2025, tenu \u00e0 Shenzhen, en Chine. Organis\u00e9e au niveau du p\u00f4le scientifique et technologique \u00ab\u00a0Chahid Abdelhafid Ihaddaden\u00a0\u00bb \u00e0 &hellip;","og_url":"https:\/\/elmawkie.dz\/fr\/une-ceremonie-en-lhonneur-des-etudiants-algeriens-primes-au-concours-huawei-des-tic\/","og_site_name":"El Mawkie","article_publisher":"https:\/\/www.facebook.com\/profile.php?id=100088407094989&locale=fr_FR","article_published_time":"2025-05-27T12:58:11+00:00","og_image":[{"width":2048,"height":1366,"url":"https:\/\/elmawkie.dz\/fr\/wp-content\/uploads\/2025\/05\/IMG_6167.jpeg","type":"image\/jpeg"}],"author":"R\u00e9daction","twitter_card":"summary_large_image","twitter_misc":{"Written by":"R\u00e9daction","Est. reading time":"4 minutes"},"schema":{"@context":"https:\/\/schema.org","@graph":[{"@type":"Article","@id":"https:\/\/elmawkie.dz\/fr\/une-ceremonie-en-lhonneur-des-etudiants-algeriens-primes-au-concours-huawei-des-tic\/#article","isPartOf":{"@id":"https:\/\/elmawkie.dz\/fr\/une-ceremonie-en-lhonneur-des-etudiants-algeriens-primes-au-concours-huawei-des-tic\/"},"author":{"name":"R\u00e9daction","@id":"https:\/\/elmawkie.dz\/fr\/#\/schema\/person\/e7bd59d6467874ba5c4723d8a9f0a63c"},"headline":"Une C\u00e9r\u00e9monie en l\u2019honneur des \u00e9tudiants alg\u00e9riens prim\u00e9s au concours Huawei des TIC","datePublished":"2025-05-27T12:58:11+00:00","dateModified":"2025-05-27T12:58:11+00:00","mainEntityOfPage":{"@id":"https:\/\/elmawkie.dz\/fr\/une-ceremonie-en-lhonneur-des-etudiants-algeriens-primes-au-concours-huawei-des-tic\/"},"wordCount":667,"commentCount":0,"publisher":{"@id":"https:\/\/elmawkie.dz\/fr\/#organization"},"image":{"@id":"https:\/\/elmawkie.dz\/fr\/une-ceremonie-en-lhonneur-des-etudiants-algeriens-primes-au-concours-huawei-des-tic\/#primaryimage"},"thumbnailUrl":"https:\/\/elmawkie.dz\/fr\/wp-content\/uploads\/2025\/05\/IMG_6167.jpeg","keywords":["C\u00e9r\u00e9monie"],"articleSection":["National"],"inLanguage":"fr-FR","potentialAction":[{"@type":"CommentAction","name":"Comment","target":["https:\/\/elmawkie.dz\/fr\/une-ceremonie-en-lhonneur-des-etudiants-algeriens-primes-au-concours-huawei-des-tic\/#respond"]}]},{"@type":"WebPage","@id":"https:\/\/elmawkie.dz\/fr\/une-ceremonie-en-lhonneur-des-etudiants-algeriens-primes-au-concours-huawei-des-tic\/","url":"https:\/\/elmawkie.dz\/fr\/une-ceremonie-en-lhonneur-des-etudiants-algeriens-primes-au-concours-huawei-des-tic\/","name":"Une C\u00e9r\u00e9monie en l\u2019honneur des \u00e9tudiants alg\u00e9riens prim\u00e9s au concours Huawei des TIC - El Mawkie","isPartOf":{"@id":"https:\/\/elmawkie.dz\/fr\/#website"},"primaryImageOfPage":{"@id":"https:\/\/elmawkie.dz\/fr\/une-ceremonie-en-lhonneur-des-etudiants-algeriens-primes-au-concours-huawei-des-tic\/#primaryimage"},"image":{"@id":"https:\/\/elmawkie.dz\/fr\/une-ceremonie-en-lhonneur-des-etudiants-algeriens-primes-au-concours-huawei-des-tic\/#primaryimage"},"thumbnailUrl":"https:\/\/elmawkie.dz\/fr\/wp-content\/uploads\/2025\/05\/IMG_6167.jpeg","datePublished":"2025-05-27T12:58:11+00:00","dateModified":"2025-05-27T12:58:11+00:00","breadcrumb":{"@id":"https:\/\/elmawkie.dz\/fr\/une-ceremonie-en-lhonneur-des-etudiants-algeriens-primes-au-concours-huawei-des-tic\/#breadcrumb"},"inLanguage":"fr-FR","potentialAction":[{"@type":"ReadAction","target":["https:\/\/elmawkie.dz\/fr\/une-ceremonie-en-lhonneur-des-etudiants-algeriens-primes-au-concours-huawei-des-tic\/"]}]},{"@type":"ImageObject","inLanguage":"fr-FR","@id":"https:\/\/elmawkie.dz\/fr\/une-ceremonie-en-lhonneur-des-etudiants-algeriens-primes-au-concours-huawei-des-tic\/#primaryimage","url":"https:\/\/elmawkie.dz\/fr\/wp-content\/uploads\/2025\/05\/IMG_6167.jpeg","contentUrl":"https:\/\/elmawkie.dz\/fr\/wp-content\/uploads\/2025\/05\/IMG_6167.jpeg","width":2048,"height":1366},{"@type":"BreadcrumbList","@id":"https:\/\/elmawkie.dz\/fr\/une-ceremonie-en-lhonneur-des-etudiants-algeriens-primes-au-concours-huawei-des-tic\/#breadcrumb","itemListElement":[{"@type":"ListItem","position":1,"name":"Home","item":"https:\/\/elmawkie.dz\/fr\/"},{"@type":"ListItem","position":2,"name":"Une C\u00e9r\u00e9monie en l\u2019honneur des \u00e9tudiants alg\u00e9riens prim\u00e9s au concours Huawei des TIC"}]},{"@type":"WebSite","@id":"https:\/\/elmawkie.dz\/fr\/#website","url":"https:\/\/elmawkie.dz\/fr\/","name":"EL MAWKIE","description":"Journal \u00c9lectronique Alg\u00e9rien","publisher":{"@id":"https:\/\/elmawkie.dz\/fr\/#organization"},"potentialAction":[{"@type":"SearchAction","target":{"@type":"EntryPoint","urlTemplate":"https:\/\/elmawkie.dz\/fr\/?s={search_term_string}"},"query-input":"required name=search_term_string"}],"inLanguage":"fr-FR"},{"@type":"Organization","@id":"https:\/\/elmawkie.dz\/fr\/#organization","name":"EL MAWKIE","url":"https:\/\/elmawkie.dz\/fr\/","logo":{"@type":"ImageObject","inLanguage":"fr-FR","@id":"https:\/\/elmawkie.dz\/fr\/#\/schema\/logo\/image\/","url":"https:\/\/elmawkie.dz\/fr\/wp-content\/uploads\/2024\/05\/logo1.png","contentUrl":"https:\/\/elmawkie.dz\/fr\/wp-content\/uploads\/2024\/05\/logo1.png","width":1648,"height":652,"caption":"EL MAWKIE"},"image":{"@id":"https:\/\/elmawkie.dz\/fr\/#\/schema\/logo\/image\/"},"sameAs":["https:\/\/www.facebook.com\/profile.php?id=100088407094989&locale=fr_FR"]},{"@type":"Person","@id":"https:\/\/elmawkie.dz\/fr\/#\/schema\/person\/e7bd59d6467874ba5c4723d8a9f0a63c","name":"R\u00e9daction","image":{"@type":"ImageObject","inLanguage":"fr-FR","@id":"https:\/\/elmawkie.dz\/fr\/#\/schema\/person\/image\/","url":"https:\/\/secure.gravatar.com\/avatar\/f0f773456344da4d2788c054a3d30a0c?s=96&d=mm&r=g","contentUrl":"https:\/\/secure.gravatar.com\/avatar\/f0f773456344da4d2788c054a3d30a0c?s=96&d=mm&r=g","caption":"R\u00e9daction"},"url":"https:\/\/elmawkie.dz\/fr\/author\/redaction\/"}]}},"_links":{"self":[{"href":"https:\/\/elmawkie.dz\/fr\/wp-json\/wp\/v2\/posts\/51773","targetHints":{"allow":["GET"]}}],"collection":[{"href":"https:\/\/elmawkie.dz\/fr\/wp-json\/wp\/v2\/posts"}],"about":[{"href":"https:\/\/elmawkie.dz\/fr\/wp-json\/wp\/v2\/types\/post"}],"author":[{"embeddable":true,"href":"https:\/\/elmawkie.dz\/fr\/wp-json\/wp\/v2\/users\/9"}],"replies":[{"embeddable":true,"href":"https:\/\/elmawkie.dz\/fr\/wp-json\/wp\/v2\/comments?post=51773"}],"version-history":[{"count":1,"href":"https:\/\/elmawkie.dz\/fr\/wp-json\/wp\/v2\/posts\/51773\/revisions"}],"predecessor-version":[{"id":51776,"href":"https:\/\/elmawkie.dz\/fr\/wp-json\/wp\/v2\/posts\/51773\/revisions\/51776"}],"wp:featuredmedia":[{"embeddable":true,"href":"https:\/\/elmawkie.dz\/fr\/wp-json\/wp\/v2\/media\/51775"}],"wp:attachment":[{"href":"https:\/\/elmawkie.dz\/fr\/wp-json\/wp\/v2\/media?parent=51773"}],"wp:term":[{"taxonomy":"category","embeddable":true,"href":"https:\/\/elmawkie.dz\/fr\/wp-json\/wp\/v2\/categories?post=51773"},{"taxonomy":"post_tag","embeddable":true,"href":"https:\/\/elmawkie.dz\/fr\/wp-json\/wp\/v2\/tags?post=51773"}],"curies":[{"name":"wp","href":"https:\/\/api.w.org\/{rel}","templated":true}]}}